{"id":8638,"date":"2024-11-17T00:50:00","date_gmt":"2024-11-17T06:50:00","guid":{"rendered":"https:\/\/sanluisinforma.com\/?p=8638"},"modified":"2024-11-16T18:30:55","modified_gmt":"2024-11-17T00:30:55","slug":"alcalde-enrique-galindo-reconocido-como-promotor-de-la-cultura-y-el-arte","status":"publish","type":"post","link":"https:\/\/sanluisinforma.com\/?p=8638","title":{"rendered":"Alcalde Enrique Galindo, reconocido como Promotor de la Cultura y el Arte"},"content":{"rendered":"\n<p>En los Premios ALMA 2024 se destac\u00f3 el papel de San Luis Potos\u00ed como referente cultural y su nombramiento como Capital Americana de la Cultura 2025.<\/p>\n\n\n\n<p>Ciudad de M\u00e9xico.- El Alcalde de San Luis Potos\u00ed, Enrique Galindo Ceballos, fue reconocido como Promotor de la Cultura y el Arte en los Premios Internacionales ALMA 2024, organizados por la Alianza de L\u00edderes Mundiales (ALMA) y la Asociaci\u00f3n de Municipios de M\u00e9xico A.C. (AMMAC).<\/p>\n\n\n\n<p>Este reconocimiento destaca su liderazgo en iniciativas culturales que han posicionado a San Luis Potos\u00ed como un referente art\u00edstico a nivel nacional e internacional, como el Festival Internacional San Luis en Primavera o el Festival Internacional Letras en San Luis, as\u00ed como la obtenci\u00f3n del nombramiento como Capital Americana de la Cultura para la ciudad durante el a\u00f1o 2025.<\/p>\n\n\n\n<p>En su discurso, el Alcalde Enrique Galindo expres\u00f3: \u201cDesde los municipios se construye la Naci\u00f3n. Hoy estamos aqu\u00ed para promover la cultura y porque San Luis Potos\u00ed, es Capital Americana de la Cultura 2025. Los esperamos en San Luis el a\u00f1o que viene\u201d.<\/p>\n\n\n\n<p>Entre los galardonados en los Premios ALMA 2024 destacan figuras de diversos \u00e1mbitos, como el cantante Carlos Cuevas, el escultor Sebasti\u00e1n y el actor Alberto Estrella, adem\u00e1s del alcalde de Metepec, Fernando Flores; el standupero Ojitos de Huevo, el exsenador Jorge Carlos Ram\u00edrez Mar\u00edn, el senador Manlio Fabio Beltrones, la conductora Roc\u00edo S\u00e1nchez Azuara, el exfutbolista Manuel Negrete y el locutor Mariano Osorio. Este reconocimiento celebra la trayectoria e impacto de estas personalidades en el \u00e1mbito cultural, art\u00edstico, deportivo y social, subrayando la riqueza de talentos que inspiran y fortalecen a la sociedad.<\/p>\n\n\n\n<p>Este galard\u00f3n reafirma el compromiso del Primer Edil Enrique Galindo con la promoci\u00f3n cultural y fortalece el papel de San Luis Potos\u00ed como epicentro art\u00edstico.<\/p>\n\n\n\n<p>La AMMAC, integrada por 838 municipios de todo M\u00e9xico, fomenta la colaboraci\u00f3n entre comunidades para implementar programas y proyectos innovadores que promuevan el desarrollo de entornos seguros y el trabajo comunitario. Por su parte, ALMA, con presencia en 20 pa\u00edses, busca empoderar a l\u00edderes locales para enfrentar los desaf\u00edos de sus comunidades mediante acciones efectivas y la internacionalizaci\u00f3n de sus propuestas.<\/p>\n","protected":false},"excerpt":{"rendered":"<p>En los Premios ALMA 2024 se destac\u00f3 el papel de San Luis Potos\u00ed como referente cultural y su nombramiento como<\/p>\n","protected":false},"author":2,"featured_media":8639,"comment_status":"closed","ping_status":"closed","sticky":false,"template":"","format":"standard","meta":{"footnotes":""},"categories":[25,30],"tags":[],"class_list":["post-8638","post","type-post","status-publish","format-standard","has-post-thumbnail","hentry","category-local","category-portada"],"yoast_head":"<!-- This site is optimized with the Yoast SEO plugin v24.1 - https:\/\/yoast.com\/wordpress\/plugins\/seo\/ -->\n<title>Alcalde Enrique Galindo, reconocido como Promotor de la Cultura y el Arte - sanluisinforma.com<\/title>\n<meta name=\"robots\" content=\"index, follow, max-snippet:-1, max-image-preview:large, max-video-preview:-1\" \/>\n<link rel=\"canonical\" href=\"https:\/\/sanluisinforma.com\/?p=8638\" \/>\n<meta property=\"og:locale\" content=\"es_MX\" \/>\n<meta property=\"og:type\" content=\"article\" \/>\n<meta property=\"og:title\" content=\"Alcalde Enrique Galindo, reconocido como Promotor de la Cultura y el Arte - sanluisinforma.com\" \/>\n<meta property=\"og:description\" content=\"En los Premios ALMA 2024 se destac\u00f3 el papel de San Luis Potos\u00ed como referente cultural y su nombramiento como\" \/>\n<meta property=\"og:url\" content=\"https:\/\/sanluisinforma.com\/?p=8638\" \/>\n<meta property=\"og:site_name\" content=\"sanluisinforma.com\" \/>\n<meta property=\"article:published_time\" content=\"2024-11-17T06:50:00+00:00\" \/>\n<meta property=\"article:modified_time\" content=\"2024-11-17T00:30:55+00:00\" \/>\n<meta property=\"og:image\" content=\"https:\/\/sanluisinforma.com\/wp-content\/uploads\/2024\/11\/30e390a0-ecf4-4b91-8792-1d0d7218fe8b.jpg\" \/>\n\t<meta property=\"og:image:width\" content=\"480\" \/>\n\t<meta property=\"og:image:height\" content=\"360\" \/>\n\t<meta property=\"og:image:type\" content=\"image\/jpeg\" \/>\n<meta name=\"author\" content=\"sanluisinforma.com\" \/>\n<meta name=\"twitter:card\" content=\"summary_large_image\" \/>\n<meta name=\"twitter:label1\" content=\"Escrito por\" \/>\n\t<meta name=\"twitter:data1\" content=\"sanluisinforma.com\" \/>\n\t<meta name=\"twitter:label2\" content=\"Tiempo de lectura\" \/>\n\t<meta name=\"twitter:data2\" content=\"2 minutos\" \/>\n<script type=\"application\/ld+json\" class=\"yoast-schema-graph\">{\"@context\":\"https:\/\/schema.org\",\"@graph\":[{\"@type\":\"Article\",\"@id\":\"https:\/\/sanluisinforma.com\/?p=8638#article\",\"isPartOf\":{\"@id\":\"https:\/\/sanluisinforma.com\/?p=8638\"},\"author\":{\"name\":\"sanluisinforma.com\",\"@id\":\"https:\/\/sanluisinforma.com\/#\/schema\/person\/c30648f71476be533b6f59d092905c8b\"},\"headline\":\"Alcalde Enrique Galindo, reconocido como Promotor de la Cultura y el Arte\",\"datePublished\":\"2024-11-17T06:50:00+00:00\",\"dateModified\":\"2024-11-17T00:30:55+00:00\",\"mainEntityOfPage\":{\"@id\":\"https:\/\/sanluisinforma.com\/?p=8638\"},\"wordCount\":383,\"publisher\":{\"@id\":\"https:\/\/sanluisinforma.com\/#organization\"},\"image\":{\"@id\":\"https:\/\/sanluisinforma.com\/?p=8638#primaryimage\"},\"thumbnailUrl\":\"https:\/\/sanluisinforma.com\/wp-content\/uploads\/2024\/11\/30e390a0-ecf4-4b91-8792-1d0d7218fe8b.jpg\",\"articleSection\":[\"Local\",\"Portada\"],\"inLanguage\":\"es\"},{\"@type\":\"WebPage\",\"@id\":\"https:\/\/sanluisinforma.com\/?p=8638\",\"url\":\"https:\/\/sanluisinforma.com\/?p=8638\",\"name\":\"Alcalde Enrique Galindo, reconocido como Promotor de la Cultura y el Arte - sanluisinforma.com\",\"isPartOf\":{\"@id\":\"https:\/\/sanluisinforma.com\/#website\"},\"primaryImageOfPage\":{\"@id\":\"https:\/\/sanluisinforma.com\/?p=8638#primaryimage\"},\"image\":{\"@id\":\"https:\/\/sanluisinforma.com\/?p=8638#primaryimage\"},\"thumbnailUrl\":\"https:\/\/sanluisinforma.com\/wp-content\/uploads\/2024\/11\/30e390a0-ecf4-4b91-8792-1d0d7218fe8b.jpg\",\"datePublished\":\"2024-11-17T06:50:00+00:00\",\"dateModified\":\"2024-11-17T00:30:55+00:00\",\"breadcrumb\":{\"@id\":\"https:\/\/sanluisinforma.com\/?p=8638#breadcrumb\"},\"inLanguage\":\"es\",\"potentialAction\":[{\"@type\":\"ReadAction\",\"target\":[\"https:\/\/sanluisinforma.com\/?p=8638\"]}]},{\"@type\":\"ImageObject\",\"inLanguage\":\"es\",\"@id\":\"https:\/\/sanluisinforma.com\/?p=8638#primaryimage\",\"url\":\"https:\/\/sanluisinforma.com\/wp-content\/uploads\/2024\/11\/30e390a0-ecf4-4b91-8792-1d0d7218fe8b.jpg\",\"contentUrl\":\"https:\/\/sanluisinforma.com\/wp-content\/uploads\/2024\/11\/30e390a0-ecf4-4b91-8792-1d0d7218fe8b.jpg\",\"width\":480,\"height\":360},{\"@type\":\"BreadcrumbList\",\"@id\":\"https:\/\/sanluisinforma.com\/?p=8638#breadcrumb\",\"itemListElement\":[{\"@type\":\"ListItem\",\"position\":1,\"name\":\"Inicio\",\"item\":\"https:\/\/sanluisinforma.com\/\"},{\"@type\":\"ListItem\",\"position\":2,\"name\":\"Alcalde Enrique Galindo, reconocido como Promotor de la Cultura y el Arte\"}]},{\"@type\":\"WebSite\",\"@id\":\"https:\/\/sanluisinforma.com\/#website\",\"url\":\"https:\/\/sanluisinforma.com\/\",\"name\":\"sanluisinforma.com\",\"description\":\"Periodico San Luis Informa\",\"publisher\":{\"@id\":\"https:\/\/sanluisinforma.com\/#organization\"},\"potentialAction\":[{\"@type\":\"SearchAction\",\"target\":{\"@type\":\"EntryPoint\",\"urlTemplate\":\"https:\/\/sanluisinforma.com\/?s={search_term_string}\"},\"query-input\":{\"@type\":\"PropertyValueSpecification\",\"valueRequired\":true,\"valueName\":\"search_term_string\"}}],\"inLanguage\":\"es\"},{\"@type\":\"Organization\",\"@id\":\"https:\/\/sanluisinforma.com\/#organization\",\"name\":\"sanluisinforma.com\",\"url\":\"https:\/\/sanluisinforma.com\/\",\"logo\":{\"@type\":\"ImageObject\",\"inLanguage\":\"es\",\"@id\":\"https:\/\/sanluisinforma.com\/#\/schema\/logo\/image\/\",\"url\":\"https:\/\/sanluisinforma.com\/wp-content\/uploads\/2026\/03\/sanluisinforma-V.jpg\",\"contentUrl\":\"https:\/\/sanluisinforma.com\/wp-content\/uploads\/2026\/03\/sanluisinforma-V.jpg\",\"width\":500,\"height\":156,\"caption\":\"sanluisinforma.com\"},\"image\":{\"@id\":\"https:\/\/sanluisinforma.com\/#\/schema\/logo\/image\/\"}},{\"@type\":\"Person\",\"@id\":\"https:\/\/sanluisinforma.com\/#\/schema\/person\/c30648f71476be533b6f59d092905c8b\",\"name\":\"sanluisinforma.com\",\"image\":{\"@type\":\"ImageObject\",\"inLanguage\":\"es\",\"@id\":\"https:\/\/sanluisinforma.com\/#\/schema\/person\/image\/\",\"url\":\"https:\/\/secure.gravatar.com\/avatar\/86e3114e34a1eecefb963e0a02f0093f93b092dddb2fe1517596343751081a87?s=96&d=mm&r=g\",\"contentUrl\":\"https:\/\/secure.gravatar.com\/avatar\/86e3114e34a1eecefb963e0a02f0093f93b092dddb2fe1517596343751081a87?s=96&d=mm&r=g\",\"caption\":\"sanluisinforma.com\"},\"url\":\"https:\/\/sanluisinforma.com\/?author=2\"}]}<\/script>\n<!-- \/ Yoast SEO plugin. -->","yoast_head_json":{"title":"Alcalde Enrique Galindo, reconocido como Promotor de la Cultura y el Arte - sanluisinforma.com","robots":{"index":"index","follow":"follow","max-snippet":"max-snippet:-1","max-image-preview":"max-image-preview:large","max-video-preview":"max-video-preview:-1"},"canonical":"https:\/\/sanluisinforma.com\/?p=8638","og_locale":"es_MX","og_type":"article","og_title":"Alcalde Enrique Galindo, reconocido como Promotor de la Cultura y el Arte - sanluisinforma.com","og_description":"En los Premios ALMA 2024 se destac\u00f3 el papel de San Luis Potos\u00ed como referente cultural y su nombramiento como","og_url":"https:\/\/sanluisinforma.com\/?p=8638","og_site_name":"sanluisinforma.com","article_published_time":"2024-11-17T06:50:00+00:00","article_modified_time":"2024-11-17T00:30:55+00:00","og_image":[{"width":480,"height":360,"url":"https:\/\/sanluisinforma.com\/wp-content\/uploads\/2024\/11\/30e390a0-ecf4-4b91-8792-1d0d7218fe8b.jpg","type":"image\/jpeg"}],"author":"sanluisinforma.com","twitter_card":"summary_large_image","twitter_misc":{"Escrito por":"sanluisinforma.com","Tiempo de lectura":"2 minutos"},"schema":{"@context":"https:\/\/schema.org","@graph":[{"@type":"Article","@id":"https:\/\/sanluisinforma.com\/?p=8638#article","isPartOf":{"@id":"https:\/\/sanluisinforma.com\/?p=8638"},"author":{"name":"sanluisinforma.com","@id":"https:\/\/sanluisinforma.com\/#\/schema\/person\/c30648f71476be533b6f59d092905c8b"},"headline":"Alcalde Enrique Galindo, reconocido como Promotor de la Cultura y el Arte","datePublished":"2024-11-17T06:50:00+00:00","dateModified":"2024-11-17T00:30:55+00:00","mainEntityOfPage":{"@id":"https:\/\/sanluisinforma.com\/?p=8638"},"wordCount":383,"publisher":{"@id":"https:\/\/sanluisinforma.com\/#organization"},"image":{"@id":"https:\/\/sanluisinforma.com\/?p=8638#primaryimage"},"thumbnailUrl":"https:\/\/sanluisinforma.com\/wp-content\/uploads\/2024\/11\/30e390a0-ecf4-4b91-8792-1d0d7218fe8b.jpg","articleSection":["Local","Portada"],"inLanguage":"es"},{"@type":"WebPage","@id":"https:\/\/sanluisinforma.com\/?p=8638","url":"https:\/\/sanluisinforma.com\/?p=8638","name":"Alcalde Enrique Galindo, reconocido como Promotor de la Cultura y el Arte - sanluisinforma.com","isPartOf":{"@id":"https:\/\/sanluisinforma.com\/#website"},"primaryImageOfPage":{"@id":"https:\/\/sanluisinforma.com\/?p=8638#primaryimage"},"image":{"@id":"https:\/\/sanluisinforma.com\/?p=8638#primaryimage"},"thumbnailUrl":"https:\/\/sanluisinforma.com\/wp-content\/uploads\/2024\/11\/30e390a0-ecf4-4b91-8792-1d0d7218fe8b.jpg","datePublished":"2024-11-17T06:50:00+00:00","dateModified":"2024-11-17T00:30:55+00:00","breadcrumb":{"@id":"https:\/\/sanluisinforma.com\/?p=8638#breadcrumb"},"inLanguage":"es","potentialAction":[{"@type":"ReadAction","target":["https:\/\/sanluisinforma.com\/?p=8638"]}]},{"@type":"ImageObject","inLanguage":"es","@id":"https:\/\/sanluisinforma.com\/?p=8638#primaryimage","url":"https:\/\/sanluisinforma.com\/wp-content\/uploads\/2024\/11\/30e390a0-ecf4-4b91-8792-1d0d7218fe8b.jpg","contentUrl":"https:\/\/sanluisinforma.com\/wp-content\/uploads\/2024\/11\/30e390a0-ecf4-4b91-8792-1d0d7218fe8b.jpg","width":480,"height":360},{"@type":"BreadcrumbList","@id":"https:\/\/sanluisinforma.com\/?p=8638#breadcrumb","itemListElement":[{"@type":"ListItem","position":1,"name":"Inicio","item":"https:\/\/sanluisinforma.com\/"},{"@type":"ListItem","position":2,"name":"Alcalde Enrique Galindo, reconocido como Promotor de la Cultura y el Arte"}]},{"@type":"WebSite","@id":"https:\/\/sanluisinforma.com\/#website","url":"https:\/\/sanluisinforma.com\/","name":"sanluisinforma.com","description":"Periodico San Luis Informa","publisher":{"@id":"https:\/\/sanluisinforma.com\/#organization"},"potentialAction":[{"@type":"SearchAction","target":{"@type":"EntryPoint","urlTemplate":"https:\/\/sanluisinforma.com\/?s={search_term_string}"},"query-input":{"@type":"PropertyValueSpecification","valueRequired":true,"valueName":"search_term_string"}}],"inLanguage":"es"},{"@type":"Organization","@id":"https:\/\/sanluisinforma.com\/#organization","name":"sanluisinforma.com","url":"https:\/\/sanluisinforma.com\/","logo":{"@type":"ImageObject","inLanguage":"es","@id":"https:\/\/sanluisinforma.com\/#\/schema\/logo\/image\/","url":"https:\/\/sanluisinforma.com\/wp-content\/uploads\/2026\/03\/sanluisinforma-V.jpg","contentUrl":"https:\/\/sanluisinforma.com\/wp-content\/uploads\/2026\/03\/sanluisinforma-V.jpg","width":500,"height":156,"caption":"sanluisinforma.com"},"image":{"@id":"https:\/\/sanluisinforma.com\/#\/schema\/logo\/image\/"}},{"@type":"Person","@id":"https:\/\/sanluisinforma.com\/#\/schema\/person\/c30648f71476be533b6f59d092905c8b","name":"sanluisinforma.com","image":{"@type":"ImageObject","inLanguage":"es","@id":"https:\/\/sanluisinforma.com\/#\/schema\/person\/image\/","url":"https:\/\/secure.gravatar.com\/avatar\/86e3114e34a1eecefb963e0a02f0093f93b092dddb2fe1517596343751081a87?s=96&d=mm&r=g","contentUrl":"https:\/\/secure.gravatar.com\/avatar\/86e3114e34a1eecefb963e0a02f0093f93b092dddb2fe1517596343751081a87?s=96&d=mm&r=g","caption":"sanluisinforma.com"},"url":"https:\/\/sanluisinforma.com\/?author=2"}]}},"_links":{"self":[{"href":"https:\/\/sanluisinforma.com\/index.php?rest_route=\/wp\/v2\/posts\/8638","targetHints":{"allow":["GET"]}}],"collection":[{"href":"https:\/\/sanluisinforma.com\/index.php?rest_route=\/wp\/v2\/posts"}],"about":[{"href":"https:\/\/sanluisinforma.com\/index.php?rest_route=\/wp\/v2\/types\/post"}],"author":[{"embeddable":true,"href":"https:\/\/sanluisinforma.com\/index.php?rest_route=\/wp\/v2\/users\/2"}],"replies":[{"embeddable":true,"href":"https:\/\/sanluisinforma.com\/index.php?rest_route=%2Fwp%2Fv2%2Fcomments&post=8638"}],"version-history":[{"count":1,"href":"https:\/\/sanluisinforma.com\/index.php?rest_route=\/wp\/v2\/posts\/8638\/revisions"}],"predecessor-version":[{"id":8640,"href":"https:\/\/sanluisinforma.com\/index.php?rest_route=\/wp\/v2\/posts\/8638\/revisions\/8640"}],"wp:featuredmedia":[{"embeddable":true,"href":"https:\/\/sanluisinforma.com\/index.php?rest_route=\/wp\/v2\/media\/8639"}],"wp:attachment":[{"href":"https:\/\/sanluisinforma.com\/index.php?rest_route=%2Fwp%2Fv2%2Fmedia&parent=8638"}],"wp:term":[{"taxonomy":"category","embeddable":true,"href":"https:\/\/sanluisinforma.com\/index.php?rest_route=%2Fwp%2Fv2%2Fcategories&post=8638"},{"taxonomy":"post_tag","embeddable":true,"href":"https:\/\/sanluisinforma.com\/index.php?rest_route=%2Fwp%2Fv2%2Ftags&post=8638"}],"curies":[{"name":"wp","href":"https:\/\/api.w.org\/{rel}","templated":true}]}}