{"id":8867,"date":"2024-11-29T00:30:00","date_gmt":"2024-11-29T06:30:00","guid":{"rendered":"https:\/\/sanluisinforma.com\/?p=8867"},"modified":"2024-11-28T19:20:46","modified_gmt":"2024-11-29T01:20:46","slug":"purificacion-carpinteyro-destaca-eficiencia-del-gobierno-de-la-capital-con-la-filosofia-del-san-luis-amable","status":"publish","type":"post","link":"https:\/\/sanluisinforma.com\/?p=8867","title":{"rendered":"Purificaci\u00f3n Carpinteyro destaca eficiencia del Gobierno de la Capital, con la filosof\u00eda del San Luis Amable"},"content":{"rendered":"\n<p>En el Foro de Consulta Ciudadana para la elaboraci\u00f3n del Plan Municipal de Desarrollo, la exdiputada federal y exdirectora del Servicio Postal Mexicano resalta avances como el concepto San Luis Amable y el chatbot G\u00fcicho.<\/p>\n\n\n\n<p>Durante el Foro de Consulta del Eje 7 del Plan Municipal de Desarrollo: Gobierno Eficiente y Ciudadano, la destacada ponente Purificaci\u00f3n Carpinteyro, exdiputada federal y exdirectora general del Servicio Postal Mexicano, reconoci\u00f3 los avances significativos que el Ayuntamiento de San Luis Potos\u00ed, encabezado por el Alcalde Enrique Galindo Ceballos, ha logrado en la b\u00fasqueda de una administraci\u00f3n m\u00e1s eficiente y cercana a la ciudadan\u00eda.<\/p>\n\n\n\n<p>Carpinteyro resalt\u00f3 el concepto de San Luis Amable, se\u00f1alando que no solo se refiere a la calidad en los servicios p\u00fablicos y la atenci\u00f3n ciudadana, sino tambi\u00e9n a una ciudad que inspira amor y pertenencia. \u201cEs un modelo de gobierno que apuesta por la eficiencia con un rostro humano, donde las personas se sientan parte activa del cambio\u201d, subray\u00f3.<\/p>\n\n\n\n<p>Asimismo, reconoci\u00f3 el impacto positivo del chatbot de servicios G\u00fcicho, una herramienta de gobierno digital dise\u00f1ada para facilitar la gesti\u00f3n de soluciones y acercar al Ayuntamiento a la ciudadan\u00eda mediante respuestas r\u00e1pidas y accesibles.<\/p>\n\n\n\n<p>Por su parte, el Secretario General del Ayuntamiento, Fernando Ch\u00e1vez M\u00e9ndez, destac\u00f3 que estos foros de consulta son un claro ejemplo de un gobierno ciudadano e incluyente. \u201cLas decisiones no se toman en un escritorio, se toman con la ciudadan\u00eda. Estos espacios nos permiten construir juntos un mejor San Luis Potos\u00ed\u201d, afirm\u00f3.<\/p>\n\n\n\n<p>Este Foro forma parte de una serie de consultas organizadas por el Ayuntamiento para enriquecer el trabajo gubernamental mediante la participaci\u00f3n activa de expertos y ciudadanos, fortaleciendo los lazos entre el gobierno y la sociedad.<\/p>\n\n\n\n<p><\/p>\n\n\n\n<p><\/p>\n\n\n\n<p><\/p>\n","protected":false},"excerpt":{"rendered":"<p>En el Foro de Consulta Ciudadana para la elaboraci\u00f3n del Plan Municipal de Desarrollo, la exdiputada federal y exdirectora del<\/p>\n","protected":false},"author":2,"featured_media":8868,"comment_status":"closed","ping_status":"closed","sticky":false,"template":"","format":"standard","meta":{"footnotes":""},"categories":[25],"tags":[],"class_list":["post-8867","post","type-post","status-publish","format-standard","has-post-thumbnail","hentry","category-local"],"yoast_head":"<!-- This site is optimized with the Yoast SEO plugin v24.1 - https:\/\/yoast.com\/wordpress\/plugins\/seo\/ -->\n<title>Purificaci\u00f3n Carpinteyro destaca eficiencia del Gobierno de la Capital, con la filosof\u00eda del San Luis Amable - sanluisinforma.com<\/title>\n<meta name=\"robots\" content=\"index, follow, max-snippet:-1, max-image-preview:large, max-video-preview:-1\" \/>\n<link rel=\"canonical\" href=\"https:\/\/sanluisinforma.com\/?p=8867\" \/>\n<meta property=\"og:locale\" content=\"es_MX\" \/>\n<meta property=\"og:type\" content=\"article\" \/>\n<meta property=\"og:title\" content=\"Purificaci\u00f3n Carpinteyro destaca eficiencia del Gobierno de la Capital, con la filosof\u00eda del San Luis Amable - sanluisinforma.com\" \/>\n<meta property=\"og:description\" content=\"En el Foro de Consulta Ciudadana para la elaboraci\u00f3n del Plan Municipal de Desarrollo, la exdiputada federal y exdirectora del\" \/>\n<meta property=\"og:url\" content=\"https:\/\/sanluisinforma.com\/?p=8867\" \/>\n<meta property=\"og:site_name\" content=\"sanluisinforma.com\" \/>\n<meta property=\"article:published_time\" content=\"2024-11-29T06:30:00+00:00\" \/>\n<meta property=\"article:modified_time\" content=\"2024-11-29T01:20:46+00:00\" \/>\n<meta property=\"og:image\" content=\"https:\/\/sanluisinforma.com\/wp-content\/uploads\/2024\/11\/a5fdfacc-d5a6-4526-a51b-59fbbc9b00ab.jpg\" \/>\n\t<meta property=\"og:image:width\" content=\"480\" \/>\n\t<meta property=\"og:image:height\" content=\"270\" \/>\n\t<meta property=\"og:image:type\" content=\"image\/jpeg\" \/>\n<meta name=\"author\" content=\"sanluisinforma.com\" \/>\n<meta name=\"twitter:card\" content=\"summary_large_image\" \/>\n<meta name=\"twitter:label1\" content=\"Escrito por\" \/>\n\t<meta name=\"twitter:data1\" content=\"sanluisinforma.com\" \/>\n\t<meta name=\"twitter:label2\" content=\"Tiempo de lectura\" \/>\n\t<meta name=\"twitter:data2\" content=\"2 minutos\" \/>\n<script type=\"application\/ld+json\" class=\"yoast-schema-graph\">{\"@context\":\"https:\/\/schema.org\",\"@graph\":[{\"@type\":\"Article\",\"@id\":\"https:\/\/sanluisinforma.com\/?p=8867#article\",\"isPartOf\":{\"@id\":\"https:\/\/sanluisinforma.com\/?p=8867\"},\"author\":{\"name\":\"sanluisinforma.com\",\"@id\":\"https:\/\/sanluisinforma.com\/#\/schema\/person\/c30648f71476be533b6f59d092905c8b\"},\"headline\":\"Purificaci\u00f3n Carpinteyro destaca eficiencia del Gobierno de la Capital, con la filosof\u00eda del San Luis Amable\",\"datePublished\":\"2024-11-29T06:30:00+00:00\",\"dateModified\":\"2024-11-29T01:20:46+00:00\",\"mainEntityOfPage\":{\"@id\":\"https:\/\/sanluisinforma.com\/?p=8867\"},\"wordCount\":316,\"publisher\":{\"@id\":\"https:\/\/sanluisinforma.com\/#organization\"},\"image\":{\"@id\":\"https:\/\/sanluisinforma.com\/?p=8867#primaryimage\"},\"thumbnailUrl\":\"https:\/\/sanluisinforma.com\/wp-content\/uploads\/2024\/11\/a5fdfacc-d5a6-4526-a51b-59fbbc9b00ab.jpg\",\"articleSection\":[\"Local\"],\"inLanguage\":\"es\"},{\"@type\":\"WebPage\",\"@id\":\"https:\/\/sanluisinforma.com\/?p=8867\",\"url\":\"https:\/\/sanluisinforma.com\/?p=8867\",\"name\":\"Purificaci\u00f3n Carpinteyro destaca eficiencia del Gobierno de la Capital, con la filosof\u00eda del San Luis Amable - sanluisinforma.com\",\"isPartOf\":{\"@id\":\"https:\/\/sanluisinforma.com\/#website\"},\"primaryImageOfPage\":{\"@id\":\"https:\/\/sanluisinforma.com\/?p=8867#primaryimage\"},\"image\":{\"@id\":\"https:\/\/sanluisinforma.com\/?p=8867#primaryimage\"},\"thumbnailUrl\":\"https:\/\/sanluisinforma.com\/wp-content\/uploads\/2024\/11\/a5fdfacc-d5a6-4526-a51b-59fbbc9b00ab.jpg\",\"datePublished\":\"2024-11-29T06:30:00+00:00\",\"dateModified\":\"2024-11-29T01:20:46+00:00\",\"breadcrumb\":{\"@id\":\"https:\/\/sanluisinforma.com\/?p=8867#breadcrumb\"},\"inLanguage\":\"es\",\"potentialAction\":[{\"@type\":\"ReadAction\",\"target\":[\"https:\/\/sanluisinforma.com\/?p=8867\"]}]},{\"@type\":\"ImageObject\",\"inLanguage\":\"es\",\"@id\":\"https:\/\/sanluisinforma.com\/?p=8867#primaryimage\",\"url\":\"https:\/\/sanluisinforma.com\/wp-content\/uploads\/2024\/11\/a5fdfacc-d5a6-4526-a51b-59fbbc9b00ab.jpg\",\"contentUrl\":\"https:\/\/sanluisinforma.com\/wp-content\/uploads\/2024\/11\/a5fdfacc-d5a6-4526-a51b-59fbbc9b00ab.jpg\",\"width\":480,\"height\":270},{\"@type\":\"BreadcrumbList\",\"@id\":\"https:\/\/sanluisinforma.com\/?p=8867#breadcrumb\",\"itemListElement\":[{\"@type\":\"ListItem\",\"position\":1,\"name\":\"Inicio\",\"item\":\"https:\/\/sanluisinforma.com\/\"},{\"@type\":\"ListItem\",\"position\":2,\"name\":\"Purificaci\u00f3n Carpinteyro destaca eficiencia del Gobierno de la Capital, con la filosof\u00eda del San Luis Amable\"}]},{\"@type\":\"WebSite\",\"@id\":\"https:\/\/sanluisinforma.com\/#website\",\"url\":\"https:\/\/sanluisinforma.com\/\",\"name\":\"sanluisinforma.com\",\"description\":\"Periodico San Luis Informa\",\"publisher\":{\"@id\":\"https:\/\/sanluisinforma.com\/#organization\"},\"potentialAction\":[{\"@type\":\"SearchAction\",\"target\":{\"@type\":\"EntryPoint\",\"urlTemplate\":\"https:\/\/sanluisinforma.com\/?s={search_term_string}\"},\"query-input\":{\"@type\":\"PropertyValueSpecification\",\"valueRequired\":true,\"valueName\":\"search_term_string\"}}],\"inLanguage\":\"es\"},{\"@type\":\"Organization\",\"@id\":\"https:\/\/sanluisinforma.com\/#organization\",\"name\":\"sanluisinforma.com\",\"url\":\"https:\/\/sanluisinforma.com\/\",\"logo\":{\"@type\":\"ImageObject\",\"inLanguage\":\"es\",\"@id\":\"https:\/\/sanluisinforma.com\/#\/schema\/logo\/image\/\",\"url\":\"https:\/\/sanluisinforma.com\/wp-content\/uploads\/2026\/03\/sanluisinforma-V.jpg\",\"contentUrl\":\"https:\/\/sanluisinforma.com\/wp-content\/uploads\/2026\/03\/sanluisinforma-V.jpg\",\"width\":500,\"height\":156,\"caption\":\"sanluisinforma.com\"},\"image\":{\"@id\":\"https:\/\/sanluisinforma.com\/#\/schema\/logo\/image\/\"}},{\"@type\":\"Person\",\"@id\":\"https:\/\/sanluisinforma.com\/#\/schema\/person\/c30648f71476be533b6f59d092905c8b\",\"name\":\"sanluisinforma.com\",\"image\":{\"@type\":\"ImageObject\",\"inLanguage\":\"es\",\"@id\":\"https:\/\/sanluisinforma.com\/#\/schema\/person\/image\/\",\"url\":\"https:\/\/secure.gravatar.com\/avatar\/86e3114e34a1eecefb963e0a02f0093f93b092dddb2fe1517596343751081a87?s=96&d=mm&r=g\",\"contentUrl\":\"https:\/\/secure.gravatar.com\/avatar\/86e3114e34a1eecefb963e0a02f0093f93b092dddb2fe1517596343751081a87?s=96&d=mm&r=g\",\"caption\":\"sanluisinforma.com\"},\"url\":\"https:\/\/sanluisinforma.com\/?author=2\"}]}<\/script>\n<!-- \/ Yoast SEO plugin. -->","yoast_head_json":{"title":"Purificaci\u00f3n Carpinteyro destaca eficiencia del Gobierno de la Capital, con la filosof\u00eda del San Luis Amable - sanluisinforma.com","robots":{"index":"index","follow":"follow","max-snippet":"max-snippet:-1","max-image-preview":"max-image-preview:large","max-video-preview":"max-video-preview:-1"},"canonical":"https:\/\/sanluisinforma.com\/?p=8867","og_locale":"es_MX","og_type":"article","og_title":"Purificaci\u00f3n Carpinteyro destaca eficiencia del Gobierno de la Capital, con la filosof\u00eda del San Luis Amable - sanluisinforma.com","og_description":"En el Foro de Consulta Ciudadana para la elaboraci\u00f3n del Plan Municipal de Desarrollo, la exdiputada federal y exdirectora del","og_url":"https:\/\/sanluisinforma.com\/?p=8867","og_site_name":"sanluisinforma.com","article_published_time":"2024-11-29T06:30:00+00:00","article_modified_time":"2024-11-29T01:20:46+00:00","og_image":[{"width":480,"height":270,"url":"https:\/\/sanluisinforma.com\/wp-content\/uploads\/2024\/11\/a5fdfacc-d5a6-4526-a51b-59fbbc9b00ab.jpg","type":"image\/jpeg"}],"author":"sanluisinforma.com","twitter_card":"summary_large_image","twitter_misc":{"Escrito por":"sanluisinforma.com","Tiempo de lectura":"2 minutos"},"schema":{"@context":"https:\/\/schema.org","@graph":[{"@type":"Article","@id":"https:\/\/sanluisinforma.com\/?p=8867#article","isPartOf":{"@id":"https:\/\/sanluisinforma.com\/?p=8867"},"author":{"name":"sanluisinforma.com","@id":"https:\/\/sanluisinforma.com\/#\/schema\/person\/c30648f71476be533b6f59d092905c8b"},"headline":"Purificaci\u00f3n Carpinteyro destaca eficiencia del Gobierno de la Capital, con la filosof\u00eda del San Luis Amable","datePublished":"2024-11-29T06:30:00+00:00","dateModified":"2024-11-29T01:20:46+00:00","mainEntityOfPage":{"@id":"https:\/\/sanluisinforma.com\/?p=8867"},"wordCount":316,"publisher":{"@id":"https:\/\/sanluisinforma.com\/#organization"},"image":{"@id":"https:\/\/sanluisinforma.com\/?p=8867#primaryimage"},"thumbnailUrl":"https:\/\/sanluisinforma.com\/wp-content\/uploads\/2024\/11\/a5fdfacc-d5a6-4526-a51b-59fbbc9b00ab.jpg","articleSection":["Local"],"inLanguage":"es"},{"@type":"WebPage","@id":"https:\/\/sanluisinforma.com\/?p=8867","url":"https:\/\/sanluisinforma.com\/?p=8867","name":"Purificaci\u00f3n Carpinteyro destaca eficiencia del Gobierno de la Capital, con la filosof\u00eda del San Luis Amable - sanluisinforma.com","isPartOf":{"@id":"https:\/\/sanluisinforma.com\/#website"},"primaryImageOfPage":{"@id":"https:\/\/sanluisinforma.com\/?p=8867#primaryimage"},"image":{"@id":"https:\/\/sanluisinforma.com\/?p=8867#primaryimage"},"thumbnailUrl":"https:\/\/sanluisinforma.com\/wp-content\/uploads\/2024\/11\/a5fdfacc-d5a6-4526-a51b-59fbbc9b00ab.jpg","datePublished":"2024-11-29T06:30:00+00:00","dateModified":"2024-11-29T01:20:46+00:00","breadcrumb":{"@id":"https:\/\/sanluisinforma.com\/?p=8867#breadcrumb"},"inLanguage":"es","potentialAction":[{"@type":"ReadAction","target":["https:\/\/sanluisinforma.com\/?p=8867"]}]},{"@type":"ImageObject","inLanguage":"es","@id":"https:\/\/sanluisinforma.com\/?p=8867#primaryimage","url":"https:\/\/sanluisinforma.com\/wp-content\/uploads\/2024\/11\/a5fdfacc-d5a6-4526-a51b-59fbbc9b00ab.jpg","contentUrl":"https:\/\/sanluisinforma.com\/wp-content\/uploads\/2024\/11\/a5fdfacc-d5a6-4526-a51b-59fbbc9b00ab.jpg","width":480,"height":270},{"@type":"BreadcrumbList","@id":"https:\/\/sanluisinforma.com\/?p=8867#breadcrumb","itemListElement":[{"@type":"ListItem","position":1,"name":"Inicio","item":"https:\/\/sanluisinforma.com\/"},{"@type":"ListItem","position":2,"name":"Purificaci\u00f3n Carpinteyro destaca eficiencia del Gobierno de la Capital, con la filosof\u00eda del San Luis Amable"}]},{"@type":"WebSite","@id":"https:\/\/sanluisinforma.com\/#website","url":"https:\/\/sanluisinforma.com\/","name":"sanluisinforma.com","description":"Periodico San Luis Informa","publisher":{"@id":"https:\/\/sanluisinforma.com\/#organization"},"potentialAction":[{"@type":"SearchAction","target":{"@type":"EntryPoint","urlTemplate":"https:\/\/sanluisinforma.com\/?s={search_term_string}"},"query-input":{"@type":"PropertyValueSpecification","valueRequired":true,"valueName":"search_term_string"}}],"inLanguage":"es"},{"@type":"Organization","@id":"https:\/\/sanluisinforma.com\/#organization","name":"sanluisinforma.com","url":"https:\/\/sanluisinforma.com\/","logo":{"@type":"ImageObject","inLanguage":"es","@id":"https:\/\/sanluisinforma.com\/#\/schema\/logo\/image\/","url":"https:\/\/sanluisinforma.com\/wp-content\/uploads\/2026\/03\/sanluisinforma-V.jpg","contentUrl":"https:\/\/sanluisinforma.com\/wp-content\/uploads\/2026\/03\/sanluisinforma-V.jpg","width":500,"height":156,"caption":"sanluisinforma.com"},"image":{"@id":"https:\/\/sanluisinforma.com\/#\/schema\/logo\/image\/"}},{"@type":"Person","@id":"https:\/\/sanluisinforma.com\/#\/schema\/person\/c30648f71476be533b6f59d092905c8b","name":"sanluisinforma.com","image":{"@type":"ImageObject","inLanguage":"es","@id":"https:\/\/sanluisinforma.com\/#\/schema\/person\/image\/","url":"https:\/\/secure.gravatar.com\/avatar\/86e3114e34a1eecefb963e0a02f0093f93b092dddb2fe1517596343751081a87?s=96&d=mm&r=g","contentUrl":"https:\/\/secure.gravatar.com\/avatar\/86e3114e34a1eecefb963e0a02f0093f93b092dddb2fe1517596343751081a87?s=96&d=mm&r=g","caption":"sanluisinforma.com"},"url":"https:\/\/sanluisinforma.com\/?author=2"}]}},"_links":{"self":[{"href":"https:\/\/sanluisinforma.com\/index.php?rest_route=\/wp\/v2\/posts\/8867","targetHints":{"allow":["GET"]}}],"collection":[{"href":"https:\/\/sanluisinforma.com\/index.php?rest_route=\/wp\/v2\/posts"}],"about":[{"href":"https:\/\/sanluisinforma.com\/index.php?rest_route=\/wp\/v2\/types\/post"}],"author":[{"embeddable":true,"href":"https:\/\/sanluisinforma.com\/index.php?rest_route=\/wp\/v2\/users\/2"}],"replies":[{"embeddable":true,"href":"https:\/\/sanluisinforma.com\/index.php?rest_route=%2Fwp%2Fv2%2Fcomments&post=8867"}],"version-history":[{"count":1,"href":"https:\/\/sanluisinforma.com\/index.php?rest_route=\/wp\/v2\/posts\/8867\/revisions"}],"predecessor-version":[{"id":8869,"href":"https:\/\/sanluisinforma.com\/index.php?rest_route=\/wp\/v2\/posts\/8867\/revisions\/8869"}],"wp:featuredmedia":[{"embeddable":true,"href":"https:\/\/sanluisinforma.com\/index.php?rest_route=\/wp\/v2\/media\/8868"}],"wp:attachment":[{"href":"https:\/\/sanluisinforma.com\/index.php?rest_route=%2Fwp%2Fv2%2Fmedia&parent=8867"}],"wp:term":[{"taxonomy":"category","embeddable":true,"href":"https:\/\/sanluisinforma.com\/index.php?rest_route=%2Fwp%2Fv2%2Fcategories&post=8867"},{"taxonomy":"post_tag","embeddable":true,"href":"https:\/\/sanluisinforma.com\/index.php?rest_route=%2Fwp%2Fv2%2Ftags&post=8867"}],"curies":[{"name":"wp","href":"https:\/\/api.w.org\/{rel}","templated":true}]}}