{"id":8963,"date":"2024-12-04T00:40:00","date_gmt":"2024-12-04T06:40:00","guid":{"rendered":"https:\/\/sanluisinforma.com\/?p=8963"},"modified":"2024-12-03T22:09:32","modified_gmt":"2024-12-04T04:09:32","slug":"navidad-se-vivira-con-amplio-programa-de-actividades","status":"publish","type":"post","link":"https:\/\/sanluisinforma.com\/?p=8963","title":{"rendered":"Navidad se vivir\u00e1 con amplio Programa de Actividades."},"content":{"rendered":"\n<p>Con cuentos, exposiciones, charlas, danza y mucho m\u00e1s, las y los potosinos vivir\u00e1n un diciembre inolvidable<\/p>\n\n\n\n<p>La Secretar\u00eda de Cultura (Secult) invita al p\u00fablico en general a vivir toda la magia de la Navidad a trav\u00e9s de m\u00e1s de cien actividades para p\u00fablico de todas las edades que disfrutar\u00e1 al m\u00e1ximo de esta \u00e9poca del a\u00f1o con cuentos, exposiciones, teatro, danza, conferencias y mucho m\u00e1s.<\/p>\n\n\n\n<p>Al respecto, el secretario de Cultura, Mario Garc\u00eda Valdez, detall\u00f3 que las y los potosinos, as\u00ed como visitantes, tendr\u00e1n la posibilidad de aventurarse en este extenso programa cultural rodeado por sus seres queridos, como lo instruy\u00f3 el Gobernador Ricardo Gallardo Cardona.<\/p>\n\n\n\n<p>Dentro de lo que se tiene previsto destaca la tradicional obra de teatro \u201cLa vendedora de f\u00f3sforos\u201d en el Teatro de la Paz hasta los conciertos gratuitos que se ofrecer\u00e1n en la plaza Fundadores del 6 al 27 de diciembre en un horario de 19:00 a 21:00 horas contando con la participaci\u00f3n de los coros de la Escuela Estatal de M\u00fasica; Ensamble Maestoso; la Camerata de San Luis; la Escuela Estatal de Iniciaci\u00f3n Musical Juli\u00e1n Carrillo; el Coro The Tons; la Banda de M\u00fasica de Gobierno del Estado; el Coro Vuela Alto y el Mariachi de Gobierno del Estado.<\/p>\n\n\n\n<p>La Cineteca Alameda tambi\u00e9n tiene grandes actividades preparadas con la \u201cNoche de luz\u201d el 8 de diciembre a las 19:00 horas y el 20 de diciembre el concierto sinf\u00f3nico \u201cCanta con nosotros\u201d a las 20:00 horas. Para conocer la agenda de cultura navide\u00f1a completa, se puede visitar en el siguiente enlace: https:\/\/www.facebook.com\/share\/p\/18FJ7bS28M\/?mibextid=WC7FNe.<\/p>\n","protected":false},"excerpt":{"rendered":"<p>Con cuentos, exposiciones, charlas, danza y mucho m\u00e1s, las y los potosinos vivir\u00e1n un diciembre inolvidable La Secretar\u00eda de Cultura<\/p>\n","protected":false},"author":2,"featured_media":8964,"comment_status":"closed","ping_status":"closed","sticky":false,"template":"","format":"standard","meta":{"footnotes":""},"categories":[25],"tags":[],"class_list":["post-8963","post","type-post","status-publish","format-standard","has-post-thumbnail","hentry","category-local"],"yoast_head":"<!-- This site is optimized with the Yoast SEO plugin v24.1 - https:\/\/yoast.com\/wordpress\/plugins\/seo\/ -->\n<title>Navidad se vivir\u00e1 con amplio Programa de Actividades. - sanluisinforma.com<\/title>\n<meta name=\"robots\" content=\"index, follow, max-snippet:-1, max-image-preview:large, max-video-preview:-1\" \/>\n<link rel=\"canonical\" href=\"https:\/\/sanluisinforma.com\/?p=8963\" \/>\n<meta property=\"og:locale\" content=\"es_MX\" \/>\n<meta property=\"og:type\" content=\"article\" \/>\n<meta property=\"og:title\" content=\"Navidad se vivir\u00e1 con amplio Programa de Actividades. - sanluisinforma.com\" \/>\n<meta property=\"og:description\" content=\"Con cuentos, exposiciones, charlas, danza y mucho m\u00e1s, las y los potosinos vivir\u00e1n un diciembre inolvidable La Secretar\u00eda de Cultura\" \/>\n<meta property=\"og:url\" content=\"https:\/\/sanluisinforma.com\/?p=8963\" \/>\n<meta property=\"og:site_name\" content=\"sanluisinforma.com\" \/>\n<meta property=\"article:published_time\" content=\"2024-12-04T06:40:00+00:00\" \/>\n<meta property=\"article:modified_time\" content=\"2024-12-04T04:09:32+00:00\" \/>\n<meta property=\"og:image\" content=\"https:\/\/sanluisinforma.com\/wp-content\/uploads\/2024\/12\/6a99ffd2-ce96-4d94-8653-ad0ff5c25dec.jpg\" \/>\n\t<meta property=\"og:image:width\" content=\"480\" \/>\n\t<meta property=\"og:image:height\" content=\"360\" \/>\n\t<meta property=\"og:image:type\" content=\"image\/jpeg\" \/>\n<meta name=\"author\" content=\"sanluisinforma.com\" \/>\n<meta name=\"twitter:card\" content=\"summary_large_image\" \/>\n<meta name=\"twitter:label1\" content=\"Escrito por\" \/>\n\t<meta name=\"twitter:data1\" content=\"sanluisinforma.com\" \/>\n\t<meta name=\"twitter:label2\" content=\"Tiempo de lectura\" \/>\n\t<meta name=\"twitter:data2\" content=\"2 minutos\" \/>\n<script type=\"application\/ld+json\" class=\"yoast-schema-graph\">{\"@context\":\"https:\/\/schema.org\",\"@graph\":[{\"@type\":\"Article\",\"@id\":\"https:\/\/sanluisinforma.com\/?p=8963#article\",\"isPartOf\":{\"@id\":\"https:\/\/sanluisinforma.com\/?p=8963\"},\"author\":{\"name\":\"sanluisinforma.com\",\"@id\":\"https:\/\/sanluisinforma.com\/#\/schema\/person\/c30648f71476be533b6f59d092905c8b\"},\"headline\":\"Navidad se vivir\u00e1 con amplio Programa de Actividades.\",\"datePublished\":\"2024-12-04T06:40:00+00:00\",\"dateModified\":\"2024-12-04T04:09:32+00:00\",\"mainEntityOfPage\":{\"@id\":\"https:\/\/sanluisinforma.com\/?p=8963\"},\"wordCount\":290,\"publisher\":{\"@id\":\"https:\/\/sanluisinforma.com\/#organization\"},\"image\":{\"@id\":\"https:\/\/sanluisinforma.com\/?p=8963#primaryimage\"},\"thumbnailUrl\":\"https:\/\/sanluisinforma.com\/wp-content\/uploads\/2024\/12\/6a99ffd2-ce96-4d94-8653-ad0ff5c25dec.jpg\",\"articleSection\":[\"Local\"],\"inLanguage\":\"es\"},{\"@type\":\"WebPage\",\"@id\":\"https:\/\/sanluisinforma.com\/?p=8963\",\"url\":\"https:\/\/sanluisinforma.com\/?p=8963\",\"name\":\"Navidad se vivir\u00e1 con amplio Programa de Actividades. - sanluisinforma.com\",\"isPartOf\":{\"@id\":\"https:\/\/sanluisinforma.com\/#website\"},\"primaryImageOfPage\":{\"@id\":\"https:\/\/sanluisinforma.com\/?p=8963#primaryimage\"},\"image\":{\"@id\":\"https:\/\/sanluisinforma.com\/?p=8963#primaryimage\"},\"thumbnailUrl\":\"https:\/\/sanluisinforma.com\/wp-content\/uploads\/2024\/12\/6a99ffd2-ce96-4d94-8653-ad0ff5c25dec.jpg\",\"datePublished\":\"2024-12-04T06:40:00+00:00\",\"dateModified\":\"2024-12-04T04:09:32+00:00\",\"breadcrumb\":{\"@id\":\"https:\/\/sanluisinforma.com\/?p=8963#breadcrumb\"},\"inLanguage\":\"es\",\"potentialAction\":[{\"@type\":\"ReadAction\",\"target\":[\"https:\/\/sanluisinforma.com\/?p=8963\"]}]},{\"@type\":\"ImageObject\",\"inLanguage\":\"es\",\"@id\":\"https:\/\/sanluisinforma.com\/?p=8963#primaryimage\",\"url\":\"https:\/\/sanluisinforma.com\/wp-content\/uploads\/2024\/12\/6a99ffd2-ce96-4d94-8653-ad0ff5c25dec.jpg\",\"contentUrl\":\"https:\/\/sanluisinforma.com\/wp-content\/uploads\/2024\/12\/6a99ffd2-ce96-4d94-8653-ad0ff5c25dec.jpg\",\"width\":480,\"height\":360},{\"@type\":\"BreadcrumbList\",\"@id\":\"https:\/\/sanluisinforma.com\/?p=8963#breadcrumb\",\"itemListElement\":[{\"@type\":\"ListItem\",\"position\":1,\"name\":\"Inicio\",\"item\":\"https:\/\/sanluisinforma.com\/\"},{\"@type\":\"ListItem\",\"position\":2,\"name\":\"Navidad se vivir\u00e1 con amplio Programa de Actividades.\"}]},{\"@type\":\"WebSite\",\"@id\":\"https:\/\/sanluisinforma.com\/#website\",\"url\":\"https:\/\/sanluisinforma.com\/\",\"name\":\"sanluisinforma.com\",\"description\":\"Periodico San Luis Informa\",\"publisher\":{\"@id\":\"https:\/\/sanluisinforma.com\/#organization\"},\"potentialAction\":[{\"@type\":\"SearchAction\",\"target\":{\"@type\":\"EntryPoint\",\"urlTemplate\":\"https:\/\/sanluisinforma.com\/?s={search_term_string}\"},\"query-input\":{\"@type\":\"PropertyValueSpecification\",\"valueRequired\":true,\"valueName\":\"search_term_string\"}}],\"inLanguage\":\"es\"},{\"@type\":\"Organization\",\"@id\":\"https:\/\/sanluisinforma.com\/#organization\",\"name\":\"sanluisinforma.com\",\"url\":\"https:\/\/sanluisinforma.com\/\",\"logo\":{\"@type\":\"ImageObject\",\"inLanguage\":\"es\",\"@id\":\"https:\/\/sanluisinforma.com\/#\/schema\/logo\/image\/\",\"url\":\"https:\/\/sanluisinforma.com\/wp-content\/uploads\/2026\/03\/sanluisinforma-V.jpg\",\"contentUrl\":\"https:\/\/sanluisinforma.com\/wp-content\/uploads\/2026\/03\/sanluisinforma-V.jpg\",\"width\":500,\"height\":156,\"caption\":\"sanluisinforma.com\"},\"image\":{\"@id\":\"https:\/\/sanluisinforma.com\/#\/schema\/logo\/image\/\"}},{\"@type\":\"Person\",\"@id\":\"https:\/\/sanluisinforma.com\/#\/schema\/person\/c30648f71476be533b6f59d092905c8b\",\"name\":\"sanluisinforma.com\",\"image\":{\"@type\":\"ImageObject\",\"inLanguage\":\"es\",\"@id\":\"https:\/\/sanluisinforma.com\/#\/schema\/person\/image\/\",\"url\":\"https:\/\/secure.gravatar.com\/avatar\/86e3114e34a1eecefb963e0a02f0093f93b092dddb2fe1517596343751081a87?s=96&d=mm&r=g\",\"contentUrl\":\"https:\/\/secure.gravatar.com\/avatar\/86e3114e34a1eecefb963e0a02f0093f93b092dddb2fe1517596343751081a87?s=96&d=mm&r=g\",\"caption\":\"sanluisinforma.com\"},\"url\":\"https:\/\/sanluisinforma.com\/?author=2\"}]}<\/script>\n<!-- \/ Yoast SEO plugin. -->","yoast_head_json":{"title":"Navidad se vivir\u00e1 con amplio Programa de Actividades. - sanluisinforma.com","robots":{"index":"index","follow":"follow","max-snippet":"max-snippet:-1","max-image-preview":"max-image-preview:large","max-video-preview":"max-video-preview:-1"},"canonical":"https:\/\/sanluisinforma.com\/?p=8963","og_locale":"es_MX","og_type":"article","og_title":"Navidad se vivir\u00e1 con amplio Programa de Actividades. - sanluisinforma.com","og_description":"Con cuentos, exposiciones, charlas, danza y mucho m\u00e1s, las y los potosinos vivir\u00e1n un diciembre inolvidable La Secretar\u00eda de Cultura","og_url":"https:\/\/sanluisinforma.com\/?p=8963","og_site_name":"sanluisinforma.com","article_published_time":"2024-12-04T06:40:00+00:00","article_modified_time":"2024-12-04T04:09:32+00:00","og_image":[{"width":480,"height":360,"url":"https:\/\/sanluisinforma.com\/wp-content\/uploads\/2024\/12\/6a99ffd2-ce96-4d94-8653-ad0ff5c25dec.jpg","type":"image\/jpeg"}],"author":"sanluisinforma.com","twitter_card":"summary_large_image","twitter_misc":{"Escrito por":"sanluisinforma.com","Tiempo de lectura":"2 minutos"},"schema":{"@context":"https:\/\/schema.org","@graph":[{"@type":"Article","@id":"https:\/\/sanluisinforma.com\/?p=8963#article","isPartOf":{"@id":"https:\/\/sanluisinforma.com\/?p=8963"},"author":{"name":"sanluisinforma.com","@id":"https:\/\/sanluisinforma.com\/#\/schema\/person\/c30648f71476be533b6f59d092905c8b"},"headline":"Navidad se vivir\u00e1 con amplio Programa de Actividades.","datePublished":"2024-12-04T06:40:00+00:00","dateModified":"2024-12-04T04:09:32+00:00","mainEntityOfPage":{"@id":"https:\/\/sanluisinforma.com\/?p=8963"},"wordCount":290,"publisher":{"@id":"https:\/\/sanluisinforma.com\/#organization"},"image":{"@id":"https:\/\/sanluisinforma.com\/?p=8963#primaryimage"},"thumbnailUrl":"https:\/\/sanluisinforma.com\/wp-content\/uploads\/2024\/12\/6a99ffd2-ce96-4d94-8653-ad0ff5c25dec.jpg","articleSection":["Local"],"inLanguage":"es"},{"@type":"WebPage","@id":"https:\/\/sanluisinforma.com\/?p=8963","url":"https:\/\/sanluisinforma.com\/?p=8963","name":"Navidad se vivir\u00e1 con amplio Programa de Actividades. - sanluisinforma.com","isPartOf":{"@id":"https:\/\/sanluisinforma.com\/#website"},"primaryImageOfPage":{"@id":"https:\/\/sanluisinforma.com\/?p=8963#primaryimage"},"image":{"@id":"https:\/\/sanluisinforma.com\/?p=8963#primaryimage"},"thumbnailUrl":"https:\/\/sanluisinforma.com\/wp-content\/uploads\/2024\/12\/6a99ffd2-ce96-4d94-8653-ad0ff5c25dec.jpg","datePublished":"2024-12-04T06:40:00+00:00","dateModified":"2024-12-04T04:09:32+00:00","breadcrumb":{"@id":"https:\/\/sanluisinforma.com\/?p=8963#breadcrumb"},"inLanguage":"es","potentialAction":[{"@type":"ReadAction","target":["https:\/\/sanluisinforma.com\/?p=8963"]}]},{"@type":"ImageObject","inLanguage":"es","@id":"https:\/\/sanluisinforma.com\/?p=8963#primaryimage","url":"https:\/\/sanluisinforma.com\/wp-content\/uploads\/2024\/12\/6a99ffd2-ce96-4d94-8653-ad0ff5c25dec.jpg","contentUrl":"https:\/\/sanluisinforma.com\/wp-content\/uploads\/2024\/12\/6a99ffd2-ce96-4d94-8653-ad0ff5c25dec.jpg","width":480,"height":360},{"@type":"BreadcrumbList","@id":"https:\/\/sanluisinforma.com\/?p=8963#breadcrumb","itemListElement":[{"@type":"ListItem","position":1,"name":"Inicio","item":"https:\/\/sanluisinforma.com\/"},{"@type":"ListItem","position":2,"name":"Navidad se vivir\u00e1 con amplio Programa de Actividades."}]},{"@type":"WebSite","@id":"https:\/\/sanluisinforma.com\/#website","url":"https:\/\/sanluisinforma.com\/","name":"sanluisinforma.com","description":"Periodico San Luis Informa","publisher":{"@id":"https:\/\/sanluisinforma.com\/#organization"},"potentialAction":[{"@type":"SearchAction","target":{"@type":"EntryPoint","urlTemplate":"https:\/\/sanluisinforma.com\/?s={search_term_string}"},"query-input":{"@type":"PropertyValueSpecification","valueRequired":true,"valueName":"search_term_string"}}],"inLanguage":"es"},{"@type":"Organization","@id":"https:\/\/sanluisinforma.com\/#organization","name":"sanluisinforma.com","url":"https:\/\/sanluisinforma.com\/","logo":{"@type":"ImageObject","inLanguage":"es","@id":"https:\/\/sanluisinforma.com\/#\/schema\/logo\/image\/","url":"https:\/\/sanluisinforma.com\/wp-content\/uploads\/2026\/03\/sanluisinforma-V.jpg","contentUrl":"https:\/\/sanluisinforma.com\/wp-content\/uploads\/2026\/03\/sanluisinforma-V.jpg","width":500,"height":156,"caption":"sanluisinforma.com"},"image":{"@id":"https:\/\/sanluisinforma.com\/#\/schema\/logo\/image\/"}},{"@type":"Person","@id":"https:\/\/sanluisinforma.com\/#\/schema\/person\/c30648f71476be533b6f59d092905c8b","name":"sanluisinforma.com","image":{"@type":"ImageObject","inLanguage":"es","@id":"https:\/\/sanluisinforma.com\/#\/schema\/person\/image\/","url":"https:\/\/secure.gravatar.com\/avatar\/86e3114e34a1eecefb963e0a02f0093f93b092dddb2fe1517596343751081a87?s=96&d=mm&r=g","contentUrl":"https:\/\/secure.gravatar.com\/avatar\/86e3114e34a1eecefb963e0a02f0093f93b092dddb2fe1517596343751081a87?s=96&d=mm&r=g","caption":"sanluisinforma.com"},"url":"https:\/\/sanluisinforma.com\/?author=2"}]}},"_links":{"self":[{"href":"https:\/\/sanluisinforma.com\/index.php?rest_route=\/wp\/v2\/posts\/8963","targetHints":{"allow":["GET"]}}],"collection":[{"href":"https:\/\/sanluisinforma.com\/index.php?rest_route=\/wp\/v2\/posts"}],"about":[{"href":"https:\/\/sanluisinforma.com\/index.php?rest_route=\/wp\/v2\/types\/post"}],"author":[{"embeddable":true,"href":"https:\/\/sanluisinforma.com\/index.php?rest_route=\/wp\/v2\/users\/2"}],"replies":[{"embeddable":true,"href":"https:\/\/sanluisinforma.com\/index.php?rest_route=%2Fwp%2Fv2%2Fcomments&post=8963"}],"version-history":[{"count":1,"href":"https:\/\/sanluisinforma.com\/index.php?rest_route=\/wp\/v2\/posts\/8963\/revisions"}],"predecessor-version":[{"id":8965,"href":"https:\/\/sanluisinforma.com\/index.php?rest_route=\/wp\/v2\/posts\/8963\/revisions\/8965"}],"wp:featuredmedia":[{"embeddable":true,"href":"https:\/\/sanluisinforma.com\/index.php?rest_route=\/wp\/v2\/media\/8964"}],"wp:attachment":[{"href":"https:\/\/sanluisinforma.com\/index.php?rest_route=%2Fwp%2Fv2%2Fmedia&parent=8963"}],"wp:term":[{"taxonomy":"category","embeddable":true,"href":"https:\/\/sanluisinforma.com\/index.php?rest_route=%2Fwp%2Fv2%2Fcategories&post=8963"},{"taxonomy":"post_tag","embeddable":true,"href":"https:\/\/sanluisinforma.com\/index.php?rest_route=%2Fwp%2Fv2%2Ftags&post=8963"}],"curies":[{"name":"wp","href":"https:\/\/api.w.org\/{rel}","templated":true}]}}