{"id":9146,"date":"2024-12-13T00:58:00","date_gmt":"2024-12-13T06:58:00","guid":{"rendered":"https:\/\/sanluisinforma.com\/?p=9146"},"modified":"2024-12-12T22:19:21","modified_gmt":"2024-12-13T04:19:21","slug":"ricardo-gallardo-lleva-la-alegria-de-las-posadas-navidenas-a-la-region-centro","status":"publish","type":"post","link":"https:\/\/sanluisinforma.com\/?p=9146","title":{"rendered":"Ricardo Gallardo lleva La Alegr\u00eda de las Posadas Navide\u00f1as a la Regi\u00f3n Centro"},"content":{"rendered":"\n<p>&nbsp;Ni\u00f1as y ni\u00f1os de Villa de Reyes y Villa de Pozos disfrutaron momentos de paz y armon\u00eda junto a sus familias<\/p>\n\n\n\n<p>Para seguir contagiando a las cuatro regiones del Estado la alegr\u00eda de esta \u00e9poca del a\u00f1o, el Gobernador Ricardo Gallardo Cardona contin\u00faa recorriendo San Luis Potos\u00ed para mantener vivas una tradici\u00f3n mexicana tan valiosa como las posadas. En esta ocasi\u00f3n, visit\u00f3 Villa de Reyes y Villa de Pozos donde ya lo esperaban ni\u00f1as y ni\u00f1os junto con sus familiares.<\/p>\n\n\n\n<p>El Mandatario Estatal aprovech\u00f3 este encuentro en los dos municipios para manifestar a las y los habitantes la importancia de valorar los momentos que pasan con sus seres queridos porque son fechas para compartir. Esto al tiempo de refrendar el compromiso de que en el 2025 su Gobierno seguir\u00e1 trabajando en favor de las y los potosinos con m\u00e1s obras y acciones.<\/p>\n\n\n\n<p>Todo comenz\u00f3 en Villa de Reyes donde las familias se dieron cita para celebrar la llegada de las fiestas decembrinas al lado del Gobernador para posteriormente disfrutar en el escenario de la m\u00fasica de Conjunto Monarka. De ah\u00ed, se traslad\u00f3 a Villa de Pozos donde chicos y grandes lo recibieron con mucha calidez.<\/p>\n\n\n\n<p>Cabe mencionar que, en estos dos lugares de la regi\u00f3n Centro, Ricardo Gallardo hizo entrega de juguetes a las ni\u00f1as y ni\u00f1os quienes agradecieron el detalle con una sonrisa mientras que a las y los adultos mayores les entreg\u00f3 cobertores para que puedan abrigarse ante las bajas temperaturas, demostrando as\u00ed que esta \u00e9poca tambi\u00e9n es de m\u00e1s apoyo.<\/p>\n","protected":false},"excerpt":{"rendered":"<p>&nbsp;Ni\u00f1as y ni\u00f1os de Villa de Reyes y Villa de Pozos disfrutaron momentos de paz y armon\u00eda junto a sus<\/p>\n","protected":false},"author":2,"featured_media":9147,"comment_status":"closed","ping_status":"closed","sticky":false,"template":"","format":"standard","meta":{"footnotes":""},"categories":[25,30],"tags":[],"class_list":["post-9146","post","type-post","status-publish","format-standard","has-post-thumbnail","hentry","category-local","category-portada"],"yoast_head":"<!-- This site is optimized with the Yoast SEO plugin v24.1 - https:\/\/yoast.com\/wordpress\/plugins\/seo\/ -->\n<title>Ricardo Gallardo lleva La Alegr\u00eda de las Posadas Navide\u00f1as a la Regi\u00f3n Centro - sanluisinforma.com<\/title>\n<meta name=\"robots\" content=\"index, follow, max-snippet:-1, max-image-preview:large, max-video-preview:-1\" \/>\n<link rel=\"canonical\" href=\"https:\/\/sanluisinforma.com\/?p=9146\" \/>\n<meta property=\"og:locale\" content=\"es_MX\" \/>\n<meta property=\"og:type\" content=\"article\" \/>\n<meta property=\"og:title\" content=\"Ricardo Gallardo lleva La Alegr\u00eda de las Posadas Navide\u00f1as a la Regi\u00f3n Centro - sanluisinforma.com\" \/>\n<meta property=\"og:description\" content=\"&nbsp;Ni\u00f1as y ni\u00f1os de Villa de Reyes y Villa de Pozos disfrutaron momentos de paz y armon\u00eda junto a sus\" \/>\n<meta property=\"og:url\" content=\"https:\/\/sanluisinforma.com\/?p=9146\" \/>\n<meta property=\"og:site_name\" content=\"sanluisinforma.com\" \/>\n<meta property=\"article:published_time\" content=\"2024-12-13T06:58:00+00:00\" \/>\n<meta property=\"article:modified_time\" content=\"2024-12-13T04:19:21+00:00\" \/>\n<meta property=\"og:image\" content=\"https:\/\/sanluisinforma.com\/wp-content\/uploads\/2024\/12\/a0b560ca-4034-4aef-b8de-678ab76803d8.jpg\" \/>\n\t<meta property=\"og:image:width\" content=\"480\" \/>\n\t<meta property=\"og:image:height\" content=\"320\" \/>\n\t<meta property=\"og:image:type\" content=\"image\/jpeg\" \/>\n<meta name=\"author\" content=\"sanluisinforma.com\" \/>\n<meta name=\"twitter:card\" content=\"summary_large_image\" \/>\n<meta name=\"twitter:label1\" content=\"Escrito por\" \/>\n\t<meta name=\"twitter:data1\" content=\"sanluisinforma.com\" \/>\n\t<meta name=\"twitter:label2\" content=\"Tiempo de lectura\" \/>\n\t<meta name=\"twitter:data2\" content=\"2 minutos\" \/>\n<script type=\"application\/ld+json\" class=\"yoast-schema-graph\">{\"@context\":\"https:\/\/schema.org\",\"@graph\":[{\"@type\":\"Article\",\"@id\":\"https:\/\/sanluisinforma.com\/?p=9146#article\",\"isPartOf\":{\"@id\":\"https:\/\/sanluisinforma.com\/?p=9146\"},\"author\":{\"name\":\"sanluisinforma.com\",\"@id\":\"https:\/\/sanluisinforma.com\/#\/schema\/person\/c30648f71476be533b6f59d092905c8b\"},\"headline\":\"Ricardo Gallardo lleva La Alegr\u00eda de las Posadas Navide\u00f1as a la Regi\u00f3n Centro\",\"datePublished\":\"2024-12-13T06:58:00+00:00\",\"dateModified\":\"2024-12-13T04:19:21+00:00\",\"mainEntityOfPage\":{\"@id\":\"https:\/\/sanluisinforma.com\/?p=9146\"},\"wordCount\":286,\"publisher\":{\"@id\":\"https:\/\/sanluisinforma.com\/#organization\"},\"image\":{\"@id\":\"https:\/\/sanluisinforma.com\/?p=9146#primaryimage\"},\"thumbnailUrl\":\"https:\/\/sanluisinforma.com\/wp-content\/uploads\/2024\/12\/a0b560ca-4034-4aef-b8de-678ab76803d8.jpg\",\"articleSection\":[\"Local\",\"Portada\"],\"inLanguage\":\"es\"},{\"@type\":\"WebPage\",\"@id\":\"https:\/\/sanluisinforma.com\/?p=9146\",\"url\":\"https:\/\/sanluisinforma.com\/?p=9146\",\"name\":\"Ricardo Gallardo lleva La Alegr\u00eda de las Posadas Navide\u00f1as a la Regi\u00f3n Centro - sanluisinforma.com\",\"isPartOf\":{\"@id\":\"https:\/\/sanluisinforma.com\/#website\"},\"primaryImageOfPage\":{\"@id\":\"https:\/\/sanluisinforma.com\/?p=9146#primaryimage\"},\"image\":{\"@id\":\"https:\/\/sanluisinforma.com\/?p=9146#primaryimage\"},\"thumbnailUrl\":\"https:\/\/sanluisinforma.com\/wp-content\/uploads\/2024\/12\/a0b560ca-4034-4aef-b8de-678ab76803d8.jpg\",\"datePublished\":\"2024-12-13T06:58:00+00:00\",\"dateModified\":\"2024-12-13T04:19:21+00:00\",\"breadcrumb\":{\"@id\":\"https:\/\/sanluisinforma.com\/?p=9146#breadcrumb\"},\"inLanguage\":\"es\",\"potentialAction\":[{\"@type\":\"ReadAction\",\"target\":[\"https:\/\/sanluisinforma.com\/?p=9146\"]}]},{\"@type\":\"ImageObject\",\"inLanguage\":\"es\",\"@id\":\"https:\/\/sanluisinforma.com\/?p=9146#primaryimage\",\"url\":\"https:\/\/sanluisinforma.com\/wp-content\/uploads\/2024\/12\/a0b560ca-4034-4aef-b8de-678ab76803d8.jpg\",\"contentUrl\":\"https:\/\/sanluisinforma.com\/wp-content\/uploads\/2024\/12\/a0b560ca-4034-4aef-b8de-678ab76803d8.jpg\",\"width\":480,\"height\":320},{\"@type\":\"BreadcrumbList\",\"@id\":\"https:\/\/sanluisinforma.com\/?p=9146#breadcrumb\",\"itemListElement\":[{\"@type\":\"ListItem\",\"position\":1,\"name\":\"Inicio\",\"item\":\"https:\/\/sanluisinforma.com\/\"},{\"@type\":\"ListItem\",\"position\":2,\"name\":\"Ricardo Gallardo lleva La Alegr\u00eda de las Posadas Navide\u00f1as a la Regi\u00f3n Centro\"}]},{\"@type\":\"WebSite\",\"@id\":\"https:\/\/sanluisinforma.com\/#website\",\"url\":\"https:\/\/sanluisinforma.com\/\",\"name\":\"sanluisinforma.com\",\"description\":\"Periodico San Luis Informa\",\"publisher\":{\"@id\":\"https:\/\/sanluisinforma.com\/#organization\"},\"potentialAction\":[{\"@type\":\"SearchAction\",\"target\":{\"@type\":\"EntryPoint\",\"urlTemplate\":\"https:\/\/sanluisinforma.com\/?s={search_term_string}\"},\"query-input\":{\"@type\":\"PropertyValueSpecification\",\"valueRequired\":true,\"valueName\":\"search_term_string\"}}],\"inLanguage\":\"es\"},{\"@type\":\"Organization\",\"@id\":\"https:\/\/sanluisinforma.com\/#organization\",\"name\":\"sanluisinforma.com\",\"url\":\"https:\/\/sanluisinforma.com\/\",\"logo\":{\"@type\":\"ImageObject\",\"inLanguage\":\"es\",\"@id\":\"https:\/\/sanluisinforma.com\/#\/schema\/logo\/image\/\",\"url\":\"https:\/\/sanluisinforma.com\/wp-content\/uploads\/2026\/03\/sanluisinforma-V.jpg\",\"contentUrl\":\"https:\/\/sanluisinforma.com\/wp-content\/uploads\/2026\/03\/sanluisinforma-V.jpg\",\"width\":500,\"height\":156,\"caption\":\"sanluisinforma.com\"},\"image\":{\"@id\":\"https:\/\/sanluisinforma.com\/#\/schema\/logo\/image\/\"}},{\"@type\":\"Person\",\"@id\":\"https:\/\/sanluisinforma.com\/#\/schema\/person\/c30648f71476be533b6f59d092905c8b\",\"name\":\"sanluisinforma.com\",\"image\":{\"@type\":\"ImageObject\",\"inLanguage\":\"es\",\"@id\":\"https:\/\/sanluisinforma.com\/#\/schema\/person\/image\/\",\"url\":\"https:\/\/secure.gravatar.com\/avatar\/86e3114e34a1eecefb963e0a02f0093f93b092dddb2fe1517596343751081a87?s=96&d=mm&r=g\",\"contentUrl\":\"https:\/\/secure.gravatar.com\/avatar\/86e3114e34a1eecefb963e0a02f0093f93b092dddb2fe1517596343751081a87?s=96&d=mm&r=g\",\"caption\":\"sanluisinforma.com\"},\"url\":\"https:\/\/sanluisinforma.com\/?author=2\"}]}<\/script>\n<!-- \/ Yoast SEO plugin. -->","yoast_head_json":{"title":"Ricardo Gallardo lleva La Alegr\u00eda de las Posadas Navide\u00f1as a la Regi\u00f3n Centro - sanluisinforma.com","robots":{"index":"index","follow":"follow","max-snippet":"max-snippet:-1","max-image-preview":"max-image-preview:large","max-video-preview":"max-video-preview:-1"},"canonical":"https:\/\/sanluisinforma.com\/?p=9146","og_locale":"es_MX","og_type":"article","og_title":"Ricardo Gallardo lleva La Alegr\u00eda de las Posadas Navide\u00f1as a la Regi\u00f3n Centro - sanluisinforma.com","og_description":"&nbsp;Ni\u00f1as y ni\u00f1os de Villa de Reyes y Villa de Pozos disfrutaron momentos de paz y armon\u00eda junto a sus","og_url":"https:\/\/sanluisinforma.com\/?p=9146","og_site_name":"sanluisinforma.com","article_published_time":"2024-12-13T06:58:00+00:00","article_modified_time":"2024-12-13T04:19:21+00:00","og_image":[{"width":480,"height":320,"url":"https:\/\/sanluisinforma.com\/wp-content\/uploads\/2024\/12\/a0b560ca-4034-4aef-b8de-678ab76803d8.jpg","type":"image\/jpeg"}],"author":"sanluisinforma.com","twitter_card":"summary_large_image","twitter_misc":{"Escrito por":"sanluisinforma.com","Tiempo de lectura":"2 minutos"},"schema":{"@context":"https:\/\/schema.org","@graph":[{"@type":"Article","@id":"https:\/\/sanluisinforma.com\/?p=9146#article","isPartOf":{"@id":"https:\/\/sanluisinforma.com\/?p=9146"},"author":{"name":"sanluisinforma.com","@id":"https:\/\/sanluisinforma.com\/#\/schema\/person\/c30648f71476be533b6f59d092905c8b"},"headline":"Ricardo Gallardo lleva La Alegr\u00eda de las Posadas Navide\u00f1as a la Regi\u00f3n Centro","datePublished":"2024-12-13T06:58:00+00:00","dateModified":"2024-12-13T04:19:21+00:00","mainEntityOfPage":{"@id":"https:\/\/sanluisinforma.com\/?p=9146"},"wordCount":286,"publisher":{"@id":"https:\/\/sanluisinforma.com\/#organization"},"image":{"@id":"https:\/\/sanluisinforma.com\/?p=9146#primaryimage"},"thumbnailUrl":"https:\/\/sanluisinforma.com\/wp-content\/uploads\/2024\/12\/a0b560ca-4034-4aef-b8de-678ab76803d8.jpg","articleSection":["Local","Portada"],"inLanguage":"es"},{"@type":"WebPage","@id":"https:\/\/sanluisinforma.com\/?p=9146","url":"https:\/\/sanluisinforma.com\/?p=9146","name":"Ricardo Gallardo lleva La Alegr\u00eda de las Posadas Navide\u00f1as a la Regi\u00f3n Centro - sanluisinforma.com","isPartOf":{"@id":"https:\/\/sanluisinforma.com\/#website"},"primaryImageOfPage":{"@id":"https:\/\/sanluisinforma.com\/?p=9146#primaryimage"},"image":{"@id":"https:\/\/sanluisinforma.com\/?p=9146#primaryimage"},"thumbnailUrl":"https:\/\/sanluisinforma.com\/wp-content\/uploads\/2024\/12\/a0b560ca-4034-4aef-b8de-678ab76803d8.jpg","datePublished":"2024-12-13T06:58:00+00:00","dateModified":"2024-12-13T04:19:21+00:00","breadcrumb":{"@id":"https:\/\/sanluisinforma.com\/?p=9146#breadcrumb"},"inLanguage":"es","potentialAction":[{"@type":"ReadAction","target":["https:\/\/sanluisinforma.com\/?p=9146"]}]},{"@type":"ImageObject","inLanguage":"es","@id":"https:\/\/sanluisinforma.com\/?p=9146#primaryimage","url":"https:\/\/sanluisinforma.com\/wp-content\/uploads\/2024\/12\/a0b560ca-4034-4aef-b8de-678ab76803d8.jpg","contentUrl":"https:\/\/sanluisinforma.com\/wp-content\/uploads\/2024\/12\/a0b560ca-4034-4aef-b8de-678ab76803d8.jpg","width":480,"height":320},{"@type":"BreadcrumbList","@id":"https:\/\/sanluisinforma.com\/?p=9146#breadcrumb","itemListElement":[{"@type":"ListItem","position":1,"name":"Inicio","item":"https:\/\/sanluisinforma.com\/"},{"@type":"ListItem","position":2,"name":"Ricardo Gallardo lleva La Alegr\u00eda de las Posadas Navide\u00f1as a la Regi\u00f3n Centro"}]},{"@type":"WebSite","@id":"https:\/\/sanluisinforma.com\/#website","url":"https:\/\/sanluisinforma.com\/","name":"sanluisinforma.com","description":"Periodico San Luis Informa","publisher":{"@id":"https:\/\/sanluisinforma.com\/#organization"},"potentialAction":[{"@type":"SearchAction","target":{"@type":"EntryPoint","urlTemplate":"https:\/\/sanluisinforma.com\/?s={search_term_string}"},"query-input":{"@type":"PropertyValueSpecification","valueRequired":true,"valueName":"search_term_string"}}],"inLanguage":"es"},{"@type":"Organization","@id":"https:\/\/sanluisinforma.com\/#organization","name":"sanluisinforma.com","url":"https:\/\/sanluisinforma.com\/","logo":{"@type":"ImageObject","inLanguage":"es","@id":"https:\/\/sanluisinforma.com\/#\/schema\/logo\/image\/","url":"https:\/\/sanluisinforma.com\/wp-content\/uploads\/2026\/03\/sanluisinforma-V.jpg","contentUrl":"https:\/\/sanluisinforma.com\/wp-content\/uploads\/2026\/03\/sanluisinforma-V.jpg","width":500,"height":156,"caption":"sanluisinforma.com"},"image":{"@id":"https:\/\/sanluisinforma.com\/#\/schema\/logo\/image\/"}},{"@type":"Person","@id":"https:\/\/sanluisinforma.com\/#\/schema\/person\/c30648f71476be533b6f59d092905c8b","name":"sanluisinforma.com","image":{"@type":"ImageObject","inLanguage":"es","@id":"https:\/\/sanluisinforma.com\/#\/schema\/person\/image\/","url":"https:\/\/secure.gravatar.com\/avatar\/86e3114e34a1eecefb963e0a02f0093f93b092dddb2fe1517596343751081a87?s=96&d=mm&r=g","contentUrl":"https:\/\/secure.gravatar.com\/avatar\/86e3114e34a1eecefb963e0a02f0093f93b092dddb2fe1517596343751081a87?s=96&d=mm&r=g","caption":"sanluisinforma.com"},"url":"https:\/\/sanluisinforma.com\/?author=2"}]}},"_links":{"self":[{"href":"https:\/\/sanluisinforma.com\/index.php?rest_route=\/wp\/v2\/posts\/9146","targetHints":{"allow":["GET"]}}],"collection":[{"href":"https:\/\/sanluisinforma.com\/index.php?rest_route=\/wp\/v2\/posts"}],"about":[{"href":"https:\/\/sanluisinforma.com\/index.php?rest_route=\/wp\/v2\/types\/post"}],"author":[{"embeddable":true,"href":"https:\/\/sanluisinforma.com\/index.php?rest_route=\/wp\/v2\/users\/2"}],"replies":[{"embeddable":true,"href":"https:\/\/sanluisinforma.com\/index.php?rest_route=%2Fwp%2Fv2%2Fcomments&post=9146"}],"version-history":[{"count":1,"href":"https:\/\/sanluisinforma.com\/index.php?rest_route=\/wp\/v2\/posts\/9146\/revisions"}],"predecessor-version":[{"id":9148,"href":"https:\/\/sanluisinforma.com\/index.php?rest_route=\/wp\/v2\/posts\/9146\/revisions\/9148"}],"wp:featuredmedia":[{"embeddable":true,"href":"https:\/\/sanluisinforma.com\/index.php?rest_route=\/wp\/v2\/media\/9147"}],"wp:attachment":[{"href":"https:\/\/sanluisinforma.com\/index.php?rest_route=%2Fwp%2Fv2%2Fmedia&parent=9146"}],"wp:term":[{"taxonomy":"category","embeddable":true,"href":"https:\/\/sanluisinforma.com\/index.php?rest_route=%2Fwp%2Fv2%2Fcategories&post=9146"},{"taxonomy":"post_tag","embeddable":true,"href":"https:\/\/sanluisinforma.com\/index.php?rest_route=%2Fwp%2Fv2%2Ftags&post=9146"}],"curies":[{"name":"wp","href":"https:\/\/api.w.org\/{rel}","templated":true}]}}