{"id":9436,"date":"2024-12-31T00:58:00","date_gmt":"2024-12-31T06:58:00","guid":{"rendered":"https:\/\/sanluisinforma.com\/?p=9436"},"modified":"2024-12-30T19:10:29","modified_gmt":"2024-12-31T01:10:29","slug":"gobierno-estatal-prepara-inauguracion-de-la-via-alterna","status":"publish","type":"post","link":"https:\/\/sanluisinforma.com\/?p=9436","title":{"rendered":"Gobierno Estatal prepara Inauguraci\u00f3n de la V\u00eda Alterna"},"content":{"rendered":"\n<p><\/p>\n\n\n\n<p>&nbsp;Ser\u00e1 el desfogue principal de la carretera 57 en beneficio de m\u00e1s de 350 mil usuarias y usuarios<\/p>\n\n\n\n<p>El actual Gobierno Estatal reporta un avance de m\u00e1s del 70 por ciento del proyecto de la V\u00eda Alterna, pr\u00f3ximo a entregarlo, mejorando as\u00ed la movilidad hacia la zona industrial, el crecimiento econ\u00f3mico, la seguridad vial y el dinamismo urbano necesario en el \u00e1rea metropolitana.<\/p>\n\n\n\n<p>Para esta primera etapa, incluir\u00e1 la ampliaci\u00f3n del Eje 122 y dar\u00e1 continuidad con una segunda etapa que conecte hasta el Eje 140, tal como lo anunci\u00f3 previamente el Gobernador Ricardo Gallardo Cardona quien sigue apostando por mejorar la movilidad de las y los potosinos con m\u00e1s apoyo.<\/p>\n\n\n\n<p>Sobre este proyecto, la titular de la Secretar\u00eda de Desarrollo Urbano, Vivienda y Obra P\u00fablica (Seduvop), Isabel Leticia Vargas Tinajero, mencion\u00f3 que avanza en buen ritmo en gran medida debido a que los trabajos son constantes. Agreg\u00f3 que reubicaron unas torres de alta tensi\u00f3n de la CFE que cruzaban por la estructura central, tarea que fue compleja, pero que permitir\u00e1 un mayor avance.<\/p>\n\n\n\n<p>La funcionaria destac\u00f3 que este es uno de los proyectos m\u00e1s importantes que lograron rescatarse y no solo eso, sino que se mejor\u00f3 la idea original. Es por ello que se est\u00e1 haciendo una inversi\u00f3n muy importante a la infraestructura local apoyados por estudios viales que revelan que reducir\u00e1 hasta en un 40 por ciento el flujo diario que actualmente presenta la carretera 57.<\/p>\n","protected":false},"excerpt":{"rendered":"<p>&nbsp;Ser\u00e1 el desfogue principal de la carretera 57 en beneficio de m\u00e1s de 350 mil usuarias y usuarios El actual<\/p>\n","protected":false},"author":2,"featured_media":9437,"comment_status":"closed","ping_status":"closed","sticky":false,"template":"","format":"standard","meta":{"footnotes":""},"categories":[25,30],"tags":[],"class_list":["post-9436","post","type-post","status-publish","format-standard","has-post-thumbnail","hentry","category-local","category-portada"],"yoast_head":"<!-- This site is optimized with the Yoast SEO plugin v24.1 - https:\/\/yoast.com\/wordpress\/plugins\/seo\/ -->\n<title>Gobierno Estatal prepara Inauguraci\u00f3n de la V\u00eda Alterna - sanluisinforma.com<\/title>\n<meta name=\"robots\" content=\"index, follow, max-snippet:-1, max-image-preview:large, max-video-preview:-1\" \/>\n<link rel=\"canonical\" href=\"https:\/\/sanluisinforma.com\/?p=9436\" \/>\n<meta property=\"og:locale\" content=\"es_MX\" \/>\n<meta property=\"og:type\" content=\"article\" \/>\n<meta property=\"og:title\" content=\"Gobierno Estatal prepara Inauguraci\u00f3n de la V\u00eda Alterna - sanluisinforma.com\" \/>\n<meta property=\"og:description\" content=\"&nbsp;Ser\u00e1 el desfogue principal de la carretera 57 en beneficio de m\u00e1s de 350 mil usuarias y usuarios El actual\" \/>\n<meta property=\"og:url\" content=\"https:\/\/sanluisinforma.com\/?p=9436\" \/>\n<meta property=\"og:site_name\" content=\"sanluisinforma.com\" \/>\n<meta property=\"article:published_time\" content=\"2024-12-31T06:58:00+00:00\" \/>\n<meta property=\"article:modified_time\" content=\"2024-12-31T01:10:29+00:00\" \/>\n<meta property=\"og:image\" content=\"https:\/\/sanluisinforma.com\/wp-content\/uploads\/2024\/12\/c3b64b51-ac13-4b67-b975-2a36ddb30fa6.jpg\" \/>\n\t<meta property=\"og:image:width\" content=\"480\" \/>\n\t<meta property=\"og:image:height\" content=\"686\" \/>\n\t<meta property=\"og:image:type\" content=\"image\/jpeg\" \/>\n<meta name=\"author\" content=\"sanluisinforma.com\" \/>\n<meta name=\"twitter:card\" content=\"summary_large_image\" \/>\n<meta name=\"twitter:label1\" content=\"Escrito por\" \/>\n\t<meta name=\"twitter:data1\" content=\"sanluisinforma.com\" \/>\n\t<meta name=\"twitter:label2\" content=\"Tiempo de lectura\" \/>\n\t<meta name=\"twitter:data2\" content=\"2 minutos\" \/>\n<script type=\"application\/ld+json\" class=\"yoast-schema-graph\">{\"@context\":\"https:\/\/schema.org\",\"@graph\":[{\"@type\":\"Article\",\"@id\":\"https:\/\/sanluisinforma.com\/?p=9436#article\",\"isPartOf\":{\"@id\":\"https:\/\/sanluisinforma.com\/?p=9436\"},\"author\":{\"name\":\"sanluisinforma.com\",\"@id\":\"https:\/\/sanluisinforma.com\/#\/schema\/person\/c30648f71476be533b6f59d092905c8b\"},\"headline\":\"Gobierno Estatal prepara Inauguraci\u00f3n de la V\u00eda Alterna\",\"datePublished\":\"2024-12-31T06:58:00+00:00\",\"dateModified\":\"2024-12-31T01:10:29+00:00\",\"mainEntityOfPage\":{\"@id\":\"https:\/\/sanluisinforma.com\/?p=9436\"},\"wordCount\":254,\"publisher\":{\"@id\":\"https:\/\/sanluisinforma.com\/#organization\"},\"image\":{\"@id\":\"https:\/\/sanluisinforma.com\/?p=9436#primaryimage\"},\"thumbnailUrl\":\"https:\/\/sanluisinforma.com\/wp-content\/uploads\/2024\/12\/c3b64b51-ac13-4b67-b975-2a36ddb30fa6.jpg\",\"articleSection\":[\"Local\",\"Portada\"],\"inLanguage\":\"es\"},{\"@type\":\"WebPage\",\"@id\":\"https:\/\/sanluisinforma.com\/?p=9436\",\"url\":\"https:\/\/sanluisinforma.com\/?p=9436\",\"name\":\"Gobierno Estatal prepara Inauguraci\u00f3n de la V\u00eda Alterna - sanluisinforma.com\",\"isPartOf\":{\"@id\":\"https:\/\/sanluisinforma.com\/#website\"},\"primaryImageOfPage\":{\"@id\":\"https:\/\/sanluisinforma.com\/?p=9436#primaryimage\"},\"image\":{\"@id\":\"https:\/\/sanluisinforma.com\/?p=9436#primaryimage\"},\"thumbnailUrl\":\"https:\/\/sanluisinforma.com\/wp-content\/uploads\/2024\/12\/c3b64b51-ac13-4b67-b975-2a36ddb30fa6.jpg\",\"datePublished\":\"2024-12-31T06:58:00+00:00\",\"dateModified\":\"2024-12-31T01:10:29+00:00\",\"breadcrumb\":{\"@id\":\"https:\/\/sanluisinforma.com\/?p=9436#breadcrumb\"},\"inLanguage\":\"es\",\"potentialAction\":[{\"@type\":\"ReadAction\",\"target\":[\"https:\/\/sanluisinforma.com\/?p=9436\"]}]},{\"@type\":\"ImageObject\",\"inLanguage\":\"es\",\"@id\":\"https:\/\/sanluisinforma.com\/?p=9436#primaryimage\",\"url\":\"https:\/\/sanluisinforma.com\/wp-content\/uploads\/2024\/12\/c3b64b51-ac13-4b67-b975-2a36ddb30fa6.jpg\",\"contentUrl\":\"https:\/\/sanluisinforma.com\/wp-content\/uploads\/2024\/12\/c3b64b51-ac13-4b67-b975-2a36ddb30fa6.jpg\",\"width\":480,\"height\":686},{\"@type\":\"BreadcrumbList\",\"@id\":\"https:\/\/sanluisinforma.com\/?p=9436#breadcrumb\",\"itemListElement\":[{\"@type\":\"ListItem\",\"position\":1,\"name\":\"Inicio\",\"item\":\"https:\/\/sanluisinforma.com\/\"},{\"@type\":\"ListItem\",\"position\":2,\"name\":\"Gobierno Estatal prepara Inauguraci\u00f3n de la V\u00eda Alterna\"}]},{\"@type\":\"WebSite\",\"@id\":\"https:\/\/sanluisinforma.com\/#website\",\"url\":\"https:\/\/sanluisinforma.com\/\",\"name\":\"sanluisinforma.com\",\"description\":\"Periodico San Luis Informa\",\"publisher\":{\"@id\":\"https:\/\/sanluisinforma.com\/#organization\"},\"potentialAction\":[{\"@type\":\"SearchAction\",\"target\":{\"@type\":\"EntryPoint\",\"urlTemplate\":\"https:\/\/sanluisinforma.com\/?s={search_term_string}\"},\"query-input\":{\"@type\":\"PropertyValueSpecification\",\"valueRequired\":true,\"valueName\":\"search_term_string\"}}],\"inLanguage\":\"es\"},{\"@type\":\"Organization\",\"@id\":\"https:\/\/sanluisinforma.com\/#organization\",\"name\":\"sanluisinforma.com\",\"url\":\"https:\/\/sanluisinforma.com\/\",\"logo\":{\"@type\":\"ImageObject\",\"inLanguage\":\"es\",\"@id\":\"https:\/\/sanluisinforma.com\/#\/schema\/logo\/image\/\",\"url\":\"https:\/\/sanluisinforma.com\/wp-content\/uploads\/2026\/03\/sanluisinforma-V.jpg\",\"contentUrl\":\"https:\/\/sanluisinforma.com\/wp-content\/uploads\/2026\/03\/sanluisinforma-V.jpg\",\"width\":500,\"height\":156,\"caption\":\"sanluisinforma.com\"},\"image\":{\"@id\":\"https:\/\/sanluisinforma.com\/#\/schema\/logo\/image\/\"}},{\"@type\":\"Person\",\"@id\":\"https:\/\/sanluisinforma.com\/#\/schema\/person\/c30648f71476be533b6f59d092905c8b\",\"name\":\"sanluisinforma.com\",\"image\":{\"@type\":\"ImageObject\",\"inLanguage\":\"es\",\"@id\":\"https:\/\/sanluisinforma.com\/#\/schema\/person\/image\/\",\"url\":\"https:\/\/secure.gravatar.com\/avatar\/86e3114e34a1eecefb963e0a02f0093f93b092dddb2fe1517596343751081a87?s=96&d=mm&r=g\",\"contentUrl\":\"https:\/\/secure.gravatar.com\/avatar\/86e3114e34a1eecefb963e0a02f0093f93b092dddb2fe1517596343751081a87?s=96&d=mm&r=g\",\"caption\":\"sanluisinforma.com\"},\"url\":\"https:\/\/sanluisinforma.com\/?author=2\"}]}<\/script>\n<!-- \/ Yoast SEO plugin. -->","yoast_head_json":{"title":"Gobierno Estatal prepara Inauguraci\u00f3n de la V\u00eda Alterna - sanluisinforma.com","robots":{"index":"index","follow":"follow","max-snippet":"max-snippet:-1","max-image-preview":"max-image-preview:large","max-video-preview":"max-video-preview:-1"},"canonical":"https:\/\/sanluisinforma.com\/?p=9436","og_locale":"es_MX","og_type":"article","og_title":"Gobierno Estatal prepara Inauguraci\u00f3n de la V\u00eda Alterna - sanluisinforma.com","og_description":"&nbsp;Ser\u00e1 el desfogue principal de la carretera 57 en beneficio de m\u00e1s de 350 mil usuarias y usuarios El actual","og_url":"https:\/\/sanluisinforma.com\/?p=9436","og_site_name":"sanluisinforma.com","article_published_time":"2024-12-31T06:58:00+00:00","article_modified_time":"2024-12-31T01:10:29+00:00","og_image":[{"width":480,"height":686,"url":"https:\/\/sanluisinforma.com\/wp-content\/uploads\/2024\/12\/c3b64b51-ac13-4b67-b975-2a36ddb30fa6.jpg","type":"image\/jpeg"}],"author":"sanluisinforma.com","twitter_card":"summary_large_image","twitter_misc":{"Escrito por":"sanluisinforma.com","Tiempo de lectura":"2 minutos"},"schema":{"@context":"https:\/\/schema.org","@graph":[{"@type":"Article","@id":"https:\/\/sanluisinforma.com\/?p=9436#article","isPartOf":{"@id":"https:\/\/sanluisinforma.com\/?p=9436"},"author":{"name":"sanluisinforma.com","@id":"https:\/\/sanluisinforma.com\/#\/schema\/person\/c30648f71476be533b6f59d092905c8b"},"headline":"Gobierno Estatal prepara Inauguraci\u00f3n de la V\u00eda Alterna","datePublished":"2024-12-31T06:58:00+00:00","dateModified":"2024-12-31T01:10:29+00:00","mainEntityOfPage":{"@id":"https:\/\/sanluisinforma.com\/?p=9436"},"wordCount":254,"publisher":{"@id":"https:\/\/sanluisinforma.com\/#organization"},"image":{"@id":"https:\/\/sanluisinforma.com\/?p=9436#primaryimage"},"thumbnailUrl":"https:\/\/sanluisinforma.com\/wp-content\/uploads\/2024\/12\/c3b64b51-ac13-4b67-b975-2a36ddb30fa6.jpg","articleSection":["Local","Portada"],"inLanguage":"es"},{"@type":"WebPage","@id":"https:\/\/sanluisinforma.com\/?p=9436","url":"https:\/\/sanluisinforma.com\/?p=9436","name":"Gobierno Estatal prepara Inauguraci\u00f3n de la V\u00eda Alterna - sanluisinforma.com","isPartOf":{"@id":"https:\/\/sanluisinforma.com\/#website"},"primaryImageOfPage":{"@id":"https:\/\/sanluisinforma.com\/?p=9436#primaryimage"},"image":{"@id":"https:\/\/sanluisinforma.com\/?p=9436#primaryimage"},"thumbnailUrl":"https:\/\/sanluisinforma.com\/wp-content\/uploads\/2024\/12\/c3b64b51-ac13-4b67-b975-2a36ddb30fa6.jpg","datePublished":"2024-12-31T06:58:00+00:00","dateModified":"2024-12-31T01:10:29+00:00","breadcrumb":{"@id":"https:\/\/sanluisinforma.com\/?p=9436#breadcrumb"},"inLanguage":"es","potentialAction":[{"@type":"ReadAction","target":["https:\/\/sanluisinforma.com\/?p=9436"]}]},{"@type":"ImageObject","inLanguage":"es","@id":"https:\/\/sanluisinforma.com\/?p=9436#primaryimage","url":"https:\/\/sanluisinforma.com\/wp-content\/uploads\/2024\/12\/c3b64b51-ac13-4b67-b975-2a36ddb30fa6.jpg","contentUrl":"https:\/\/sanluisinforma.com\/wp-content\/uploads\/2024\/12\/c3b64b51-ac13-4b67-b975-2a36ddb30fa6.jpg","width":480,"height":686},{"@type":"BreadcrumbList","@id":"https:\/\/sanluisinforma.com\/?p=9436#breadcrumb","itemListElement":[{"@type":"ListItem","position":1,"name":"Inicio","item":"https:\/\/sanluisinforma.com\/"},{"@type":"ListItem","position":2,"name":"Gobierno Estatal prepara Inauguraci\u00f3n de la V\u00eda Alterna"}]},{"@type":"WebSite","@id":"https:\/\/sanluisinforma.com\/#website","url":"https:\/\/sanluisinforma.com\/","name":"sanluisinforma.com","description":"Periodico San Luis Informa","publisher":{"@id":"https:\/\/sanluisinforma.com\/#organization"},"potentialAction":[{"@type":"SearchAction","target":{"@type":"EntryPoint","urlTemplate":"https:\/\/sanluisinforma.com\/?s={search_term_string}"},"query-input":{"@type":"PropertyValueSpecification","valueRequired":true,"valueName":"search_term_string"}}],"inLanguage":"es"},{"@type":"Organization","@id":"https:\/\/sanluisinforma.com\/#organization","name":"sanluisinforma.com","url":"https:\/\/sanluisinforma.com\/","logo":{"@type":"ImageObject","inLanguage":"es","@id":"https:\/\/sanluisinforma.com\/#\/schema\/logo\/image\/","url":"https:\/\/sanluisinforma.com\/wp-content\/uploads\/2026\/03\/sanluisinforma-V.jpg","contentUrl":"https:\/\/sanluisinforma.com\/wp-content\/uploads\/2026\/03\/sanluisinforma-V.jpg","width":500,"height":156,"caption":"sanluisinforma.com"},"image":{"@id":"https:\/\/sanluisinforma.com\/#\/schema\/logo\/image\/"}},{"@type":"Person","@id":"https:\/\/sanluisinforma.com\/#\/schema\/person\/c30648f71476be533b6f59d092905c8b","name":"sanluisinforma.com","image":{"@type":"ImageObject","inLanguage":"es","@id":"https:\/\/sanluisinforma.com\/#\/schema\/person\/image\/","url":"https:\/\/secure.gravatar.com\/avatar\/86e3114e34a1eecefb963e0a02f0093f93b092dddb2fe1517596343751081a87?s=96&d=mm&r=g","contentUrl":"https:\/\/secure.gravatar.com\/avatar\/86e3114e34a1eecefb963e0a02f0093f93b092dddb2fe1517596343751081a87?s=96&d=mm&r=g","caption":"sanluisinforma.com"},"url":"https:\/\/sanluisinforma.com\/?author=2"}]}},"_links":{"self":[{"href":"https:\/\/sanluisinforma.com\/index.php?rest_route=\/wp\/v2\/posts\/9436","targetHints":{"allow":["GET"]}}],"collection":[{"href":"https:\/\/sanluisinforma.com\/index.php?rest_route=\/wp\/v2\/posts"}],"about":[{"href":"https:\/\/sanluisinforma.com\/index.php?rest_route=\/wp\/v2\/types\/post"}],"author":[{"embeddable":true,"href":"https:\/\/sanluisinforma.com\/index.php?rest_route=\/wp\/v2\/users\/2"}],"replies":[{"embeddable":true,"href":"https:\/\/sanluisinforma.com\/index.php?rest_route=%2Fwp%2Fv2%2Fcomments&post=9436"}],"version-history":[{"count":1,"href":"https:\/\/sanluisinforma.com\/index.php?rest_route=\/wp\/v2\/posts\/9436\/revisions"}],"predecessor-version":[{"id":9438,"href":"https:\/\/sanluisinforma.com\/index.php?rest_route=\/wp\/v2\/posts\/9436\/revisions\/9438"}],"wp:featuredmedia":[{"embeddable":true,"href":"https:\/\/sanluisinforma.com\/index.php?rest_route=\/wp\/v2\/media\/9437"}],"wp:attachment":[{"href":"https:\/\/sanluisinforma.com\/index.php?rest_route=%2Fwp%2Fv2%2Fmedia&parent=9436"}],"wp:term":[{"taxonomy":"category","embeddable":true,"href":"https:\/\/sanluisinforma.com\/index.php?rest_route=%2Fwp%2Fv2%2Fcategories&post=9436"},{"taxonomy":"post_tag","embeddable":true,"href":"https:\/\/sanluisinforma.com\/index.php?rest_route=%2Fwp%2Fv2%2Ftags&post=9436"}],"curies":[{"name":"wp","href":"https:\/\/api.w.org\/{rel}","templated":true}]}}