{"id":9497,"date":"2025-01-02T00:50:00","date_gmt":"2025-01-02T06:50:00","guid":{"rendered":"https:\/\/sanluisinforma.com\/?p=9497"},"modified":"2025-01-01T19:45:51","modified_gmt":"2025-01-02T01:45:51","slug":"san-luis-capital-destaco-como-sede-de-congresos-y-convenciones-internacionales-en-2024","status":"publish","type":"post","link":"https:\/\/sanluisinforma.com\/?p=9497","title":{"rendered":"San Luis Capital destac\u00f3 como sede de congresos y convenciones internacionales en 2024"},"content":{"rendered":"\n<p>Este a\u00f1o, la ciudad alberg\u00f3 38 eventos de alto nivel, consolid\u00e1ndose como un destino clave para el turismo de reuniones, con asistentes de pa\u00edses como Espa\u00f1a, Canad\u00e1, Estados Unidos, Francia y Alemania.<\/p>\n\n\n\n<p>San Luis Capital reafirm\u00f3 su posici\u00f3n como un referente nacional e internacional en turismo de reuniones, siendo sede de 38 congresos y convenciones durante el 2024, gracias a las acciones de promoci\u00f3n de nuestra ciudad como destino que realiza el Gobierno de la Capital, a trav\u00e9s de la Direcci\u00f3n de Turismo Municipal.<\/p>\n\n\n\n<p>La Directora de Turismo de San Luis Capital, Claudia Lorena Peralta Antiga, indic\u00f3 que estos eventos abarcan sectores como la salud, deportes, negocios y cultura, representaron un impacto significativo, tanto en la econom\u00eda local, como en la proyecci\u00f3n internacional de la ciudad.&nbsp;<\/p>\n\n\n\n<p>Peralta Antiga destac\u00f3 que estos encuentros atrajeron a participantes de pa\u00edses como Espa\u00f1a, Canad\u00e1, Estados Unidos, Francia y Alemania, lo que fortaleci\u00f3 el posicionamiento de San Luis Capital como un destino competitivo en el \u00e1mbito internacional.&nbsp;<\/p>\n\n\n\n<p>Por su parte, la Directora de Turismo de San Luis Capital indic\u00f3 que el XV Congreso Nacional e Iberoamericano de Gu\u00edas de Turistas &#8220;Responsabilidad e inclusi\u00f3n&#8221; y el Segundo Foro de la inclusi\u00f3n Tur\u00edstica CA fortalecieron la agenda cultural y econ\u00f3mica del municipio, atrayendo visitantes de diferentes partes del mundo y promoviendo la ciudad.&nbsp; Finalmente, la Directora de Turismo asegur\u00f3 que estos eventos no s\u00f3lo fortalecieron la econom\u00eda local, sino que tambi\u00e9n consolidaron la imagen de San Luis Capital como una ciudad vibrante, accesible y con capacidad para albergar encuentros de gran rele<\/p>\n","protected":false},"excerpt":{"rendered":"<p>Este a\u00f1o, la ciudad alberg\u00f3 38 eventos de alto nivel, consolid\u00e1ndose como un destino clave para el turismo de reuniones,<\/p>\n","protected":false},"author":2,"featured_media":9498,"comment_status":"closed","ping_status":"closed","sticky":false,"template":"","format":"standard","meta":{"footnotes":""},"categories":[25,30],"tags":[],"class_list":["post-9497","post","type-post","status-publish","format-standard","has-post-thumbnail","hentry","category-local","category-portada"],"yoast_head":"<!-- This site is optimized with the Yoast SEO plugin v24.1 - https:\/\/yoast.com\/wordpress\/plugins\/seo\/ -->\n<title>San Luis Capital destac\u00f3 como sede de congresos y convenciones internacionales en 2024 - sanluisinforma.com<\/title>\n<meta name=\"robots\" content=\"index, follow, max-snippet:-1, max-image-preview:large, max-video-preview:-1\" \/>\n<link rel=\"canonical\" href=\"https:\/\/sanluisinforma.com\/?p=9497\" \/>\n<meta property=\"og:locale\" content=\"es_MX\" \/>\n<meta property=\"og:type\" content=\"article\" \/>\n<meta property=\"og:title\" content=\"San Luis Capital destac\u00f3 como sede de congresos y convenciones internacionales en 2024 - sanluisinforma.com\" \/>\n<meta property=\"og:description\" content=\"Este a\u00f1o, la ciudad alberg\u00f3 38 eventos de alto nivel, consolid\u00e1ndose como un destino clave para el turismo de reuniones,\" \/>\n<meta property=\"og:url\" content=\"https:\/\/sanluisinforma.com\/?p=9497\" \/>\n<meta property=\"og:site_name\" content=\"sanluisinforma.com\" \/>\n<meta property=\"article:published_time\" content=\"2025-01-02T06:50:00+00:00\" \/>\n<meta property=\"article:modified_time\" content=\"2025-01-02T01:45:51+00:00\" \/>\n<meta property=\"og:image\" content=\"https:\/\/sanluisinforma.com\/wp-content\/uploads\/2025\/01\/3958484c-4f4d-4faf-a14b-18755e3be421.jpg\" \/>\n\t<meta property=\"og:image:width\" content=\"480\" \/>\n\t<meta property=\"og:image:height\" content=\"360\" \/>\n\t<meta property=\"og:image:type\" content=\"image\/jpeg\" \/>\n<meta name=\"author\" content=\"sanluisinforma.com\" \/>\n<meta name=\"twitter:card\" content=\"summary_large_image\" \/>\n<meta name=\"twitter:label1\" content=\"Escrito por\" \/>\n\t<meta name=\"twitter:data1\" content=\"sanluisinforma.com\" \/>\n\t<meta name=\"twitter:label2\" content=\"Tiempo de lectura\" \/>\n\t<meta name=\"twitter:data2\" content=\"2 minutos\" \/>\n<script type=\"application\/ld+json\" class=\"yoast-schema-graph\">{\"@context\":\"https:\/\/schema.org\",\"@graph\":[{\"@type\":\"Article\",\"@id\":\"https:\/\/sanluisinforma.com\/?p=9497#article\",\"isPartOf\":{\"@id\":\"https:\/\/sanluisinforma.com\/?p=9497\"},\"author\":{\"name\":\"sanluisinforma.com\",\"@id\":\"https:\/\/sanluisinforma.com\/#\/schema\/person\/c30648f71476be533b6f59d092905c8b\"},\"headline\":\"San Luis Capital destac\u00f3 como sede de congresos y convenciones internacionales en 2024\",\"datePublished\":\"2025-01-02T06:50:00+00:00\",\"dateModified\":\"2025-01-02T01:45:51+00:00\",\"mainEntityOfPage\":{\"@id\":\"https:\/\/sanluisinforma.com\/?p=9497\"},\"wordCount\":287,\"publisher\":{\"@id\":\"https:\/\/sanluisinforma.com\/#organization\"},\"image\":{\"@id\":\"https:\/\/sanluisinforma.com\/?p=9497#primaryimage\"},\"thumbnailUrl\":\"https:\/\/sanluisinforma.com\/wp-content\/uploads\/2025\/01\/3958484c-4f4d-4faf-a14b-18755e3be421.jpg\",\"articleSection\":[\"Local\",\"Portada\"],\"inLanguage\":\"es\"},{\"@type\":\"WebPage\",\"@id\":\"https:\/\/sanluisinforma.com\/?p=9497\",\"url\":\"https:\/\/sanluisinforma.com\/?p=9497\",\"name\":\"San Luis Capital destac\u00f3 como sede de congresos y convenciones internacionales en 2024 - sanluisinforma.com\",\"isPartOf\":{\"@id\":\"https:\/\/sanluisinforma.com\/#website\"},\"primaryImageOfPage\":{\"@id\":\"https:\/\/sanluisinforma.com\/?p=9497#primaryimage\"},\"image\":{\"@id\":\"https:\/\/sanluisinforma.com\/?p=9497#primaryimage\"},\"thumbnailUrl\":\"https:\/\/sanluisinforma.com\/wp-content\/uploads\/2025\/01\/3958484c-4f4d-4faf-a14b-18755e3be421.jpg\",\"datePublished\":\"2025-01-02T06:50:00+00:00\",\"dateModified\":\"2025-01-02T01:45:51+00:00\",\"breadcrumb\":{\"@id\":\"https:\/\/sanluisinforma.com\/?p=9497#breadcrumb\"},\"inLanguage\":\"es\",\"potentialAction\":[{\"@type\":\"ReadAction\",\"target\":[\"https:\/\/sanluisinforma.com\/?p=9497\"]}]},{\"@type\":\"ImageObject\",\"inLanguage\":\"es\",\"@id\":\"https:\/\/sanluisinforma.com\/?p=9497#primaryimage\",\"url\":\"https:\/\/sanluisinforma.com\/wp-content\/uploads\/2025\/01\/3958484c-4f4d-4faf-a14b-18755e3be421.jpg\",\"contentUrl\":\"https:\/\/sanluisinforma.com\/wp-content\/uploads\/2025\/01\/3958484c-4f4d-4faf-a14b-18755e3be421.jpg\",\"width\":480,\"height\":360},{\"@type\":\"BreadcrumbList\",\"@id\":\"https:\/\/sanluisinforma.com\/?p=9497#breadcrumb\",\"itemListElement\":[{\"@type\":\"ListItem\",\"position\":1,\"name\":\"Inicio\",\"item\":\"https:\/\/sanluisinforma.com\/\"},{\"@type\":\"ListItem\",\"position\":2,\"name\":\"San Luis Capital destac\u00f3 como sede de congresos y convenciones internacionales en 2024\"}]},{\"@type\":\"WebSite\",\"@id\":\"https:\/\/sanluisinforma.com\/#website\",\"url\":\"https:\/\/sanluisinforma.com\/\",\"name\":\"sanluisinforma.com\",\"description\":\"Periodico San Luis Informa\",\"publisher\":{\"@id\":\"https:\/\/sanluisinforma.com\/#organization\"},\"potentialAction\":[{\"@type\":\"SearchAction\",\"target\":{\"@type\":\"EntryPoint\",\"urlTemplate\":\"https:\/\/sanluisinforma.com\/?s={search_term_string}\"},\"query-input\":{\"@type\":\"PropertyValueSpecification\",\"valueRequired\":true,\"valueName\":\"search_term_string\"}}],\"inLanguage\":\"es\"},{\"@type\":\"Organization\",\"@id\":\"https:\/\/sanluisinforma.com\/#organization\",\"name\":\"sanluisinforma.com\",\"url\":\"https:\/\/sanluisinforma.com\/\",\"logo\":{\"@type\":\"ImageObject\",\"inLanguage\":\"es\",\"@id\":\"https:\/\/sanluisinforma.com\/#\/schema\/logo\/image\/\",\"url\":\"https:\/\/sanluisinforma.com\/wp-content\/uploads\/2026\/03\/sanluisinforma-V.jpg\",\"contentUrl\":\"https:\/\/sanluisinforma.com\/wp-content\/uploads\/2026\/03\/sanluisinforma-V.jpg\",\"width\":500,\"height\":156,\"caption\":\"sanluisinforma.com\"},\"image\":{\"@id\":\"https:\/\/sanluisinforma.com\/#\/schema\/logo\/image\/\"}},{\"@type\":\"Person\",\"@id\":\"https:\/\/sanluisinforma.com\/#\/schema\/person\/c30648f71476be533b6f59d092905c8b\",\"name\":\"sanluisinforma.com\",\"image\":{\"@type\":\"ImageObject\",\"inLanguage\":\"es\",\"@id\":\"https:\/\/sanluisinforma.com\/#\/schema\/person\/image\/\",\"url\":\"https:\/\/secure.gravatar.com\/avatar\/86e3114e34a1eecefb963e0a02f0093f93b092dddb2fe1517596343751081a87?s=96&d=mm&r=g\",\"contentUrl\":\"https:\/\/secure.gravatar.com\/avatar\/86e3114e34a1eecefb963e0a02f0093f93b092dddb2fe1517596343751081a87?s=96&d=mm&r=g\",\"caption\":\"sanluisinforma.com\"},\"url\":\"https:\/\/sanluisinforma.com\/?author=2\"}]}<\/script>\n<!-- \/ Yoast SEO plugin. -->","yoast_head_json":{"title":"San Luis Capital destac\u00f3 como sede de congresos y convenciones internacionales en 2024 - sanluisinforma.com","robots":{"index":"index","follow":"follow","max-snippet":"max-snippet:-1","max-image-preview":"max-image-preview:large","max-video-preview":"max-video-preview:-1"},"canonical":"https:\/\/sanluisinforma.com\/?p=9497","og_locale":"es_MX","og_type":"article","og_title":"San Luis Capital destac\u00f3 como sede de congresos y convenciones internacionales en 2024 - sanluisinforma.com","og_description":"Este a\u00f1o, la ciudad alberg\u00f3 38 eventos de alto nivel, consolid\u00e1ndose como un destino clave para el turismo de reuniones,","og_url":"https:\/\/sanluisinforma.com\/?p=9497","og_site_name":"sanluisinforma.com","article_published_time":"2025-01-02T06:50:00+00:00","article_modified_time":"2025-01-02T01:45:51+00:00","og_image":[{"width":480,"height":360,"url":"https:\/\/sanluisinforma.com\/wp-content\/uploads\/2025\/01\/3958484c-4f4d-4faf-a14b-18755e3be421.jpg","type":"image\/jpeg"}],"author":"sanluisinforma.com","twitter_card":"summary_large_image","twitter_misc":{"Escrito por":"sanluisinforma.com","Tiempo de lectura":"2 minutos"},"schema":{"@context":"https:\/\/schema.org","@graph":[{"@type":"Article","@id":"https:\/\/sanluisinforma.com\/?p=9497#article","isPartOf":{"@id":"https:\/\/sanluisinforma.com\/?p=9497"},"author":{"name":"sanluisinforma.com","@id":"https:\/\/sanluisinforma.com\/#\/schema\/person\/c30648f71476be533b6f59d092905c8b"},"headline":"San Luis Capital destac\u00f3 como sede de congresos y convenciones internacionales en 2024","datePublished":"2025-01-02T06:50:00+00:00","dateModified":"2025-01-02T01:45:51+00:00","mainEntityOfPage":{"@id":"https:\/\/sanluisinforma.com\/?p=9497"},"wordCount":287,"publisher":{"@id":"https:\/\/sanluisinforma.com\/#organization"},"image":{"@id":"https:\/\/sanluisinforma.com\/?p=9497#primaryimage"},"thumbnailUrl":"https:\/\/sanluisinforma.com\/wp-content\/uploads\/2025\/01\/3958484c-4f4d-4faf-a14b-18755e3be421.jpg","articleSection":["Local","Portada"],"inLanguage":"es"},{"@type":"WebPage","@id":"https:\/\/sanluisinforma.com\/?p=9497","url":"https:\/\/sanluisinforma.com\/?p=9497","name":"San Luis Capital destac\u00f3 como sede de congresos y convenciones internacionales en 2024 - sanluisinforma.com","isPartOf":{"@id":"https:\/\/sanluisinforma.com\/#website"},"primaryImageOfPage":{"@id":"https:\/\/sanluisinforma.com\/?p=9497#primaryimage"},"image":{"@id":"https:\/\/sanluisinforma.com\/?p=9497#primaryimage"},"thumbnailUrl":"https:\/\/sanluisinforma.com\/wp-content\/uploads\/2025\/01\/3958484c-4f4d-4faf-a14b-18755e3be421.jpg","datePublished":"2025-01-02T06:50:00+00:00","dateModified":"2025-01-02T01:45:51+00:00","breadcrumb":{"@id":"https:\/\/sanluisinforma.com\/?p=9497#breadcrumb"},"inLanguage":"es","potentialAction":[{"@type":"ReadAction","target":["https:\/\/sanluisinforma.com\/?p=9497"]}]},{"@type":"ImageObject","inLanguage":"es","@id":"https:\/\/sanluisinforma.com\/?p=9497#primaryimage","url":"https:\/\/sanluisinforma.com\/wp-content\/uploads\/2025\/01\/3958484c-4f4d-4faf-a14b-18755e3be421.jpg","contentUrl":"https:\/\/sanluisinforma.com\/wp-content\/uploads\/2025\/01\/3958484c-4f4d-4faf-a14b-18755e3be421.jpg","width":480,"height":360},{"@type":"BreadcrumbList","@id":"https:\/\/sanluisinforma.com\/?p=9497#breadcrumb","itemListElement":[{"@type":"ListItem","position":1,"name":"Inicio","item":"https:\/\/sanluisinforma.com\/"},{"@type":"ListItem","position":2,"name":"San Luis Capital destac\u00f3 como sede de congresos y convenciones internacionales en 2024"}]},{"@type":"WebSite","@id":"https:\/\/sanluisinforma.com\/#website","url":"https:\/\/sanluisinforma.com\/","name":"sanluisinforma.com","description":"Periodico San Luis Informa","publisher":{"@id":"https:\/\/sanluisinforma.com\/#organization"},"potentialAction":[{"@type":"SearchAction","target":{"@type":"EntryPoint","urlTemplate":"https:\/\/sanluisinforma.com\/?s={search_term_string}"},"query-input":{"@type":"PropertyValueSpecification","valueRequired":true,"valueName":"search_term_string"}}],"inLanguage":"es"},{"@type":"Organization","@id":"https:\/\/sanluisinforma.com\/#organization","name":"sanluisinforma.com","url":"https:\/\/sanluisinforma.com\/","logo":{"@type":"ImageObject","inLanguage":"es","@id":"https:\/\/sanluisinforma.com\/#\/schema\/logo\/image\/","url":"https:\/\/sanluisinforma.com\/wp-content\/uploads\/2026\/03\/sanluisinforma-V.jpg","contentUrl":"https:\/\/sanluisinforma.com\/wp-content\/uploads\/2026\/03\/sanluisinforma-V.jpg","width":500,"height":156,"caption":"sanluisinforma.com"},"image":{"@id":"https:\/\/sanluisinforma.com\/#\/schema\/logo\/image\/"}},{"@type":"Person","@id":"https:\/\/sanluisinforma.com\/#\/schema\/person\/c30648f71476be533b6f59d092905c8b","name":"sanluisinforma.com","image":{"@type":"ImageObject","inLanguage":"es","@id":"https:\/\/sanluisinforma.com\/#\/schema\/person\/image\/","url":"https:\/\/secure.gravatar.com\/avatar\/86e3114e34a1eecefb963e0a02f0093f93b092dddb2fe1517596343751081a87?s=96&d=mm&r=g","contentUrl":"https:\/\/secure.gravatar.com\/avatar\/86e3114e34a1eecefb963e0a02f0093f93b092dddb2fe1517596343751081a87?s=96&d=mm&r=g","caption":"sanluisinforma.com"},"url":"https:\/\/sanluisinforma.com\/?author=2"}]}},"_links":{"self":[{"href":"https:\/\/sanluisinforma.com\/index.php?rest_route=\/wp\/v2\/posts\/9497","targetHints":{"allow":["GET"]}}],"collection":[{"href":"https:\/\/sanluisinforma.com\/index.php?rest_route=\/wp\/v2\/posts"}],"about":[{"href":"https:\/\/sanluisinforma.com\/index.php?rest_route=\/wp\/v2\/types\/post"}],"author":[{"embeddable":true,"href":"https:\/\/sanluisinforma.com\/index.php?rest_route=\/wp\/v2\/users\/2"}],"replies":[{"embeddable":true,"href":"https:\/\/sanluisinforma.com\/index.php?rest_route=%2Fwp%2Fv2%2Fcomments&post=9497"}],"version-history":[{"count":1,"href":"https:\/\/sanluisinforma.com\/index.php?rest_route=\/wp\/v2\/posts\/9497\/revisions"}],"predecessor-version":[{"id":9499,"href":"https:\/\/sanluisinforma.com\/index.php?rest_route=\/wp\/v2\/posts\/9497\/revisions\/9499"}],"wp:featuredmedia":[{"embeddable":true,"href":"https:\/\/sanluisinforma.com\/index.php?rest_route=\/wp\/v2\/media\/9498"}],"wp:attachment":[{"href":"https:\/\/sanluisinforma.com\/index.php?rest_route=%2Fwp%2Fv2%2Fmedia&parent=9497"}],"wp:term":[{"taxonomy":"category","embeddable":true,"href":"https:\/\/sanluisinforma.com\/index.php?rest_route=%2Fwp%2Fv2%2Fcategories&post=9497"},{"taxonomy":"post_tag","embeddable":true,"href":"https:\/\/sanluisinforma.com\/index.php?rest_route=%2Fwp%2Fv2%2Ftags&post=9497"}],"curies":[{"name":"wp","href":"https:\/\/api.w.org\/{rel}","templated":true}]}}