{"id":9500,"date":"2025-01-02T00:46:00","date_gmt":"2025-01-02T06:46:00","guid":{"rendered":"https:\/\/sanluisinforma.com\/?p=9500"},"modified":"2025-01-01T19:49:09","modified_gmt":"2025-01-02T01:49:09","slug":"personas-en-situacion-de-calle-tendran-celebracion-de-fin-de-ano-en-el-albergue-del-dif-municipal-de-slp","status":"publish","type":"post","link":"https:\/\/sanluisinforma.com\/?p=9500","title":{"rendered":"Personas en situaci\u00f3n de calle tendr\u00e1n celebraci\u00f3n de fin de a\u00f1o, en el Albergue del DIF Municipal de SLP"},"content":{"rendered":"\n<p>El Albergue del DIF Municipal de San Luis Potos\u00ed, ubicado en Salvador Nava con Coronel Romero, brinda atenci\u00f3n en el \u00faltimo d\u00eda del a\u00f1o.<\/p>\n\n\n\n<p>San Luis Potos\u00ed, SLP.- El Albergue del DIF Municipal de San Luis Potos\u00ed mantiene su compromiso con las personas en situaci\u00f3n de vulnerabilidad, ofreciendo atenci\u00f3n desde el 02 de diciembre&nbsp; de 2024 y hasta el 01 de febrero de 2025, incluso en este \u00faltimo d\u00eda del a\u00f1o. En esta jornada de cierre de a\u00f1o, el albergue contin\u00faa brindando un espacio seguro y servicios b\u00e1sicos a alrededor de 25 personas diariamente que, por diversas razones, requieren el servicio.<\/p>\n\n\n\n<p>El albergue ofrece servicios como alimentaci\u00f3n, ropa, alojamiento, atenci\u00f3n m\u00e9dica b\u00e1sica y orientaci\u00f3n para la reinserci\u00f3n social, con el objetivo de proporcionar un entorno digno y protector, a quienes m\u00e1s lo necesitan. Durante las festividades decembrinas, el personal del DIF Municipal redobla esfuerzos para garantizar que los usuarios del albergue cuenten con un lugar seguro donde pasar las festividades, con especial \u00e9nfasis en el bienestar f\u00edsico y emocional de cada persona.<\/p>\n\n\n\n<p>La Presidenta del DIF Municipal, Mtra. Estela Arriaga M\u00e1rquez, expres\u00f3 su reconocimiento al equipo de trabajo por su dedicaci\u00f3n constante, destacando que \u201ccuando se trata de apoyar a quienes m\u00e1s lo requieren no hay vacaciones, y hoy m\u00e1s que nunca estamos comprometidos con brindar esperanza y ayuda a aquellos que atraviesan situaciones dif\u00edciles\u201d.<\/p>\n\n\n\n<p>Este d\u00eda \u00faltimo, gracias a las donaciones de buenos corazones, los usuarios disfrutaron de una cena deliciosa se pollo en mole, papas con chorizo, salchichas a la mexicana, frijoles refritos, sopa fr\u00eda y ponches.<\/p>\n\n\n\n<p>El albergue seguir\u00e1 operando con normalidad durante la temporada de invierno, una de las m\u00e1s cr\u00edticas del a\u00f1o, y continuar\u00e1 con su labor humanitaria en el 2025. Asimismo, se invita a la ciudadan\u00eda a colaborar con donativos o apoyo a la causa del DIF Municipal, reforzando as\u00ed el trabajo en conjunto por una sociedad m\u00e1s solidaria y justa y para construir un San Luis Amable.<\/p>\n","protected":false},"excerpt":{"rendered":"<p>El Albergue del DIF Municipal de San Luis Potos\u00ed, ubicado en Salvador Nava con Coronel Romero, brinda atenci\u00f3n en el<\/p>\n","protected":false},"author":2,"featured_media":9501,"comment_status":"closed","ping_status":"closed","sticky":false,"template":"","format":"standard","meta":{"footnotes":""},"categories":[25,30],"tags":[],"class_list":["post-9500","post","type-post","status-publish","format-standard","has-post-thumbnail","hentry","category-local","category-portada"],"yoast_head":"<!-- This site is optimized with the Yoast SEO plugin v24.1 - https:\/\/yoast.com\/wordpress\/plugins\/seo\/ -->\n<title>Personas en situaci\u00f3n de calle tendr\u00e1n celebraci\u00f3n de fin de a\u00f1o, en el Albergue del DIF Municipal de SLP - sanluisinforma.com<\/title>\n<meta name=\"robots\" content=\"index, follow, max-snippet:-1, max-image-preview:large, max-video-preview:-1\" \/>\n<link rel=\"canonical\" href=\"https:\/\/sanluisinforma.com\/?p=9500\" \/>\n<meta property=\"og:locale\" content=\"es_MX\" \/>\n<meta property=\"og:type\" content=\"article\" \/>\n<meta property=\"og:title\" content=\"Personas en situaci\u00f3n de calle tendr\u00e1n celebraci\u00f3n de fin de a\u00f1o, en el Albergue del DIF Municipal de SLP - sanluisinforma.com\" \/>\n<meta property=\"og:description\" content=\"El Albergue del DIF Municipal de San Luis Potos\u00ed, ubicado en Salvador Nava con Coronel Romero, brinda atenci\u00f3n en el\" \/>\n<meta property=\"og:url\" content=\"https:\/\/sanluisinforma.com\/?p=9500\" \/>\n<meta property=\"og:site_name\" content=\"sanluisinforma.com\" \/>\n<meta property=\"article:published_time\" content=\"2025-01-02T06:46:00+00:00\" \/>\n<meta property=\"article:modified_time\" content=\"2025-01-02T01:49:09+00:00\" \/>\n<meta property=\"og:image\" content=\"https:\/\/sanluisinforma.com\/wp-content\/uploads\/2025\/01\/ad779eb6-7c8d-47fb-b89a-94ecb091e61a.jpg\" \/>\n\t<meta property=\"og:image:width\" content=\"480\" \/>\n\t<meta property=\"og:image:height\" content=\"360\" \/>\n\t<meta property=\"og:image:type\" content=\"image\/jpeg\" \/>\n<meta name=\"author\" content=\"sanluisinforma.com\" \/>\n<meta name=\"twitter:card\" content=\"summary_large_image\" \/>\n<meta name=\"twitter:label1\" content=\"Escrito por\" \/>\n\t<meta name=\"twitter:data1\" content=\"sanluisinforma.com\" \/>\n\t<meta name=\"twitter:label2\" content=\"Tiempo de lectura\" \/>\n\t<meta name=\"twitter:data2\" content=\"2 minutos\" \/>\n<script type=\"application\/ld+json\" class=\"yoast-schema-graph\">{\"@context\":\"https:\/\/schema.org\",\"@graph\":[{\"@type\":\"Article\",\"@id\":\"https:\/\/sanluisinforma.com\/?p=9500#article\",\"isPartOf\":{\"@id\":\"https:\/\/sanluisinforma.com\/?p=9500\"},\"author\":{\"name\":\"sanluisinforma.com\",\"@id\":\"https:\/\/sanluisinforma.com\/#\/schema\/person\/c30648f71476be533b6f59d092905c8b\"},\"headline\":\"Personas en situaci\u00f3n de calle tendr\u00e1n celebraci\u00f3n de fin de a\u00f1o, en el Albergue del DIF Municipal de SLP\",\"datePublished\":\"2025-01-02T06:46:00+00:00\",\"dateModified\":\"2025-01-02T01:49:09+00:00\",\"mainEntityOfPage\":{\"@id\":\"https:\/\/sanluisinforma.com\/?p=9500\"},\"wordCount\":373,\"publisher\":{\"@id\":\"https:\/\/sanluisinforma.com\/#organization\"},\"image\":{\"@id\":\"https:\/\/sanluisinforma.com\/?p=9500#primaryimage\"},\"thumbnailUrl\":\"https:\/\/sanluisinforma.com\/wp-content\/uploads\/2025\/01\/ad779eb6-7c8d-47fb-b89a-94ecb091e61a.jpg\",\"articleSection\":[\"Local\",\"Portada\"],\"inLanguage\":\"es\"},{\"@type\":\"WebPage\",\"@id\":\"https:\/\/sanluisinforma.com\/?p=9500\",\"url\":\"https:\/\/sanluisinforma.com\/?p=9500\",\"name\":\"Personas en situaci\u00f3n de calle tendr\u00e1n celebraci\u00f3n de fin de a\u00f1o, en el Albergue del DIF Municipal de SLP - sanluisinforma.com\",\"isPartOf\":{\"@id\":\"https:\/\/sanluisinforma.com\/#website\"},\"primaryImageOfPage\":{\"@id\":\"https:\/\/sanluisinforma.com\/?p=9500#primaryimage\"},\"image\":{\"@id\":\"https:\/\/sanluisinforma.com\/?p=9500#primaryimage\"},\"thumbnailUrl\":\"https:\/\/sanluisinforma.com\/wp-content\/uploads\/2025\/01\/ad779eb6-7c8d-47fb-b89a-94ecb091e61a.jpg\",\"datePublished\":\"2025-01-02T06:46:00+00:00\",\"dateModified\":\"2025-01-02T01:49:09+00:00\",\"breadcrumb\":{\"@id\":\"https:\/\/sanluisinforma.com\/?p=9500#breadcrumb\"},\"inLanguage\":\"es\",\"potentialAction\":[{\"@type\":\"ReadAction\",\"target\":[\"https:\/\/sanluisinforma.com\/?p=9500\"]}]},{\"@type\":\"ImageObject\",\"inLanguage\":\"es\",\"@id\":\"https:\/\/sanluisinforma.com\/?p=9500#primaryimage\",\"url\":\"https:\/\/sanluisinforma.com\/wp-content\/uploads\/2025\/01\/ad779eb6-7c8d-47fb-b89a-94ecb091e61a.jpg\",\"contentUrl\":\"https:\/\/sanluisinforma.com\/wp-content\/uploads\/2025\/01\/ad779eb6-7c8d-47fb-b89a-94ecb091e61a.jpg\",\"width\":480,\"height\":360},{\"@type\":\"BreadcrumbList\",\"@id\":\"https:\/\/sanluisinforma.com\/?p=9500#breadcrumb\",\"itemListElement\":[{\"@type\":\"ListItem\",\"position\":1,\"name\":\"Inicio\",\"item\":\"https:\/\/sanluisinforma.com\/\"},{\"@type\":\"ListItem\",\"position\":2,\"name\":\"Personas en situaci\u00f3n de calle tendr\u00e1n celebraci\u00f3n de fin de a\u00f1o, en el Albergue del DIF Municipal de SLP\"}]},{\"@type\":\"WebSite\",\"@id\":\"https:\/\/sanluisinforma.com\/#website\",\"url\":\"https:\/\/sanluisinforma.com\/\",\"name\":\"sanluisinforma.com\",\"description\":\"Periodico San Luis Informa\",\"publisher\":{\"@id\":\"https:\/\/sanluisinforma.com\/#organization\"},\"potentialAction\":[{\"@type\":\"SearchAction\",\"target\":{\"@type\":\"EntryPoint\",\"urlTemplate\":\"https:\/\/sanluisinforma.com\/?s={search_term_string}\"},\"query-input\":{\"@type\":\"PropertyValueSpecification\",\"valueRequired\":true,\"valueName\":\"search_term_string\"}}],\"inLanguage\":\"es\"},{\"@type\":\"Organization\",\"@id\":\"https:\/\/sanluisinforma.com\/#organization\",\"name\":\"sanluisinforma.com\",\"url\":\"https:\/\/sanluisinforma.com\/\",\"logo\":{\"@type\":\"ImageObject\",\"inLanguage\":\"es\",\"@id\":\"https:\/\/sanluisinforma.com\/#\/schema\/logo\/image\/\",\"url\":\"https:\/\/sanluisinforma.com\/wp-content\/uploads\/2026\/03\/sanluisinforma-V.jpg\",\"contentUrl\":\"https:\/\/sanluisinforma.com\/wp-content\/uploads\/2026\/03\/sanluisinforma-V.jpg\",\"width\":500,\"height\":156,\"caption\":\"sanluisinforma.com\"},\"image\":{\"@id\":\"https:\/\/sanluisinforma.com\/#\/schema\/logo\/image\/\"}},{\"@type\":\"Person\",\"@id\":\"https:\/\/sanluisinforma.com\/#\/schema\/person\/c30648f71476be533b6f59d092905c8b\",\"name\":\"sanluisinforma.com\",\"image\":{\"@type\":\"ImageObject\",\"inLanguage\":\"es\",\"@id\":\"https:\/\/sanluisinforma.com\/#\/schema\/person\/image\/\",\"url\":\"https:\/\/secure.gravatar.com\/avatar\/86e3114e34a1eecefb963e0a02f0093f93b092dddb2fe1517596343751081a87?s=96&d=mm&r=g\",\"contentUrl\":\"https:\/\/secure.gravatar.com\/avatar\/86e3114e34a1eecefb963e0a02f0093f93b092dddb2fe1517596343751081a87?s=96&d=mm&r=g\",\"caption\":\"sanluisinforma.com\"},\"url\":\"https:\/\/sanluisinforma.com\/?author=2\"}]}<\/script>\n<!-- \/ Yoast SEO plugin. -->","yoast_head_json":{"title":"Personas en situaci\u00f3n de calle tendr\u00e1n celebraci\u00f3n de fin de a\u00f1o, en el Albergue del DIF Municipal de SLP - sanluisinforma.com","robots":{"index":"index","follow":"follow","max-snippet":"max-snippet:-1","max-image-preview":"max-image-preview:large","max-video-preview":"max-video-preview:-1"},"canonical":"https:\/\/sanluisinforma.com\/?p=9500","og_locale":"es_MX","og_type":"article","og_title":"Personas en situaci\u00f3n de calle tendr\u00e1n celebraci\u00f3n de fin de a\u00f1o, en el Albergue del DIF Municipal de SLP - sanluisinforma.com","og_description":"El Albergue del DIF Municipal de San Luis Potos\u00ed, ubicado en Salvador Nava con Coronel Romero, brinda atenci\u00f3n en el","og_url":"https:\/\/sanluisinforma.com\/?p=9500","og_site_name":"sanluisinforma.com","article_published_time":"2025-01-02T06:46:00+00:00","article_modified_time":"2025-01-02T01:49:09+00:00","og_image":[{"width":480,"height":360,"url":"https:\/\/sanluisinforma.com\/wp-content\/uploads\/2025\/01\/ad779eb6-7c8d-47fb-b89a-94ecb091e61a.jpg","type":"image\/jpeg"}],"author":"sanluisinforma.com","twitter_card":"summary_large_image","twitter_misc":{"Escrito por":"sanluisinforma.com","Tiempo de lectura":"2 minutos"},"schema":{"@context":"https:\/\/schema.org","@graph":[{"@type":"Article","@id":"https:\/\/sanluisinforma.com\/?p=9500#article","isPartOf":{"@id":"https:\/\/sanluisinforma.com\/?p=9500"},"author":{"name":"sanluisinforma.com","@id":"https:\/\/sanluisinforma.com\/#\/schema\/person\/c30648f71476be533b6f59d092905c8b"},"headline":"Personas en situaci\u00f3n de calle tendr\u00e1n celebraci\u00f3n de fin de a\u00f1o, en el Albergue del DIF Municipal de SLP","datePublished":"2025-01-02T06:46:00+00:00","dateModified":"2025-01-02T01:49:09+00:00","mainEntityOfPage":{"@id":"https:\/\/sanluisinforma.com\/?p=9500"},"wordCount":373,"publisher":{"@id":"https:\/\/sanluisinforma.com\/#organization"},"image":{"@id":"https:\/\/sanluisinforma.com\/?p=9500#primaryimage"},"thumbnailUrl":"https:\/\/sanluisinforma.com\/wp-content\/uploads\/2025\/01\/ad779eb6-7c8d-47fb-b89a-94ecb091e61a.jpg","articleSection":["Local","Portada"],"inLanguage":"es"},{"@type":"WebPage","@id":"https:\/\/sanluisinforma.com\/?p=9500","url":"https:\/\/sanluisinforma.com\/?p=9500","name":"Personas en situaci\u00f3n de calle tendr\u00e1n celebraci\u00f3n de fin de a\u00f1o, en el Albergue del DIF Municipal de SLP - sanluisinforma.com","isPartOf":{"@id":"https:\/\/sanluisinforma.com\/#website"},"primaryImageOfPage":{"@id":"https:\/\/sanluisinforma.com\/?p=9500#primaryimage"},"image":{"@id":"https:\/\/sanluisinforma.com\/?p=9500#primaryimage"},"thumbnailUrl":"https:\/\/sanluisinforma.com\/wp-content\/uploads\/2025\/01\/ad779eb6-7c8d-47fb-b89a-94ecb091e61a.jpg","datePublished":"2025-01-02T06:46:00+00:00","dateModified":"2025-01-02T01:49:09+00:00","breadcrumb":{"@id":"https:\/\/sanluisinforma.com\/?p=9500#breadcrumb"},"inLanguage":"es","potentialAction":[{"@type":"ReadAction","target":["https:\/\/sanluisinforma.com\/?p=9500"]}]},{"@type":"ImageObject","inLanguage":"es","@id":"https:\/\/sanluisinforma.com\/?p=9500#primaryimage","url":"https:\/\/sanluisinforma.com\/wp-content\/uploads\/2025\/01\/ad779eb6-7c8d-47fb-b89a-94ecb091e61a.jpg","contentUrl":"https:\/\/sanluisinforma.com\/wp-content\/uploads\/2025\/01\/ad779eb6-7c8d-47fb-b89a-94ecb091e61a.jpg","width":480,"height":360},{"@type":"BreadcrumbList","@id":"https:\/\/sanluisinforma.com\/?p=9500#breadcrumb","itemListElement":[{"@type":"ListItem","position":1,"name":"Inicio","item":"https:\/\/sanluisinforma.com\/"},{"@type":"ListItem","position":2,"name":"Personas en situaci\u00f3n de calle tendr\u00e1n celebraci\u00f3n de fin de a\u00f1o, en el Albergue del DIF Municipal de SLP"}]},{"@type":"WebSite","@id":"https:\/\/sanluisinforma.com\/#website","url":"https:\/\/sanluisinforma.com\/","name":"sanluisinforma.com","description":"Periodico San Luis Informa","publisher":{"@id":"https:\/\/sanluisinforma.com\/#organization"},"potentialAction":[{"@type":"SearchAction","target":{"@type":"EntryPoint","urlTemplate":"https:\/\/sanluisinforma.com\/?s={search_term_string}"},"query-input":{"@type":"PropertyValueSpecification","valueRequired":true,"valueName":"search_term_string"}}],"inLanguage":"es"},{"@type":"Organization","@id":"https:\/\/sanluisinforma.com\/#organization","name":"sanluisinforma.com","url":"https:\/\/sanluisinforma.com\/","logo":{"@type":"ImageObject","inLanguage":"es","@id":"https:\/\/sanluisinforma.com\/#\/schema\/logo\/image\/","url":"https:\/\/sanluisinforma.com\/wp-content\/uploads\/2026\/03\/sanluisinforma-V.jpg","contentUrl":"https:\/\/sanluisinforma.com\/wp-content\/uploads\/2026\/03\/sanluisinforma-V.jpg","width":500,"height":156,"caption":"sanluisinforma.com"},"image":{"@id":"https:\/\/sanluisinforma.com\/#\/schema\/logo\/image\/"}},{"@type":"Person","@id":"https:\/\/sanluisinforma.com\/#\/schema\/person\/c30648f71476be533b6f59d092905c8b","name":"sanluisinforma.com","image":{"@type":"ImageObject","inLanguage":"es","@id":"https:\/\/sanluisinforma.com\/#\/schema\/person\/image\/","url":"https:\/\/secure.gravatar.com\/avatar\/86e3114e34a1eecefb963e0a02f0093f93b092dddb2fe1517596343751081a87?s=96&d=mm&r=g","contentUrl":"https:\/\/secure.gravatar.com\/avatar\/86e3114e34a1eecefb963e0a02f0093f93b092dddb2fe1517596343751081a87?s=96&d=mm&r=g","caption":"sanluisinforma.com"},"url":"https:\/\/sanluisinforma.com\/?author=2"}]}},"_links":{"self":[{"href":"https:\/\/sanluisinforma.com\/index.php?rest_route=\/wp\/v2\/posts\/9500","targetHints":{"allow":["GET"]}}],"collection":[{"href":"https:\/\/sanluisinforma.com\/index.php?rest_route=\/wp\/v2\/posts"}],"about":[{"href":"https:\/\/sanluisinforma.com\/index.php?rest_route=\/wp\/v2\/types\/post"}],"author":[{"embeddable":true,"href":"https:\/\/sanluisinforma.com\/index.php?rest_route=\/wp\/v2\/users\/2"}],"replies":[{"embeddable":true,"href":"https:\/\/sanluisinforma.com\/index.php?rest_route=%2Fwp%2Fv2%2Fcomments&post=9500"}],"version-history":[{"count":1,"href":"https:\/\/sanluisinforma.com\/index.php?rest_route=\/wp\/v2\/posts\/9500\/revisions"}],"predecessor-version":[{"id":9502,"href":"https:\/\/sanluisinforma.com\/index.php?rest_route=\/wp\/v2\/posts\/9500\/revisions\/9502"}],"wp:featuredmedia":[{"embeddable":true,"href":"https:\/\/sanluisinforma.com\/index.php?rest_route=\/wp\/v2\/media\/9501"}],"wp:attachment":[{"href":"https:\/\/sanluisinforma.com\/index.php?rest_route=%2Fwp%2Fv2%2Fmedia&parent=9500"}],"wp:term":[{"taxonomy":"category","embeddable":true,"href":"https:\/\/sanluisinforma.com\/index.php?rest_route=%2Fwp%2Fv2%2Fcategories&post=9500"},{"taxonomy":"post_tag","embeddable":true,"href":"https:\/\/sanluisinforma.com\/index.php?rest_route=%2Fwp%2Fv2%2Ftags&post=9500"}],"curies":[{"name":"wp","href":"https:\/\/api.w.org\/{rel}","templated":true}]}}