{"id":9516,"date":"2025-01-03T00:58:00","date_gmt":"2025-01-03T06:58:00","guid":{"rendered":"https:\/\/sanluisinforma.com\/?p=9516"},"modified":"2025-01-02T22:58:34","modified_gmt":"2025-01-03T04:58:34","slug":"respaldara-claudia-sheinbaum-a-slp-con-mas-apoyo-en-infraestructura","status":"publish","type":"post","link":"https:\/\/sanluisinforma.com\/?p=9516","title":{"rendered":"Respaldar\u00e1 Claudia Sheinbaum a SLP con m\u00e1s apoyo en Infraestructura"},"content":{"rendered":"\n<p><\/p>\n\n\n\n<p>La carretera Valles-Tampico y la ampliaci\u00f3n de la terminal ferroviaria forman parte de su plan de trabajo<\/p>\n\n\n\n<p>El Gobernador Ricardo Gallardo Cardona anunci\u00f3 que este 2025 San Luis Potos\u00ed ser\u00e1 fortalecido con los proyectos de infraestructura que respaldar\u00e1 el Gobierno Federal que encabeza Claudia Sheinbaum, que contempla el proyecto carretero Valles-Tampico y la ampliaci\u00f3n de la terminal ferroviaria potosina que formar\u00e1 parte del proyecto del tren de pasajeros M\u00e9xico-Laredo.<\/p>\n\n\n\n<p>El Mandatario Estatal destac\u00f3 la excelente relaci\u00f3n que existe con la Presidenta de M\u00e9xico y la positiva respuesta del Gobierno Federal, que permitir\u00e1 acercar m\u00e1s apoyo a las y los potosinos, para impulsar proyectos para potenciar el crecimiento econ\u00f3mico de la entidad siendo el tramo carretero una pieza fundamental en el desarrollo regional y nacional al tratarse de una de las zonas estrat\u00e9gicas del pa\u00eds.<\/p>\n\n\n\n<p>Detall\u00f3 que, en lo que respecta al tren de pasajeros, se busca que el Museo del Ferrocarril funja como estaci\u00f3n, lo que llevar\u00eda a ampliar la misma para habilitar la estaci\u00f3n 14 y Matehuala impulsando la actividad tur\u00edstica del Altiplano.<\/p>\n\n\n\n<p>Gallardo Cardona tambi\u00e9n adelant\u00f3 que dentro del plan de fortalecimiento de la infraestructura vienen incluidos proyectos como el segundo piso de la carretera 57 y el nuevo anillo perif\u00e9rico, contemplado este \u00faltimo para el 2026.<\/p>\n","protected":false},"excerpt":{"rendered":"<p>La carretera Valles-Tampico y la ampliaci\u00f3n de la terminal ferroviaria forman parte de su plan de trabajo El Gobernador Ricardo<\/p>\n","protected":false},"author":2,"featured_media":9517,"comment_status":"closed","ping_status":"closed","sticky":false,"template":"","format":"standard","meta":{"footnotes":""},"categories":[25,30],"tags":[],"class_list":["post-9516","post","type-post","status-publish","format-standard","has-post-thumbnail","hentry","category-local","category-portada"],"yoast_head":"<!-- This site is optimized with the Yoast SEO plugin v24.1 - https:\/\/yoast.com\/wordpress\/plugins\/seo\/ -->\n<title>Respaldar\u00e1 Claudia Sheinbaum a SLP con m\u00e1s apoyo en Infraestructura - sanluisinforma.com<\/title>\n<meta name=\"robots\" content=\"index, follow, max-snippet:-1, max-image-preview:large, max-video-preview:-1\" \/>\n<link rel=\"canonical\" href=\"https:\/\/sanluisinforma.com\/?p=9516\" \/>\n<meta property=\"og:locale\" content=\"es_MX\" \/>\n<meta property=\"og:type\" content=\"article\" \/>\n<meta property=\"og:title\" content=\"Respaldar\u00e1 Claudia Sheinbaum a SLP con m\u00e1s apoyo en Infraestructura - sanluisinforma.com\" \/>\n<meta property=\"og:description\" content=\"La carretera Valles-Tampico y la ampliaci\u00f3n de la terminal ferroviaria forman parte de su plan de trabajo El Gobernador Ricardo\" \/>\n<meta property=\"og:url\" content=\"https:\/\/sanluisinforma.com\/?p=9516\" \/>\n<meta property=\"og:site_name\" content=\"sanluisinforma.com\" \/>\n<meta property=\"article:published_time\" content=\"2025-01-03T06:58:00+00:00\" \/>\n<meta property=\"article:modified_time\" content=\"2025-01-03T04:58:34+00:00\" \/>\n<meta property=\"og:image\" content=\"https:\/\/sanluisinforma.com\/wp-content\/uploads\/2025\/01\/20602e6b-8165-4fa9-b3be-89351f169a69.jpg\" \/>\n\t<meta property=\"og:image:width\" content=\"480\" \/>\n\t<meta property=\"og:image:height\" content=\"319\" \/>\n\t<meta property=\"og:image:type\" content=\"image\/jpeg\" \/>\n<meta name=\"author\" content=\"sanluisinforma.com\" \/>\n<meta name=\"twitter:card\" content=\"summary_large_image\" \/>\n<meta name=\"twitter:label1\" content=\"Escrito por\" \/>\n\t<meta name=\"twitter:data1\" content=\"sanluisinforma.com\" \/>\n\t<meta name=\"twitter:label2\" content=\"Tiempo de lectura\" \/>\n\t<meta name=\"twitter:data2\" content=\"2 minutos\" \/>\n<script type=\"application\/ld+json\" class=\"yoast-schema-graph\">{\"@context\":\"https:\/\/schema.org\",\"@graph\":[{\"@type\":\"Article\",\"@id\":\"https:\/\/sanluisinforma.com\/?p=9516#article\",\"isPartOf\":{\"@id\":\"https:\/\/sanluisinforma.com\/?p=9516\"},\"author\":{\"name\":\"sanluisinforma.com\",\"@id\":\"https:\/\/sanluisinforma.com\/#\/schema\/person\/c30648f71476be533b6f59d092905c8b\"},\"headline\":\"Respaldar\u00e1 Claudia Sheinbaum a SLP con m\u00e1s apoyo en Infraestructura\",\"datePublished\":\"2025-01-03T06:58:00+00:00\",\"dateModified\":\"2025-01-03T04:58:34+00:00\",\"mainEntityOfPage\":{\"@id\":\"https:\/\/sanluisinforma.com\/?p=9516\"},\"wordCount\":231,\"publisher\":{\"@id\":\"https:\/\/sanluisinforma.com\/#organization\"},\"image\":{\"@id\":\"https:\/\/sanluisinforma.com\/?p=9516#primaryimage\"},\"thumbnailUrl\":\"https:\/\/sanluisinforma.com\/wp-content\/uploads\/2025\/01\/20602e6b-8165-4fa9-b3be-89351f169a69.jpg\",\"articleSection\":[\"Local\",\"Portada\"],\"inLanguage\":\"es\"},{\"@type\":\"WebPage\",\"@id\":\"https:\/\/sanluisinforma.com\/?p=9516\",\"url\":\"https:\/\/sanluisinforma.com\/?p=9516\",\"name\":\"Respaldar\u00e1 Claudia Sheinbaum a SLP con m\u00e1s apoyo en Infraestructura - sanluisinforma.com\",\"isPartOf\":{\"@id\":\"https:\/\/sanluisinforma.com\/#website\"},\"primaryImageOfPage\":{\"@id\":\"https:\/\/sanluisinforma.com\/?p=9516#primaryimage\"},\"image\":{\"@id\":\"https:\/\/sanluisinforma.com\/?p=9516#primaryimage\"},\"thumbnailUrl\":\"https:\/\/sanluisinforma.com\/wp-content\/uploads\/2025\/01\/20602e6b-8165-4fa9-b3be-89351f169a69.jpg\",\"datePublished\":\"2025-01-03T06:58:00+00:00\",\"dateModified\":\"2025-01-03T04:58:34+00:00\",\"breadcrumb\":{\"@id\":\"https:\/\/sanluisinforma.com\/?p=9516#breadcrumb\"},\"inLanguage\":\"es\",\"potentialAction\":[{\"@type\":\"ReadAction\",\"target\":[\"https:\/\/sanluisinforma.com\/?p=9516\"]}]},{\"@type\":\"ImageObject\",\"inLanguage\":\"es\",\"@id\":\"https:\/\/sanluisinforma.com\/?p=9516#primaryimage\",\"url\":\"https:\/\/sanluisinforma.com\/wp-content\/uploads\/2025\/01\/20602e6b-8165-4fa9-b3be-89351f169a69.jpg\",\"contentUrl\":\"https:\/\/sanluisinforma.com\/wp-content\/uploads\/2025\/01\/20602e6b-8165-4fa9-b3be-89351f169a69.jpg\",\"width\":480,\"height\":319},{\"@type\":\"BreadcrumbList\",\"@id\":\"https:\/\/sanluisinforma.com\/?p=9516#breadcrumb\",\"itemListElement\":[{\"@type\":\"ListItem\",\"position\":1,\"name\":\"Inicio\",\"item\":\"https:\/\/sanluisinforma.com\/\"},{\"@type\":\"ListItem\",\"position\":2,\"name\":\"Respaldar\u00e1 Claudia Sheinbaum a SLP con m\u00e1s apoyo en Infraestructura\"}]},{\"@type\":\"WebSite\",\"@id\":\"https:\/\/sanluisinforma.com\/#website\",\"url\":\"https:\/\/sanluisinforma.com\/\",\"name\":\"sanluisinforma.com\",\"description\":\"Periodico San Luis Informa\",\"publisher\":{\"@id\":\"https:\/\/sanluisinforma.com\/#organization\"},\"potentialAction\":[{\"@type\":\"SearchAction\",\"target\":{\"@type\":\"EntryPoint\",\"urlTemplate\":\"https:\/\/sanluisinforma.com\/?s={search_term_string}\"},\"query-input\":{\"@type\":\"PropertyValueSpecification\",\"valueRequired\":true,\"valueName\":\"search_term_string\"}}],\"inLanguage\":\"es\"},{\"@type\":\"Organization\",\"@id\":\"https:\/\/sanluisinforma.com\/#organization\",\"name\":\"sanluisinforma.com\",\"url\":\"https:\/\/sanluisinforma.com\/\",\"logo\":{\"@type\":\"ImageObject\",\"inLanguage\":\"es\",\"@id\":\"https:\/\/sanluisinforma.com\/#\/schema\/logo\/image\/\",\"url\":\"https:\/\/sanluisinforma.com\/wp-content\/uploads\/2026\/03\/sanluisinforma-V.jpg\",\"contentUrl\":\"https:\/\/sanluisinforma.com\/wp-content\/uploads\/2026\/03\/sanluisinforma-V.jpg\",\"width\":500,\"height\":156,\"caption\":\"sanluisinforma.com\"},\"image\":{\"@id\":\"https:\/\/sanluisinforma.com\/#\/schema\/logo\/image\/\"}},{\"@type\":\"Person\",\"@id\":\"https:\/\/sanluisinforma.com\/#\/schema\/person\/c30648f71476be533b6f59d092905c8b\",\"name\":\"sanluisinforma.com\",\"image\":{\"@type\":\"ImageObject\",\"inLanguage\":\"es\",\"@id\":\"https:\/\/sanluisinforma.com\/#\/schema\/person\/image\/\",\"url\":\"https:\/\/secure.gravatar.com\/avatar\/86e3114e34a1eecefb963e0a02f0093f93b092dddb2fe1517596343751081a87?s=96&d=mm&r=g\",\"contentUrl\":\"https:\/\/secure.gravatar.com\/avatar\/86e3114e34a1eecefb963e0a02f0093f93b092dddb2fe1517596343751081a87?s=96&d=mm&r=g\",\"caption\":\"sanluisinforma.com\"},\"url\":\"https:\/\/sanluisinforma.com\/?author=2\"}]}<\/script>\n<!-- \/ Yoast SEO plugin. -->","yoast_head_json":{"title":"Respaldar\u00e1 Claudia Sheinbaum a SLP con m\u00e1s apoyo en Infraestructura - sanluisinforma.com","robots":{"index":"index","follow":"follow","max-snippet":"max-snippet:-1","max-image-preview":"max-image-preview:large","max-video-preview":"max-video-preview:-1"},"canonical":"https:\/\/sanluisinforma.com\/?p=9516","og_locale":"es_MX","og_type":"article","og_title":"Respaldar\u00e1 Claudia Sheinbaum a SLP con m\u00e1s apoyo en Infraestructura - sanluisinforma.com","og_description":"La carretera Valles-Tampico y la ampliaci\u00f3n de la terminal ferroviaria forman parte de su plan de trabajo El Gobernador Ricardo","og_url":"https:\/\/sanluisinforma.com\/?p=9516","og_site_name":"sanluisinforma.com","article_published_time":"2025-01-03T06:58:00+00:00","article_modified_time":"2025-01-03T04:58:34+00:00","og_image":[{"width":480,"height":319,"url":"https:\/\/sanluisinforma.com\/wp-content\/uploads\/2025\/01\/20602e6b-8165-4fa9-b3be-89351f169a69.jpg","type":"image\/jpeg"}],"author":"sanluisinforma.com","twitter_card":"summary_large_image","twitter_misc":{"Escrito por":"sanluisinforma.com","Tiempo de lectura":"2 minutos"},"schema":{"@context":"https:\/\/schema.org","@graph":[{"@type":"Article","@id":"https:\/\/sanluisinforma.com\/?p=9516#article","isPartOf":{"@id":"https:\/\/sanluisinforma.com\/?p=9516"},"author":{"name":"sanluisinforma.com","@id":"https:\/\/sanluisinforma.com\/#\/schema\/person\/c30648f71476be533b6f59d092905c8b"},"headline":"Respaldar\u00e1 Claudia Sheinbaum a SLP con m\u00e1s apoyo en Infraestructura","datePublished":"2025-01-03T06:58:00+00:00","dateModified":"2025-01-03T04:58:34+00:00","mainEntityOfPage":{"@id":"https:\/\/sanluisinforma.com\/?p=9516"},"wordCount":231,"publisher":{"@id":"https:\/\/sanluisinforma.com\/#organization"},"image":{"@id":"https:\/\/sanluisinforma.com\/?p=9516#primaryimage"},"thumbnailUrl":"https:\/\/sanluisinforma.com\/wp-content\/uploads\/2025\/01\/20602e6b-8165-4fa9-b3be-89351f169a69.jpg","articleSection":["Local","Portada"],"inLanguage":"es"},{"@type":"WebPage","@id":"https:\/\/sanluisinforma.com\/?p=9516","url":"https:\/\/sanluisinforma.com\/?p=9516","name":"Respaldar\u00e1 Claudia Sheinbaum a SLP con m\u00e1s apoyo en Infraestructura - sanluisinforma.com","isPartOf":{"@id":"https:\/\/sanluisinforma.com\/#website"},"primaryImageOfPage":{"@id":"https:\/\/sanluisinforma.com\/?p=9516#primaryimage"},"image":{"@id":"https:\/\/sanluisinforma.com\/?p=9516#primaryimage"},"thumbnailUrl":"https:\/\/sanluisinforma.com\/wp-content\/uploads\/2025\/01\/20602e6b-8165-4fa9-b3be-89351f169a69.jpg","datePublished":"2025-01-03T06:58:00+00:00","dateModified":"2025-01-03T04:58:34+00:00","breadcrumb":{"@id":"https:\/\/sanluisinforma.com\/?p=9516#breadcrumb"},"inLanguage":"es","potentialAction":[{"@type":"ReadAction","target":["https:\/\/sanluisinforma.com\/?p=9516"]}]},{"@type":"ImageObject","inLanguage":"es","@id":"https:\/\/sanluisinforma.com\/?p=9516#primaryimage","url":"https:\/\/sanluisinforma.com\/wp-content\/uploads\/2025\/01\/20602e6b-8165-4fa9-b3be-89351f169a69.jpg","contentUrl":"https:\/\/sanluisinforma.com\/wp-content\/uploads\/2025\/01\/20602e6b-8165-4fa9-b3be-89351f169a69.jpg","width":480,"height":319},{"@type":"BreadcrumbList","@id":"https:\/\/sanluisinforma.com\/?p=9516#breadcrumb","itemListElement":[{"@type":"ListItem","position":1,"name":"Inicio","item":"https:\/\/sanluisinforma.com\/"},{"@type":"ListItem","position":2,"name":"Respaldar\u00e1 Claudia Sheinbaum a SLP con m\u00e1s apoyo en Infraestructura"}]},{"@type":"WebSite","@id":"https:\/\/sanluisinforma.com\/#website","url":"https:\/\/sanluisinforma.com\/","name":"sanluisinforma.com","description":"Periodico San Luis Informa","publisher":{"@id":"https:\/\/sanluisinforma.com\/#organization"},"potentialAction":[{"@type":"SearchAction","target":{"@type":"EntryPoint","urlTemplate":"https:\/\/sanluisinforma.com\/?s={search_term_string}"},"query-input":{"@type":"PropertyValueSpecification","valueRequired":true,"valueName":"search_term_string"}}],"inLanguage":"es"},{"@type":"Organization","@id":"https:\/\/sanluisinforma.com\/#organization","name":"sanluisinforma.com","url":"https:\/\/sanluisinforma.com\/","logo":{"@type":"ImageObject","inLanguage":"es","@id":"https:\/\/sanluisinforma.com\/#\/schema\/logo\/image\/","url":"https:\/\/sanluisinforma.com\/wp-content\/uploads\/2026\/03\/sanluisinforma-V.jpg","contentUrl":"https:\/\/sanluisinforma.com\/wp-content\/uploads\/2026\/03\/sanluisinforma-V.jpg","width":500,"height":156,"caption":"sanluisinforma.com"},"image":{"@id":"https:\/\/sanluisinforma.com\/#\/schema\/logo\/image\/"}},{"@type":"Person","@id":"https:\/\/sanluisinforma.com\/#\/schema\/person\/c30648f71476be533b6f59d092905c8b","name":"sanluisinforma.com","image":{"@type":"ImageObject","inLanguage":"es","@id":"https:\/\/sanluisinforma.com\/#\/schema\/person\/image\/","url":"https:\/\/secure.gravatar.com\/avatar\/86e3114e34a1eecefb963e0a02f0093f93b092dddb2fe1517596343751081a87?s=96&d=mm&r=g","contentUrl":"https:\/\/secure.gravatar.com\/avatar\/86e3114e34a1eecefb963e0a02f0093f93b092dddb2fe1517596343751081a87?s=96&d=mm&r=g","caption":"sanluisinforma.com"},"url":"https:\/\/sanluisinforma.com\/?author=2"}]}},"_links":{"self":[{"href":"https:\/\/sanluisinforma.com\/index.php?rest_route=\/wp\/v2\/posts\/9516","targetHints":{"allow":["GET"]}}],"collection":[{"href":"https:\/\/sanluisinforma.com\/index.php?rest_route=\/wp\/v2\/posts"}],"about":[{"href":"https:\/\/sanluisinforma.com\/index.php?rest_route=\/wp\/v2\/types\/post"}],"author":[{"embeddable":true,"href":"https:\/\/sanluisinforma.com\/index.php?rest_route=\/wp\/v2\/users\/2"}],"replies":[{"embeddable":true,"href":"https:\/\/sanluisinforma.com\/index.php?rest_route=%2Fwp%2Fv2%2Fcomments&post=9516"}],"version-history":[{"count":1,"href":"https:\/\/sanluisinforma.com\/index.php?rest_route=\/wp\/v2\/posts\/9516\/revisions"}],"predecessor-version":[{"id":9518,"href":"https:\/\/sanluisinforma.com\/index.php?rest_route=\/wp\/v2\/posts\/9516\/revisions\/9518"}],"wp:featuredmedia":[{"embeddable":true,"href":"https:\/\/sanluisinforma.com\/index.php?rest_route=\/wp\/v2\/media\/9517"}],"wp:attachment":[{"href":"https:\/\/sanluisinforma.com\/index.php?rest_route=%2Fwp%2Fv2%2Fmedia&parent=9516"}],"wp:term":[{"taxonomy":"category","embeddable":true,"href":"https:\/\/sanluisinforma.com\/index.php?rest_route=%2Fwp%2Fv2%2Fcategories&post=9516"},{"taxonomy":"post_tag","embeddable":true,"href":"https:\/\/sanluisinforma.com\/index.php?rest_route=%2Fwp%2Fv2%2Ftags&post=9516"}],"curies":[{"name":"wp","href":"https:\/\/api.w.org\/{rel}","templated":true}]}}