{"id":9531,"date":"2025-01-04T00:55:00","date_gmt":"2025-01-04T06:55:00","guid":{"rendered":"https:\/\/sanluisinforma.com\/?p=9531"},"modified":"2025-01-03T19:21:37","modified_gmt":"2025-01-04T01:21:37","slug":"ricardo-gallardo-arranca-reconstruccion-de-avenida-en-villa-de-pozos","status":"publish","type":"post","link":"https:\/\/sanluisinforma.com\/?p=9531","title":{"rendered":"Ricardo Gallardo arranca reconstrucci\u00f3n de Avenida en Villa de Pozos"},"content":{"rendered":"\n<p><\/p>\n\n\n\n<p>Las familias gozar\u00e1n de una mejor movilidad e incrementar\u00e1 la plusval\u00eda de sus propiedades<\/p>\n\n\n\n<p>M\u00e1s de dos mil familias del municipio conurbado de Villa de Pozos, contar\u00e1n con una vialidad digna y mejores condiciones de vida, luego de que este viernes, el Gobernador de San Luis Potos\u00ed Ricardo Gallardo Cardona, arranc\u00f3 la reconstrucci\u00f3n de la avenida Paseo Valle de las Recuas, con una inversi\u00f3n de m\u00e1s de cuatro millones de pesos, que incluir\u00e1 obras de drenaje y agua potable.<\/p>\n\n\n\n<p>El Mandatario Estatal resalt\u00f3 que el Gobierno del Estado, continuar\u00e1 llevando m\u00e1s apoyo a las familias potosinas de las cuatro regiones con obras y acciones, tras d\u00e9cadas de atraso por parte de la herencia maldita, que dej\u00f3 a Villa de Pozos en el total abandono y que ahora, con trabajo y esfuerzo del Estado y del municipio, las y los habitantes gozar\u00e1n de una mejor movilidad e incrementar\u00e1 la plusval\u00eda en las colonias.<\/p>\n\n\n\n<p>Dijo que pasaron muchos a\u00f1os, y hoy las familias podr\u00e1n gozar de mejores calles y vialidades, que mejorar\u00e1n la infraestructura urbana y la calidad de vida de la poblaci\u00f3n, lo que evitar\u00e1 que contin\u00faen las inundaciones y el lodo que por tanto tiempo padecieron en esta zona del municipio, luego de reafirmar su compromiso de continuar llevando m\u00e1s apoyo a las y los potosinos de este municipio y de las dem\u00e1s regiones del Estado, y continuar construyendo un mejor San Luis Potos\u00ed.<\/p>\n\n\n\n<p>Las obras que inici\u00f3 Gallardo Cardona, incluir\u00e1n la reconstrucci\u00f3n de pavimento, bacheo, reencarpetado, nivelaci\u00f3n y mejora de se\u00f1alizaci\u00f3n, adem\u00e1s de sustituci\u00f3n de tuber\u00edas da\u00f1adas de drenaje, desazolve, instalaci\u00f3n de nuevas redes y construcci\u00f3n de alcantarillas y pozos de visita para prevenir inundaciones, adem\u00e1s de renovaci\u00f3n de tuber\u00edas de agua potable, reparaci\u00f3n de fugas, instalaci\u00f3n de tomas domiciliarias y equipos de distribuci\u00f3n para garantizar el suministro eficiente y continuo de agua limpia para las familias potosinas.<\/p>\n","protected":false},"excerpt":{"rendered":"<p>Las familias gozar\u00e1n de una mejor movilidad e incrementar\u00e1 la plusval\u00eda de sus propiedades M\u00e1s de dos mil familias del<\/p>\n","protected":false},"author":2,"featured_media":9532,"comment_status":"closed","ping_status":"closed","sticky":false,"template":"","format":"standard","meta":{"footnotes":""},"categories":[25,30],"tags":[],"class_list":["post-9531","post","type-post","status-publish","format-standard","has-post-thumbnail","hentry","category-local","category-portada"],"yoast_head":"<!-- This site is optimized with the Yoast SEO plugin v24.1 - https:\/\/yoast.com\/wordpress\/plugins\/seo\/ -->\n<title>Ricardo Gallardo arranca reconstrucci\u00f3n de Avenida en Villa de Pozos - sanluisinforma.com<\/title>\n<meta name=\"robots\" content=\"index, follow, max-snippet:-1, max-image-preview:large, max-video-preview:-1\" \/>\n<link rel=\"canonical\" href=\"https:\/\/sanluisinforma.com\/?p=9531\" \/>\n<meta property=\"og:locale\" content=\"es_MX\" \/>\n<meta property=\"og:type\" content=\"article\" \/>\n<meta property=\"og:title\" content=\"Ricardo Gallardo arranca reconstrucci\u00f3n de Avenida en Villa de Pozos - sanluisinforma.com\" \/>\n<meta property=\"og:description\" content=\"Las familias gozar\u00e1n de una mejor movilidad e incrementar\u00e1 la plusval\u00eda de sus propiedades M\u00e1s de dos mil familias del\" \/>\n<meta property=\"og:url\" content=\"https:\/\/sanluisinforma.com\/?p=9531\" \/>\n<meta property=\"og:site_name\" content=\"sanluisinforma.com\" \/>\n<meta property=\"article:published_time\" content=\"2025-01-04T06:55:00+00:00\" \/>\n<meta property=\"article:modified_time\" content=\"2025-01-04T01:21:37+00:00\" \/>\n<meta property=\"og:image\" content=\"https:\/\/sanluisinforma.com\/wp-content\/uploads\/2025\/01\/fc0adc8d-a35e-43c9-ae34-627790a35f5b.jpg\" \/>\n\t<meta property=\"og:image:width\" content=\"480\" \/>\n\t<meta property=\"og:image:height\" content=\"319\" \/>\n\t<meta property=\"og:image:type\" content=\"image\/jpeg\" \/>\n<meta name=\"author\" content=\"sanluisinforma.com\" \/>\n<meta name=\"twitter:card\" content=\"summary_large_image\" \/>\n<meta name=\"twitter:label1\" content=\"Escrito por\" \/>\n\t<meta name=\"twitter:data1\" content=\"sanluisinforma.com\" \/>\n\t<meta name=\"twitter:label2\" content=\"Tiempo de lectura\" \/>\n\t<meta name=\"twitter:data2\" content=\"2 minutos\" \/>\n<script type=\"application\/ld+json\" class=\"yoast-schema-graph\">{\"@context\":\"https:\/\/schema.org\",\"@graph\":[{\"@type\":\"Article\",\"@id\":\"https:\/\/sanluisinforma.com\/?p=9531#article\",\"isPartOf\":{\"@id\":\"https:\/\/sanluisinforma.com\/?p=9531\"},\"author\":{\"name\":\"sanluisinforma.com\",\"@id\":\"https:\/\/sanluisinforma.com\/#\/schema\/person\/c30648f71476be533b6f59d092905c8b\"},\"headline\":\"Ricardo Gallardo arranca reconstrucci\u00f3n de Avenida en Villa de Pozos\",\"datePublished\":\"2025-01-04T06:55:00+00:00\",\"dateModified\":\"2025-01-04T01:21:37+00:00\",\"mainEntityOfPage\":{\"@id\":\"https:\/\/sanluisinforma.com\/?p=9531\"},\"wordCount\":355,\"publisher\":{\"@id\":\"https:\/\/sanluisinforma.com\/#organization\"},\"image\":{\"@id\":\"https:\/\/sanluisinforma.com\/?p=9531#primaryimage\"},\"thumbnailUrl\":\"https:\/\/sanluisinforma.com\/wp-content\/uploads\/2025\/01\/fc0adc8d-a35e-43c9-ae34-627790a35f5b.jpg\",\"articleSection\":[\"Local\",\"Portada\"],\"inLanguage\":\"es\"},{\"@type\":\"WebPage\",\"@id\":\"https:\/\/sanluisinforma.com\/?p=9531\",\"url\":\"https:\/\/sanluisinforma.com\/?p=9531\",\"name\":\"Ricardo Gallardo arranca reconstrucci\u00f3n de Avenida en Villa de Pozos - sanluisinforma.com\",\"isPartOf\":{\"@id\":\"https:\/\/sanluisinforma.com\/#website\"},\"primaryImageOfPage\":{\"@id\":\"https:\/\/sanluisinforma.com\/?p=9531#primaryimage\"},\"image\":{\"@id\":\"https:\/\/sanluisinforma.com\/?p=9531#primaryimage\"},\"thumbnailUrl\":\"https:\/\/sanluisinforma.com\/wp-content\/uploads\/2025\/01\/fc0adc8d-a35e-43c9-ae34-627790a35f5b.jpg\",\"datePublished\":\"2025-01-04T06:55:00+00:00\",\"dateModified\":\"2025-01-04T01:21:37+00:00\",\"breadcrumb\":{\"@id\":\"https:\/\/sanluisinforma.com\/?p=9531#breadcrumb\"},\"inLanguage\":\"es\",\"potentialAction\":[{\"@type\":\"ReadAction\",\"target\":[\"https:\/\/sanluisinforma.com\/?p=9531\"]}]},{\"@type\":\"ImageObject\",\"inLanguage\":\"es\",\"@id\":\"https:\/\/sanluisinforma.com\/?p=9531#primaryimage\",\"url\":\"https:\/\/sanluisinforma.com\/wp-content\/uploads\/2025\/01\/fc0adc8d-a35e-43c9-ae34-627790a35f5b.jpg\",\"contentUrl\":\"https:\/\/sanluisinforma.com\/wp-content\/uploads\/2025\/01\/fc0adc8d-a35e-43c9-ae34-627790a35f5b.jpg\",\"width\":480,\"height\":319},{\"@type\":\"BreadcrumbList\",\"@id\":\"https:\/\/sanluisinforma.com\/?p=9531#breadcrumb\",\"itemListElement\":[{\"@type\":\"ListItem\",\"position\":1,\"name\":\"Inicio\",\"item\":\"https:\/\/sanluisinforma.com\/\"},{\"@type\":\"ListItem\",\"position\":2,\"name\":\"Ricardo Gallardo arranca reconstrucci\u00f3n de Avenida en Villa de Pozos\"}]},{\"@type\":\"WebSite\",\"@id\":\"https:\/\/sanluisinforma.com\/#website\",\"url\":\"https:\/\/sanluisinforma.com\/\",\"name\":\"sanluisinforma.com\",\"description\":\"Periodico San Luis Informa\",\"publisher\":{\"@id\":\"https:\/\/sanluisinforma.com\/#organization\"},\"potentialAction\":[{\"@type\":\"SearchAction\",\"target\":{\"@type\":\"EntryPoint\",\"urlTemplate\":\"https:\/\/sanluisinforma.com\/?s={search_term_string}\"},\"query-input\":{\"@type\":\"PropertyValueSpecification\",\"valueRequired\":true,\"valueName\":\"search_term_string\"}}],\"inLanguage\":\"es\"},{\"@type\":\"Organization\",\"@id\":\"https:\/\/sanluisinforma.com\/#organization\",\"name\":\"sanluisinforma.com\",\"url\":\"https:\/\/sanluisinforma.com\/\",\"logo\":{\"@type\":\"ImageObject\",\"inLanguage\":\"es\",\"@id\":\"https:\/\/sanluisinforma.com\/#\/schema\/logo\/image\/\",\"url\":\"https:\/\/sanluisinforma.com\/wp-content\/uploads\/2026\/03\/sanluisinforma-V.jpg\",\"contentUrl\":\"https:\/\/sanluisinforma.com\/wp-content\/uploads\/2026\/03\/sanluisinforma-V.jpg\",\"width\":500,\"height\":156,\"caption\":\"sanluisinforma.com\"},\"image\":{\"@id\":\"https:\/\/sanluisinforma.com\/#\/schema\/logo\/image\/\"}},{\"@type\":\"Person\",\"@id\":\"https:\/\/sanluisinforma.com\/#\/schema\/person\/c30648f71476be533b6f59d092905c8b\",\"name\":\"sanluisinforma.com\",\"image\":{\"@type\":\"ImageObject\",\"inLanguage\":\"es\",\"@id\":\"https:\/\/sanluisinforma.com\/#\/schema\/person\/image\/\",\"url\":\"https:\/\/secure.gravatar.com\/avatar\/86e3114e34a1eecefb963e0a02f0093f93b092dddb2fe1517596343751081a87?s=96&d=mm&r=g\",\"contentUrl\":\"https:\/\/secure.gravatar.com\/avatar\/86e3114e34a1eecefb963e0a02f0093f93b092dddb2fe1517596343751081a87?s=96&d=mm&r=g\",\"caption\":\"sanluisinforma.com\"},\"url\":\"https:\/\/sanluisinforma.com\/?author=2\"}]}<\/script>\n<!-- \/ Yoast SEO plugin. -->","yoast_head_json":{"title":"Ricardo Gallardo arranca reconstrucci\u00f3n de Avenida en Villa de Pozos - sanluisinforma.com","robots":{"index":"index","follow":"follow","max-snippet":"max-snippet:-1","max-image-preview":"max-image-preview:large","max-video-preview":"max-video-preview:-1"},"canonical":"https:\/\/sanluisinforma.com\/?p=9531","og_locale":"es_MX","og_type":"article","og_title":"Ricardo Gallardo arranca reconstrucci\u00f3n de Avenida en Villa de Pozos - sanluisinforma.com","og_description":"Las familias gozar\u00e1n de una mejor movilidad e incrementar\u00e1 la plusval\u00eda de sus propiedades M\u00e1s de dos mil familias del","og_url":"https:\/\/sanluisinforma.com\/?p=9531","og_site_name":"sanluisinforma.com","article_published_time":"2025-01-04T06:55:00+00:00","article_modified_time":"2025-01-04T01:21:37+00:00","og_image":[{"width":480,"height":319,"url":"https:\/\/sanluisinforma.com\/wp-content\/uploads\/2025\/01\/fc0adc8d-a35e-43c9-ae34-627790a35f5b.jpg","type":"image\/jpeg"}],"author":"sanluisinforma.com","twitter_card":"summary_large_image","twitter_misc":{"Escrito por":"sanluisinforma.com","Tiempo de lectura":"2 minutos"},"schema":{"@context":"https:\/\/schema.org","@graph":[{"@type":"Article","@id":"https:\/\/sanluisinforma.com\/?p=9531#article","isPartOf":{"@id":"https:\/\/sanluisinforma.com\/?p=9531"},"author":{"name":"sanluisinforma.com","@id":"https:\/\/sanluisinforma.com\/#\/schema\/person\/c30648f71476be533b6f59d092905c8b"},"headline":"Ricardo Gallardo arranca reconstrucci\u00f3n de Avenida en Villa de Pozos","datePublished":"2025-01-04T06:55:00+00:00","dateModified":"2025-01-04T01:21:37+00:00","mainEntityOfPage":{"@id":"https:\/\/sanluisinforma.com\/?p=9531"},"wordCount":355,"publisher":{"@id":"https:\/\/sanluisinforma.com\/#organization"},"image":{"@id":"https:\/\/sanluisinforma.com\/?p=9531#primaryimage"},"thumbnailUrl":"https:\/\/sanluisinforma.com\/wp-content\/uploads\/2025\/01\/fc0adc8d-a35e-43c9-ae34-627790a35f5b.jpg","articleSection":["Local","Portada"],"inLanguage":"es"},{"@type":"WebPage","@id":"https:\/\/sanluisinforma.com\/?p=9531","url":"https:\/\/sanluisinforma.com\/?p=9531","name":"Ricardo Gallardo arranca reconstrucci\u00f3n de Avenida en Villa de Pozos - sanluisinforma.com","isPartOf":{"@id":"https:\/\/sanluisinforma.com\/#website"},"primaryImageOfPage":{"@id":"https:\/\/sanluisinforma.com\/?p=9531#primaryimage"},"image":{"@id":"https:\/\/sanluisinforma.com\/?p=9531#primaryimage"},"thumbnailUrl":"https:\/\/sanluisinforma.com\/wp-content\/uploads\/2025\/01\/fc0adc8d-a35e-43c9-ae34-627790a35f5b.jpg","datePublished":"2025-01-04T06:55:00+00:00","dateModified":"2025-01-04T01:21:37+00:00","breadcrumb":{"@id":"https:\/\/sanluisinforma.com\/?p=9531#breadcrumb"},"inLanguage":"es","potentialAction":[{"@type":"ReadAction","target":["https:\/\/sanluisinforma.com\/?p=9531"]}]},{"@type":"ImageObject","inLanguage":"es","@id":"https:\/\/sanluisinforma.com\/?p=9531#primaryimage","url":"https:\/\/sanluisinforma.com\/wp-content\/uploads\/2025\/01\/fc0adc8d-a35e-43c9-ae34-627790a35f5b.jpg","contentUrl":"https:\/\/sanluisinforma.com\/wp-content\/uploads\/2025\/01\/fc0adc8d-a35e-43c9-ae34-627790a35f5b.jpg","width":480,"height":319},{"@type":"BreadcrumbList","@id":"https:\/\/sanluisinforma.com\/?p=9531#breadcrumb","itemListElement":[{"@type":"ListItem","position":1,"name":"Inicio","item":"https:\/\/sanluisinforma.com\/"},{"@type":"ListItem","position":2,"name":"Ricardo Gallardo arranca reconstrucci\u00f3n de Avenida en Villa de Pozos"}]},{"@type":"WebSite","@id":"https:\/\/sanluisinforma.com\/#website","url":"https:\/\/sanluisinforma.com\/","name":"sanluisinforma.com","description":"Periodico San Luis Informa","publisher":{"@id":"https:\/\/sanluisinforma.com\/#organization"},"potentialAction":[{"@type":"SearchAction","target":{"@type":"EntryPoint","urlTemplate":"https:\/\/sanluisinforma.com\/?s={search_term_string}"},"query-input":{"@type":"PropertyValueSpecification","valueRequired":true,"valueName":"search_term_string"}}],"inLanguage":"es"},{"@type":"Organization","@id":"https:\/\/sanluisinforma.com\/#organization","name":"sanluisinforma.com","url":"https:\/\/sanluisinforma.com\/","logo":{"@type":"ImageObject","inLanguage":"es","@id":"https:\/\/sanluisinforma.com\/#\/schema\/logo\/image\/","url":"https:\/\/sanluisinforma.com\/wp-content\/uploads\/2026\/03\/sanluisinforma-V.jpg","contentUrl":"https:\/\/sanluisinforma.com\/wp-content\/uploads\/2026\/03\/sanluisinforma-V.jpg","width":500,"height":156,"caption":"sanluisinforma.com"},"image":{"@id":"https:\/\/sanluisinforma.com\/#\/schema\/logo\/image\/"}},{"@type":"Person","@id":"https:\/\/sanluisinforma.com\/#\/schema\/person\/c30648f71476be533b6f59d092905c8b","name":"sanluisinforma.com","image":{"@type":"ImageObject","inLanguage":"es","@id":"https:\/\/sanluisinforma.com\/#\/schema\/person\/image\/","url":"https:\/\/secure.gravatar.com\/avatar\/86e3114e34a1eecefb963e0a02f0093f93b092dddb2fe1517596343751081a87?s=96&d=mm&r=g","contentUrl":"https:\/\/secure.gravatar.com\/avatar\/86e3114e34a1eecefb963e0a02f0093f93b092dddb2fe1517596343751081a87?s=96&d=mm&r=g","caption":"sanluisinforma.com"},"url":"https:\/\/sanluisinforma.com\/?author=2"}]}},"_links":{"self":[{"href":"https:\/\/sanluisinforma.com\/index.php?rest_route=\/wp\/v2\/posts\/9531","targetHints":{"allow":["GET"]}}],"collection":[{"href":"https:\/\/sanluisinforma.com\/index.php?rest_route=\/wp\/v2\/posts"}],"about":[{"href":"https:\/\/sanluisinforma.com\/index.php?rest_route=\/wp\/v2\/types\/post"}],"author":[{"embeddable":true,"href":"https:\/\/sanluisinforma.com\/index.php?rest_route=\/wp\/v2\/users\/2"}],"replies":[{"embeddable":true,"href":"https:\/\/sanluisinforma.com\/index.php?rest_route=%2Fwp%2Fv2%2Fcomments&post=9531"}],"version-history":[{"count":1,"href":"https:\/\/sanluisinforma.com\/index.php?rest_route=\/wp\/v2\/posts\/9531\/revisions"}],"predecessor-version":[{"id":9533,"href":"https:\/\/sanluisinforma.com\/index.php?rest_route=\/wp\/v2\/posts\/9531\/revisions\/9533"}],"wp:featuredmedia":[{"embeddable":true,"href":"https:\/\/sanluisinforma.com\/index.php?rest_route=\/wp\/v2\/media\/9532"}],"wp:attachment":[{"href":"https:\/\/sanluisinforma.com\/index.php?rest_route=%2Fwp%2Fv2%2Fmedia&parent=9531"}],"wp:term":[{"taxonomy":"category","embeddable":true,"href":"https:\/\/sanluisinforma.com\/index.php?rest_route=%2Fwp%2Fv2%2Fcategories&post=9531"},{"taxonomy":"post_tag","embeddable":true,"href":"https:\/\/sanluisinforma.com\/index.php?rest_route=%2Fwp%2Fv2%2Ftags&post=9531"}],"curies":[{"name":"wp","href":"https:\/\/api.w.org\/{rel}","templated":true}]}}