{"id":9534,"date":"2025-01-04T00:50:00","date_gmt":"2025-01-04T06:50:00","guid":{"rendered":"https:\/\/sanluisinforma.com\/?p=9534"},"modified":"2025-01-03T19:24:29","modified_gmt":"2025-01-04T01:24:29","slug":"en-2025-se-consolida-la-modernizacion-de-slp-gobierno-de-la-capital-seguira-realizando-obras","status":"publish","type":"post","link":"https:\/\/sanluisinforma.com\/?p=9534","title":{"rendered":"En 2025 se consolida la modernizaci\u00f3n de SLP; Gobierno de la Capital seguir\u00e1 realizando obras"},"content":{"rendered":"\n<p><\/p>\n\n\n\n<p>\u201cCon trabajo sacaremos adelante la ciudad, gracias a las gestiones de la ciudadan\u00eda con obras integrales para cambiar radicalmente la calidad de vida de las potosinas y potosinos\u201d, declar\u00f3 el Presidente Municipal Enrique Galindo al entregar la Privada San Pedro, en el barrio El Saucito.&nbsp; Ante vecinas y vecinos, el Alcalde Capitalino se\u00f1al\u00f3 que luego de m\u00e1s de 50 a\u00f1os de esperar esta obra, se cumpli\u00f3 en una calle que fortalece la movilidad y que es de gran relevancia para quienes viven en esta zona de San Luis Potos\u00ed.<\/p>\n\n\n\n<p>El Primer Edil Enrique Galindo Ceballos record\u00f3 que para la presente administraci\u00f3n municipal se rehabilitar\u00e1n un mill\u00f3n y medio de metros cuadrados de calles y avenidas, para lo que el pago del predial es fundamental, pues estos recursos se destinan a obras y servicios municipales: &#8220;Con esta nueva pavimentaci\u00f3n sube la plusval\u00eda de las viviendas, es decir, con obras se da m\u00e1s valor a la ciudad&#8221;. Agradeci\u00f3 a las y los contribuyentes que ya est\u00e1n pagando su predial y les reafirm\u00f3 que su pago se reflejar\u00e1 en la modernizaci\u00f3n de la Capital.<\/p>\n\n\n\n<p>En representaci\u00f3n de las y los habitantes beneficiados, Te\u00f3fila Morales subray\u00f3 los beneficios de esta obra, pero tambi\u00e9n las intervenciones que realiza el Ayuntamiento de San Luis Potos\u00ed a trav\u00e9s del D\u00eda de Talacha, a fin de atender a la ciudadan\u00eda. Invit\u00f3 a la poblaci\u00f3n potosina a sumarse en el mantenimiento de las \u00e1reas rescatadas.<\/p>\n\n\n\n<p>Al tomar la palabra, el Director de Obras P\u00fablicas, Eustorgio Ch\u00e1vez Garza, resalt\u00f3 la rehabilitaci\u00f3n integral de la Privada San Pedro en el tramo que va de la calle San Pedro a la calle Francisco Carrera Torres, que incluy\u00f3 mil 300 metros cuadrados de nueva pavimentaci\u00f3n, adem\u00e1s de la modernizaci\u00f3n de tomas domiciliarias de agua, de descargas sanitarias, banquetas, adem\u00e1s de la colocaci\u00f3n de se\u00f1al\u00e9tica vial y pintado de paso peatonal.<\/p>\n\n\n\n<p>Como parte del \u201cD\u00eda de Talacha\u201d n\u00famero 88, el titular de Servicios Municipales, Christian Azuara Azuara, detall\u00f3 que en este espacio del barrio El Saucito: &#8220;hoy el cambio es evidente, de ah\u00ed la importancia de recorrer a pie la ciudad para entregar resultados y m\u00e1s con acciones en donde la sociedad gestiona diversas mejoras, pero tambi\u00e9n obras de alto impacto social&#8221;.<\/p>\n","protected":false},"excerpt":{"rendered":"<p>\u201cCon trabajo sacaremos adelante la ciudad, gracias a las gestiones de la ciudadan\u00eda con obras integrales para cambiar radicalmente la<\/p>\n","protected":false},"author":2,"featured_media":9535,"comment_status":"closed","ping_status":"closed","sticky":false,"template":"","format":"standard","meta":{"footnotes":""},"categories":[25,30],"tags":[],"class_list":["post-9534","post","type-post","status-publish","format-standard","has-post-thumbnail","hentry","category-local","category-portada"],"yoast_head":"<!-- This site is optimized with the Yoast SEO plugin v24.1 - https:\/\/yoast.com\/wordpress\/plugins\/seo\/ -->\n<title>En 2025 se consolida la modernizaci\u00f3n de SLP; Gobierno de la Capital seguir\u00e1 realizando obras - sanluisinforma.com<\/title>\n<meta name=\"robots\" content=\"index, follow, max-snippet:-1, max-image-preview:large, max-video-preview:-1\" \/>\n<link rel=\"canonical\" href=\"https:\/\/sanluisinforma.com\/?p=9534\" \/>\n<meta property=\"og:locale\" content=\"es_MX\" \/>\n<meta property=\"og:type\" content=\"article\" \/>\n<meta property=\"og:title\" content=\"En 2025 se consolida la modernizaci\u00f3n de SLP; Gobierno de la Capital seguir\u00e1 realizando obras - sanluisinforma.com\" \/>\n<meta property=\"og:description\" content=\"\u201cCon trabajo sacaremos adelante la ciudad, gracias a las gestiones de la ciudadan\u00eda con obras integrales para cambiar radicalmente la\" \/>\n<meta property=\"og:url\" content=\"https:\/\/sanluisinforma.com\/?p=9534\" \/>\n<meta property=\"og:site_name\" content=\"sanluisinforma.com\" \/>\n<meta property=\"article:published_time\" content=\"2025-01-04T06:50:00+00:00\" \/>\n<meta property=\"article:modified_time\" content=\"2025-01-04T01:24:29+00:00\" \/>\n<meta property=\"og:image\" content=\"https:\/\/sanluisinforma.com\/wp-content\/uploads\/2025\/01\/8b78a09f-aad8-4350-9675-b6bc63e747e6.jpg\" \/>\n\t<meta property=\"og:image:width\" content=\"480\" \/>\n\t<meta property=\"og:image:height\" content=\"319\" \/>\n\t<meta property=\"og:image:type\" content=\"image\/jpeg\" \/>\n<meta name=\"author\" content=\"sanluisinforma.com\" \/>\n<meta name=\"twitter:card\" content=\"summary_large_image\" \/>\n<meta name=\"twitter:label1\" content=\"Escrito por\" \/>\n\t<meta name=\"twitter:data1\" content=\"sanluisinforma.com\" \/>\n\t<meta name=\"twitter:label2\" content=\"Tiempo de lectura\" \/>\n\t<meta name=\"twitter:data2\" content=\"2 minutos\" \/>\n<script type=\"application\/ld+json\" class=\"yoast-schema-graph\">{\"@context\":\"https:\/\/schema.org\",\"@graph\":[{\"@type\":\"Article\",\"@id\":\"https:\/\/sanluisinforma.com\/?p=9534#article\",\"isPartOf\":{\"@id\":\"https:\/\/sanluisinforma.com\/?p=9534\"},\"author\":{\"name\":\"sanluisinforma.com\",\"@id\":\"https:\/\/sanluisinforma.com\/#\/schema\/person\/c30648f71476be533b6f59d092905c8b\"},\"headline\":\"En 2025 se consolida la modernizaci\u00f3n de SLP; Gobierno de la Capital seguir\u00e1 realizando obras\",\"datePublished\":\"2025-01-04T06:50:00+00:00\",\"dateModified\":\"2025-01-04T01:24:29+00:00\",\"mainEntityOfPage\":{\"@id\":\"https:\/\/sanluisinforma.com\/?p=9534\"},\"wordCount\":414,\"publisher\":{\"@id\":\"https:\/\/sanluisinforma.com\/#organization\"},\"image\":{\"@id\":\"https:\/\/sanluisinforma.com\/?p=9534#primaryimage\"},\"thumbnailUrl\":\"https:\/\/sanluisinforma.com\/wp-content\/uploads\/2025\/01\/8b78a09f-aad8-4350-9675-b6bc63e747e6.jpg\",\"articleSection\":[\"Local\",\"Portada\"],\"inLanguage\":\"es\"},{\"@type\":\"WebPage\",\"@id\":\"https:\/\/sanluisinforma.com\/?p=9534\",\"url\":\"https:\/\/sanluisinforma.com\/?p=9534\",\"name\":\"En 2025 se consolida la modernizaci\u00f3n de SLP; Gobierno de la Capital seguir\u00e1 realizando obras - sanluisinforma.com\",\"isPartOf\":{\"@id\":\"https:\/\/sanluisinforma.com\/#website\"},\"primaryImageOfPage\":{\"@id\":\"https:\/\/sanluisinforma.com\/?p=9534#primaryimage\"},\"image\":{\"@id\":\"https:\/\/sanluisinforma.com\/?p=9534#primaryimage\"},\"thumbnailUrl\":\"https:\/\/sanluisinforma.com\/wp-content\/uploads\/2025\/01\/8b78a09f-aad8-4350-9675-b6bc63e747e6.jpg\",\"datePublished\":\"2025-01-04T06:50:00+00:00\",\"dateModified\":\"2025-01-04T01:24:29+00:00\",\"breadcrumb\":{\"@id\":\"https:\/\/sanluisinforma.com\/?p=9534#breadcrumb\"},\"inLanguage\":\"es\",\"potentialAction\":[{\"@type\":\"ReadAction\",\"target\":[\"https:\/\/sanluisinforma.com\/?p=9534\"]}]},{\"@type\":\"ImageObject\",\"inLanguage\":\"es\",\"@id\":\"https:\/\/sanluisinforma.com\/?p=9534#primaryimage\",\"url\":\"https:\/\/sanluisinforma.com\/wp-content\/uploads\/2025\/01\/8b78a09f-aad8-4350-9675-b6bc63e747e6.jpg\",\"contentUrl\":\"https:\/\/sanluisinforma.com\/wp-content\/uploads\/2025\/01\/8b78a09f-aad8-4350-9675-b6bc63e747e6.jpg\",\"width\":480,\"height\":319},{\"@type\":\"BreadcrumbList\",\"@id\":\"https:\/\/sanluisinforma.com\/?p=9534#breadcrumb\",\"itemListElement\":[{\"@type\":\"ListItem\",\"position\":1,\"name\":\"Inicio\",\"item\":\"https:\/\/sanluisinforma.com\/\"},{\"@type\":\"ListItem\",\"position\":2,\"name\":\"En 2025 se consolida la modernizaci\u00f3n de SLP; Gobierno de la Capital seguir\u00e1 realizando obras\"}]},{\"@type\":\"WebSite\",\"@id\":\"https:\/\/sanluisinforma.com\/#website\",\"url\":\"https:\/\/sanluisinforma.com\/\",\"name\":\"sanluisinforma.com\",\"description\":\"Periodico San Luis Informa\",\"publisher\":{\"@id\":\"https:\/\/sanluisinforma.com\/#organization\"},\"potentialAction\":[{\"@type\":\"SearchAction\",\"target\":{\"@type\":\"EntryPoint\",\"urlTemplate\":\"https:\/\/sanluisinforma.com\/?s={search_term_string}\"},\"query-input\":{\"@type\":\"PropertyValueSpecification\",\"valueRequired\":true,\"valueName\":\"search_term_string\"}}],\"inLanguage\":\"es\"},{\"@type\":\"Organization\",\"@id\":\"https:\/\/sanluisinforma.com\/#organization\",\"name\":\"sanluisinforma.com\",\"url\":\"https:\/\/sanluisinforma.com\/\",\"logo\":{\"@type\":\"ImageObject\",\"inLanguage\":\"es\",\"@id\":\"https:\/\/sanluisinforma.com\/#\/schema\/logo\/image\/\",\"url\":\"https:\/\/sanluisinforma.com\/wp-content\/uploads\/2026\/03\/sanluisinforma-V.jpg\",\"contentUrl\":\"https:\/\/sanluisinforma.com\/wp-content\/uploads\/2026\/03\/sanluisinforma-V.jpg\",\"width\":500,\"height\":156,\"caption\":\"sanluisinforma.com\"},\"image\":{\"@id\":\"https:\/\/sanluisinforma.com\/#\/schema\/logo\/image\/\"}},{\"@type\":\"Person\",\"@id\":\"https:\/\/sanluisinforma.com\/#\/schema\/person\/c30648f71476be533b6f59d092905c8b\",\"name\":\"sanluisinforma.com\",\"image\":{\"@type\":\"ImageObject\",\"inLanguage\":\"es\",\"@id\":\"https:\/\/sanluisinforma.com\/#\/schema\/person\/image\/\",\"url\":\"https:\/\/secure.gravatar.com\/avatar\/86e3114e34a1eecefb963e0a02f0093f93b092dddb2fe1517596343751081a87?s=96&d=mm&r=g\",\"contentUrl\":\"https:\/\/secure.gravatar.com\/avatar\/86e3114e34a1eecefb963e0a02f0093f93b092dddb2fe1517596343751081a87?s=96&d=mm&r=g\",\"caption\":\"sanluisinforma.com\"},\"url\":\"https:\/\/sanluisinforma.com\/?author=2\"}]}<\/script>\n<!-- \/ Yoast SEO plugin. -->","yoast_head_json":{"title":"En 2025 se consolida la modernizaci\u00f3n de SLP; Gobierno de la Capital seguir\u00e1 realizando obras - sanluisinforma.com","robots":{"index":"index","follow":"follow","max-snippet":"max-snippet:-1","max-image-preview":"max-image-preview:large","max-video-preview":"max-video-preview:-1"},"canonical":"https:\/\/sanluisinforma.com\/?p=9534","og_locale":"es_MX","og_type":"article","og_title":"En 2025 se consolida la modernizaci\u00f3n de SLP; Gobierno de la Capital seguir\u00e1 realizando obras - sanluisinforma.com","og_description":"\u201cCon trabajo sacaremos adelante la ciudad, gracias a las gestiones de la ciudadan\u00eda con obras integrales para cambiar radicalmente la","og_url":"https:\/\/sanluisinforma.com\/?p=9534","og_site_name":"sanluisinforma.com","article_published_time":"2025-01-04T06:50:00+00:00","article_modified_time":"2025-01-04T01:24:29+00:00","og_image":[{"width":480,"height":319,"url":"https:\/\/sanluisinforma.com\/wp-content\/uploads\/2025\/01\/8b78a09f-aad8-4350-9675-b6bc63e747e6.jpg","type":"image\/jpeg"}],"author":"sanluisinforma.com","twitter_card":"summary_large_image","twitter_misc":{"Escrito por":"sanluisinforma.com","Tiempo de lectura":"2 minutos"},"schema":{"@context":"https:\/\/schema.org","@graph":[{"@type":"Article","@id":"https:\/\/sanluisinforma.com\/?p=9534#article","isPartOf":{"@id":"https:\/\/sanluisinforma.com\/?p=9534"},"author":{"name":"sanluisinforma.com","@id":"https:\/\/sanluisinforma.com\/#\/schema\/person\/c30648f71476be533b6f59d092905c8b"},"headline":"En 2025 se consolida la modernizaci\u00f3n de SLP; Gobierno de la Capital seguir\u00e1 realizando obras","datePublished":"2025-01-04T06:50:00+00:00","dateModified":"2025-01-04T01:24:29+00:00","mainEntityOfPage":{"@id":"https:\/\/sanluisinforma.com\/?p=9534"},"wordCount":414,"publisher":{"@id":"https:\/\/sanluisinforma.com\/#organization"},"image":{"@id":"https:\/\/sanluisinforma.com\/?p=9534#primaryimage"},"thumbnailUrl":"https:\/\/sanluisinforma.com\/wp-content\/uploads\/2025\/01\/8b78a09f-aad8-4350-9675-b6bc63e747e6.jpg","articleSection":["Local","Portada"],"inLanguage":"es"},{"@type":"WebPage","@id":"https:\/\/sanluisinforma.com\/?p=9534","url":"https:\/\/sanluisinforma.com\/?p=9534","name":"En 2025 se consolida la modernizaci\u00f3n de SLP; Gobierno de la Capital seguir\u00e1 realizando obras - sanluisinforma.com","isPartOf":{"@id":"https:\/\/sanluisinforma.com\/#website"},"primaryImageOfPage":{"@id":"https:\/\/sanluisinforma.com\/?p=9534#primaryimage"},"image":{"@id":"https:\/\/sanluisinforma.com\/?p=9534#primaryimage"},"thumbnailUrl":"https:\/\/sanluisinforma.com\/wp-content\/uploads\/2025\/01\/8b78a09f-aad8-4350-9675-b6bc63e747e6.jpg","datePublished":"2025-01-04T06:50:00+00:00","dateModified":"2025-01-04T01:24:29+00:00","breadcrumb":{"@id":"https:\/\/sanluisinforma.com\/?p=9534#breadcrumb"},"inLanguage":"es","potentialAction":[{"@type":"ReadAction","target":["https:\/\/sanluisinforma.com\/?p=9534"]}]},{"@type":"ImageObject","inLanguage":"es","@id":"https:\/\/sanluisinforma.com\/?p=9534#primaryimage","url":"https:\/\/sanluisinforma.com\/wp-content\/uploads\/2025\/01\/8b78a09f-aad8-4350-9675-b6bc63e747e6.jpg","contentUrl":"https:\/\/sanluisinforma.com\/wp-content\/uploads\/2025\/01\/8b78a09f-aad8-4350-9675-b6bc63e747e6.jpg","width":480,"height":319},{"@type":"BreadcrumbList","@id":"https:\/\/sanluisinforma.com\/?p=9534#breadcrumb","itemListElement":[{"@type":"ListItem","position":1,"name":"Inicio","item":"https:\/\/sanluisinforma.com\/"},{"@type":"ListItem","position":2,"name":"En 2025 se consolida la modernizaci\u00f3n de SLP; Gobierno de la Capital seguir\u00e1 realizando obras"}]},{"@type":"WebSite","@id":"https:\/\/sanluisinforma.com\/#website","url":"https:\/\/sanluisinforma.com\/","name":"sanluisinforma.com","description":"Periodico San Luis Informa","publisher":{"@id":"https:\/\/sanluisinforma.com\/#organization"},"potentialAction":[{"@type":"SearchAction","target":{"@type":"EntryPoint","urlTemplate":"https:\/\/sanluisinforma.com\/?s={search_term_string}"},"query-input":{"@type":"PropertyValueSpecification","valueRequired":true,"valueName":"search_term_string"}}],"inLanguage":"es"},{"@type":"Organization","@id":"https:\/\/sanluisinforma.com\/#organization","name":"sanluisinforma.com","url":"https:\/\/sanluisinforma.com\/","logo":{"@type":"ImageObject","inLanguage":"es","@id":"https:\/\/sanluisinforma.com\/#\/schema\/logo\/image\/","url":"https:\/\/sanluisinforma.com\/wp-content\/uploads\/2026\/03\/sanluisinforma-V.jpg","contentUrl":"https:\/\/sanluisinforma.com\/wp-content\/uploads\/2026\/03\/sanluisinforma-V.jpg","width":500,"height":156,"caption":"sanluisinforma.com"},"image":{"@id":"https:\/\/sanluisinforma.com\/#\/schema\/logo\/image\/"}},{"@type":"Person","@id":"https:\/\/sanluisinforma.com\/#\/schema\/person\/c30648f71476be533b6f59d092905c8b","name":"sanluisinforma.com","image":{"@type":"ImageObject","inLanguage":"es","@id":"https:\/\/sanluisinforma.com\/#\/schema\/person\/image\/","url":"https:\/\/secure.gravatar.com\/avatar\/86e3114e34a1eecefb963e0a02f0093f93b092dddb2fe1517596343751081a87?s=96&d=mm&r=g","contentUrl":"https:\/\/secure.gravatar.com\/avatar\/86e3114e34a1eecefb963e0a02f0093f93b092dddb2fe1517596343751081a87?s=96&d=mm&r=g","caption":"sanluisinforma.com"},"url":"https:\/\/sanluisinforma.com\/?author=2"}]}},"_links":{"self":[{"href":"https:\/\/sanluisinforma.com\/index.php?rest_route=\/wp\/v2\/posts\/9534","targetHints":{"allow":["GET"]}}],"collection":[{"href":"https:\/\/sanluisinforma.com\/index.php?rest_route=\/wp\/v2\/posts"}],"about":[{"href":"https:\/\/sanluisinforma.com\/index.php?rest_route=\/wp\/v2\/types\/post"}],"author":[{"embeddable":true,"href":"https:\/\/sanluisinforma.com\/index.php?rest_route=\/wp\/v2\/users\/2"}],"replies":[{"embeddable":true,"href":"https:\/\/sanluisinforma.com\/index.php?rest_route=%2Fwp%2Fv2%2Fcomments&post=9534"}],"version-history":[{"count":1,"href":"https:\/\/sanluisinforma.com\/index.php?rest_route=\/wp\/v2\/posts\/9534\/revisions"}],"predecessor-version":[{"id":9536,"href":"https:\/\/sanluisinforma.com\/index.php?rest_route=\/wp\/v2\/posts\/9534\/revisions\/9536"}],"wp:featuredmedia":[{"embeddable":true,"href":"https:\/\/sanluisinforma.com\/index.php?rest_route=\/wp\/v2\/media\/9535"}],"wp:attachment":[{"href":"https:\/\/sanluisinforma.com\/index.php?rest_route=%2Fwp%2Fv2%2Fmedia&parent=9534"}],"wp:term":[{"taxonomy":"category","embeddable":true,"href":"https:\/\/sanluisinforma.com\/index.php?rest_route=%2Fwp%2Fv2%2Fcategories&post=9534"},{"taxonomy":"post_tag","embeddable":true,"href":"https:\/\/sanluisinforma.com\/index.php?rest_route=%2Fwp%2Fv2%2Ftags&post=9534"}],"curies":[{"name":"wp","href":"https:\/\/api.w.org\/{rel}","templated":true}]}}