{"id":9537,"date":"2025-01-04T00:45:00","date_gmt":"2025-01-04T06:45:00","guid":{"rendered":"https:\/\/sanluisinforma.com\/?p=9537"},"modified":"2025-01-03T19:29:53","modified_gmt":"2025-01-04T01:29:53","slug":"inicia-este-2025-cuidando-tu-bienestar-emocional-y-salud-mental-con-terapias-que-ofrece-el-dif-municipal-de-san-luis-capital","status":"publish","type":"post","link":"https:\/\/sanluisinforma.com\/?p=9537","title":{"rendered":"Inicia este 2025 cuidando tu bienestar emocional y salud mental, con terapias que ofrece el DIF Municipal de San Luis Capital"},"content":{"rendered":"\n<p>\u201cEn el DIF Municipal ofrecemos terapias individual y de grupo para apoyar a las y los potosinos, seg\u00fan lo que mejor se adapte a sus necesidades\u201d: Estela Arriaga, Presidenta del DIF Capitalino.<\/p>\n\n\n\n<p>A partir de este a\u00f1o, se implementa terapia grupal por la ma\u00f1ana y por la tarde.<\/p>\n\n\n\n<p><\/p>\n\n\n\n<p>SLP.- El DIF Municipal de San Luis Potos\u00ed, comprometido con el bienestar emocional y la salud mental de la poblaci\u00f3n, invita a las y los habitantes interesados, a participar en las terapias grupales dise\u00f1adas para el manejo de ansiedad, depresi\u00f3n y duelo.<\/p>\n\n\n\n<p>\u201cOfrecemos terapias individual, familiar y de grupo para apoyar a las y los potosinos seg\u00fan lo que mejor se adapte a sus necesidades, pues una intervenci\u00f3n profesional contribuye a mejorar su estado emocional y con su entorno\u201d: explic\u00f3 la Presidenta de este organismo, Estela Arriaga M\u00e1rquez.<\/p>\n\n\n\n<p>Agreg\u00f3 que a partir de este a\u00f1o estar\u00e1n disponibles en horarios matutino y vespertino para facilitar el acceso a quienes deseen mejorar su calidad de vida emocional. Es importante destacar que las personas interesadas deber\u00e1n realizar primero una entrevista inicial, en la que especialistas evaluar\u00e1n si las terapias grupales son adecuadas para sus necesidades espec\u00edficas.<\/p>\n\n\n\n<p>Los grupos son: para Manejo de Ansiedad y Depresi\u00f3n, inicia el 21 de enero, en el turno matutino de 9:30 a 11:30 horas; vespertino de 18:30 a 20:30 horas. Manejo del Duelo, inicia el 23 de enero turno matutino de 9:30 a 11:30 y vespertino de 18:30 a 20:30 horas.<\/p>\n\n\n\n<p>La cita inicial se pide directamente en el DIF Municipal ubicado en Xicot\u00e9ncatl 1650, colonia Himno Nacional, o llamar a los n\u00fameros 444 81513078 y 444815 5118, ext. 126, en un horario de lunes a viernes de 8:00 a 14:30 horas. No pierdan la oportunidad de recibir orientaci\u00f3n profesional en un espacio seguro y emp\u00e1tico.<\/p>\n","protected":false},"excerpt":{"rendered":"<p>\u201cEn el DIF Municipal ofrecemos terapias individual y de grupo para apoyar a las y los potosinos, seg\u00fan lo que<\/p>\n","protected":false},"author":2,"featured_media":9538,"comment_status":"closed","ping_status":"closed","sticky":false,"template":"","format":"standard","meta":{"footnotes":""},"categories":[25,30],"tags":[],"class_list":["post-9537","post","type-post","status-publish","format-standard","has-post-thumbnail","hentry","category-local","category-portada"],"yoast_head":"<!-- This site is optimized with the Yoast SEO plugin v24.1 - https:\/\/yoast.com\/wordpress\/plugins\/seo\/ -->\n<title>Inicia este 2025 cuidando tu bienestar emocional y salud mental, con terapias que ofrece el DIF Municipal de San Luis Capital - sanluisinforma.com<\/title>\n<meta name=\"robots\" content=\"index, follow, max-snippet:-1, max-image-preview:large, max-video-preview:-1\" \/>\n<link rel=\"canonical\" href=\"https:\/\/sanluisinforma.com\/?p=9537\" \/>\n<meta property=\"og:locale\" content=\"es_MX\" \/>\n<meta property=\"og:type\" content=\"article\" \/>\n<meta property=\"og:title\" content=\"Inicia este 2025 cuidando tu bienestar emocional y salud mental, con terapias que ofrece el DIF Municipal de San Luis Capital - sanluisinforma.com\" \/>\n<meta property=\"og:description\" content=\"\u201cEn el DIF Municipal ofrecemos terapias individual y de grupo para apoyar a las y los potosinos, seg\u00fan lo que\" \/>\n<meta property=\"og:url\" content=\"https:\/\/sanluisinforma.com\/?p=9537\" \/>\n<meta property=\"og:site_name\" content=\"sanluisinforma.com\" \/>\n<meta property=\"article:published_time\" content=\"2025-01-04T06:45:00+00:00\" \/>\n<meta property=\"article:modified_time\" content=\"2025-01-04T01:29:53+00:00\" \/>\n<meta property=\"og:image\" content=\"https:\/\/sanluisinforma.com\/wp-content\/uploads\/2025\/01\/0bbfdbca-d21c-4876-852c-a23b9081b8e2.jpg\" \/>\n\t<meta property=\"og:image:width\" content=\"480\" \/>\n\t<meta property=\"og:image:height\" content=\"702\" \/>\n\t<meta property=\"og:image:type\" content=\"image\/jpeg\" \/>\n<meta name=\"author\" content=\"sanluisinforma.com\" \/>\n<meta name=\"twitter:card\" content=\"summary_large_image\" \/>\n<meta name=\"twitter:label1\" content=\"Escrito por\" \/>\n\t<meta name=\"twitter:data1\" content=\"sanluisinforma.com\" \/>\n\t<meta name=\"twitter:label2\" content=\"Tiempo de lectura\" \/>\n\t<meta name=\"twitter:data2\" content=\"2 minutos\" \/>\n<script type=\"application\/ld+json\" class=\"yoast-schema-graph\">{\"@context\":\"https:\/\/schema.org\",\"@graph\":[{\"@type\":\"Article\",\"@id\":\"https:\/\/sanluisinforma.com\/?p=9537#article\",\"isPartOf\":{\"@id\":\"https:\/\/sanluisinforma.com\/?p=9537\"},\"author\":{\"name\":\"sanluisinforma.com\",\"@id\":\"https:\/\/sanluisinforma.com\/#\/schema\/person\/c30648f71476be533b6f59d092905c8b\"},\"headline\":\"Inicia este 2025 cuidando tu bienestar emocional y salud mental, con terapias que ofrece el DIF Municipal de San Luis Capital\",\"datePublished\":\"2025-01-04T06:45:00+00:00\",\"dateModified\":\"2025-01-04T01:29:53+00:00\",\"mainEntityOfPage\":{\"@id\":\"https:\/\/sanluisinforma.com\/?p=9537\"},\"wordCount\":318,\"publisher\":{\"@id\":\"https:\/\/sanluisinforma.com\/#organization\"},\"image\":{\"@id\":\"https:\/\/sanluisinforma.com\/?p=9537#primaryimage\"},\"thumbnailUrl\":\"https:\/\/sanluisinforma.com\/wp-content\/uploads\/2025\/01\/0bbfdbca-d21c-4876-852c-a23b9081b8e2.jpg\",\"articleSection\":[\"Local\",\"Portada\"],\"inLanguage\":\"es\"},{\"@type\":\"WebPage\",\"@id\":\"https:\/\/sanluisinforma.com\/?p=9537\",\"url\":\"https:\/\/sanluisinforma.com\/?p=9537\",\"name\":\"Inicia este 2025 cuidando tu bienestar emocional y salud mental, con terapias que ofrece el DIF Municipal de San Luis Capital - sanluisinforma.com\",\"isPartOf\":{\"@id\":\"https:\/\/sanluisinforma.com\/#website\"},\"primaryImageOfPage\":{\"@id\":\"https:\/\/sanluisinforma.com\/?p=9537#primaryimage\"},\"image\":{\"@id\":\"https:\/\/sanluisinforma.com\/?p=9537#primaryimage\"},\"thumbnailUrl\":\"https:\/\/sanluisinforma.com\/wp-content\/uploads\/2025\/01\/0bbfdbca-d21c-4876-852c-a23b9081b8e2.jpg\",\"datePublished\":\"2025-01-04T06:45:00+00:00\",\"dateModified\":\"2025-01-04T01:29:53+00:00\",\"breadcrumb\":{\"@id\":\"https:\/\/sanluisinforma.com\/?p=9537#breadcrumb\"},\"inLanguage\":\"es\",\"potentialAction\":[{\"@type\":\"ReadAction\",\"target\":[\"https:\/\/sanluisinforma.com\/?p=9537\"]}]},{\"@type\":\"ImageObject\",\"inLanguage\":\"es\",\"@id\":\"https:\/\/sanluisinforma.com\/?p=9537#primaryimage\",\"url\":\"https:\/\/sanluisinforma.com\/wp-content\/uploads\/2025\/01\/0bbfdbca-d21c-4876-852c-a23b9081b8e2.jpg\",\"contentUrl\":\"https:\/\/sanluisinforma.com\/wp-content\/uploads\/2025\/01\/0bbfdbca-d21c-4876-852c-a23b9081b8e2.jpg\",\"width\":480,\"height\":702},{\"@type\":\"BreadcrumbList\",\"@id\":\"https:\/\/sanluisinforma.com\/?p=9537#breadcrumb\",\"itemListElement\":[{\"@type\":\"ListItem\",\"position\":1,\"name\":\"Inicio\",\"item\":\"https:\/\/sanluisinforma.com\/\"},{\"@type\":\"ListItem\",\"position\":2,\"name\":\"Inicia este 2025 cuidando tu bienestar emocional y salud mental, con terapias que ofrece el DIF Municipal de San Luis Capital\"}]},{\"@type\":\"WebSite\",\"@id\":\"https:\/\/sanluisinforma.com\/#website\",\"url\":\"https:\/\/sanluisinforma.com\/\",\"name\":\"sanluisinforma.com\",\"description\":\"Periodico San Luis Informa\",\"publisher\":{\"@id\":\"https:\/\/sanluisinforma.com\/#organization\"},\"potentialAction\":[{\"@type\":\"SearchAction\",\"target\":{\"@type\":\"EntryPoint\",\"urlTemplate\":\"https:\/\/sanluisinforma.com\/?s={search_term_string}\"},\"query-input\":{\"@type\":\"PropertyValueSpecification\",\"valueRequired\":true,\"valueName\":\"search_term_string\"}}],\"inLanguage\":\"es\"},{\"@type\":\"Organization\",\"@id\":\"https:\/\/sanluisinforma.com\/#organization\",\"name\":\"sanluisinforma.com\",\"url\":\"https:\/\/sanluisinforma.com\/\",\"logo\":{\"@type\":\"ImageObject\",\"inLanguage\":\"es\",\"@id\":\"https:\/\/sanluisinforma.com\/#\/schema\/logo\/image\/\",\"url\":\"https:\/\/sanluisinforma.com\/wp-content\/uploads\/2026\/03\/sanluisinforma-V.jpg\",\"contentUrl\":\"https:\/\/sanluisinforma.com\/wp-content\/uploads\/2026\/03\/sanluisinforma-V.jpg\",\"width\":500,\"height\":156,\"caption\":\"sanluisinforma.com\"},\"image\":{\"@id\":\"https:\/\/sanluisinforma.com\/#\/schema\/logo\/image\/\"}},{\"@type\":\"Person\",\"@id\":\"https:\/\/sanluisinforma.com\/#\/schema\/person\/c30648f71476be533b6f59d092905c8b\",\"name\":\"sanluisinforma.com\",\"image\":{\"@type\":\"ImageObject\",\"inLanguage\":\"es\",\"@id\":\"https:\/\/sanluisinforma.com\/#\/schema\/person\/image\/\",\"url\":\"https:\/\/secure.gravatar.com\/avatar\/86e3114e34a1eecefb963e0a02f0093f93b092dddb2fe1517596343751081a87?s=96&d=mm&r=g\",\"contentUrl\":\"https:\/\/secure.gravatar.com\/avatar\/86e3114e34a1eecefb963e0a02f0093f93b092dddb2fe1517596343751081a87?s=96&d=mm&r=g\",\"caption\":\"sanluisinforma.com\"},\"url\":\"https:\/\/sanluisinforma.com\/?author=2\"}]}<\/script>\n<!-- \/ Yoast SEO plugin. -->","yoast_head_json":{"title":"Inicia este 2025 cuidando tu bienestar emocional y salud mental, con terapias que ofrece el DIF Municipal de San Luis Capital - sanluisinforma.com","robots":{"index":"index","follow":"follow","max-snippet":"max-snippet:-1","max-image-preview":"max-image-preview:large","max-video-preview":"max-video-preview:-1"},"canonical":"https:\/\/sanluisinforma.com\/?p=9537","og_locale":"es_MX","og_type":"article","og_title":"Inicia este 2025 cuidando tu bienestar emocional y salud mental, con terapias que ofrece el DIF Municipal de San Luis Capital - sanluisinforma.com","og_description":"\u201cEn el DIF Municipal ofrecemos terapias individual y de grupo para apoyar a las y los potosinos, seg\u00fan lo que","og_url":"https:\/\/sanluisinforma.com\/?p=9537","og_site_name":"sanluisinforma.com","article_published_time":"2025-01-04T06:45:00+00:00","article_modified_time":"2025-01-04T01:29:53+00:00","og_image":[{"width":480,"height":702,"url":"https:\/\/sanluisinforma.com\/wp-content\/uploads\/2025\/01\/0bbfdbca-d21c-4876-852c-a23b9081b8e2.jpg","type":"image\/jpeg"}],"author":"sanluisinforma.com","twitter_card":"summary_large_image","twitter_misc":{"Escrito por":"sanluisinforma.com","Tiempo de lectura":"2 minutos"},"schema":{"@context":"https:\/\/schema.org","@graph":[{"@type":"Article","@id":"https:\/\/sanluisinforma.com\/?p=9537#article","isPartOf":{"@id":"https:\/\/sanluisinforma.com\/?p=9537"},"author":{"name":"sanluisinforma.com","@id":"https:\/\/sanluisinforma.com\/#\/schema\/person\/c30648f71476be533b6f59d092905c8b"},"headline":"Inicia este 2025 cuidando tu bienestar emocional y salud mental, con terapias que ofrece el DIF Municipal de San Luis Capital","datePublished":"2025-01-04T06:45:00+00:00","dateModified":"2025-01-04T01:29:53+00:00","mainEntityOfPage":{"@id":"https:\/\/sanluisinforma.com\/?p=9537"},"wordCount":318,"publisher":{"@id":"https:\/\/sanluisinforma.com\/#organization"},"image":{"@id":"https:\/\/sanluisinforma.com\/?p=9537#primaryimage"},"thumbnailUrl":"https:\/\/sanluisinforma.com\/wp-content\/uploads\/2025\/01\/0bbfdbca-d21c-4876-852c-a23b9081b8e2.jpg","articleSection":["Local","Portada"],"inLanguage":"es"},{"@type":"WebPage","@id":"https:\/\/sanluisinforma.com\/?p=9537","url":"https:\/\/sanluisinforma.com\/?p=9537","name":"Inicia este 2025 cuidando tu bienestar emocional y salud mental, con terapias que ofrece el DIF Municipal de San Luis Capital - sanluisinforma.com","isPartOf":{"@id":"https:\/\/sanluisinforma.com\/#website"},"primaryImageOfPage":{"@id":"https:\/\/sanluisinforma.com\/?p=9537#primaryimage"},"image":{"@id":"https:\/\/sanluisinforma.com\/?p=9537#primaryimage"},"thumbnailUrl":"https:\/\/sanluisinforma.com\/wp-content\/uploads\/2025\/01\/0bbfdbca-d21c-4876-852c-a23b9081b8e2.jpg","datePublished":"2025-01-04T06:45:00+00:00","dateModified":"2025-01-04T01:29:53+00:00","breadcrumb":{"@id":"https:\/\/sanluisinforma.com\/?p=9537#breadcrumb"},"inLanguage":"es","potentialAction":[{"@type":"ReadAction","target":["https:\/\/sanluisinforma.com\/?p=9537"]}]},{"@type":"ImageObject","inLanguage":"es","@id":"https:\/\/sanluisinforma.com\/?p=9537#primaryimage","url":"https:\/\/sanluisinforma.com\/wp-content\/uploads\/2025\/01\/0bbfdbca-d21c-4876-852c-a23b9081b8e2.jpg","contentUrl":"https:\/\/sanluisinforma.com\/wp-content\/uploads\/2025\/01\/0bbfdbca-d21c-4876-852c-a23b9081b8e2.jpg","width":480,"height":702},{"@type":"BreadcrumbList","@id":"https:\/\/sanluisinforma.com\/?p=9537#breadcrumb","itemListElement":[{"@type":"ListItem","position":1,"name":"Inicio","item":"https:\/\/sanluisinforma.com\/"},{"@type":"ListItem","position":2,"name":"Inicia este 2025 cuidando tu bienestar emocional y salud mental, con terapias que ofrece el DIF Municipal de San Luis Capital"}]},{"@type":"WebSite","@id":"https:\/\/sanluisinforma.com\/#website","url":"https:\/\/sanluisinforma.com\/","name":"sanluisinforma.com","description":"Periodico San Luis Informa","publisher":{"@id":"https:\/\/sanluisinforma.com\/#organization"},"potentialAction":[{"@type":"SearchAction","target":{"@type":"EntryPoint","urlTemplate":"https:\/\/sanluisinforma.com\/?s={search_term_string}"},"query-input":{"@type":"PropertyValueSpecification","valueRequired":true,"valueName":"search_term_string"}}],"inLanguage":"es"},{"@type":"Organization","@id":"https:\/\/sanluisinforma.com\/#organization","name":"sanluisinforma.com","url":"https:\/\/sanluisinforma.com\/","logo":{"@type":"ImageObject","inLanguage":"es","@id":"https:\/\/sanluisinforma.com\/#\/schema\/logo\/image\/","url":"https:\/\/sanluisinforma.com\/wp-content\/uploads\/2026\/03\/sanluisinforma-V.jpg","contentUrl":"https:\/\/sanluisinforma.com\/wp-content\/uploads\/2026\/03\/sanluisinforma-V.jpg","width":500,"height":156,"caption":"sanluisinforma.com"},"image":{"@id":"https:\/\/sanluisinforma.com\/#\/schema\/logo\/image\/"}},{"@type":"Person","@id":"https:\/\/sanluisinforma.com\/#\/schema\/person\/c30648f71476be533b6f59d092905c8b","name":"sanluisinforma.com","image":{"@type":"ImageObject","inLanguage":"es","@id":"https:\/\/sanluisinforma.com\/#\/schema\/person\/image\/","url":"https:\/\/secure.gravatar.com\/avatar\/86e3114e34a1eecefb963e0a02f0093f93b092dddb2fe1517596343751081a87?s=96&d=mm&r=g","contentUrl":"https:\/\/secure.gravatar.com\/avatar\/86e3114e34a1eecefb963e0a02f0093f93b092dddb2fe1517596343751081a87?s=96&d=mm&r=g","caption":"sanluisinforma.com"},"url":"https:\/\/sanluisinforma.com\/?author=2"}]}},"_links":{"self":[{"href":"https:\/\/sanluisinforma.com\/index.php?rest_route=\/wp\/v2\/posts\/9537","targetHints":{"allow":["GET"]}}],"collection":[{"href":"https:\/\/sanluisinforma.com\/index.php?rest_route=\/wp\/v2\/posts"}],"about":[{"href":"https:\/\/sanluisinforma.com\/index.php?rest_route=\/wp\/v2\/types\/post"}],"author":[{"embeddable":true,"href":"https:\/\/sanluisinforma.com\/index.php?rest_route=\/wp\/v2\/users\/2"}],"replies":[{"embeddable":true,"href":"https:\/\/sanluisinforma.com\/index.php?rest_route=%2Fwp%2Fv2%2Fcomments&post=9537"}],"version-history":[{"count":1,"href":"https:\/\/sanluisinforma.com\/index.php?rest_route=\/wp\/v2\/posts\/9537\/revisions"}],"predecessor-version":[{"id":9539,"href":"https:\/\/sanluisinforma.com\/index.php?rest_route=\/wp\/v2\/posts\/9537\/revisions\/9539"}],"wp:featuredmedia":[{"embeddable":true,"href":"https:\/\/sanluisinforma.com\/index.php?rest_route=\/wp\/v2\/media\/9538"}],"wp:attachment":[{"href":"https:\/\/sanluisinforma.com\/index.php?rest_route=%2Fwp%2Fv2%2Fmedia&parent=9537"}],"wp:term":[{"taxonomy":"category","embeddable":true,"href":"https:\/\/sanluisinforma.com\/index.php?rest_route=%2Fwp%2Fv2%2Fcategories&post=9537"},{"taxonomy":"post_tag","embeddable":true,"href":"https:\/\/sanluisinforma.com\/index.php?rest_route=%2Fwp%2Fv2%2Ftags&post=9537"}],"curies":[{"name":"wp","href":"https:\/\/api.w.org\/{rel}","templated":true}]}}