{"id":955,"date":"2022-06-06T09:07:24","date_gmt":"2022-06-06T14:07:24","guid":{"rendered":"https:\/\/sanluisinforma.com\/?p=67581"},"modified":"2022-06-06T09:07:24","modified_gmt":"2022-06-06T14:07:24","slug":"gobierno-de-la-capital-presenta-declaratoria-oficial-mi-municipio-con-la-monarca","status":"publish","type":"post","link":"https:\/\/sanluisinforma.com\/?p=955","title":{"rendered":"Gobierno de la Capital presenta declaratoria oficial \u201cMi Municipio con la Monarca\u201d"},"content":{"rendered":"\n<div class=\"wp-block-image\"><figure class=\"aligncenter size-full is-resized\"><a href=\"https:\/\/sanluisinforma.com\/wp-content\/uploads\/2022\/06\/galindo-1.jpg\"><img loading=\"lazy\" decoding=\"async\" src=\"https:\/\/sanluisinforma.com\/wp-content\/uploads\/2022\/06\/galindo-1.jpg\" alt=\"\" class=\"wp-image-67564\" width=\"612\" height=\"291\"\/><\/a><\/figure><\/div>\n\n\n\n<p><strong>El objetivo es promover nuevas acciones para proteger, conservar y preservar la ruta migratoria de la especie en el municipio<\/strong><\/p>\n\n\n\n<p><strong>Nos sumamos al esfuerzo internacional para proteger a la Mariposa Monarca y hacerla nuestra, tambi\u00e9n es potosina y parte del patrimonio: alcalde Galindo<\/strong><\/p>\n\n\n\n<p>San Luis Potos\u00ed, SLP, 6 de junio de 2022.- En el marco del D\u00eda Mundial del Medio Ambiente, este 5 de junio el alcalde Enrique Galindo Ceballos hizo la Declaratoria Oficial \u201cMi Municipio con la Monarca\u201d, para fortalecer los esfuerzos de colaboraci\u00f3n y promoci\u00f3n de nuevas acciones para proteger, conservar y preservar la ruta migratoria de la Mariposa Monarca, que en su traves\u00eda cruza por la Capital de San Luis Potos\u00ed.<\/p>\n\n\n\n<p>El mandatario municipal mencion\u00f3 que el prop\u00f3sito es trascender el valor y la importancia de la protecci\u00f3n del h\u00e1bitat de esta especie emblem\u00e1tica para M\u00e9xico, \u201choy estamos sum\u00e1ndonos al esfuerzo internacional para proteger a la Mariposa Monarca y desde luego, hacerla muy nuestra, porque la Mariposa Monarca tambi\u00e9n es potosina y la consideramos como nuestro patrimonio porque aqu\u00ed pasa y aqu\u00ed est\u00e1\u201d.<\/p>\n\n\n\n<p>El alcalde capitalino coment\u00f3 que esta es la primera agenda sostenida que se tiene en La Capital del S\u00ed, en la que se incluye tambi\u00e9n la pr\u00f3xima reforestaci\u00f3n de la Sierra de San Miguelito, \u201cpara contribuir de verdad, y de fondo, en el cuidado ambiental en San Luis Potos\u00ed\u201d.<\/p>\n\n\n\n<p>El presidente municipal de San Luis Potos\u00ed mencion\u00f3 tambi\u00e9n los programas de limpieza urbana dominical que implement\u00f3 el municipio, as\u00ed como la alianza con la Universidad Aut\u00f3noma de San Luis Potos\u00ed (UASLP), para conservar y preservar tambi\u00e9n las cact\u00e1ceas.<\/p>\n\n\n\n<p>El alcalde Enrique Galindo ampli\u00f3 la invitaci\u00f3n a la ciudadan\u00eda: \u201clos exhorto a sumarse a la iniciativa Mi Municipio con la Monarca para que, de la mano con el Gobierno de la Capital, nos comprometamos a realizar las catorce acciones con el prop\u00f3sito de proteger la ruta migratoria de la Mariposa Monarca durante su paso por el territorio potosino\u201d.<\/p>\n\n\n\n<p>En su intervenci\u00f3n, el director de Gesti\u00f3n Ecol\u00f3gica, Maximino Jasso, dio a conocer esas acciones, entre las que se mencionan: animar a los ciudadanos a realizar jardines con plantas nativas en sus casas o barrios; instalar se\u00f1alamientos por donde migra la especie; plantar y producir especies nativas productoras de n\u00e9ctar, y convocar a grupos de jardiner\u00eda de las comunidades, organizaciones civiles, clubes ecol\u00f3gicos escolares, empresas y universidades para discutir posibles colaboraciones para alcanzar los objetivos.<\/p>\n\n\n\n<p>Jasso Padr\u00f3n a\u00f1adi\u00f3 que la iniciativa es una adaptaci\u00f3n de la de \u201cAlcaldes comprometidos con la Mariposa Monarca\u201d, creada y promovida por la Federaci\u00f3n Nacional de Vida Silvestre en Estados Unidos de Norteam\u00e9rica, apoyada por los gobiernos y asociaciones civiles de Canad\u00e1, EEUU y M\u00e9xico, ruta del fen\u00f3meno migratorio.<\/p>\n\n\n\n<p>El director de Gesti\u00f3n Ecol\u00f3gica mencion\u00f3 que, en la Semana del Medio Ambiente, el Gobierno de la Capital ofrece una serie de eventos, entre los que destaca un concierto con grupos musicales locales el pr\u00f3ximo viernes, en la explanada del Teatro de la Paz.<\/p>\n","protected":false},"excerpt":{"rendered":"<p>El objetivo es promover nuevas acciones para proteger, conservar y preservar la ruta migratoria de la especie en el municipio<\/p>\n","protected":false},"author":2,"featured_media":956,"comment_status":"open","ping_status":"open","sticky":false,"template":"","format":"standard","meta":{"footnotes":""},"categories":[25],"tags":[],"class_list":["post-955","post","type-post","status-publish","format-standard","has-post-thumbnail","hentry","category-local"],"yoast_head":"<!-- This site is optimized with the Yoast SEO plugin v24.1 - https:\/\/yoast.com\/wordpress\/plugins\/seo\/ -->\n<title>Gobierno de la Capital presenta declaratoria oficial \u201cMi Municipio con la Monarca\u201d - sanluisinforma.com<\/title>\n<meta name=\"robots\" content=\"index, follow, max-snippet:-1, max-image-preview:large, max-video-preview:-1\" \/>\n<link rel=\"canonical\" href=\"https:\/\/sanluisinforma.com\/?p=955\" \/>\n<meta property=\"og:locale\" content=\"es_MX\" \/>\n<meta property=\"og:type\" content=\"article\" \/>\n<meta property=\"og:title\" content=\"Gobierno de la Capital presenta declaratoria oficial \u201cMi Municipio con la Monarca\u201d - sanluisinforma.com\" \/>\n<meta property=\"og:description\" content=\"El objetivo es promover nuevas acciones para proteger, conservar y preservar la ruta migratoria de la especie en el municipio\" \/>\n<meta property=\"og:url\" content=\"https:\/\/sanluisinforma.com\/?p=955\" \/>\n<meta property=\"og:site_name\" content=\"sanluisinforma.com\" \/>\n<meta property=\"article:published_time\" content=\"2022-06-06T14:07:24+00:00\" \/>\n<meta property=\"og:image\" content=\"https:\/\/sanluisinforma.com\/wp-content\/uploads\/2022\/06\/galindo-1.jpg\" \/>\n\t<meta property=\"og:image:width\" content=\"500\" \/>\n\t<meta property=\"og:image:height\" content=\"238\" \/>\n\t<meta property=\"og:image:type\" content=\"image\/jpeg\" \/>\n<meta name=\"author\" content=\"sanluisinforma.com\" \/>\n<meta name=\"twitter:card\" content=\"summary_large_image\" \/>\n<meta name=\"twitter:label1\" content=\"Escrito por\" \/>\n\t<meta name=\"twitter:data1\" content=\"sanluisinforma.com\" \/>\n\t<meta name=\"twitter:label2\" content=\"Tiempo de lectura\" \/>\n\t<meta name=\"twitter:data2\" content=\"3 minutos\" \/>\n<script type=\"application\/ld+json\" class=\"yoast-schema-graph\">{\"@context\":\"https:\/\/schema.org\",\"@graph\":[{\"@type\":\"Article\",\"@id\":\"https:\/\/sanluisinforma.com\/?p=955#article\",\"isPartOf\":{\"@id\":\"https:\/\/sanluisinforma.com\/?p=955\"},\"author\":{\"name\":\"sanluisinforma.com\",\"@id\":\"https:\/\/sanluisinforma.com\/#\/schema\/person\/c30648f71476be533b6f59d092905c8b\"},\"headline\":\"Gobierno de la Capital presenta declaratoria oficial \u201cMi Municipio con la Monarca\u201d\",\"datePublished\":\"2022-06-06T14:07:24+00:00\",\"dateModified\":\"2022-06-06T14:07:24+00:00\",\"mainEntityOfPage\":{\"@id\":\"https:\/\/sanluisinforma.com\/?p=955\"},\"wordCount\":540,\"commentCount\":0,\"publisher\":{\"@id\":\"https:\/\/sanluisinforma.com\/#organization\"},\"image\":{\"@id\":\"https:\/\/sanluisinforma.com\/?p=955#primaryimage\"},\"thumbnailUrl\":\"https:\/\/sanluisinforma.com\/wp-content\/uploads\/2022\/06\/galindo-1.jpg\",\"articleSection\":[\"Local\"],\"inLanguage\":\"es\",\"potentialAction\":[{\"@type\":\"CommentAction\",\"name\":\"Comment\",\"target\":[\"https:\/\/sanluisinforma.com\/?p=955#respond\"]}]},{\"@type\":\"WebPage\",\"@id\":\"https:\/\/sanluisinforma.com\/?p=955\",\"url\":\"https:\/\/sanluisinforma.com\/?p=955\",\"name\":\"Gobierno de la Capital presenta declaratoria oficial \u201cMi Municipio con la Monarca\u201d - sanluisinforma.com\",\"isPartOf\":{\"@id\":\"https:\/\/sanluisinforma.com\/#website\"},\"primaryImageOfPage\":{\"@id\":\"https:\/\/sanluisinforma.com\/?p=955#primaryimage\"},\"image\":{\"@id\":\"https:\/\/sanluisinforma.com\/?p=955#primaryimage\"},\"thumbnailUrl\":\"https:\/\/sanluisinforma.com\/wp-content\/uploads\/2022\/06\/galindo-1.jpg\",\"datePublished\":\"2022-06-06T14:07:24+00:00\",\"dateModified\":\"2022-06-06T14:07:24+00:00\",\"breadcrumb\":{\"@id\":\"https:\/\/sanluisinforma.com\/?p=955#breadcrumb\"},\"inLanguage\":\"es\",\"potentialAction\":[{\"@type\":\"ReadAction\",\"target\":[\"https:\/\/sanluisinforma.com\/?p=955\"]}]},{\"@type\":\"ImageObject\",\"inLanguage\":\"es\",\"@id\":\"https:\/\/sanluisinforma.com\/?p=955#primaryimage\",\"url\":\"https:\/\/sanluisinforma.com\/wp-content\/uploads\/2022\/06\/galindo-1.jpg\",\"contentUrl\":\"https:\/\/sanluisinforma.com\/wp-content\/uploads\/2022\/06\/galindo-1.jpg\",\"width\":500,\"height\":238},{\"@type\":\"BreadcrumbList\",\"@id\":\"https:\/\/sanluisinforma.com\/?p=955#breadcrumb\",\"itemListElement\":[{\"@type\":\"ListItem\",\"position\":1,\"name\":\"Inicio\",\"item\":\"https:\/\/sanluisinforma.com\/\"},{\"@type\":\"ListItem\",\"position\":2,\"name\":\"Gobierno de la Capital presenta declaratoria oficial \u201cMi Municipio con la Monarca\u201d\"}]},{\"@type\":\"WebSite\",\"@id\":\"https:\/\/sanluisinforma.com\/#website\",\"url\":\"https:\/\/sanluisinforma.com\/\",\"name\":\"sanluisinforma.com\",\"description\":\"Periodico San Luis Informa\",\"publisher\":{\"@id\":\"https:\/\/sanluisinforma.com\/#organization\"},\"potentialAction\":[{\"@type\":\"SearchAction\",\"target\":{\"@type\":\"EntryPoint\",\"urlTemplate\":\"https:\/\/sanluisinforma.com\/?s={search_term_string}\"},\"query-input\":{\"@type\":\"PropertyValueSpecification\",\"valueRequired\":true,\"valueName\":\"search_term_string\"}}],\"inLanguage\":\"es\"},{\"@type\":\"Organization\",\"@id\":\"https:\/\/sanluisinforma.com\/#organization\",\"name\":\"sanluisinforma.com\",\"url\":\"https:\/\/sanluisinforma.com\/\",\"logo\":{\"@type\":\"ImageObject\",\"inLanguage\":\"es\",\"@id\":\"https:\/\/sanluisinforma.com\/#\/schema\/logo\/image\/\",\"url\":\"https:\/\/sanluisinforma.com\/wp-content\/uploads\/2026\/03\/sanluisinforma-V.jpg\",\"contentUrl\":\"https:\/\/sanluisinforma.com\/wp-content\/uploads\/2026\/03\/sanluisinforma-V.jpg\",\"width\":500,\"height\":156,\"caption\":\"sanluisinforma.com\"},\"image\":{\"@id\":\"https:\/\/sanluisinforma.com\/#\/schema\/logo\/image\/\"}},{\"@type\":\"Person\",\"@id\":\"https:\/\/sanluisinforma.com\/#\/schema\/person\/c30648f71476be533b6f59d092905c8b\",\"name\":\"sanluisinforma.com\",\"image\":{\"@type\":\"ImageObject\",\"inLanguage\":\"es\",\"@id\":\"https:\/\/sanluisinforma.com\/#\/schema\/person\/image\/\",\"url\":\"https:\/\/secure.gravatar.com\/avatar\/86e3114e34a1eecefb963e0a02f0093f93b092dddb2fe1517596343751081a87?s=96&d=mm&r=g\",\"contentUrl\":\"https:\/\/secure.gravatar.com\/avatar\/86e3114e34a1eecefb963e0a02f0093f93b092dddb2fe1517596343751081a87?s=96&d=mm&r=g\",\"caption\":\"sanluisinforma.com\"},\"url\":\"https:\/\/sanluisinforma.com\/?author=2\"}]}<\/script>\n<!-- \/ Yoast SEO plugin. -->","yoast_head_json":{"title":"Gobierno de la Capital presenta declaratoria oficial \u201cMi Municipio con la Monarca\u201d - sanluisinforma.com","robots":{"index":"index","follow":"follow","max-snippet":"max-snippet:-1","max-image-preview":"max-image-preview:large","max-video-preview":"max-video-preview:-1"},"canonical":"https:\/\/sanluisinforma.com\/?p=955","og_locale":"es_MX","og_type":"article","og_title":"Gobierno de la Capital presenta declaratoria oficial \u201cMi Municipio con la Monarca\u201d - sanluisinforma.com","og_description":"El objetivo es promover nuevas acciones para proteger, conservar y preservar la ruta migratoria de la especie en el municipio","og_url":"https:\/\/sanluisinforma.com\/?p=955","og_site_name":"sanluisinforma.com","article_published_time":"2022-06-06T14:07:24+00:00","og_image":[{"width":500,"height":238,"url":"https:\/\/sanluisinforma.com\/wp-content\/uploads\/2022\/06\/galindo-1.jpg","type":"image\/jpeg"}],"author":"sanluisinforma.com","twitter_card":"summary_large_image","twitter_misc":{"Escrito por":"sanluisinforma.com","Tiempo de lectura":"3 minutos"},"schema":{"@context":"https:\/\/schema.org","@graph":[{"@type":"Article","@id":"https:\/\/sanluisinforma.com\/?p=955#article","isPartOf":{"@id":"https:\/\/sanluisinforma.com\/?p=955"},"author":{"name":"sanluisinforma.com","@id":"https:\/\/sanluisinforma.com\/#\/schema\/person\/c30648f71476be533b6f59d092905c8b"},"headline":"Gobierno de la Capital presenta declaratoria oficial \u201cMi Municipio con la Monarca\u201d","datePublished":"2022-06-06T14:07:24+00:00","dateModified":"2022-06-06T14:07:24+00:00","mainEntityOfPage":{"@id":"https:\/\/sanluisinforma.com\/?p=955"},"wordCount":540,"commentCount":0,"publisher":{"@id":"https:\/\/sanluisinforma.com\/#organization"},"image":{"@id":"https:\/\/sanluisinforma.com\/?p=955#primaryimage"},"thumbnailUrl":"https:\/\/sanluisinforma.com\/wp-content\/uploads\/2022\/06\/galindo-1.jpg","articleSection":["Local"],"inLanguage":"es","potentialAction":[{"@type":"CommentAction","name":"Comment","target":["https:\/\/sanluisinforma.com\/?p=955#respond"]}]},{"@type":"WebPage","@id":"https:\/\/sanluisinforma.com\/?p=955","url":"https:\/\/sanluisinforma.com\/?p=955","name":"Gobierno de la Capital presenta declaratoria oficial \u201cMi Municipio con la Monarca\u201d - sanluisinforma.com","isPartOf":{"@id":"https:\/\/sanluisinforma.com\/#website"},"primaryImageOfPage":{"@id":"https:\/\/sanluisinforma.com\/?p=955#primaryimage"},"image":{"@id":"https:\/\/sanluisinforma.com\/?p=955#primaryimage"},"thumbnailUrl":"https:\/\/sanluisinforma.com\/wp-content\/uploads\/2022\/06\/galindo-1.jpg","datePublished":"2022-06-06T14:07:24+00:00","dateModified":"2022-06-06T14:07:24+00:00","breadcrumb":{"@id":"https:\/\/sanluisinforma.com\/?p=955#breadcrumb"},"inLanguage":"es","potentialAction":[{"@type":"ReadAction","target":["https:\/\/sanluisinforma.com\/?p=955"]}]},{"@type":"ImageObject","inLanguage":"es","@id":"https:\/\/sanluisinforma.com\/?p=955#primaryimage","url":"https:\/\/sanluisinforma.com\/wp-content\/uploads\/2022\/06\/galindo-1.jpg","contentUrl":"https:\/\/sanluisinforma.com\/wp-content\/uploads\/2022\/06\/galindo-1.jpg","width":500,"height":238},{"@type":"BreadcrumbList","@id":"https:\/\/sanluisinforma.com\/?p=955#breadcrumb","itemListElement":[{"@type":"ListItem","position":1,"name":"Inicio","item":"https:\/\/sanluisinforma.com\/"},{"@type":"ListItem","position":2,"name":"Gobierno de la Capital presenta declaratoria oficial \u201cMi Municipio con la Monarca\u201d"}]},{"@type":"WebSite","@id":"https:\/\/sanluisinforma.com\/#website","url":"https:\/\/sanluisinforma.com\/","name":"sanluisinforma.com","description":"Periodico San Luis Informa","publisher":{"@id":"https:\/\/sanluisinforma.com\/#organization"},"potentialAction":[{"@type":"SearchAction","target":{"@type":"EntryPoint","urlTemplate":"https:\/\/sanluisinforma.com\/?s={search_term_string}"},"query-input":{"@type":"PropertyValueSpecification","valueRequired":true,"valueName":"search_term_string"}}],"inLanguage":"es"},{"@type":"Organization","@id":"https:\/\/sanluisinforma.com\/#organization","name":"sanluisinforma.com","url":"https:\/\/sanluisinforma.com\/","logo":{"@type":"ImageObject","inLanguage":"es","@id":"https:\/\/sanluisinforma.com\/#\/schema\/logo\/image\/","url":"https:\/\/sanluisinforma.com\/wp-content\/uploads\/2026\/03\/sanluisinforma-V.jpg","contentUrl":"https:\/\/sanluisinforma.com\/wp-content\/uploads\/2026\/03\/sanluisinforma-V.jpg","width":500,"height":156,"caption":"sanluisinforma.com"},"image":{"@id":"https:\/\/sanluisinforma.com\/#\/schema\/logo\/image\/"}},{"@type":"Person","@id":"https:\/\/sanluisinforma.com\/#\/schema\/person\/c30648f71476be533b6f59d092905c8b","name":"sanluisinforma.com","image":{"@type":"ImageObject","inLanguage":"es","@id":"https:\/\/sanluisinforma.com\/#\/schema\/person\/image\/","url":"https:\/\/secure.gravatar.com\/avatar\/86e3114e34a1eecefb963e0a02f0093f93b092dddb2fe1517596343751081a87?s=96&d=mm&r=g","contentUrl":"https:\/\/secure.gravatar.com\/avatar\/86e3114e34a1eecefb963e0a02f0093f93b092dddb2fe1517596343751081a87?s=96&d=mm&r=g","caption":"sanluisinforma.com"},"url":"https:\/\/sanluisinforma.com\/?author=2"}]}},"_links":{"self":[{"href":"https:\/\/sanluisinforma.com\/index.php?rest_route=\/wp\/v2\/posts\/955","targetHints":{"allow":["GET"]}}],"collection":[{"href":"https:\/\/sanluisinforma.com\/index.php?rest_route=\/wp\/v2\/posts"}],"about":[{"href":"https:\/\/sanluisinforma.com\/index.php?rest_route=\/wp\/v2\/types\/post"}],"author":[{"embeddable":true,"href":"https:\/\/sanluisinforma.com\/index.php?rest_route=\/wp\/v2\/users\/2"}],"replies":[{"embeddable":true,"href":"https:\/\/sanluisinforma.com\/index.php?rest_route=%2Fwp%2Fv2%2Fcomments&post=955"}],"version-history":[{"count":0,"href":"https:\/\/sanluisinforma.com\/index.php?rest_route=\/wp\/v2\/posts\/955\/revisions"}],"wp:featuredmedia":[{"embeddable":true,"href":"https:\/\/sanluisinforma.com\/index.php?rest_route=\/wp\/v2\/media\/956"}],"wp:attachment":[{"href":"https:\/\/sanluisinforma.com\/index.php?rest_route=%2Fwp%2Fv2%2Fmedia&parent=955"}],"wp:term":[{"taxonomy":"category","embeddable":true,"href":"https:\/\/sanluisinforma.com\/index.php?rest_route=%2Fwp%2Fv2%2Fcategories&post=955"},{"taxonomy":"post_tag","embeddable":true,"href":"https:\/\/sanluisinforma.com\/index.php?rest_route=%2Fwp%2Fv2%2Ftags&post=955"}],"curies":[{"name":"wp","href":"https:\/\/api.w.org\/{rel}","templated":true}]}}