{"id":9561,"date":"2025-01-05T00:40:00","date_gmt":"2025-01-05T06:40:00","guid":{"rendered":"https:\/\/sanluisinforma.com\/?p=9561"},"modified":"2025-01-04T20:27:31","modified_gmt":"2025-01-05T02:27:31","slug":"en-hidalgo-presidenta-claudia-sheinbaum-anuncia-la-conversion-de-termoelectrica-de-tula-a-gas-natural-y-construccion-de-fabrica-de-pallets-de-carbon-vegetal","status":"publish","type":"post","link":"https:\/\/sanluisinforma.com\/?p=9561","title":{"rendered":"Presidenta Claudia Sheinbaum anuncia  Conversi\u00f3n de Termoel\u00e9ctrica de Tula a Gas Natural y construcci\u00f3n de f\u00e1brica de Pallets de\u00a0 carb\u00f3n vegetal"},"content":{"rendered":"\n<p><\/p>\n\n\n\n<p>&nbsp;\u201cEsa ciudad la vamos a convertir en la ciudad m\u00e1s limpia y de mejor calidad de vida que cualquier ciudad que haya en nuestro pa\u00eds\u201d, inform\u00f3<\/p>\n\n\n\n<p>En abril, inicia la construcci\u00f3n del tren de pasajeros M\u00e9xico-Pachuca, record\u00f3<\/p>\n\n\n\n<p>Desde Hidalgo, la Presidenta de M\u00e9xico, Claudia Sheinbaum Pardo anunci\u00f3 la conversi\u00f3n de la Termoel\u00e9ctrica de Tula a gas natural y la construcci\u00f3n de una f\u00e1brica de pellets de carb\u00f3n vegetal.&nbsp;&nbsp;&nbsp;&nbsp;&nbsp;<\/p>\n\n\n\n<p>\u201cDe una vez lo voy a anunciar, la Termoel\u00e9ctrica que est\u00e1 en Tula que usa combust\u00f3leo la vamos a convertir en gas natural. Este a\u00f1o vamos a iniciar con este proyecto; todo el R\u00edo Tula y todas sus afluentes los vamos a sanear, es un proyecto muy importante para mejorar el Rio Tula y tambi\u00e9n, ah\u00ed d\u00f3nde se iba a hacer la Refiner\u00eda de Calder\u00f3n, que nada m\u00e1s lleg\u00f3 una barda y ni completa, media barda, ah\u00ed se est\u00e1 construyendo un Hospital del IMSS, pero en ese lugar queremos hacer uno de los proyectos m\u00e1s ambiciosos de todo el sexenio, le llamamos un espacio para la Econom\u00eda Circular, \u00bfqu\u00e9 quiere decir eso? Que la basura la vamos a convertir en algo \u00fatil, entonces la basura org\u00e1nica la vamos a convertir en pellets de carb\u00f3n vegetal, es un proyecto nuevo de una f\u00e1brica que vamos a hacer desde el Gobierno de la Rep\u00fablica\u201d, anunci\u00f3.<\/p>\n\n\n\n<p><strong>Durante la entrega de 707 nuevas tarjetas del Banco del Bienestar a beneficiarias de las pensiones Mujeres Bienestar y de Adultos Mayores en Tepeapulco, Hidalgo, asever\u00f3 que con estas obras, particularmente la construcci\u00f3n de la f\u00e1brica de pellets, se tiene el objetivo de convertir a Tula en la ciudad m\u00e1s limpia y con las mejores condiciones de vida del pa\u00eds.<\/strong><\/p>\n\n\n\n<p>\u201cEsa ciudad la vamos a convertir en la ciudad m\u00e1s limpia y de mejor calidad de vida que cualquier ciudad que haya en nuestro pa\u00eds, ese es un compromiso que tenemos hist\u00f3rico para Hidalgo, adem\u00e1s de otras acciones que vamos a desarrollar en este bell\u00edsimo estado de Hidalgo\u201d, agreg\u00f3.<\/p>\n\n\n\n<p>Record\u00f3 que sumado a este proyecto, Hidalgo contar\u00e1 con la l\u00ednea del tren de pasajeros M\u00e9xico-Pachuca, que se comenzar\u00e1 a construir en abril; as\u00ed como el programa de apoyo al campo Cosechando Soberan\u00eda.<\/p>\n\n\n\n<p>Resalt\u00f3 que con la llegada de una mujer a la Presidencia de M\u00e9xico, llegaron todas y por ello se inicia la entrega de tarjetas a mexicanas de 63 y 64 a\u00f1os beneficiarias de la Pensi\u00f3n Mujeres Bienestar, que busca reconocer el trabajo de las mujeres mexicanas a lo largo de la historia.<\/p>\n\n\n\n<p>\u201cSoy abuela, soy mam\u00e1, soy ama de casa y soy Presidenta de la Rep\u00fablica y hay Presidentas en todo el pa\u00eds y en todo el estado, hay Presidentas en la casa, hay Presidentas en la escuela, hay Presidentas en la calle, hay Presidentas en todos lados porque no llegu\u00e9 sola, llegamos todas\u201d, resalt\u00f3.<\/p>\n\n\n\n<p>Agreg\u00f3 que los otros dos programas sociales nuevos son la beca \u201cRita Cetina\u201d para ni\u00f1os y adolescentes de preescolar, primaria y secundaria de escuelas p\u00fablicas; as\u00ed como el programa \u201cSalud Casa por Casa\u201d, para que las personas adultas mayores reciban atenci\u00f3n m\u00e9dica en su domicilio y de manera gratuita<\/p>\n","protected":false},"excerpt":{"rendered":"<p>&nbsp;\u201cEsa ciudad la vamos a convertir en la ciudad m\u00e1s limpia y de mejor calidad de vida que cualquier ciudad<\/p>\n","protected":false},"author":2,"featured_media":9562,"comment_status":"closed","ping_status":"closed","sticky":false,"template":"","format":"standard","meta":{"footnotes":""},"categories":[26],"tags":[],"class_list":["post-9561","post","type-post","status-publish","format-standard","has-post-thumbnail","hentry","category-nacional"],"yoast_head":"<!-- This site is optimized with the Yoast SEO plugin v24.1 - https:\/\/yoast.com\/wordpress\/plugins\/seo\/ -->\n<title>Presidenta Claudia Sheinbaum anuncia Conversi\u00f3n de Termoel\u00e9ctrica de Tula a Gas Natural y construcci\u00f3n de f\u00e1brica de Pallets de\u00a0 carb\u00f3n vegetal - sanluisinforma.com<\/title>\n<meta name=\"robots\" content=\"index, follow, max-snippet:-1, max-image-preview:large, max-video-preview:-1\" \/>\n<link rel=\"canonical\" href=\"https:\/\/sanluisinforma.com\/?p=9561\" \/>\n<meta property=\"og:locale\" content=\"es_MX\" \/>\n<meta property=\"og:type\" content=\"article\" \/>\n<meta property=\"og:title\" content=\"Presidenta Claudia Sheinbaum anuncia Conversi\u00f3n de Termoel\u00e9ctrica de Tula a Gas Natural y construcci\u00f3n de f\u00e1brica de Pallets de\u00a0 carb\u00f3n vegetal - sanluisinforma.com\" \/>\n<meta property=\"og:description\" content=\"&nbsp;\u201cEsa ciudad la vamos a convertir en la ciudad m\u00e1s limpia y de mejor calidad de vida que cualquier ciudad\" \/>\n<meta property=\"og:url\" content=\"https:\/\/sanluisinforma.com\/?p=9561\" \/>\n<meta property=\"og:site_name\" content=\"sanluisinforma.com\" \/>\n<meta property=\"article:published_time\" content=\"2025-01-05T06:40:00+00:00\" \/>\n<meta property=\"article:modified_time\" content=\"2025-01-05T02:27:31+00:00\" \/>\n<meta property=\"og:image\" content=\"https:\/\/sanluisinforma.com\/wp-content\/uploads\/2025\/01\/4449c54c-8287-4814-9f31-dfd1f4ca85ca.jpg\" \/>\n\t<meta property=\"og:image:width\" content=\"480\" \/>\n\t<meta property=\"og:image:height\" content=\"319\" \/>\n\t<meta property=\"og:image:type\" content=\"image\/jpeg\" \/>\n<meta name=\"author\" content=\"sanluisinforma.com\" \/>\n<meta name=\"twitter:card\" content=\"summary_large_image\" \/>\n<meta name=\"twitter:label1\" content=\"Escrito por\" \/>\n\t<meta name=\"twitter:data1\" content=\"sanluisinforma.com\" \/>\n\t<meta name=\"twitter:label2\" content=\"Tiempo de lectura\" \/>\n\t<meta name=\"twitter:data2\" content=\"3 minutos\" \/>\n<script type=\"application\/ld+json\" class=\"yoast-schema-graph\">{\"@context\":\"https:\/\/schema.org\",\"@graph\":[{\"@type\":\"Article\",\"@id\":\"https:\/\/sanluisinforma.com\/?p=9561#article\",\"isPartOf\":{\"@id\":\"https:\/\/sanluisinforma.com\/?p=9561\"},\"author\":{\"name\":\"sanluisinforma.com\",\"@id\":\"https:\/\/sanluisinforma.com\/#\/schema\/person\/c30648f71476be533b6f59d092905c8b\"},\"headline\":\"Presidenta Claudia Sheinbaum anuncia Conversi\u00f3n de Termoel\u00e9ctrica de Tula a Gas Natural y construcci\u00f3n de f\u00e1brica de Pallets de\u00a0 carb\u00f3n vegetal\",\"datePublished\":\"2025-01-05T06:40:00+00:00\",\"dateModified\":\"2025-01-05T02:27:31+00:00\",\"mainEntityOfPage\":{\"@id\":\"https:\/\/sanluisinforma.com\/?p=9561\"},\"wordCount\":592,\"publisher\":{\"@id\":\"https:\/\/sanluisinforma.com\/#organization\"},\"image\":{\"@id\":\"https:\/\/sanluisinforma.com\/?p=9561#primaryimage\"},\"thumbnailUrl\":\"https:\/\/sanluisinforma.com\/wp-content\/uploads\/2025\/01\/4449c54c-8287-4814-9f31-dfd1f4ca85ca.jpg\",\"articleSection\":[\"Nacional\"],\"inLanguage\":\"es\"},{\"@type\":\"WebPage\",\"@id\":\"https:\/\/sanluisinforma.com\/?p=9561\",\"url\":\"https:\/\/sanluisinforma.com\/?p=9561\",\"name\":\"Presidenta Claudia Sheinbaum anuncia Conversi\u00f3n de Termoel\u00e9ctrica de Tula a Gas Natural y construcci\u00f3n de f\u00e1brica de Pallets de\u00a0 carb\u00f3n vegetal - sanluisinforma.com\",\"isPartOf\":{\"@id\":\"https:\/\/sanluisinforma.com\/#website\"},\"primaryImageOfPage\":{\"@id\":\"https:\/\/sanluisinforma.com\/?p=9561#primaryimage\"},\"image\":{\"@id\":\"https:\/\/sanluisinforma.com\/?p=9561#primaryimage\"},\"thumbnailUrl\":\"https:\/\/sanluisinforma.com\/wp-content\/uploads\/2025\/01\/4449c54c-8287-4814-9f31-dfd1f4ca85ca.jpg\",\"datePublished\":\"2025-01-05T06:40:00+00:00\",\"dateModified\":\"2025-01-05T02:27:31+00:00\",\"breadcrumb\":{\"@id\":\"https:\/\/sanluisinforma.com\/?p=9561#breadcrumb\"},\"inLanguage\":\"es\",\"potentialAction\":[{\"@type\":\"ReadAction\",\"target\":[\"https:\/\/sanluisinforma.com\/?p=9561\"]}]},{\"@type\":\"ImageObject\",\"inLanguage\":\"es\",\"@id\":\"https:\/\/sanluisinforma.com\/?p=9561#primaryimage\",\"url\":\"https:\/\/sanluisinforma.com\/wp-content\/uploads\/2025\/01\/4449c54c-8287-4814-9f31-dfd1f4ca85ca.jpg\",\"contentUrl\":\"https:\/\/sanluisinforma.com\/wp-content\/uploads\/2025\/01\/4449c54c-8287-4814-9f31-dfd1f4ca85ca.jpg\",\"width\":480,\"height\":319},{\"@type\":\"BreadcrumbList\",\"@id\":\"https:\/\/sanluisinforma.com\/?p=9561#breadcrumb\",\"itemListElement\":[{\"@type\":\"ListItem\",\"position\":1,\"name\":\"Inicio\",\"item\":\"https:\/\/sanluisinforma.com\/\"},{\"@type\":\"ListItem\",\"position\":2,\"name\":\"Presidenta Claudia Sheinbaum anuncia Conversi\u00f3n de Termoel\u00e9ctrica de Tula a Gas Natural y construcci\u00f3n de f\u00e1brica de Pallets de\u00a0 carb\u00f3n vegetal\"}]},{\"@type\":\"WebSite\",\"@id\":\"https:\/\/sanluisinforma.com\/#website\",\"url\":\"https:\/\/sanluisinforma.com\/\",\"name\":\"sanluisinforma.com\",\"description\":\"Periodico San Luis Informa\",\"publisher\":{\"@id\":\"https:\/\/sanluisinforma.com\/#organization\"},\"potentialAction\":[{\"@type\":\"SearchAction\",\"target\":{\"@type\":\"EntryPoint\",\"urlTemplate\":\"https:\/\/sanluisinforma.com\/?s={search_term_string}\"},\"query-input\":{\"@type\":\"PropertyValueSpecification\",\"valueRequired\":true,\"valueName\":\"search_term_string\"}}],\"inLanguage\":\"es\"},{\"@type\":\"Organization\",\"@id\":\"https:\/\/sanluisinforma.com\/#organization\",\"name\":\"sanluisinforma.com\",\"url\":\"https:\/\/sanluisinforma.com\/\",\"logo\":{\"@type\":\"ImageObject\",\"inLanguage\":\"es\",\"@id\":\"https:\/\/sanluisinforma.com\/#\/schema\/logo\/image\/\",\"url\":\"https:\/\/sanluisinforma.com\/wp-content\/uploads\/2026\/03\/sanluisinforma-V.jpg\",\"contentUrl\":\"https:\/\/sanluisinforma.com\/wp-content\/uploads\/2026\/03\/sanluisinforma-V.jpg\",\"width\":500,\"height\":156,\"caption\":\"sanluisinforma.com\"},\"image\":{\"@id\":\"https:\/\/sanluisinforma.com\/#\/schema\/logo\/image\/\"}},{\"@type\":\"Person\",\"@id\":\"https:\/\/sanluisinforma.com\/#\/schema\/person\/c30648f71476be533b6f59d092905c8b\",\"name\":\"sanluisinforma.com\",\"image\":{\"@type\":\"ImageObject\",\"inLanguage\":\"es\",\"@id\":\"https:\/\/sanluisinforma.com\/#\/schema\/person\/image\/\",\"url\":\"https:\/\/secure.gravatar.com\/avatar\/86e3114e34a1eecefb963e0a02f0093f93b092dddb2fe1517596343751081a87?s=96&d=mm&r=g\",\"contentUrl\":\"https:\/\/secure.gravatar.com\/avatar\/86e3114e34a1eecefb963e0a02f0093f93b092dddb2fe1517596343751081a87?s=96&d=mm&r=g\",\"caption\":\"sanluisinforma.com\"},\"url\":\"https:\/\/sanluisinforma.com\/?author=2\"}]}<\/script>\n<!-- \/ Yoast SEO plugin. -->","yoast_head_json":{"title":"Presidenta Claudia Sheinbaum anuncia Conversi\u00f3n de Termoel\u00e9ctrica de Tula a Gas Natural y construcci\u00f3n de f\u00e1brica de Pallets de\u00a0 carb\u00f3n vegetal - sanluisinforma.com","robots":{"index":"index","follow":"follow","max-snippet":"max-snippet:-1","max-image-preview":"max-image-preview:large","max-video-preview":"max-video-preview:-1"},"canonical":"https:\/\/sanluisinforma.com\/?p=9561","og_locale":"es_MX","og_type":"article","og_title":"Presidenta Claudia Sheinbaum anuncia Conversi\u00f3n de Termoel\u00e9ctrica de Tula a Gas Natural y construcci\u00f3n de f\u00e1brica de Pallets de\u00a0 carb\u00f3n vegetal - sanluisinforma.com","og_description":"&nbsp;\u201cEsa ciudad la vamos a convertir en la ciudad m\u00e1s limpia y de mejor calidad de vida que cualquier ciudad","og_url":"https:\/\/sanluisinforma.com\/?p=9561","og_site_name":"sanluisinforma.com","article_published_time":"2025-01-05T06:40:00+00:00","article_modified_time":"2025-01-05T02:27:31+00:00","og_image":[{"width":480,"height":319,"url":"https:\/\/sanluisinforma.com\/wp-content\/uploads\/2025\/01\/4449c54c-8287-4814-9f31-dfd1f4ca85ca.jpg","type":"image\/jpeg"}],"author":"sanluisinforma.com","twitter_card":"summary_large_image","twitter_misc":{"Escrito por":"sanluisinforma.com","Tiempo de lectura":"3 minutos"},"schema":{"@context":"https:\/\/schema.org","@graph":[{"@type":"Article","@id":"https:\/\/sanluisinforma.com\/?p=9561#article","isPartOf":{"@id":"https:\/\/sanluisinforma.com\/?p=9561"},"author":{"name":"sanluisinforma.com","@id":"https:\/\/sanluisinforma.com\/#\/schema\/person\/c30648f71476be533b6f59d092905c8b"},"headline":"Presidenta Claudia Sheinbaum anuncia Conversi\u00f3n de Termoel\u00e9ctrica de Tula a Gas Natural y construcci\u00f3n de f\u00e1brica de Pallets de\u00a0 carb\u00f3n vegetal","datePublished":"2025-01-05T06:40:00+00:00","dateModified":"2025-01-05T02:27:31+00:00","mainEntityOfPage":{"@id":"https:\/\/sanluisinforma.com\/?p=9561"},"wordCount":592,"publisher":{"@id":"https:\/\/sanluisinforma.com\/#organization"},"image":{"@id":"https:\/\/sanluisinforma.com\/?p=9561#primaryimage"},"thumbnailUrl":"https:\/\/sanluisinforma.com\/wp-content\/uploads\/2025\/01\/4449c54c-8287-4814-9f31-dfd1f4ca85ca.jpg","articleSection":["Nacional"],"inLanguage":"es"},{"@type":"WebPage","@id":"https:\/\/sanluisinforma.com\/?p=9561","url":"https:\/\/sanluisinforma.com\/?p=9561","name":"Presidenta Claudia Sheinbaum anuncia Conversi\u00f3n de Termoel\u00e9ctrica de Tula a Gas Natural y construcci\u00f3n de f\u00e1brica de Pallets de\u00a0 carb\u00f3n vegetal - sanluisinforma.com","isPartOf":{"@id":"https:\/\/sanluisinforma.com\/#website"},"primaryImageOfPage":{"@id":"https:\/\/sanluisinforma.com\/?p=9561#primaryimage"},"image":{"@id":"https:\/\/sanluisinforma.com\/?p=9561#primaryimage"},"thumbnailUrl":"https:\/\/sanluisinforma.com\/wp-content\/uploads\/2025\/01\/4449c54c-8287-4814-9f31-dfd1f4ca85ca.jpg","datePublished":"2025-01-05T06:40:00+00:00","dateModified":"2025-01-05T02:27:31+00:00","breadcrumb":{"@id":"https:\/\/sanluisinforma.com\/?p=9561#breadcrumb"},"inLanguage":"es","potentialAction":[{"@type":"ReadAction","target":["https:\/\/sanluisinforma.com\/?p=9561"]}]},{"@type":"ImageObject","inLanguage":"es","@id":"https:\/\/sanluisinforma.com\/?p=9561#primaryimage","url":"https:\/\/sanluisinforma.com\/wp-content\/uploads\/2025\/01\/4449c54c-8287-4814-9f31-dfd1f4ca85ca.jpg","contentUrl":"https:\/\/sanluisinforma.com\/wp-content\/uploads\/2025\/01\/4449c54c-8287-4814-9f31-dfd1f4ca85ca.jpg","width":480,"height":319},{"@type":"BreadcrumbList","@id":"https:\/\/sanluisinforma.com\/?p=9561#breadcrumb","itemListElement":[{"@type":"ListItem","position":1,"name":"Inicio","item":"https:\/\/sanluisinforma.com\/"},{"@type":"ListItem","position":2,"name":"Presidenta Claudia Sheinbaum anuncia Conversi\u00f3n de Termoel\u00e9ctrica de Tula a Gas Natural y construcci\u00f3n de f\u00e1brica de Pallets de\u00a0 carb\u00f3n vegetal"}]},{"@type":"WebSite","@id":"https:\/\/sanluisinforma.com\/#website","url":"https:\/\/sanluisinforma.com\/","name":"sanluisinforma.com","description":"Periodico San Luis Informa","publisher":{"@id":"https:\/\/sanluisinforma.com\/#organization"},"potentialAction":[{"@type":"SearchAction","target":{"@type":"EntryPoint","urlTemplate":"https:\/\/sanluisinforma.com\/?s={search_term_string}"},"query-input":{"@type":"PropertyValueSpecification","valueRequired":true,"valueName":"search_term_string"}}],"inLanguage":"es"},{"@type":"Organization","@id":"https:\/\/sanluisinforma.com\/#organization","name":"sanluisinforma.com","url":"https:\/\/sanluisinforma.com\/","logo":{"@type":"ImageObject","inLanguage":"es","@id":"https:\/\/sanluisinforma.com\/#\/schema\/logo\/image\/","url":"https:\/\/sanluisinforma.com\/wp-content\/uploads\/2026\/03\/sanluisinforma-V.jpg","contentUrl":"https:\/\/sanluisinforma.com\/wp-content\/uploads\/2026\/03\/sanluisinforma-V.jpg","width":500,"height":156,"caption":"sanluisinforma.com"},"image":{"@id":"https:\/\/sanluisinforma.com\/#\/schema\/logo\/image\/"}},{"@type":"Person","@id":"https:\/\/sanluisinforma.com\/#\/schema\/person\/c30648f71476be533b6f59d092905c8b","name":"sanluisinforma.com","image":{"@type":"ImageObject","inLanguage":"es","@id":"https:\/\/sanluisinforma.com\/#\/schema\/person\/image\/","url":"https:\/\/secure.gravatar.com\/avatar\/86e3114e34a1eecefb963e0a02f0093f93b092dddb2fe1517596343751081a87?s=96&d=mm&r=g","contentUrl":"https:\/\/secure.gravatar.com\/avatar\/86e3114e34a1eecefb963e0a02f0093f93b092dddb2fe1517596343751081a87?s=96&d=mm&r=g","caption":"sanluisinforma.com"},"url":"https:\/\/sanluisinforma.com\/?author=2"}]}},"_links":{"self":[{"href":"https:\/\/sanluisinforma.com\/index.php?rest_route=\/wp\/v2\/posts\/9561","targetHints":{"allow":["GET"]}}],"collection":[{"href":"https:\/\/sanluisinforma.com\/index.php?rest_route=\/wp\/v2\/posts"}],"about":[{"href":"https:\/\/sanluisinforma.com\/index.php?rest_route=\/wp\/v2\/types\/post"}],"author":[{"embeddable":true,"href":"https:\/\/sanluisinforma.com\/index.php?rest_route=\/wp\/v2\/users\/2"}],"replies":[{"embeddable":true,"href":"https:\/\/sanluisinforma.com\/index.php?rest_route=%2Fwp%2Fv2%2Fcomments&post=9561"}],"version-history":[{"count":2,"href":"https:\/\/sanluisinforma.com\/index.php?rest_route=\/wp\/v2\/posts\/9561\/revisions"}],"predecessor-version":[{"id":9564,"href":"https:\/\/sanluisinforma.com\/index.php?rest_route=\/wp\/v2\/posts\/9561\/revisions\/9564"}],"wp:featuredmedia":[{"embeddable":true,"href":"https:\/\/sanluisinforma.com\/index.php?rest_route=\/wp\/v2\/media\/9562"}],"wp:attachment":[{"href":"https:\/\/sanluisinforma.com\/index.php?rest_route=%2Fwp%2Fv2%2Fmedia&parent=9561"}],"wp:term":[{"taxonomy":"category","embeddable":true,"href":"https:\/\/sanluisinforma.com\/index.php?rest_route=%2Fwp%2Fv2%2Fcategories&post=9561"},{"taxonomy":"post_tag","embeddable":true,"href":"https:\/\/sanluisinforma.com\/index.php?rest_route=%2Fwp%2Fv2%2Ftags&post=9561"}],"curies":[{"name":"wp","href":"https:\/\/api.w.org\/{rel}","templated":true}]}}