{"id":9566,"date":"2025-01-05T00:25:00","date_gmt":"2025-01-05T06:25:00","guid":{"rendered":"https:\/\/sanluisinforma.com\/?p=9566"},"modified":"2025-01-04T20:52:57","modified_gmt":"2025-01-05T02:52:57","slug":"coordinacion-con-municipios-esencial-para-abatir-indices-delictivos-jesus-juarez-hernandez","status":"publish","type":"post","link":"https:\/\/sanluisinforma.com\/?p=9566","title":{"rendered":"Coordinacion con municipios ;esencial para abatir indices delictivos :  Jes\u00fas Ju\u00e1rez Hern\u00e1ndez"},"content":{"rendered":"\n<p><\/p>\n\n\n\n<p><\/p>\n\n\n\n<p>Soledad de Graciano S\u00e1nchez y Villa de Pozos, por su ubicaci\u00f3n estrat\u00e9gica mantienen lazos estrechos de colaboraci\u00f3n<\/p>\n\n\n\n<p><\/p>\n\n\n\n<p><strong>San Luis Potos\u00ed, S.L.P.- <\/strong>La Secretar\u00eda de Seguridad y Protecci\u00f3n Ciudadana del Estado, fortalece la coordinaci\u00f3n con los 59 municipios para seguir abatiendo los \u00edndices delictivos.<\/p>\n\n\n\n<p>El comandante de la Guardia Civil Estatal, Jes\u00fas Ju\u00e1rez Hern\u00e1ndez, destac\u00f3 que se fortaleci\u00f3 la coordinaci\u00f3n de prevenci\u00f3n, seguridad y proximidad social en la zona metropolitana para el combate a la comisi\u00f3n de il\u00edcitos, siendo Soledad de Graciano S\u00e1nchez y Villa de Pozos quienes mantienen una activa colaboraci\u00f3n precisamente por su ubicaci\u00f3n estrat\u00e9gica.<\/p>\n\n\n\n<p>Aunado a ello, coment\u00f3 que la incorporaci\u00f3n de nuevos perfiles de la tercera generaci\u00f3n de alumnas y alumnos de la Guardia Civil Estatal, con alto grado de excelencia en su formaci\u00f3n, reforzar\u00e1n la Divisi\u00f3n Caminos, as\u00ed como las bases y jefaturas metropolitanas de la capital potosina, Tierra Nueva, Villa de Reyes, Villa de Arriaga, Villa de Zaragoza y Santa Mar\u00eda del R\u00edo.<\/p>\n\n\n\n<p>Adem\u00e1s del corredor metropolitano, la operatividad y las labores de inteligencia se incrementar\u00e1n en los municipios de Villa de Arista, Moctezuma, Venado, Charcas, donde recientemente se han obtenido resultados en el combate al crimen organizado.<\/p>\n\n\n\n<p>Adelant\u00f3 que ya se planea activar dos bases de operaciones en Villa de Reyes y Guadalc\u00e1zar, como parte del Plan Integral de Seguridad implementado para reducir los delitos e incrementar detenciones relacionadas con alg\u00fan hecho il\u00edcito que lacere a la sociedad potosina.<\/p>\n\n\n\n<p>Finalmente el maestro Jes\u00fas Ju\u00e1rez sostuvo que la comunicaci\u00f3n es constante con los municipios de Soledad de Graciano S\u00e1nchez y Villa de Pozos, donde la tendencia es positiva de acuerdo a sus resultados presentados, increment\u00e1ndose el n\u00famero de detenidos, atenciones y, con m\u00e1s presencia en diversas zonas para realizar proximidad social y erradicar malas pr\u00e1cticas, adem\u00e1s de brindarles apoyo jur\u00eddico y operativo en todos los sentidos para beneficio de las y los potosinos.<\/p>\n","protected":false},"excerpt":{"rendered":"<p>Soledad de Graciano S\u00e1nchez y Villa de Pozos, por su ubicaci\u00f3n estrat\u00e9gica mantienen lazos estrechos de colaboraci\u00f3n San Luis Potos\u00ed,<\/p>\n","protected":false},"author":2,"featured_media":0,"comment_status":"closed","ping_status":"closed","sticky":false,"template":"","format":"standard","meta":{"footnotes":""},"categories":[25],"tags":[],"class_list":["post-9566","post","type-post","status-publish","format-standard","hentry","category-local"],"yoast_head":"<!-- This site is optimized with the Yoast SEO plugin v24.1 - https:\/\/yoast.com\/wordpress\/plugins\/seo\/ -->\n<title>Coordinacion con municipios ;esencial para abatir indices delictivos : Jes\u00fas Ju\u00e1rez Hern\u00e1ndez - sanluisinforma.com<\/title>\n<meta name=\"robots\" content=\"index, follow, max-snippet:-1, max-image-preview:large, max-video-preview:-1\" \/>\n<link rel=\"canonical\" href=\"https:\/\/sanluisinforma.com\/?p=9566\" \/>\n<meta property=\"og:locale\" content=\"es_MX\" \/>\n<meta property=\"og:type\" content=\"article\" \/>\n<meta property=\"og:title\" content=\"Coordinacion con municipios ;esencial para abatir indices delictivos : Jes\u00fas Ju\u00e1rez Hern\u00e1ndez - sanluisinforma.com\" \/>\n<meta property=\"og:description\" content=\"Soledad de Graciano S\u00e1nchez y Villa de Pozos, por su ubicaci\u00f3n estrat\u00e9gica mantienen lazos estrechos de colaboraci\u00f3n San Luis Potos\u00ed,\" \/>\n<meta property=\"og:url\" content=\"https:\/\/sanluisinforma.com\/?p=9566\" \/>\n<meta property=\"og:site_name\" content=\"sanluisinforma.com\" \/>\n<meta property=\"article:published_time\" content=\"2025-01-05T06:25:00+00:00\" \/>\n<meta property=\"article:modified_time\" content=\"2025-01-05T02:52:57+00:00\" \/>\n<meta property=\"og:image\" content=\"https:\/\/sanluisinforma.com\/wp-content\/uploads\/2025\/01\/COORDINACIO\u0301N.jpg\" \/>\n\t<meta property=\"og:image:width\" content=\"480\" \/>\n\t<meta property=\"og:image:height\" content=\"270\" \/>\n\t<meta property=\"og:image:type\" content=\"image\/jpeg\" \/>\n<meta name=\"author\" content=\"sanluisinforma.com\" \/>\n<meta name=\"twitter:card\" content=\"summary_large_image\" \/>\n<meta name=\"twitter:label1\" content=\"Escrito por\" \/>\n\t<meta name=\"twitter:data1\" content=\"sanluisinforma.com\" \/>\n\t<meta name=\"twitter:label2\" content=\"Tiempo de lectura\" \/>\n\t<meta name=\"twitter:data2\" content=\"2 minutos\" \/>\n<script type=\"application\/ld+json\" class=\"yoast-schema-graph\">{\"@context\":\"https:\/\/schema.org\",\"@graph\":[{\"@type\":\"Article\",\"@id\":\"https:\/\/sanluisinforma.com\/?p=9566#article\",\"isPartOf\":{\"@id\":\"https:\/\/sanluisinforma.com\/?p=9566\"},\"author\":{\"name\":\"sanluisinforma.com\",\"@id\":\"https:\/\/sanluisinforma.com\/#\/schema\/person\/c30648f71476be533b6f59d092905c8b\"},\"headline\":\"Coordinacion con municipios ;esencial para abatir indices delictivos : Jes\u00fas Ju\u00e1rez Hern\u00e1ndez\",\"datePublished\":\"2025-01-05T06:25:00+00:00\",\"dateModified\":\"2025-01-05T02:52:57+00:00\",\"mainEntityOfPage\":{\"@id\":\"https:\/\/sanluisinforma.com\/?p=9566\"},\"wordCount\":364,\"publisher\":{\"@id\":\"https:\/\/sanluisinforma.com\/#organization\"},\"articleSection\":[\"Local\"],\"inLanguage\":\"es\"},{\"@type\":\"WebPage\",\"@id\":\"https:\/\/sanluisinforma.com\/?p=9566\",\"url\":\"https:\/\/sanluisinforma.com\/?p=9566\",\"name\":\"Coordinacion con municipios ;esencial para abatir indices delictivos : Jes\u00fas Ju\u00e1rez Hern\u00e1ndez - sanluisinforma.com\",\"isPartOf\":{\"@id\":\"https:\/\/sanluisinforma.com\/#website\"},\"datePublished\":\"2025-01-05T06:25:00+00:00\",\"dateModified\":\"2025-01-05T02:52:57+00:00\",\"breadcrumb\":{\"@id\":\"https:\/\/sanluisinforma.com\/?p=9566#breadcrumb\"},\"inLanguage\":\"es\",\"potentialAction\":[{\"@type\":\"ReadAction\",\"target\":[\"https:\/\/sanluisinforma.com\/?p=9566\"]}]},{\"@type\":\"BreadcrumbList\",\"@id\":\"https:\/\/sanluisinforma.com\/?p=9566#breadcrumb\",\"itemListElement\":[{\"@type\":\"ListItem\",\"position\":1,\"name\":\"Inicio\",\"item\":\"https:\/\/sanluisinforma.com\/\"},{\"@type\":\"ListItem\",\"position\":2,\"name\":\"Coordinacion con municipios ;esencial para abatir indices delictivos : Jes\u00fas Ju\u00e1rez Hern\u00e1ndez\"}]},{\"@type\":\"WebSite\",\"@id\":\"https:\/\/sanluisinforma.com\/#website\",\"url\":\"https:\/\/sanluisinforma.com\/\",\"name\":\"sanluisinforma.com\",\"description\":\"Periodico San Luis Informa\",\"publisher\":{\"@id\":\"https:\/\/sanluisinforma.com\/#organization\"},\"potentialAction\":[{\"@type\":\"SearchAction\",\"target\":{\"@type\":\"EntryPoint\",\"urlTemplate\":\"https:\/\/sanluisinforma.com\/?s={search_term_string}\"},\"query-input\":{\"@type\":\"PropertyValueSpecification\",\"valueRequired\":true,\"valueName\":\"search_term_string\"}}],\"inLanguage\":\"es\"},{\"@type\":\"Organization\",\"@id\":\"https:\/\/sanluisinforma.com\/#organization\",\"name\":\"sanluisinforma.com\",\"url\":\"https:\/\/sanluisinforma.com\/\",\"logo\":{\"@type\":\"ImageObject\",\"inLanguage\":\"es\",\"@id\":\"https:\/\/sanluisinforma.com\/#\/schema\/logo\/image\/\",\"url\":\"https:\/\/sanluisinforma.com\/wp-content\/uploads\/2026\/03\/sanluisinforma-V.jpg\",\"contentUrl\":\"https:\/\/sanluisinforma.com\/wp-content\/uploads\/2026\/03\/sanluisinforma-V.jpg\",\"width\":500,\"height\":156,\"caption\":\"sanluisinforma.com\"},\"image\":{\"@id\":\"https:\/\/sanluisinforma.com\/#\/schema\/logo\/image\/\"}},{\"@type\":\"Person\",\"@id\":\"https:\/\/sanluisinforma.com\/#\/schema\/person\/c30648f71476be533b6f59d092905c8b\",\"name\":\"sanluisinforma.com\",\"image\":{\"@type\":\"ImageObject\",\"inLanguage\":\"es\",\"@id\":\"https:\/\/sanluisinforma.com\/#\/schema\/person\/image\/\",\"url\":\"https:\/\/secure.gravatar.com\/avatar\/86e3114e34a1eecefb963e0a02f0093f93b092dddb2fe1517596343751081a87?s=96&d=mm&r=g\",\"contentUrl\":\"https:\/\/secure.gravatar.com\/avatar\/86e3114e34a1eecefb963e0a02f0093f93b092dddb2fe1517596343751081a87?s=96&d=mm&r=g\",\"caption\":\"sanluisinforma.com\"},\"url\":\"https:\/\/sanluisinforma.com\/?author=2\"}]}<\/script>\n<!-- \/ Yoast SEO plugin. -->","yoast_head_json":{"title":"Coordinacion con municipios ;esencial para abatir indices delictivos : Jes\u00fas Ju\u00e1rez Hern\u00e1ndez - sanluisinforma.com","robots":{"index":"index","follow":"follow","max-snippet":"max-snippet:-1","max-image-preview":"max-image-preview:large","max-video-preview":"max-video-preview:-1"},"canonical":"https:\/\/sanluisinforma.com\/?p=9566","og_locale":"es_MX","og_type":"article","og_title":"Coordinacion con municipios ;esencial para abatir indices delictivos : Jes\u00fas Ju\u00e1rez Hern\u00e1ndez - sanluisinforma.com","og_description":"Soledad de Graciano S\u00e1nchez y Villa de Pozos, por su ubicaci\u00f3n estrat\u00e9gica mantienen lazos estrechos de colaboraci\u00f3n San Luis Potos\u00ed,","og_url":"https:\/\/sanluisinforma.com\/?p=9566","og_site_name":"sanluisinforma.com","article_published_time":"2025-01-05T06:25:00+00:00","article_modified_time":"2025-01-05T02:52:57+00:00","og_image":[{"width":480,"height":270,"url":"https:\/\/sanluisinforma.com\/wp-content\/uploads\/2025\/01\/COORDINACIO\u0301N.jpg","type":"image\/jpeg"}],"author":"sanluisinforma.com","twitter_card":"summary_large_image","twitter_misc":{"Escrito por":"sanluisinforma.com","Tiempo de lectura":"2 minutos"},"schema":{"@context":"https:\/\/schema.org","@graph":[{"@type":"Article","@id":"https:\/\/sanluisinforma.com\/?p=9566#article","isPartOf":{"@id":"https:\/\/sanluisinforma.com\/?p=9566"},"author":{"name":"sanluisinforma.com","@id":"https:\/\/sanluisinforma.com\/#\/schema\/person\/c30648f71476be533b6f59d092905c8b"},"headline":"Coordinacion con municipios ;esencial para abatir indices delictivos : Jes\u00fas Ju\u00e1rez Hern\u00e1ndez","datePublished":"2025-01-05T06:25:00+00:00","dateModified":"2025-01-05T02:52:57+00:00","mainEntityOfPage":{"@id":"https:\/\/sanluisinforma.com\/?p=9566"},"wordCount":364,"publisher":{"@id":"https:\/\/sanluisinforma.com\/#organization"},"articleSection":["Local"],"inLanguage":"es"},{"@type":"WebPage","@id":"https:\/\/sanluisinforma.com\/?p=9566","url":"https:\/\/sanluisinforma.com\/?p=9566","name":"Coordinacion con municipios ;esencial para abatir indices delictivos : Jes\u00fas Ju\u00e1rez Hern\u00e1ndez - sanluisinforma.com","isPartOf":{"@id":"https:\/\/sanluisinforma.com\/#website"},"datePublished":"2025-01-05T06:25:00+00:00","dateModified":"2025-01-05T02:52:57+00:00","breadcrumb":{"@id":"https:\/\/sanluisinforma.com\/?p=9566#breadcrumb"},"inLanguage":"es","potentialAction":[{"@type":"ReadAction","target":["https:\/\/sanluisinforma.com\/?p=9566"]}]},{"@type":"BreadcrumbList","@id":"https:\/\/sanluisinforma.com\/?p=9566#breadcrumb","itemListElement":[{"@type":"ListItem","position":1,"name":"Inicio","item":"https:\/\/sanluisinforma.com\/"},{"@type":"ListItem","position":2,"name":"Coordinacion con municipios ;esencial para abatir indices delictivos : Jes\u00fas Ju\u00e1rez Hern\u00e1ndez"}]},{"@type":"WebSite","@id":"https:\/\/sanluisinforma.com\/#website","url":"https:\/\/sanluisinforma.com\/","name":"sanluisinforma.com","description":"Periodico San Luis Informa","publisher":{"@id":"https:\/\/sanluisinforma.com\/#organization"},"potentialAction":[{"@type":"SearchAction","target":{"@type":"EntryPoint","urlTemplate":"https:\/\/sanluisinforma.com\/?s={search_term_string}"},"query-input":{"@type":"PropertyValueSpecification","valueRequired":true,"valueName":"search_term_string"}}],"inLanguage":"es"},{"@type":"Organization","@id":"https:\/\/sanluisinforma.com\/#organization","name":"sanluisinforma.com","url":"https:\/\/sanluisinforma.com\/","logo":{"@type":"ImageObject","inLanguage":"es","@id":"https:\/\/sanluisinforma.com\/#\/schema\/logo\/image\/","url":"https:\/\/sanluisinforma.com\/wp-content\/uploads\/2026\/03\/sanluisinforma-V.jpg","contentUrl":"https:\/\/sanluisinforma.com\/wp-content\/uploads\/2026\/03\/sanluisinforma-V.jpg","width":500,"height":156,"caption":"sanluisinforma.com"},"image":{"@id":"https:\/\/sanluisinforma.com\/#\/schema\/logo\/image\/"}},{"@type":"Person","@id":"https:\/\/sanluisinforma.com\/#\/schema\/person\/c30648f71476be533b6f59d092905c8b","name":"sanluisinforma.com","image":{"@type":"ImageObject","inLanguage":"es","@id":"https:\/\/sanluisinforma.com\/#\/schema\/person\/image\/","url":"https:\/\/secure.gravatar.com\/avatar\/86e3114e34a1eecefb963e0a02f0093f93b092dddb2fe1517596343751081a87?s=96&d=mm&r=g","contentUrl":"https:\/\/secure.gravatar.com\/avatar\/86e3114e34a1eecefb963e0a02f0093f93b092dddb2fe1517596343751081a87?s=96&d=mm&r=g","caption":"sanluisinforma.com"},"url":"https:\/\/sanluisinforma.com\/?author=2"}]}},"_links":{"self":[{"href":"https:\/\/sanluisinforma.com\/index.php?rest_route=\/wp\/v2\/posts\/9566","targetHints":{"allow":["GET"]}}],"collection":[{"href":"https:\/\/sanluisinforma.com\/index.php?rest_route=\/wp\/v2\/posts"}],"about":[{"href":"https:\/\/sanluisinforma.com\/index.php?rest_route=\/wp\/v2\/types\/post"}],"author":[{"embeddable":true,"href":"https:\/\/sanluisinforma.com\/index.php?rest_route=\/wp\/v2\/users\/2"}],"replies":[{"embeddable":true,"href":"https:\/\/sanluisinforma.com\/index.php?rest_route=%2Fwp%2Fv2%2Fcomments&post=9566"}],"version-history":[{"count":1,"href":"https:\/\/sanluisinforma.com\/index.php?rest_route=\/wp\/v2\/posts\/9566\/revisions"}],"predecessor-version":[{"id":9568,"href":"https:\/\/sanluisinforma.com\/index.php?rest_route=\/wp\/v2\/posts\/9566\/revisions\/9568"}],"wp:attachment":[{"href":"https:\/\/sanluisinforma.com\/index.php?rest_route=%2Fwp%2Fv2%2Fmedia&parent=9566"}],"wp:term":[{"taxonomy":"category","embeddable":true,"href":"https:\/\/sanluisinforma.com\/index.php?rest_route=%2Fwp%2Fv2%2Fcategories&post=9566"},{"taxonomy":"post_tag","embeddable":true,"href":"https:\/\/sanluisinforma.com\/index.php?rest_route=%2Fwp%2Fv2%2Ftags&post=9566"}],"curies":[{"name":"wp","href":"https:\/\/api.w.org\/{rel}","templated":true}]}}