{"id":9583,"date":"2025-01-05T21:45:02","date_gmt":"2025-01-06T03:45:02","guid":{"rendered":"https:\/\/sanluisinforma.com\/?p=9583"},"modified":"2025-01-05T21:45:03","modified_gmt":"2025-01-06T03:45:03","slug":"informa-gobierno-de-mexico-horas-y-sedes-de-los-primeros-foros-de-consulta-del-plan-nacional-de-desarrollo-2025-2030","status":"publish","type":"post","link":"https:\/\/sanluisinforma.com\/?p=9583","title":{"rendered":"\u00a0Informa Gobierno de M\u00e9xico horas y sedes de los primeros Foros de Consulta del Plan Nacional de Desarrollo 2025-2030"},"content":{"rendered":"\n<p><\/p>\n\n\n\n<p>Ciudad de M\u00e9xico, a 05 de enero de 2025.- Con el objetivo de fomentar la participaci\u00f3n de las y los mexicanos, el Gobierno de M\u00e9xico informa las sedes y horarios de la primera semana de los Foros de Consulta del Plan Nacional de Desarrollo 2025-2030, que servir\u00e1 de gu\u00eda para definir las prioridades en materia econ\u00f3mica, social y pol\u00edtica durante el sexenio.<\/p>\n\n\n\n<p>Los foros para la construcci\u00f3n del Plan Nacional de Desarrollo 2025-2030 se realizar\u00e1n, del 6 al 19 de enero, en diferentes puntos del pa\u00eds, para conocer las propuestas de diferentes sectores de la sociedad y cuyos planteamientos podr\u00e1n ser presentados de manera presencial o a trav\u00e9s de la p\u00e1gina web: https:\/\/www.planeandojuntos.gob.mx\/ que se habilitar\u00e1 ma\u00f1ana lunes.<\/p>\n\n\n\n<p><strong>Las horas y sedes de los foros que se realizar\u00e1n en la primera semana, del lunes 6 al s\u00e1bado 11 de enero, son los siguientes:<\/strong><\/p>\n\n\n\n<p>\u25cf Lunes 6 de enero:<\/p>\n\n\n\n<p>&#8211; Baja California<\/p>\n\n\n\n<p>Foro: Gobernanza con Justicia y Participaci\u00f3n Ciudadana.<\/p>\n\n\n\n<p>Dependencia: Secretar\u00eda de Seguridad y Protecci\u00f3n Ciudadana.<\/p>\n\n\n\n<p>Hora y sede: 11:00 horas. Baja California Center, ubicado en, carretera Esc\u00e9nica Tijuana \u2013 Ensenada No. 1029, Ejido Mazatl\u00e1n, C.P. 22710, Playas de Rosarito, Baja California.<\/p>\n\n\n\n<p>\u25cf Martes 7 de enero:<\/p>\n\n\n\n<p>&#8211; Jalisco<\/p>\n\n\n\n<p>Foro: Econom\u00eda Moral y Trabajo.<\/p>\n\n\n\n<p>Dependencia: Secretar\u00eda de Econom\u00eda.<\/p>\n\n\n\n<p>Hora y sede: 16:00 horas. Auditorio Ra\u00fal Padilla L\u00f3pez del Centro Universitario de Ciencias Econ\u00f3mico Administrativas de la Universidad de Guadalajara, en Zapopan, Jalisco.<\/p>\n\n\n\n<p>\u25cf Mi\u00e9rcoles 8 de enero:<\/p>\n\n\n\n<p>&#8211; Guadalajara<\/p>\n\n\n\n<p>Foro: Econom\u00eda Moral y Trabajo.<\/p>\n\n\n\n<p>Dependencia: Secretar\u00eda de Econom\u00eda.<\/p>\n\n\n\n<p>Hora y sede: 10:00 horas. Auditorio Ra\u00fal Padilla L\u00f3pez del Centro Universitario de Ciencias Econ\u00f3mico Administrativas de la Universidad de Guadalajara, en Zapopan, Jalisco.<\/p>\n\n\n\n<p>\u25cf Jueves 9 de enero:<\/p>\n\n\n\n<p>&#8211; Yucat\u00e1n<\/p>\n\n\n\n<p>Foro: Desarrollo Sustentable.<\/p>\n\n\n\n<p>Dependencia: Secretar\u00eda de Medio Ambiente y Recursos Naturales.<\/p>\n\n\n\n<p>Hora y sede: 8:00 horas. Centro de Convenciones Siglo XXI, ubicado en Calle 60 Norte, n\u00fam. 299, Col. Revoluci\u00f3n, M\u00e9rida, Yucat\u00e1n.<\/p>\n\n\n\n<p>\u25cf Viernes 10 de enero:<\/p>\n\n\n\n<p>&#8211; Nuevo Le\u00f3n<\/p>\n\n\n\n<p>Foro: Gobernanza con Justicia y Participaci\u00f3n Ciudadana.<\/p>\n\n\n\n<p>Dependencia: Agencia de Transformaci\u00f3n Digital y Telecomunicaciones.<\/p>\n\n\n\n<p>Hora y sede: 10:30 horas. LABNL Lab Cultural Ciudadano Centro Cultural, ubicado en Calle Washington 648, Centro, Monterrey, Nuevo Le\u00f3n.<\/p>\n\n\n\n<p>&#8211; Nayarit<\/p>\n\n\n\n<p>Foro: Econom\u00eda Moral y Trabajo.<\/p>\n\n\n\n<p>Dependencia: Secretar\u00eda de Salud.<\/p>\n\n\n\n<p>Hora y sede: 9:00 horas. Hospital de la Mujer, ubicado en Av. De la Salud 291, Colonia Ciudad Industrial, Tepic, Nayarit.<\/p>\n\n\n\n<p>\u25cf S\u00e1bado 11 de enero:<\/p>\n\n\n\n<p>&#8211; Sonora<\/p>\n\n\n\n<p>Foro: Desarrollo con Bienestar y Humanismo.<\/p>\n\n\n\n<p>Dependencia: Secretar\u00eda de Desarrollo Agrario, Territorial y Urbano.<\/p>\n\n\n\n<p>Hora y sede: 10:00 horas. Hotel Lucerna Hermosillo, Boulevard Paseo R\u00edo Sonora Norte 98, Col Proyecto R\u00edo Sonora, Hermosillo, Sonora.<\/p>\n\n\n\n<p>&#8211; Guanajuato<\/p>\n\n\n\n<p>Foro: Desarrollo con Bienestar y Humanismo.<\/p>\n\n\n\n<p>Dependencia: Secretar\u00eda de Seguridad y Protecci\u00f3n Ciudadana.<\/p>\n\n\n\n<p>Hora y sede: 10:00 horas. Centro de Convenciones de Guanajuato, ubicado en Pueblito de Rocha, 36040, Guanajuato, Guanajuato.<\/p>\n\n\n\n<p>&#8211; Hidalgo<\/p>\n\n\n\n<p>Foro: Desarrollo con Bienestar y Humanismo. &nbsp;<\/p>\n\n\n\n<p>Dependencia: Secretar\u00eda de Ciencia, Humanidades, Tecnolog\u00eda e Innovaci\u00f3n.<\/p>\n\n\n\n<p>Hora y sede: 9:00 horas. Tecnol\u00f3gico Nacional de M\u00e9xico, ubicado en &nbsp;Boulevard Felipe \u00c1ngeles km. 84.5, Venta Prieta, Pachuca de Soto, Hidalgo.<\/p>\n\n\n\n<p>&#8211; Coahuila<\/p>\n\n\n\n<p>Foro: Desarrollo con Bienestar y Humanismo. &nbsp;<\/p>\n\n\n\n<p>Dependencia: Secretar\u00eda de Salud.<\/p>\n\n\n\n<p>Hora y sede: 10:00 horas. Ciudad Universitaria Campus Arteaga, ubicado en Boulevard Fundadores km 13, Arteaga, Saltillo, Coahuila.<\/p>\n\n\n\n<p>&#8211; Tlaxcala<\/p>\n\n\n\n<p>Foro: Desarrollo con Bienestar y Humanismo.<\/p>\n\n\n\n<p>Dependencia: Secretar\u00eda de Desarrollo Agrario, Territorial y Urbano.<\/p>\n\n\n\n<p>Hora y sede: 10:00 horas. Centro de las Artes, ubicado en \u00c1ngel Solana 1, Primera Secci\u00f3n, CP 90401, San Luis Apizaquito, Apizaco, Tlaxcala.<\/p>\n\n\n\n<p>&#8211; Colima<\/p>\n\n\n\n<p>Foro: Foro de Transici\u00f3n Agroecol\u00f3gica y Desarrollo Sustentable<\/p>\n\n\n\n<p>Dependencia: Secretar\u00eda de Medio Ambiente y Recursos Naturales \/ &nbsp;Secretar\u00eda de Agricultura y Desarrollo Rural.<\/p>\n\n\n\n<p>Hora y sede: 8:30 horas. Universidad Intercultural de Colima, ubicada en Carretera Villa de \u00c1lvarez-Comala km 5.9, Comala, Colima.<\/p>\n\n\n\n<p>&#8211; Aguascalientes<\/p>\n\n\n\n<p>Foro: Econom\u00eda Moral y Trabajo.<\/p>\n\n\n\n<p>Dependencia: Secretar\u00eda de Econom\u00eda.<\/p>\n\n\n\n<p>Hora y sede: 10:00 horas. Auditorio Carlos Jarque del INEGI, ubicado en Av. H\u00e9roe de Nacozari Sur 2301, Jardines del Parque.<\/p>\n","protected":false},"excerpt":{"rendered":"<p>Ciudad de M\u00e9xico, a 05 de enero de 2025.- Con el objetivo de fomentar la participaci\u00f3n de las y los<\/p>\n","protected":false},"author":2,"featured_media":0,"comment_status":"closed","ping_status":"closed","sticky":false,"template":"","format":"standard","meta":{"footnotes":""},"categories":[26],"tags":[],"class_list":["post-9583","post","type-post","status-publish","format-standard","hentry","category-nacional"],"yoast_head":"<!-- This site is optimized with the Yoast SEO plugin v24.1 - https:\/\/yoast.com\/wordpress\/plugins\/seo\/ -->\n<title>\u00a0Informa Gobierno de M\u00e9xico horas y sedes de los primeros Foros de Consulta del Plan Nacional de Desarrollo 2025-2030 - sanluisinforma.com<\/title>\n<meta name=\"robots\" content=\"index, follow, max-snippet:-1, max-image-preview:large, max-video-preview:-1\" \/>\n<link rel=\"canonical\" href=\"https:\/\/sanluisinforma.com\/?p=9583\" \/>\n<meta property=\"og:locale\" content=\"es_MX\" \/>\n<meta property=\"og:type\" content=\"article\" \/>\n<meta property=\"og:title\" content=\"\u00a0Informa Gobierno de M\u00e9xico horas y sedes de los primeros Foros de Consulta del Plan Nacional de Desarrollo 2025-2030 - sanluisinforma.com\" \/>\n<meta property=\"og:description\" content=\"Ciudad de M\u00e9xico, a 05 de enero de 2025.- Con el objetivo de fomentar la participaci\u00f3n de las y los\" \/>\n<meta property=\"og:url\" content=\"https:\/\/sanluisinforma.com\/?p=9583\" \/>\n<meta property=\"og:site_name\" content=\"sanluisinforma.com\" \/>\n<meta property=\"article:published_time\" content=\"2025-01-06T03:45:02+00:00\" \/>\n<meta property=\"article:modified_time\" content=\"2025-01-06T03:45:03+00:00\" \/>\n<meta name=\"author\" content=\"sanluisinforma.com\" \/>\n<meta name=\"twitter:card\" content=\"summary_large_image\" \/>\n<meta name=\"twitter:label1\" content=\"Escrito por\" \/>\n\t<meta name=\"twitter:data1\" content=\"sanluisinforma.com\" \/>\n\t<meta name=\"twitter:label2\" content=\"Tiempo de lectura\" \/>\n\t<meta name=\"twitter:data2\" content=\"3 minutos\" \/>\n<script type=\"application\/ld+json\" class=\"yoast-schema-graph\">{\"@context\":\"https:\/\/schema.org\",\"@graph\":[{\"@type\":\"Article\",\"@id\":\"https:\/\/sanluisinforma.com\/?p=9583#article\",\"isPartOf\":{\"@id\":\"https:\/\/sanluisinforma.com\/?p=9583\"},\"author\":{\"name\":\"sanluisinforma.com\",\"@id\":\"https:\/\/sanluisinforma.com\/#\/schema\/person\/c30648f71476be533b6f59d092905c8b\"},\"headline\":\"\u00a0Informa Gobierno de M\u00e9xico horas y sedes de los primeros Foros de Consulta del Plan Nacional de Desarrollo 2025-2030\",\"datePublished\":\"2025-01-06T03:45:02+00:00\",\"dateModified\":\"2025-01-06T03:45:03+00:00\",\"mainEntityOfPage\":{\"@id\":\"https:\/\/sanluisinforma.com\/?p=9583\"},\"wordCount\":691,\"publisher\":{\"@id\":\"https:\/\/sanluisinforma.com\/#organization\"},\"articleSection\":[\"Nacional\"],\"inLanguage\":\"es\"},{\"@type\":\"WebPage\",\"@id\":\"https:\/\/sanluisinforma.com\/?p=9583\",\"url\":\"https:\/\/sanluisinforma.com\/?p=9583\",\"name\":\"\u00a0Informa Gobierno de M\u00e9xico horas y sedes de los primeros Foros de Consulta del Plan Nacional de Desarrollo 2025-2030 - sanluisinforma.com\",\"isPartOf\":{\"@id\":\"https:\/\/sanluisinforma.com\/#website\"},\"datePublished\":\"2025-01-06T03:45:02+00:00\",\"dateModified\":\"2025-01-06T03:45:03+00:00\",\"breadcrumb\":{\"@id\":\"https:\/\/sanluisinforma.com\/?p=9583#breadcrumb\"},\"inLanguage\":\"es\",\"potentialAction\":[{\"@type\":\"ReadAction\",\"target\":[\"https:\/\/sanluisinforma.com\/?p=9583\"]}]},{\"@type\":\"BreadcrumbList\",\"@id\":\"https:\/\/sanluisinforma.com\/?p=9583#breadcrumb\",\"itemListElement\":[{\"@type\":\"ListItem\",\"position\":1,\"name\":\"Inicio\",\"item\":\"https:\/\/sanluisinforma.com\/\"},{\"@type\":\"ListItem\",\"position\":2,\"name\":\"\u00a0Informa Gobierno de M\u00e9xico horas y sedes de los primeros Foros de Consulta del Plan Nacional de Desarrollo 2025-2030\"}]},{\"@type\":\"WebSite\",\"@id\":\"https:\/\/sanluisinforma.com\/#website\",\"url\":\"https:\/\/sanluisinforma.com\/\",\"name\":\"sanluisinforma.com\",\"description\":\"Periodico San Luis Informa\",\"publisher\":{\"@id\":\"https:\/\/sanluisinforma.com\/#organization\"},\"potentialAction\":[{\"@type\":\"SearchAction\",\"target\":{\"@type\":\"EntryPoint\",\"urlTemplate\":\"https:\/\/sanluisinforma.com\/?s={search_term_string}\"},\"query-input\":{\"@type\":\"PropertyValueSpecification\",\"valueRequired\":true,\"valueName\":\"search_term_string\"}}],\"inLanguage\":\"es\"},{\"@type\":\"Organization\",\"@id\":\"https:\/\/sanluisinforma.com\/#organization\",\"name\":\"sanluisinforma.com\",\"url\":\"https:\/\/sanluisinforma.com\/\",\"logo\":{\"@type\":\"ImageObject\",\"inLanguage\":\"es\",\"@id\":\"https:\/\/sanluisinforma.com\/#\/schema\/logo\/image\/\",\"url\":\"https:\/\/sanluisinforma.com\/wp-content\/uploads\/2026\/03\/sanluisinforma-V.jpg\",\"contentUrl\":\"https:\/\/sanluisinforma.com\/wp-content\/uploads\/2026\/03\/sanluisinforma-V.jpg\",\"width\":500,\"height\":156,\"caption\":\"sanluisinforma.com\"},\"image\":{\"@id\":\"https:\/\/sanluisinforma.com\/#\/schema\/logo\/image\/\"}},{\"@type\":\"Person\",\"@id\":\"https:\/\/sanluisinforma.com\/#\/schema\/person\/c30648f71476be533b6f59d092905c8b\",\"name\":\"sanluisinforma.com\",\"image\":{\"@type\":\"ImageObject\",\"inLanguage\":\"es\",\"@id\":\"https:\/\/sanluisinforma.com\/#\/schema\/person\/image\/\",\"url\":\"https:\/\/secure.gravatar.com\/avatar\/86e3114e34a1eecefb963e0a02f0093f93b092dddb2fe1517596343751081a87?s=96&d=mm&r=g\",\"contentUrl\":\"https:\/\/secure.gravatar.com\/avatar\/86e3114e34a1eecefb963e0a02f0093f93b092dddb2fe1517596343751081a87?s=96&d=mm&r=g\",\"caption\":\"sanluisinforma.com\"},\"url\":\"https:\/\/sanluisinforma.com\/?author=2\"}]}<\/script>\n<!-- \/ Yoast SEO plugin. -->","yoast_head_json":{"title":"\u00a0Informa Gobierno de M\u00e9xico horas y sedes de los primeros Foros de Consulta del Plan Nacional de Desarrollo 2025-2030 - sanluisinforma.com","robots":{"index":"index","follow":"follow","max-snippet":"max-snippet:-1","max-image-preview":"max-image-preview:large","max-video-preview":"max-video-preview:-1"},"canonical":"https:\/\/sanluisinforma.com\/?p=9583","og_locale":"es_MX","og_type":"article","og_title":"\u00a0Informa Gobierno de M\u00e9xico horas y sedes de los primeros Foros de Consulta del Plan Nacional de Desarrollo 2025-2030 - sanluisinforma.com","og_description":"Ciudad de M\u00e9xico, a 05 de enero de 2025.- Con el objetivo de fomentar la participaci\u00f3n de las y los","og_url":"https:\/\/sanluisinforma.com\/?p=9583","og_site_name":"sanluisinforma.com","article_published_time":"2025-01-06T03:45:02+00:00","article_modified_time":"2025-01-06T03:45:03+00:00","author":"sanluisinforma.com","twitter_card":"summary_large_image","twitter_misc":{"Escrito por":"sanluisinforma.com","Tiempo de lectura":"3 minutos"},"schema":{"@context":"https:\/\/schema.org","@graph":[{"@type":"Article","@id":"https:\/\/sanluisinforma.com\/?p=9583#article","isPartOf":{"@id":"https:\/\/sanluisinforma.com\/?p=9583"},"author":{"name":"sanluisinforma.com","@id":"https:\/\/sanluisinforma.com\/#\/schema\/person\/c30648f71476be533b6f59d092905c8b"},"headline":"\u00a0Informa Gobierno de M\u00e9xico horas y sedes de los primeros Foros de Consulta del Plan Nacional de Desarrollo 2025-2030","datePublished":"2025-01-06T03:45:02+00:00","dateModified":"2025-01-06T03:45:03+00:00","mainEntityOfPage":{"@id":"https:\/\/sanluisinforma.com\/?p=9583"},"wordCount":691,"publisher":{"@id":"https:\/\/sanluisinforma.com\/#organization"},"articleSection":["Nacional"],"inLanguage":"es"},{"@type":"WebPage","@id":"https:\/\/sanluisinforma.com\/?p=9583","url":"https:\/\/sanluisinforma.com\/?p=9583","name":"\u00a0Informa Gobierno de M\u00e9xico horas y sedes de los primeros Foros de Consulta del Plan Nacional de Desarrollo 2025-2030 - sanluisinforma.com","isPartOf":{"@id":"https:\/\/sanluisinforma.com\/#website"},"datePublished":"2025-01-06T03:45:02+00:00","dateModified":"2025-01-06T03:45:03+00:00","breadcrumb":{"@id":"https:\/\/sanluisinforma.com\/?p=9583#breadcrumb"},"inLanguage":"es","potentialAction":[{"@type":"ReadAction","target":["https:\/\/sanluisinforma.com\/?p=9583"]}]},{"@type":"BreadcrumbList","@id":"https:\/\/sanluisinforma.com\/?p=9583#breadcrumb","itemListElement":[{"@type":"ListItem","position":1,"name":"Inicio","item":"https:\/\/sanluisinforma.com\/"},{"@type":"ListItem","position":2,"name":"\u00a0Informa Gobierno de M\u00e9xico horas y sedes de los primeros Foros de Consulta del Plan Nacional de Desarrollo 2025-2030"}]},{"@type":"WebSite","@id":"https:\/\/sanluisinforma.com\/#website","url":"https:\/\/sanluisinforma.com\/","name":"sanluisinforma.com","description":"Periodico San Luis Informa","publisher":{"@id":"https:\/\/sanluisinforma.com\/#organization"},"potentialAction":[{"@type":"SearchAction","target":{"@type":"EntryPoint","urlTemplate":"https:\/\/sanluisinforma.com\/?s={search_term_string}"},"query-input":{"@type":"PropertyValueSpecification","valueRequired":true,"valueName":"search_term_string"}}],"inLanguage":"es"},{"@type":"Organization","@id":"https:\/\/sanluisinforma.com\/#organization","name":"sanluisinforma.com","url":"https:\/\/sanluisinforma.com\/","logo":{"@type":"ImageObject","inLanguage":"es","@id":"https:\/\/sanluisinforma.com\/#\/schema\/logo\/image\/","url":"https:\/\/sanluisinforma.com\/wp-content\/uploads\/2026\/03\/sanluisinforma-V.jpg","contentUrl":"https:\/\/sanluisinforma.com\/wp-content\/uploads\/2026\/03\/sanluisinforma-V.jpg","width":500,"height":156,"caption":"sanluisinforma.com"},"image":{"@id":"https:\/\/sanluisinforma.com\/#\/schema\/logo\/image\/"}},{"@type":"Person","@id":"https:\/\/sanluisinforma.com\/#\/schema\/person\/c30648f71476be533b6f59d092905c8b","name":"sanluisinforma.com","image":{"@type":"ImageObject","inLanguage":"es","@id":"https:\/\/sanluisinforma.com\/#\/schema\/person\/image\/","url":"https:\/\/secure.gravatar.com\/avatar\/86e3114e34a1eecefb963e0a02f0093f93b092dddb2fe1517596343751081a87?s=96&d=mm&r=g","contentUrl":"https:\/\/secure.gravatar.com\/avatar\/86e3114e34a1eecefb963e0a02f0093f93b092dddb2fe1517596343751081a87?s=96&d=mm&r=g","caption":"sanluisinforma.com"},"url":"https:\/\/sanluisinforma.com\/?author=2"}]}},"_links":{"self":[{"href":"https:\/\/sanluisinforma.com\/index.php?rest_route=\/wp\/v2\/posts\/9583","targetHints":{"allow":["GET"]}}],"collection":[{"href":"https:\/\/sanluisinforma.com\/index.php?rest_route=\/wp\/v2\/posts"}],"about":[{"href":"https:\/\/sanluisinforma.com\/index.php?rest_route=\/wp\/v2\/types\/post"}],"author":[{"embeddable":true,"href":"https:\/\/sanluisinforma.com\/index.php?rest_route=\/wp\/v2\/users\/2"}],"replies":[{"embeddable":true,"href":"https:\/\/sanluisinforma.com\/index.php?rest_route=%2Fwp%2Fv2%2Fcomments&post=9583"}],"version-history":[{"count":1,"href":"https:\/\/sanluisinforma.com\/index.php?rest_route=\/wp\/v2\/posts\/9583\/revisions"}],"predecessor-version":[{"id":9584,"href":"https:\/\/sanluisinforma.com\/index.php?rest_route=\/wp\/v2\/posts\/9583\/revisions\/9584"}],"wp:attachment":[{"href":"https:\/\/sanluisinforma.com\/index.php?rest_route=%2Fwp%2Fv2%2Fmedia&parent=9583"}],"wp:term":[{"taxonomy":"category","embeddable":true,"href":"https:\/\/sanluisinforma.com\/index.php?rest_route=%2Fwp%2Fv2%2Fcategories&post=9583"},{"taxonomy":"post_tag","embeddable":true,"href":"https:\/\/sanluisinforma.com\/index.php?rest_route=%2Fwp%2Fv2%2Ftags&post=9583"}],"curies":[{"name":"wp","href":"https:\/\/api.w.org\/{rel}","templated":true}]}}