{"id":9588,"date":"2025-01-07T00:58:00","date_gmt":"2025-01-07T06:58:00","guid":{"rendered":"https:\/\/sanluisinforma.com\/?p=9588"},"modified":"2025-01-06T19:34:28","modified_gmt":"2025-01-07T01:34:28","slug":"ricardo-gallardo-llevara-mas-apoyo-a-las-familias-con-lavanderias-gratuitas","status":"publish","type":"post","link":"https:\/\/sanluisinforma.com\/?p=9588","title":{"rendered":"Ricardo Gallardo llevara m\u00e1s\u00a0 apoyo \u00a0a las familias con Lavander\u00edas Gratuitas"},"content":{"rendered":"\n<p>Contar\u00e1n con \u00e1reas infantiles para brindar apoyo a madres de familia y personas trabajadoras<\/p>\n\n\n\n<p>Como parte de la estrategia social y para acercar m\u00e1s apoyo a las familias, el Gobernador de San Luis Potos\u00ed, Ricardo Gallardo Cardona, anunci\u00f3 un sistema de lavander\u00edas de ropa p\u00fablicas y gratuitas, con \u00e1reas para las y los ni\u00f1os, para que puedan realizar tareas escolares y entretenimiento, lo que ayudar\u00e1 a las madres de familia y personas trabajadoras.<\/p>\n\n\n\n<p>El Mandatario Estatal destac\u00f3 que este proyecto de lavander\u00edas gratuitas, la primera etapa abarcar\u00e1 cuarenta establecimientos en ciudades grandes, como San Luis Potos\u00ed, Soledad, Rioverde, Matehuala, Ciudad Valles y Tamazunchale, con un modelo de operaci\u00f3n como en pa\u00edses como Estados Unidos, solo que aqu\u00ed ser\u00e1n gratuitas.<\/p>\n\n\n\n<p>Adelant\u00f3 que en una segunda etapa abrir\u00e1n otras sucursales en Matlapa, Aquism\u00f3n, Xilitla y Axtla en la Huasteca potosina; mientras que en la regi\u00f3n Media ser\u00e1 en Ciudad Fern\u00e1ndez; en el Altiplano, Santo Domingo y Villa de Ramos; y Mexquitic en la regi\u00f3n Centro, entre otras.<\/p>\n\n\n\n<p>De esta forma, el Jefe del Ejecutivo estatal cumple con una de sus premisas en su gesti\u00f3n de brindar m\u00e1s apoyo a las y los potosinos, mediante una estrategia social que incluye becas alimentarias, la atenci\u00f3n m\u00e9dica y hospitalaria a trav\u00e9s de las cl\u00ednicas rosas, los kits de sanidad, los enseres y \u00fatiles escolares, transporte gratuito, internet sin costo, entre muchos otros programas que buscan mejorar y elevar el nivel de vida y bienestar de las y los potosinos en cualquier edad.<\/p>\n","protected":false},"excerpt":{"rendered":"<p>Contar\u00e1n con \u00e1reas infantiles para brindar apoyo a madres de familia y personas trabajadoras Como parte de la estrategia social<\/p>\n","protected":false},"author":2,"featured_media":9589,"comment_status":"closed","ping_status":"closed","sticky":false,"template":"","format":"standard","meta":{"footnotes":""},"categories":[25,30],"tags":[],"class_list":["post-9588","post","type-post","status-publish","format-standard","has-post-thumbnail","hentry","category-local","category-portada"],"yoast_head":"<!-- This site is optimized with the Yoast SEO plugin v24.1 - https:\/\/yoast.com\/wordpress\/plugins\/seo\/ -->\n<title>Ricardo Gallardo llevara m\u00e1s\u00a0 apoyo \u00a0a las familias con Lavander\u00edas Gratuitas - sanluisinforma.com<\/title>\n<meta name=\"robots\" content=\"index, follow, max-snippet:-1, max-image-preview:large, max-video-preview:-1\" \/>\n<link rel=\"canonical\" href=\"https:\/\/sanluisinforma.com\/?p=9588\" \/>\n<meta property=\"og:locale\" content=\"es_MX\" \/>\n<meta property=\"og:type\" content=\"article\" \/>\n<meta property=\"og:title\" content=\"Ricardo Gallardo llevara m\u00e1s\u00a0 apoyo \u00a0a las familias con Lavander\u00edas Gratuitas - sanluisinforma.com\" \/>\n<meta property=\"og:description\" content=\"Contar\u00e1n con \u00e1reas infantiles para brindar apoyo a madres de familia y personas trabajadoras Como parte de la estrategia social\" \/>\n<meta property=\"og:url\" content=\"https:\/\/sanluisinforma.com\/?p=9588\" \/>\n<meta property=\"og:site_name\" content=\"sanluisinforma.com\" \/>\n<meta property=\"article:published_time\" content=\"2025-01-07T06:58:00+00:00\" \/>\n<meta property=\"article:modified_time\" content=\"2025-01-07T01:34:28+00:00\" \/>\n<meta property=\"og:image\" content=\"https:\/\/sanluisinforma.com\/wp-content\/uploads\/2025\/01\/006f7f4a-e643-4fd9-b3b2-c5ecee2e41a6.jpg\" \/>\n\t<meta property=\"og:image:width\" content=\"480\" \/>\n\t<meta property=\"og:image:height\" content=\"319\" \/>\n\t<meta property=\"og:image:type\" content=\"image\/jpeg\" \/>\n<meta name=\"author\" content=\"sanluisinforma.com\" \/>\n<meta name=\"twitter:card\" content=\"summary_large_image\" \/>\n<meta name=\"twitter:label1\" content=\"Escrito por\" \/>\n\t<meta name=\"twitter:data1\" content=\"sanluisinforma.com\" \/>\n\t<meta name=\"twitter:label2\" content=\"Tiempo de lectura\" \/>\n\t<meta name=\"twitter:data2\" content=\"2 minutos\" \/>\n<script type=\"application\/ld+json\" class=\"yoast-schema-graph\">{\"@context\":\"https:\/\/schema.org\",\"@graph\":[{\"@type\":\"Article\",\"@id\":\"https:\/\/sanluisinforma.com\/?p=9588#article\",\"isPartOf\":{\"@id\":\"https:\/\/sanluisinforma.com\/?p=9588\"},\"author\":{\"name\":\"sanluisinforma.com\",\"@id\":\"https:\/\/sanluisinforma.com\/#\/schema\/person\/c30648f71476be533b6f59d092905c8b\"},\"headline\":\"Ricardo Gallardo llevara m\u00e1s\u00a0 apoyo \u00a0a las familias con Lavander\u00edas Gratuitas\",\"datePublished\":\"2025-01-07T06:58:00+00:00\",\"dateModified\":\"2025-01-07T01:34:28+00:00\",\"mainEntityOfPage\":{\"@id\":\"https:\/\/sanluisinforma.com\/?p=9588\"},\"wordCount\":280,\"publisher\":{\"@id\":\"https:\/\/sanluisinforma.com\/#organization\"},\"image\":{\"@id\":\"https:\/\/sanluisinforma.com\/?p=9588#primaryimage\"},\"thumbnailUrl\":\"https:\/\/sanluisinforma.com\/wp-content\/uploads\/2025\/01\/006f7f4a-e643-4fd9-b3b2-c5ecee2e41a6.jpg\",\"articleSection\":[\"Local\",\"Portada\"],\"inLanguage\":\"es\"},{\"@type\":\"WebPage\",\"@id\":\"https:\/\/sanluisinforma.com\/?p=9588\",\"url\":\"https:\/\/sanluisinforma.com\/?p=9588\",\"name\":\"Ricardo Gallardo llevara m\u00e1s\u00a0 apoyo \u00a0a las familias con Lavander\u00edas Gratuitas - sanluisinforma.com\",\"isPartOf\":{\"@id\":\"https:\/\/sanluisinforma.com\/#website\"},\"primaryImageOfPage\":{\"@id\":\"https:\/\/sanluisinforma.com\/?p=9588#primaryimage\"},\"image\":{\"@id\":\"https:\/\/sanluisinforma.com\/?p=9588#primaryimage\"},\"thumbnailUrl\":\"https:\/\/sanluisinforma.com\/wp-content\/uploads\/2025\/01\/006f7f4a-e643-4fd9-b3b2-c5ecee2e41a6.jpg\",\"datePublished\":\"2025-01-07T06:58:00+00:00\",\"dateModified\":\"2025-01-07T01:34:28+00:00\",\"breadcrumb\":{\"@id\":\"https:\/\/sanluisinforma.com\/?p=9588#breadcrumb\"},\"inLanguage\":\"es\",\"potentialAction\":[{\"@type\":\"ReadAction\",\"target\":[\"https:\/\/sanluisinforma.com\/?p=9588\"]}]},{\"@type\":\"ImageObject\",\"inLanguage\":\"es\",\"@id\":\"https:\/\/sanluisinforma.com\/?p=9588#primaryimage\",\"url\":\"https:\/\/sanluisinforma.com\/wp-content\/uploads\/2025\/01\/006f7f4a-e643-4fd9-b3b2-c5ecee2e41a6.jpg\",\"contentUrl\":\"https:\/\/sanluisinforma.com\/wp-content\/uploads\/2025\/01\/006f7f4a-e643-4fd9-b3b2-c5ecee2e41a6.jpg\",\"width\":480,\"height\":319},{\"@type\":\"BreadcrumbList\",\"@id\":\"https:\/\/sanluisinforma.com\/?p=9588#breadcrumb\",\"itemListElement\":[{\"@type\":\"ListItem\",\"position\":1,\"name\":\"Inicio\",\"item\":\"https:\/\/sanluisinforma.com\/\"},{\"@type\":\"ListItem\",\"position\":2,\"name\":\"Ricardo Gallardo llevara m\u00e1s\u00a0 apoyo \u00a0a las familias con Lavander\u00edas Gratuitas\"}]},{\"@type\":\"WebSite\",\"@id\":\"https:\/\/sanluisinforma.com\/#website\",\"url\":\"https:\/\/sanluisinforma.com\/\",\"name\":\"sanluisinforma.com\",\"description\":\"Periodico San Luis Informa\",\"publisher\":{\"@id\":\"https:\/\/sanluisinforma.com\/#organization\"},\"potentialAction\":[{\"@type\":\"SearchAction\",\"target\":{\"@type\":\"EntryPoint\",\"urlTemplate\":\"https:\/\/sanluisinforma.com\/?s={search_term_string}\"},\"query-input\":{\"@type\":\"PropertyValueSpecification\",\"valueRequired\":true,\"valueName\":\"search_term_string\"}}],\"inLanguage\":\"es\"},{\"@type\":\"Organization\",\"@id\":\"https:\/\/sanluisinforma.com\/#organization\",\"name\":\"sanluisinforma.com\",\"url\":\"https:\/\/sanluisinforma.com\/\",\"logo\":{\"@type\":\"ImageObject\",\"inLanguage\":\"es\",\"@id\":\"https:\/\/sanluisinforma.com\/#\/schema\/logo\/image\/\",\"url\":\"https:\/\/sanluisinforma.com\/wp-content\/uploads\/2026\/03\/sanluisinforma-V.jpg\",\"contentUrl\":\"https:\/\/sanluisinforma.com\/wp-content\/uploads\/2026\/03\/sanluisinforma-V.jpg\",\"width\":500,\"height\":156,\"caption\":\"sanluisinforma.com\"},\"image\":{\"@id\":\"https:\/\/sanluisinforma.com\/#\/schema\/logo\/image\/\"}},{\"@type\":\"Person\",\"@id\":\"https:\/\/sanluisinforma.com\/#\/schema\/person\/c30648f71476be533b6f59d092905c8b\",\"name\":\"sanluisinforma.com\",\"image\":{\"@type\":\"ImageObject\",\"inLanguage\":\"es\",\"@id\":\"https:\/\/sanluisinforma.com\/#\/schema\/person\/image\/\",\"url\":\"https:\/\/secure.gravatar.com\/avatar\/86e3114e34a1eecefb963e0a02f0093f93b092dddb2fe1517596343751081a87?s=96&d=mm&r=g\",\"contentUrl\":\"https:\/\/secure.gravatar.com\/avatar\/86e3114e34a1eecefb963e0a02f0093f93b092dddb2fe1517596343751081a87?s=96&d=mm&r=g\",\"caption\":\"sanluisinforma.com\"},\"url\":\"https:\/\/sanluisinforma.com\/?author=2\"}]}<\/script>\n<!-- \/ Yoast SEO plugin. -->","yoast_head_json":{"title":"Ricardo Gallardo llevara m\u00e1s\u00a0 apoyo \u00a0a las familias con Lavander\u00edas Gratuitas - sanluisinforma.com","robots":{"index":"index","follow":"follow","max-snippet":"max-snippet:-1","max-image-preview":"max-image-preview:large","max-video-preview":"max-video-preview:-1"},"canonical":"https:\/\/sanluisinforma.com\/?p=9588","og_locale":"es_MX","og_type":"article","og_title":"Ricardo Gallardo llevara m\u00e1s\u00a0 apoyo \u00a0a las familias con Lavander\u00edas Gratuitas - sanluisinforma.com","og_description":"Contar\u00e1n con \u00e1reas infantiles para brindar apoyo a madres de familia y personas trabajadoras Como parte de la estrategia social","og_url":"https:\/\/sanluisinforma.com\/?p=9588","og_site_name":"sanluisinforma.com","article_published_time":"2025-01-07T06:58:00+00:00","article_modified_time":"2025-01-07T01:34:28+00:00","og_image":[{"width":480,"height":319,"url":"https:\/\/sanluisinforma.com\/wp-content\/uploads\/2025\/01\/006f7f4a-e643-4fd9-b3b2-c5ecee2e41a6.jpg","type":"image\/jpeg"}],"author":"sanluisinforma.com","twitter_card":"summary_large_image","twitter_misc":{"Escrito por":"sanluisinforma.com","Tiempo de lectura":"2 minutos"},"schema":{"@context":"https:\/\/schema.org","@graph":[{"@type":"Article","@id":"https:\/\/sanluisinforma.com\/?p=9588#article","isPartOf":{"@id":"https:\/\/sanluisinforma.com\/?p=9588"},"author":{"name":"sanluisinforma.com","@id":"https:\/\/sanluisinforma.com\/#\/schema\/person\/c30648f71476be533b6f59d092905c8b"},"headline":"Ricardo Gallardo llevara m\u00e1s\u00a0 apoyo \u00a0a las familias con Lavander\u00edas Gratuitas","datePublished":"2025-01-07T06:58:00+00:00","dateModified":"2025-01-07T01:34:28+00:00","mainEntityOfPage":{"@id":"https:\/\/sanluisinforma.com\/?p=9588"},"wordCount":280,"publisher":{"@id":"https:\/\/sanluisinforma.com\/#organization"},"image":{"@id":"https:\/\/sanluisinforma.com\/?p=9588#primaryimage"},"thumbnailUrl":"https:\/\/sanluisinforma.com\/wp-content\/uploads\/2025\/01\/006f7f4a-e643-4fd9-b3b2-c5ecee2e41a6.jpg","articleSection":["Local","Portada"],"inLanguage":"es"},{"@type":"WebPage","@id":"https:\/\/sanluisinforma.com\/?p=9588","url":"https:\/\/sanluisinforma.com\/?p=9588","name":"Ricardo Gallardo llevara m\u00e1s\u00a0 apoyo \u00a0a las familias con Lavander\u00edas Gratuitas - sanluisinforma.com","isPartOf":{"@id":"https:\/\/sanluisinforma.com\/#website"},"primaryImageOfPage":{"@id":"https:\/\/sanluisinforma.com\/?p=9588#primaryimage"},"image":{"@id":"https:\/\/sanluisinforma.com\/?p=9588#primaryimage"},"thumbnailUrl":"https:\/\/sanluisinforma.com\/wp-content\/uploads\/2025\/01\/006f7f4a-e643-4fd9-b3b2-c5ecee2e41a6.jpg","datePublished":"2025-01-07T06:58:00+00:00","dateModified":"2025-01-07T01:34:28+00:00","breadcrumb":{"@id":"https:\/\/sanluisinforma.com\/?p=9588#breadcrumb"},"inLanguage":"es","potentialAction":[{"@type":"ReadAction","target":["https:\/\/sanluisinforma.com\/?p=9588"]}]},{"@type":"ImageObject","inLanguage":"es","@id":"https:\/\/sanluisinforma.com\/?p=9588#primaryimage","url":"https:\/\/sanluisinforma.com\/wp-content\/uploads\/2025\/01\/006f7f4a-e643-4fd9-b3b2-c5ecee2e41a6.jpg","contentUrl":"https:\/\/sanluisinforma.com\/wp-content\/uploads\/2025\/01\/006f7f4a-e643-4fd9-b3b2-c5ecee2e41a6.jpg","width":480,"height":319},{"@type":"BreadcrumbList","@id":"https:\/\/sanluisinforma.com\/?p=9588#breadcrumb","itemListElement":[{"@type":"ListItem","position":1,"name":"Inicio","item":"https:\/\/sanluisinforma.com\/"},{"@type":"ListItem","position":2,"name":"Ricardo Gallardo llevara m\u00e1s\u00a0 apoyo \u00a0a las familias con Lavander\u00edas Gratuitas"}]},{"@type":"WebSite","@id":"https:\/\/sanluisinforma.com\/#website","url":"https:\/\/sanluisinforma.com\/","name":"sanluisinforma.com","description":"Periodico San Luis Informa","publisher":{"@id":"https:\/\/sanluisinforma.com\/#organization"},"potentialAction":[{"@type":"SearchAction","target":{"@type":"EntryPoint","urlTemplate":"https:\/\/sanluisinforma.com\/?s={search_term_string}"},"query-input":{"@type":"PropertyValueSpecification","valueRequired":true,"valueName":"search_term_string"}}],"inLanguage":"es"},{"@type":"Organization","@id":"https:\/\/sanluisinforma.com\/#organization","name":"sanluisinforma.com","url":"https:\/\/sanluisinforma.com\/","logo":{"@type":"ImageObject","inLanguage":"es","@id":"https:\/\/sanluisinforma.com\/#\/schema\/logo\/image\/","url":"https:\/\/sanluisinforma.com\/wp-content\/uploads\/2026\/03\/sanluisinforma-V.jpg","contentUrl":"https:\/\/sanluisinforma.com\/wp-content\/uploads\/2026\/03\/sanluisinforma-V.jpg","width":500,"height":156,"caption":"sanluisinforma.com"},"image":{"@id":"https:\/\/sanluisinforma.com\/#\/schema\/logo\/image\/"}},{"@type":"Person","@id":"https:\/\/sanluisinforma.com\/#\/schema\/person\/c30648f71476be533b6f59d092905c8b","name":"sanluisinforma.com","image":{"@type":"ImageObject","inLanguage":"es","@id":"https:\/\/sanluisinforma.com\/#\/schema\/person\/image\/","url":"https:\/\/secure.gravatar.com\/avatar\/86e3114e34a1eecefb963e0a02f0093f93b092dddb2fe1517596343751081a87?s=96&d=mm&r=g","contentUrl":"https:\/\/secure.gravatar.com\/avatar\/86e3114e34a1eecefb963e0a02f0093f93b092dddb2fe1517596343751081a87?s=96&d=mm&r=g","caption":"sanluisinforma.com"},"url":"https:\/\/sanluisinforma.com\/?author=2"}]}},"_links":{"self":[{"href":"https:\/\/sanluisinforma.com\/index.php?rest_route=\/wp\/v2\/posts\/9588","targetHints":{"allow":["GET"]}}],"collection":[{"href":"https:\/\/sanluisinforma.com\/index.php?rest_route=\/wp\/v2\/posts"}],"about":[{"href":"https:\/\/sanluisinforma.com\/index.php?rest_route=\/wp\/v2\/types\/post"}],"author":[{"embeddable":true,"href":"https:\/\/sanluisinforma.com\/index.php?rest_route=\/wp\/v2\/users\/2"}],"replies":[{"embeddable":true,"href":"https:\/\/sanluisinforma.com\/index.php?rest_route=%2Fwp%2Fv2%2Fcomments&post=9588"}],"version-history":[{"count":1,"href":"https:\/\/sanluisinforma.com\/index.php?rest_route=\/wp\/v2\/posts\/9588\/revisions"}],"predecessor-version":[{"id":9590,"href":"https:\/\/sanluisinforma.com\/index.php?rest_route=\/wp\/v2\/posts\/9588\/revisions\/9590"}],"wp:featuredmedia":[{"embeddable":true,"href":"https:\/\/sanluisinforma.com\/index.php?rest_route=\/wp\/v2\/media\/9589"}],"wp:attachment":[{"href":"https:\/\/sanluisinforma.com\/index.php?rest_route=%2Fwp%2Fv2%2Fmedia&parent=9588"}],"wp:term":[{"taxonomy":"category","embeddable":true,"href":"https:\/\/sanluisinforma.com\/index.php?rest_route=%2Fwp%2Fv2%2Fcategories&post=9588"},{"taxonomy":"post_tag","embeddable":true,"href":"https:\/\/sanluisinforma.com\/index.php?rest_route=%2Fwp%2Fv2%2Ftags&post=9588"}],"curies":[{"name":"wp","href":"https:\/\/api.w.org\/{rel}","templated":true}]}}