{"id":9591,"date":"2025-01-07T00:55:00","date_gmt":"2025-01-07T06:55:00","guid":{"rendered":"https:\/\/sanluisinforma.com\/?p=9591"},"modified":"2025-01-06T19:39:16","modified_gmt":"2025-01-07T01:39:16","slug":"destaca-el-estado-en-regularizacion-de-vehiculos-extranjeros","status":"publish","type":"post","link":"https:\/\/sanluisinforma.com\/?p=9591","title":{"rendered":"Destaca el Estado en Regularizaci\u00f3n de Veh\u00edculos Extranjeros"},"content":{"rendered":"\n<p><\/p>\n\n\n\n<p>Durante 2024 fueron regularizados m\u00e1s de 39 mil veh\u00edculos<\/p>\n\n\n\n<p>Derivado del compromiso del Gobierno del Estado en la regularizaci\u00f3n de veh\u00edculos extranjeros mediante el Decreto 40 de la Federaci\u00f3n, de enero a noviembre de 2024, San Luis Potos\u00ed registr\u00f3 un total de 39 mil 402 veh\u00edculos a este programa, lo que refleja el \u00e9xito de esta iniciativa llevando m\u00e1s apoyo a las familias potosinas.<\/p>\n\n\n\n<p>Ariana Garc\u00eda Vidal, titular de la Secretar\u00eda de Finanzas (Sefin), resalt\u00f3 el apoyo del Gobierno Estatal que encabeza Ricardo Gallardo Cardona, que ha permitido que miles de personas regularicen sus veh\u00edculos de procedencia extranjera, para otorgar certeza jur\u00eddica, proteger el patrimonio familiar y garantizar la seguridad p\u00fablica, adem\u00e1s de prevenir la comisi\u00f3n de delitos utilizando este tipo de autom\u00f3viles.<\/p>\n\n\n\n<p>Detall\u00f3 que, actualmente operan cinco m\u00f3dulos de regularizaci\u00f3n de veh\u00edculos en: San Luis Potos\u00ed, capital ubicados en el parque Tangamanga II y en el estacionamiento de la Feria Nacional Potosina (Fenapo); Matehuala; Ciudad Valles y Rioverde, para facilitar el acceso a los tr\u00e1mites de quienes requieren la regularizaci\u00f3n de sus veh\u00edculos.<\/p>\n\n\n\n<p>Adicionalmente, la Secretar\u00eda de Finanzas brinda el apoyo para el alta de las unidades ya regularizadas en todas las oficinas recaudadoras del Estado. Los registros en el Estado reflejan que la mayor cantidad se registran en la regi\u00f3n Centro, le sigue la regi\u00f3n Media, Huasteca y Altiplano, en ese orden.<\/p>\n","protected":false},"excerpt":{"rendered":"<p>Durante 2024 fueron regularizados m\u00e1s de 39 mil veh\u00edculos Derivado del compromiso del Gobierno del Estado en la regularizaci\u00f3n de<\/p>\n","protected":false},"author":2,"featured_media":9592,"comment_status":"closed","ping_status":"closed","sticky":false,"template":"","format":"standard","meta":{"footnotes":""},"categories":[25,30],"tags":[],"class_list":["post-9591","post","type-post","status-publish","format-standard","has-post-thumbnail","hentry","category-local","category-portada"],"yoast_head":"<!-- This site is optimized with the Yoast SEO plugin v24.1 - https:\/\/yoast.com\/wordpress\/plugins\/seo\/ -->\n<title>Destaca el Estado en Regularizaci\u00f3n de Veh\u00edculos Extranjeros - sanluisinforma.com<\/title>\n<meta name=\"robots\" content=\"index, follow, max-snippet:-1, max-image-preview:large, max-video-preview:-1\" \/>\n<link rel=\"canonical\" href=\"https:\/\/sanluisinforma.com\/?p=9591\" \/>\n<meta property=\"og:locale\" content=\"es_MX\" \/>\n<meta property=\"og:type\" content=\"article\" \/>\n<meta property=\"og:title\" content=\"Destaca el Estado en Regularizaci\u00f3n de Veh\u00edculos Extranjeros - sanluisinforma.com\" \/>\n<meta property=\"og:description\" content=\"Durante 2024 fueron regularizados m\u00e1s de 39 mil veh\u00edculos Derivado del compromiso del Gobierno del Estado en la regularizaci\u00f3n de\" \/>\n<meta property=\"og:url\" content=\"https:\/\/sanluisinforma.com\/?p=9591\" \/>\n<meta property=\"og:site_name\" content=\"sanluisinforma.com\" \/>\n<meta property=\"article:published_time\" content=\"2025-01-07T06:55:00+00:00\" \/>\n<meta property=\"article:modified_time\" content=\"2025-01-07T01:39:16+00:00\" \/>\n<meta property=\"og:image\" content=\"https:\/\/sanluisinforma.com\/wp-content\/uploads\/2025\/01\/61e63ea0-4cb4-459e-b79a-6538d3124afa.jpg\" \/>\n\t<meta property=\"og:image:width\" content=\"480\" \/>\n\t<meta property=\"og:image:height\" content=\"319\" \/>\n\t<meta property=\"og:image:type\" content=\"image\/jpeg\" \/>\n<meta name=\"author\" content=\"sanluisinforma.com\" \/>\n<meta name=\"twitter:card\" content=\"summary_large_image\" \/>\n<meta name=\"twitter:label1\" content=\"Escrito por\" \/>\n\t<meta name=\"twitter:data1\" content=\"sanluisinforma.com\" \/>\n\t<meta name=\"twitter:label2\" content=\"Tiempo de lectura\" \/>\n\t<meta name=\"twitter:data2\" content=\"2 minutos\" \/>\n<script type=\"application\/ld+json\" class=\"yoast-schema-graph\">{\"@context\":\"https:\/\/schema.org\",\"@graph\":[{\"@type\":\"Article\",\"@id\":\"https:\/\/sanluisinforma.com\/?p=9591#article\",\"isPartOf\":{\"@id\":\"https:\/\/sanluisinforma.com\/?p=9591\"},\"author\":{\"name\":\"sanluisinforma.com\",\"@id\":\"https:\/\/sanluisinforma.com\/#\/schema\/person\/c30648f71476be533b6f59d092905c8b\"},\"headline\":\"Destaca el Estado en Regularizaci\u00f3n de Veh\u00edculos Extranjeros\",\"datePublished\":\"2025-01-07T06:55:00+00:00\",\"dateModified\":\"2025-01-07T01:39:16+00:00\",\"mainEntityOfPage\":{\"@id\":\"https:\/\/sanluisinforma.com\/?p=9591\"},\"wordCount\":252,\"publisher\":{\"@id\":\"https:\/\/sanluisinforma.com\/#organization\"},\"image\":{\"@id\":\"https:\/\/sanluisinforma.com\/?p=9591#primaryimage\"},\"thumbnailUrl\":\"https:\/\/sanluisinforma.com\/wp-content\/uploads\/2025\/01\/61e63ea0-4cb4-459e-b79a-6538d3124afa.jpg\",\"articleSection\":[\"Local\",\"Portada\"],\"inLanguage\":\"es\"},{\"@type\":\"WebPage\",\"@id\":\"https:\/\/sanluisinforma.com\/?p=9591\",\"url\":\"https:\/\/sanluisinforma.com\/?p=9591\",\"name\":\"Destaca el Estado en Regularizaci\u00f3n de Veh\u00edculos Extranjeros - sanluisinforma.com\",\"isPartOf\":{\"@id\":\"https:\/\/sanluisinforma.com\/#website\"},\"primaryImageOfPage\":{\"@id\":\"https:\/\/sanluisinforma.com\/?p=9591#primaryimage\"},\"image\":{\"@id\":\"https:\/\/sanluisinforma.com\/?p=9591#primaryimage\"},\"thumbnailUrl\":\"https:\/\/sanluisinforma.com\/wp-content\/uploads\/2025\/01\/61e63ea0-4cb4-459e-b79a-6538d3124afa.jpg\",\"datePublished\":\"2025-01-07T06:55:00+00:00\",\"dateModified\":\"2025-01-07T01:39:16+00:00\",\"breadcrumb\":{\"@id\":\"https:\/\/sanluisinforma.com\/?p=9591#breadcrumb\"},\"inLanguage\":\"es\",\"potentialAction\":[{\"@type\":\"ReadAction\",\"target\":[\"https:\/\/sanluisinforma.com\/?p=9591\"]}]},{\"@type\":\"ImageObject\",\"inLanguage\":\"es\",\"@id\":\"https:\/\/sanluisinforma.com\/?p=9591#primaryimage\",\"url\":\"https:\/\/sanluisinforma.com\/wp-content\/uploads\/2025\/01\/61e63ea0-4cb4-459e-b79a-6538d3124afa.jpg\",\"contentUrl\":\"https:\/\/sanluisinforma.com\/wp-content\/uploads\/2025\/01\/61e63ea0-4cb4-459e-b79a-6538d3124afa.jpg\",\"width\":480,\"height\":319},{\"@type\":\"BreadcrumbList\",\"@id\":\"https:\/\/sanluisinforma.com\/?p=9591#breadcrumb\",\"itemListElement\":[{\"@type\":\"ListItem\",\"position\":1,\"name\":\"Inicio\",\"item\":\"https:\/\/sanluisinforma.com\/\"},{\"@type\":\"ListItem\",\"position\":2,\"name\":\"Destaca el Estado en Regularizaci\u00f3n de Veh\u00edculos Extranjeros\"}]},{\"@type\":\"WebSite\",\"@id\":\"https:\/\/sanluisinforma.com\/#website\",\"url\":\"https:\/\/sanluisinforma.com\/\",\"name\":\"sanluisinforma.com\",\"description\":\"Periodico San Luis Informa\",\"publisher\":{\"@id\":\"https:\/\/sanluisinforma.com\/#organization\"},\"potentialAction\":[{\"@type\":\"SearchAction\",\"target\":{\"@type\":\"EntryPoint\",\"urlTemplate\":\"https:\/\/sanluisinforma.com\/?s={search_term_string}\"},\"query-input\":{\"@type\":\"PropertyValueSpecification\",\"valueRequired\":true,\"valueName\":\"search_term_string\"}}],\"inLanguage\":\"es\"},{\"@type\":\"Organization\",\"@id\":\"https:\/\/sanluisinforma.com\/#organization\",\"name\":\"sanluisinforma.com\",\"url\":\"https:\/\/sanluisinforma.com\/\",\"logo\":{\"@type\":\"ImageObject\",\"inLanguage\":\"es\",\"@id\":\"https:\/\/sanluisinforma.com\/#\/schema\/logo\/image\/\",\"url\":\"https:\/\/sanluisinforma.com\/wp-content\/uploads\/2026\/03\/sanluisinforma-V.jpg\",\"contentUrl\":\"https:\/\/sanluisinforma.com\/wp-content\/uploads\/2026\/03\/sanluisinforma-V.jpg\",\"width\":500,\"height\":156,\"caption\":\"sanluisinforma.com\"},\"image\":{\"@id\":\"https:\/\/sanluisinforma.com\/#\/schema\/logo\/image\/\"}},{\"@type\":\"Person\",\"@id\":\"https:\/\/sanluisinforma.com\/#\/schema\/person\/c30648f71476be533b6f59d092905c8b\",\"name\":\"sanluisinforma.com\",\"image\":{\"@type\":\"ImageObject\",\"inLanguage\":\"es\",\"@id\":\"https:\/\/sanluisinforma.com\/#\/schema\/person\/image\/\",\"url\":\"https:\/\/secure.gravatar.com\/avatar\/86e3114e34a1eecefb963e0a02f0093f93b092dddb2fe1517596343751081a87?s=96&d=mm&r=g\",\"contentUrl\":\"https:\/\/secure.gravatar.com\/avatar\/86e3114e34a1eecefb963e0a02f0093f93b092dddb2fe1517596343751081a87?s=96&d=mm&r=g\",\"caption\":\"sanluisinforma.com\"},\"url\":\"https:\/\/sanluisinforma.com\/?author=2\"}]}<\/script>\n<!-- \/ Yoast SEO plugin. -->","yoast_head_json":{"title":"Destaca el Estado en Regularizaci\u00f3n de Veh\u00edculos Extranjeros - sanluisinforma.com","robots":{"index":"index","follow":"follow","max-snippet":"max-snippet:-1","max-image-preview":"max-image-preview:large","max-video-preview":"max-video-preview:-1"},"canonical":"https:\/\/sanluisinforma.com\/?p=9591","og_locale":"es_MX","og_type":"article","og_title":"Destaca el Estado en Regularizaci\u00f3n de Veh\u00edculos Extranjeros - sanluisinforma.com","og_description":"Durante 2024 fueron regularizados m\u00e1s de 39 mil veh\u00edculos Derivado del compromiso del Gobierno del Estado en la regularizaci\u00f3n de","og_url":"https:\/\/sanluisinforma.com\/?p=9591","og_site_name":"sanluisinforma.com","article_published_time":"2025-01-07T06:55:00+00:00","article_modified_time":"2025-01-07T01:39:16+00:00","og_image":[{"width":480,"height":319,"url":"https:\/\/sanluisinforma.com\/wp-content\/uploads\/2025\/01\/61e63ea0-4cb4-459e-b79a-6538d3124afa.jpg","type":"image\/jpeg"}],"author":"sanluisinforma.com","twitter_card":"summary_large_image","twitter_misc":{"Escrito por":"sanluisinforma.com","Tiempo de lectura":"2 minutos"},"schema":{"@context":"https:\/\/schema.org","@graph":[{"@type":"Article","@id":"https:\/\/sanluisinforma.com\/?p=9591#article","isPartOf":{"@id":"https:\/\/sanluisinforma.com\/?p=9591"},"author":{"name":"sanluisinforma.com","@id":"https:\/\/sanluisinforma.com\/#\/schema\/person\/c30648f71476be533b6f59d092905c8b"},"headline":"Destaca el Estado en Regularizaci\u00f3n de Veh\u00edculos Extranjeros","datePublished":"2025-01-07T06:55:00+00:00","dateModified":"2025-01-07T01:39:16+00:00","mainEntityOfPage":{"@id":"https:\/\/sanluisinforma.com\/?p=9591"},"wordCount":252,"publisher":{"@id":"https:\/\/sanluisinforma.com\/#organization"},"image":{"@id":"https:\/\/sanluisinforma.com\/?p=9591#primaryimage"},"thumbnailUrl":"https:\/\/sanluisinforma.com\/wp-content\/uploads\/2025\/01\/61e63ea0-4cb4-459e-b79a-6538d3124afa.jpg","articleSection":["Local","Portada"],"inLanguage":"es"},{"@type":"WebPage","@id":"https:\/\/sanluisinforma.com\/?p=9591","url":"https:\/\/sanluisinforma.com\/?p=9591","name":"Destaca el Estado en Regularizaci\u00f3n de Veh\u00edculos Extranjeros - sanluisinforma.com","isPartOf":{"@id":"https:\/\/sanluisinforma.com\/#website"},"primaryImageOfPage":{"@id":"https:\/\/sanluisinforma.com\/?p=9591#primaryimage"},"image":{"@id":"https:\/\/sanluisinforma.com\/?p=9591#primaryimage"},"thumbnailUrl":"https:\/\/sanluisinforma.com\/wp-content\/uploads\/2025\/01\/61e63ea0-4cb4-459e-b79a-6538d3124afa.jpg","datePublished":"2025-01-07T06:55:00+00:00","dateModified":"2025-01-07T01:39:16+00:00","breadcrumb":{"@id":"https:\/\/sanluisinforma.com\/?p=9591#breadcrumb"},"inLanguage":"es","potentialAction":[{"@type":"ReadAction","target":["https:\/\/sanluisinforma.com\/?p=9591"]}]},{"@type":"ImageObject","inLanguage":"es","@id":"https:\/\/sanluisinforma.com\/?p=9591#primaryimage","url":"https:\/\/sanluisinforma.com\/wp-content\/uploads\/2025\/01\/61e63ea0-4cb4-459e-b79a-6538d3124afa.jpg","contentUrl":"https:\/\/sanluisinforma.com\/wp-content\/uploads\/2025\/01\/61e63ea0-4cb4-459e-b79a-6538d3124afa.jpg","width":480,"height":319},{"@type":"BreadcrumbList","@id":"https:\/\/sanluisinforma.com\/?p=9591#breadcrumb","itemListElement":[{"@type":"ListItem","position":1,"name":"Inicio","item":"https:\/\/sanluisinforma.com\/"},{"@type":"ListItem","position":2,"name":"Destaca el Estado en Regularizaci\u00f3n de Veh\u00edculos Extranjeros"}]},{"@type":"WebSite","@id":"https:\/\/sanluisinforma.com\/#website","url":"https:\/\/sanluisinforma.com\/","name":"sanluisinforma.com","description":"Periodico San Luis Informa","publisher":{"@id":"https:\/\/sanluisinforma.com\/#organization"},"potentialAction":[{"@type":"SearchAction","target":{"@type":"EntryPoint","urlTemplate":"https:\/\/sanluisinforma.com\/?s={search_term_string}"},"query-input":{"@type":"PropertyValueSpecification","valueRequired":true,"valueName":"search_term_string"}}],"inLanguage":"es"},{"@type":"Organization","@id":"https:\/\/sanluisinforma.com\/#organization","name":"sanluisinforma.com","url":"https:\/\/sanluisinforma.com\/","logo":{"@type":"ImageObject","inLanguage":"es","@id":"https:\/\/sanluisinforma.com\/#\/schema\/logo\/image\/","url":"https:\/\/sanluisinforma.com\/wp-content\/uploads\/2026\/03\/sanluisinforma-V.jpg","contentUrl":"https:\/\/sanluisinforma.com\/wp-content\/uploads\/2026\/03\/sanluisinforma-V.jpg","width":500,"height":156,"caption":"sanluisinforma.com"},"image":{"@id":"https:\/\/sanluisinforma.com\/#\/schema\/logo\/image\/"}},{"@type":"Person","@id":"https:\/\/sanluisinforma.com\/#\/schema\/person\/c30648f71476be533b6f59d092905c8b","name":"sanluisinforma.com","image":{"@type":"ImageObject","inLanguage":"es","@id":"https:\/\/sanluisinforma.com\/#\/schema\/person\/image\/","url":"https:\/\/secure.gravatar.com\/avatar\/86e3114e34a1eecefb963e0a02f0093f93b092dddb2fe1517596343751081a87?s=96&d=mm&r=g","contentUrl":"https:\/\/secure.gravatar.com\/avatar\/86e3114e34a1eecefb963e0a02f0093f93b092dddb2fe1517596343751081a87?s=96&d=mm&r=g","caption":"sanluisinforma.com"},"url":"https:\/\/sanluisinforma.com\/?author=2"}]}},"_links":{"self":[{"href":"https:\/\/sanluisinforma.com\/index.php?rest_route=\/wp\/v2\/posts\/9591","targetHints":{"allow":["GET"]}}],"collection":[{"href":"https:\/\/sanluisinforma.com\/index.php?rest_route=\/wp\/v2\/posts"}],"about":[{"href":"https:\/\/sanluisinforma.com\/index.php?rest_route=\/wp\/v2\/types\/post"}],"author":[{"embeddable":true,"href":"https:\/\/sanluisinforma.com\/index.php?rest_route=\/wp\/v2\/users\/2"}],"replies":[{"embeddable":true,"href":"https:\/\/sanluisinforma.com\/index.php?rest_route=%2Fwp%2Fv2%2Fcomments&post=9591"}],"version-history":[{"count":1,"href":"https:\/\/sanluisinforma.com\/index.php?rest_route=\/wp\/v2\/posts\/9591\/revisions"}],"predecessor-version":[{"id":9593,"href":"https:\/\/sanluisinforma.com\/index.php?rest_route=\/wp\/v2\/posts\/9591\/revisions\/9593"}],"wp:featuredmedia":[{"embeddable":true,"href":"https:\/\/sanluisinforma.com\/index.php?rest_route=\/wp\/v2\/media\/9592"}],"wp:attachment":[{"href":"https:\/\/sanluisinforma.com\/index.php?rest_route=%2Fwp%2Fv2%2Fmedia&parent=9591"}],"wp:term":[{"taxonomy":"category","embeddable":true,"href":"https:\/\/sanluisinforma.com\/index.php?rest_route=%2Fwp%2Fv2%2Fcategories&post=9591"},{"taxonomy":"post_tag","embeddable":true,"href":"https:\/\/sanluisinforma.com\/index.php?rest_route=%2Fwp%2Fv2%2Ftags&post=9591"}],"curies":[{"name":"wp","href":"https:\/\/api.w.org\/{rel}","templated":true}]}}