{"id":9616,"date":"2025-01-08T00:50:00","date_gmt":"2025-01-08T06:50:00","guid":{"rendered":"https:\/\/sanluisinforma.com\/?p=9616"},"modified":"2025-01-07T20:27:38","modified_gmt":"2025-01-08T02:27:38","slug":"colonia-dalias-estrenara-parque-publico-informa-el-alcalde-galindo-en-el-dia-de-talacha-92","status":"publish","type":"post","link":"https:\/\/sanluisinforma.com\/?p=9616","title":{"rendered":"Colonia Dalias estrenar\u00e1 parque p\u00fablico, informa el Alcalde Galindo en el D\u00eda de Talacha 92"},"content":{"rendered":"\n<p>El Primer Edil convertir\u00e1 un terreno de grandes dimensiones en un espacio recreativo para dar vida a la comunidad, con forestaci\u00f3n, juegos infantiles y ejercitadores para toda la familia.<\/p>\n\n\n\n<p><\/p>\n\n\n\n<p>En el marco del programa 100 D\u00edas de Gobierno, 100 D\u00edas de Talacha, el Alcalde Enrique Galindo Ceballos, acompa\u00f1ado de la Presidenta del DIF, Estela Arriaga M\u00e1rquez, Regidores y titulares de dependencias municipales, encabez\u00f3 las acciones de limpieza integral de un terreno en la colonia Dalias, ubicado en la calle Gardenia, esquina con Camelias Poniente, con el objetivo de atender las necesidades colectivas de la zona y recuperar espacios p\u00fablicos.<\/p>\n\n\n\n<p>El Alcalde Enrique Galindo destac\u00f3 el potencial del terreno para convertirse en un parque p\u00fablico con juegos infantiles, ejercitadores y \u00e1reas verdes, por lo que instruy\u00f3 la elaboraci\u00f3n del proyecto ejecutivo para su transformaci\u00f3n. Adem\u00e1s, anunci\u00f3 la pr\u00f3xima llegada de La Ruta de la Salud, que incluir\u00e1 m\u00e1s servicios para proteger la salud de las familias de San Luis Capital, junto con el programa Pulmones Urbanos, enfocado en la donaci\u00f3n y cuidado de \u00e1rboles.<\/p>\n\n\n\n<p>Durante la jornada, el Director de Servicios Municipales, Christian Azuara Azuara, inform\u00f3 sobre las labores realizadas, que incluyeron iluminaci\u00f3n con nuevos reflectores, retiro de maleza y desechos, poda de \u00e1rboles, pintura de guarniciones y revisi\u00f3n del alumbrado p\u00fablico. Tambi\u00e9n se atendi\u00f3 de manera inmediata una fuga de agua detectada en la calle Art\u00edculos, en coordinaci\u00f3n con el organismo Interapas.<\/p>\n\n\n\n<p>El Alcalde agradeci\u00f3 al Cabildo su participaci\u00f3n en estas jornadas, destacando al Regidor Francisco Javier Pedraza Blanco por gestionar la intervenci\u00f3n en la colonia Dalias durante el d\u00eda 92 de los 100 D\u00edas de Talacha.<\/p>\n","protected":false},"excerpt":{"rendered":"<p>El Primer Edil convertir\u00e1 un terreno de grandes dimensiones en un espacio recreativo para dar vida a la comunidad, con<\/p>\n","protected":false},"author":2,"featured_media":9617,"comment_status":"closed","ping_status":"closed","sticky":false,"template":"","format":"standard","meta":{"footnotes":""},"categories":[25,30],"tags":[],"class_list":["post-9616","post","type-post","status-publish","format-standard","has-post-thumbnail","hentry","category-local","category-portada"],"yoast_head":"<!-- This site is optimized with the Yoast SEO plugin v24.1 - https:\/\/yoast.com\/wordpress\/plugins\/seo\/ -->\n<title>Colonia Dalias estrenar\u00e1 parque p\u00fablico, informa el Alcalde Galindo en el D\u00eda de Talacha 92 - sanluisinforma.com<\/title>\n<meta name=\"robots\" content=\"index, follow, max-snippet:-1, max-image-preview:large, max-video-preview:-1\" \/>\n<link rel=\"canonical\" href=\"https:\/\/sanluisinforma.com\/?p=9616\" \/>\n<meta property=\"og:locale\" content=\"es_MX\" \/>\n<meta property=\"og:type\" content=\"article\" \/>\n<meta property=\"og:title\" content=\"Colonia Dalias estrenar\u00e1 parque p\u00fablico, informa el Alcalde Galindo en el D\u00eda de Talacha 92 - sanluisinforma.com\" \/>\n<meta property=\"og:description\" content=\"El Primer Edil convertir\u00e1 un terreno de grandes dimensiones en un espacio recreativo para dar vida a la comunidad, con\" \/>\n<meta property=\"og:url\" content=\"https:\/\/sanluisinforma.com\/?p=9616\" \/>\n<meta property=\"og:site_name\" content=\"sanluisinforma.com\" \/>\n<meta property=\"article:published_time\" content=\"2025-01-08T06:50:00+00:00\" \/>\n<meta property=\"article:modified_time\" content=\"2025-01-08T02:27:38+00:00\" \/>\n<meta property=\"og:image\" content=\"https:\/\/sanluisinforma.com\/wp-content\/uploads\/2025\/01\/b42dd23a-fc72-4b9d-ba9d-7cc53e4fcdd9.jpg\" \/>\n\t<meta property=\"og:image:width\" content=\"480\" \/>\n\t<meta property=\"og:image:height\" content=\"360\" \/>\n\t<meta property=\"og:image:type\" content=\"image\/jpeg\" \/>\n<meta name=\"author\" content=\"sanluisinforma.com\" \/>\n<meta name=\"twitter:card\" content=\"summary_large_image\" \/>\n<meta name=\"twitter:label1\" content=\"Escrito por\" \/>\n\t<meta name=\"twitter:data1\" content=\"sanluisinforma.com\" \/>\n\t<meta name=\"twitter:label2\" content=\"Tiempo de lectura\" \/>\n\t<meta name=\"twitter:data2\" content=\"2 minutos\" \/>\n<script type=\"application\/ld+json\" class=\"yoast-schema-graph\">{\"@context\":\"https:\/\/schema.org\",\"@graph\":[{\"@type\":\"Article\",\"@id\":\"https:\/\/sanluisinforma.com\/?p=9616#article\",\"isPartOf\":{\"@id\":\"https:\/\/sanluisinforma.com\/?p=9616\"},\"author\":{\"name\":\"sanluisinforma.com\",\"@id\":\"https:\/\/sanluisinforma.com\/#\/schema\/person\/c30648f71476be533b6f59d092905c8b\"},\"headline\":\"Colonia Dalias estrenar\u00e1 parque p\u00fablico, informa el Alcalde Galindo en el D\u00eda de Talacha 92\",\"datePublished\":\"2025-01-08T06:50:00+00:00\",\"dateModified\":\"2025-01-08T02:27:38+00:00\",\"mainEntityOfPage\":{\"@id\":\"https:\/\/sanluisinforma.com\/?p=9616\"},\"wordCount\":302,\"publisher\":{\"@id\":\"https:\/\/sanluisinforma.com\/#organization\"},\"image\":{\"@id\":\"https:\/\/sanluisinforma.com\/?p=9616#primaryimage\"},\"thumbnailUrl\":\"https:\/\/sanluisinforma.com\/wp-content\/uploads\/2025\/01\/b42dd23a-fc72-4b9d-ba9d-7cc53e4fcdd9.jpg\",\"articleSection\":[\"Local\",\"Portada\"],\"inLanguage\":\"es\"},{\"@type\":\"WebPage\",\"@id\":\"https:\/\/sanluisinforma.com\/?p=9616\",\"url\":\"https:\/\/sanluisinforma.com\/?p=9616\",\"name\":\"Colonia Dalias estrenar\u00e1 parque p\u00fablico, informa el Alcalde Galindo en el D\u00eda de Talacha 92 - sanluisinforma.com\",\"isPartOf\":{\"@id\":\"https:\/\/sanluisinforma.com\/#website\"},\"primaryImageOfPage\":{\"@id\":\"https:\/\/sanluisinforma.com\/?p=9616#primaryimage\"},\"image\":{\"@id\":\"https:\/\/sanluisinforma.com\/?p=9616#primaryimage\"},\"thumbnailUrl\":\"https:\/\/sanluisinforma.com\/wp-content\/uploads\/2025\/01\/b42dd23a-fc72-4b9d-ba9d-7cc53e4fcdd9.jpg\",\"datePublished\":\"2025-01-08T06:50:00+00:00\",\"dateModified\":\"2025-01-08T02:27:38+00:00\",\"breadcrumb\":{\"@id\":\"https:\/\/sanluisinforma.com\/?p=9616#breadcrumb\"},\"inLanguage\":\"es\",\"potentialAction\":[{\"@type\":\"ReadAction\",\"target\":[\"https:\/\/sanluisinforma.com\/?p=9616\"]}]},{\"@type\":\"ImageObject\",\"inLanguage\":\"es\",\"@id\":\"https:\/\/sanluisinforma.com\/?p=9616#primaryimage\",\"url\":\"https:\/\/sanluisinforma.com\/wp-content\/uploads\/2025\/01\/b42dd23a-fc72-4b9d-ba9d-7cc53e4fcdd9.jpg\",\"contentUrl\":\"https:\/\/sanluisinforma.com\/wp-content\/uploads\/2025\/01\/b42dd23a-fc72-4b9d-ba9d-7cc53e4fcdd9.jpg\",\"width\":480,\"height\":360},{\"@type\":\"BreadcrumbList\",\"@id\":\"https:\/\/sanluisinforma.com\/?p=9616#breadcrumb\",\"itemListElement\":[{\"@type\":\"ListItem\",\"position\":1,\"name\":\"Inicio\",\"item\":\"https:\/\/sanluisinforma.com\/\"},{\"@type\":\"ListItem\",\"position\":2,\"name\":\"Colonia Dalias estrenar\u00e1 parque p\u00fablico, informa el Alcalde Galindo en el D\u00eda de Talacha 92\"}]},{\"@type\":\"WebSite\",\"@id\":\"https:\/\/sanluisinforma.com\/#website\",\"url\":\"https:\/\/sanluisinforma.com\/\",\"name\":\"sanluisinforma.com\",\"description\":\"Periodico San Luis Informa\",\"publisher\":{\"@id\":\"https:\/\/sanluisinforma.com\/#organization\"},\"potentialAction\":[{\"@type\":\"SearchAction\",\"target\":{\"@type\":\"EntryPoint\",\"urlTemplate\":\"https:\/\/sanluisinforma.com\/?s={search_term_string}\"},\"query-input\":{\"@type\":\"PropertyValueSpecification\",\"valueRequired\":true,\"valueName\":\"search_term_string\"}}],\"inLanguage\":\"es\"},{\"@type\":\"Organization\",\"@id\":\"https:\/\/sanluisinforma.com\/#organization\",\"name\":\"sanluisinforma.com\",\"url\":\"https:\/\/sanluisinforma.com\/\",\"logo\":{\"@type\":\"ImageObject\",\"inLanguage\":\"es\",\"@id\":\"https:\/\/sanluisinforma.com\/#\/schema\/logo\/image\/\",\"url\":\"https:\/\/sanluisinforma.com\/wp-content\/uploads\/2026\/03\/sanluisinforma-V.jpg\",\"contentUrl\":\"https:\/\/sanluisinforma.com\/wp-content\/uploads\/2026\/03\/sanluisinforma-V.jpg\",\"width\":500,\"height\":156,\"caption\":\"sanluisinforma.com\"},\"image\":{\"@id\":\"https:\/\/sanluisinforma.com\/#\/schema\/logo\/image\/\"}},{\"@type\":\"Person\",\"@id\":\"https:\/\/sanluisinforma.com\/#\/schema\/person\/c30648f71476be533b6f59d092905c8b\",\"name\":\"sanluisinforma.com\",\"image\":{\"@type\":\"ImageObject\",\"inLanguage\":\"es\",\"@id\":\"https:\/\/sanluisinforma.com\/#\/schema\/person\/image\/\",\"url\":\"https:\/\/secure.gravatar.com\/avatar\/86e3114e34a1eecefb963e0a02f0093f93b092dddb2fe1517596343751081a87?s=96&d=mm&r=g\",\"contentUrl\":\"https:\/\/secure.gravatar.com\/avatar\/86e3114e34a1eecefb963e0a02f0093f93b092dddb2fe1517596343751081a87?s=96&d=mm&r=g\",\"caption\":\"sanluisinforma.com\"},\"url\":\"https:\/\/sanluisinforma.com\/?author=2\"}]}<\/script>\n<!-- \/ Yoast SEO plugin. -->","yoast_head_json":{"title":"Colonia Dalias estrenar\u00e1 parque p\u00fablico, informa el Alcalde Galindo en el D\u00eda de Talacha 92 - sanluisinforma.com","robots":{"index":"index","follow":"follow","max-snippet":"max-snippet:-1","max-image-preview":"max-image-preview:large","max-video-preview":"max-video-preview:-1"},"canonical":"https:\/\/sanluisinforma.com\/?p=9616","og_locale":"es_MX","og_type":"article","og_title":"Colonia Dalias estrenar\u00e1 parque p\u00fablico, informa el Alcalde Galindo en el D\u00eda de Talacha 92 - sanluisinforma.com","og_description":"El Primer Edil convertir\u00e1 un terreno de grandes dimensiones en un espacio recreativo para dar vida a la comunidad, con","og_url":"https:\/\/sanluisinforma.com\/?p=9616","og_site_name":"sanluisinforma.com","article_published_time":"2025-01-08T06:50:00+00:00","article_modified_time":"2025-01-08T02:27:38+00:00","og_image":[{"width":480,"height":360,"url":"https:\/\/sanluisinforma.com\/wp-content\/uploads\/2025\/01\/b42dd23a-fc72-4b9d-ba9d-7cc53e4fcdd9.jpg","type":"image\/jpeg"}],"author":"sanluisinforma.com","twitter_card":"summary_large_image","twitter_misc":{"Escrito por":"sanluisinforma.com","Tiempo de lectura":"2 minutos"},"schema":{"@context":"https:\/\/schema.org","@graph":[{"@type":"Article","@id":"https:\/\/sanluisinforma.com\/?p=9616#article","isPartOf":{"@id":"https:\/\/sanluisinforma.com\/?p=9616"},"author":{"name":"sanluisinforma.com","@id":"https:\/\/sanluisinforma.com\/#\/schema\/person\/c30648f71476be533b6f59d092905c8b"},"headline":"Colonia Dalias estrenar\u00e1 parque p\u00fablico, informa el Alcalde Galindo en el D\u00eda de Talacha 92","datePublished":"2025-01-08T06:50:00+00:00","dateModified":"2025-01-08T02:27:38+00:00","mainEntityOfPage":{"@id":"https:\/\/sanluisinforma.com\/?p=9616"},"wordCount":302,"publisher":{"@id":"https:\/\/sanluisinforma.com\/#organization"},"image":{"@id":"https:\/\/sanluisinforma.com\/?p=9616#primaryimage"},"thumbnailUrl":"https:\/\/sanluisinforma.com\/wp-content\/uploads\/2025\/01\/b42dd23a-fc72-4b9d-ba9d-7cc53e4fcdd9.jpg","articleSection":["Local","Portada"],"inLanguage":"es"},{"@type":"WebPage","@id":"https:\/\/sanluisinforma.com\/?p=9616","url":"https:\/\/sanluisinforma.com\/?p=9616","name":"Colonia Dalias estrenar\u00e1 parque p\u00fablico, informa el Alcalde Galindo en el D\u00eda de Talacha 92 - sanluisinforma.com","isPartOf":{"@id":"https:\/\/sanluisinforma.com\/#website"},"primaryImageOfPage":{"@id":"https:\/\/sanluisinforma.com\/?p=9616#primaryimage"},"image":{"@id":"https:\/\/sanluisinforma.com\/?p=9616#primaryimage"},"thumbnailUrl":"https:\/\/sanluisinforma.com\/wp-content\/uploads\/2025\/01\/b42dd23a-fc72-4b9d-ba9d-7cc53e4fcdd9.jpg","datePublished":"2025-01-08T06:50:00+00:00","dateModified":"2025-01-08T02:27:38+00:00","breadcrumb":{"@id":"https:\/\/sanluisinforma.com\/?p=9616#breadcrumb"},"inLanguage":"es","potentialAction":[{"@type":"ReadAction","target":["https:\/\/sanluisinforma.com\/?p=9616"]}]},{"@type":"ImageObject","inLanguage":"es","@id":"https:\/\/sanluisinforma.com\/?p=9616#primaryimage","url":"https:\/\/sanluisinforma.com\/wp-content\/uploads\/2025\/01\/b42dd23a-fc72-4b9d-ba9d-7cc53e4fcdd9.jpg","contentUrl":"https:\/\/sanluisinforma.com\/wp-content\/uploads\/2025\/01\/b42dd23a-fc72-4b9d-ba9d-7cc53e4fcdd9.jpg","width":480,"height":360},{"@type":"BreadcrumbList","@id":"https:\/\/sanluisinforma.com\/?p=9616#breadcrumb","itemListElement":[{"@type":"ListItem","position":1,"name":"Inicio","item":"https:\/\/sanluisinforma.com\/"},{"@type":"ListItem","position":2,"name":"Colonia Dalias estrenar\u00e1 parque p\u00fablico, informa el Alcalde Galindo en el D\u00eda de Talacha 92"}]},{"@type":"WebSite","@id":"https:\/\/sanluisinforma.com\/#website","url":"https:\/\/sanluisinforma.com\/","name":"sanluisinforma.com","description":"Periodico San Luis Informa","publisher":{"@id":"https:\/\/sanluisinforma.com\/#organization"},"potentialAction":[{"@type":"SearchAction","target":{"@type":"EntryPoint","urlTemplate":"https:\/\/sanluisinforma.com\/?s={search_term_string}"},"query-input":{"@type":"PropertyValueSpecification","valueRequired":true,"valueName":"search_term_string"}}],"inLanguage":"es"},{"@type":"Organization","@id":"https:\/\/sanluisinforma.com\/#organization","name":"sanluisinforma.com","url":"https:\/\/sanluisinforma.com\/","logo":{"@type":"ImageObject","inLanguage":"es","@id":"https:\/\/sanluisinforma.com\/#\/schema\/logo\/image\/","url":"https:\/\/sanluisinforma.com\/wp-content\/uploads\/2026\/03\/sanluisinforma-V.jpg","contentUrl":"https:\/\/sanluisinforma.com\/wp-content\/uploads\/2026\/03\/sanluisinforma-V.jpg","width":500,"height":156,"caption":"sanluisinforma.com"},"image":{"@id":"https:\/\/sanluisinforma.com\/#\/schema\/logo\/image\/"}},{"@type":"Person","@id":"https:\/\/sanluisinforma.com\/#\/schema\/person\/c30648f71476be533b6f59d092905c8b","name":"sanluisinforma.com","image":{"@type":"ImageObject","inLanguage":"es","@id":"https:\/\/sanluisinforma.com\/#\/schema\/person\/image\/","url":"https:\/\/secure.gravatar.com\/avatar\/86e3114e34a1eecefb963e0a02f0093f93b092dddb2fe1517596343751081a87?s=96&d=mm&r=g","contentUrl":"https:\/\/secure.gravatar.com\/avatar\/86e3114e34a1eecefb963e0a02f0093f93b092dddb2fe1517596343751081a87?s=96&d=mm&r=g","caption":"sanluisinforma.com"},"url":"https:\/\/sanluisinforma.com\/?author=2"}]}},"_links":{"self":[{"href":"https:\/\/sanluisinforma.com\/index.php?rest_route=\/wp\/v2\/posts\/9616","targetHints":{"allow":["GET"]}}],"collection":[{"href":"https:\/\/sanluisinforma.com\/index.php?rest_route=\/wp\/v2\/posts"}],"about":[{"href":"https:\/\/sanluisinforma.com\/index.php?rest_route=\/wp\/v2\/types\/post"}],"author":[{"embeddable":true,"href":"https:\/\/sanluisinforma.com\/index.php?rest_route=\/wp\/v2\/users\/2"}],"replies":[{"embeddable":true,"href":"https:\/\/sanluisinforma.com\/index.php?rest_route=%2Fwp%2Fv2%2Fcomments&post=9616"}],"version-history":[{"count":1,"href":"https:\/\/sanluisinforma.com\/index.php?rest_route=\/wp\/v2\/posts\/9616\/revisions"}],"predecessor-version":[{"id":9618,"href":"https:\/\/sanluisinforma.com\/index.php?rest_route=\/wp\/v2\/posts\/9616\/revisions\/9618"}],"wp:featuredmedia":[{"embeddable":true,"href":"https:\/\/sanluisinforma.com\/index.php?rest_route=\/wp\/v2\/media\/9617"}],"wp:attachment":[{"href":"https:\/\/sanluisinforma.com\/index.php?rest_route=%2Fwp%2Fv2%2Fmedia&parent=9616"}],"wp:term":[{"taxonomy":"category","embeddable":true,"href":"https:\/\/sanluisinforma.com\/index.php?rest_route=%2Fwp%2Fv2%2Fcategories&post=9616"},{"taxonomy":"post_tag","embeddable":true,"href":"https:\/\/sanluisinforma.com\/index.php?rest_route=%2Fwp%2Fv2%2Ftags&post=9616"}],"curies":[{"name":"wp","href":"https:\/\/api.w.org\/{rel}","templated":true}]}}