{"id":9619,"date":"2025-01-08T00:45:00","date_gmt":"2025-01-08T06:45:00","guid":{"rendered":"https:\/\/sanluisinforma.com\/?p=9619"},"modified":"2025-01-07T20:30:08","modified_gmt":"2025-01-08T02:30:08","slug":"el-albergue-invernal-del-dif-capitalino-recibe-en-promedio-13-personas-cada-dia-desde-su-apertura","status":"publish","type":"post","link":"https:\/\/sanluisinforma.com\/?p=9619","title":{"rendered":"El Albergue Invernal del DIF Capitalino recibe en promedio 13 personas cada d\u00eda desde su apertura"},"content":{"rendered":"\n<p>\u201cRedoblamos recorridos para proteger a personas vulnerables en situaci\u00f3n de calle\u201d: Jessica Albarr\u00e1n, Directora del DIF Municipal.<\/p>\n\n\n\n<p>Se invita a la ciudadan\u00eda a continuar con sus respectivos reportes al tel\u00e9fono 4444203061.<\/p>\n\n\n\n<p><\/p>\n\n\n\n<p><\/p>\n\n\n\n<p>SLP.- Para proteger de las bajas temperaturas por la noche a personas vulnerables en situaci\u00f3n de calle, el DIF Capitalino y Protecci\u00f3n Civil Municipal mantienen la atenci\u00f3n en el Albergue Invernal donde se atienden en promedio 13 personas cada d\u00eda desde su apertura.<\/p>\n\n\n\n<p>\u201cEste mes se han registrado noches m\u00e1s fr\u00edas, por lo que continuamos con los recorridos y la atenci\u00f3n a personas vulnerables en situaci\u00f3n de calle para su resguardo\u201d, afirm\u00f3 Jessica Albarr\u00e1n Ram\u00edrez, directora del DIF Municipal.<\/p>\n\n\n\n<p>En un mes se han atendido a 48 personas, la mayor\u00eda hombres, quienes reciben dos comidas calientes por d\u00eda, cena y desayuno.<\/p>\n\n\n\n<p>Entre los servicios destacan canalizaciones a la Coordinaci\u00f3n de Apoyo a la Comunidad del DIF Municipal para tramitar documentos personales como actas de nacimientos, CURP e INE; otros usuarios reciben rehabilitaci\u00f3n f\u00edsica en este mismo organismo; curaciones, vacunas, canalizaci\u00f3n al Servicio Estatal de Empleo, y tr\u00e1mite de cartas de no derechohabiencia, entre otros.<\/p>\n\n\n\n<p>El personal multidisciplinario del DIF Municipal pone sus conocimientos y empe\u00f1o en atender con calidad y calidez a estas personas que requieren atenci\u00f3n, logrando tambi\u00e9n localizar la red familiar de un usuario con discapacidad visual y una usuaria de Puerta Violeta.<\/p>\n\n\n\n<p>Por lo que respecta al espacio disponible, asegur\u00f3 que a\u00fan se puede dar atenci\u00f3n a m\u00e1s personas que lo requieran, ya sea mediante los recorridos que realiza la cuadrilla, los reportes de la ciudadan\u00eda al n\u00famero&nbsp; 4441440120 o acudir directamente a las instalaciones ubicadas en Coronel Romero y Salvador Nava, donde el horario de apertura del albergue es a las 8 de la noche, cierra para ingreso a las 10 y salen a las 8 de la ma\u00f1ana.<\/p>\n","protected":false},"excerpt":{"rendered":"<p>\u201cRedoblamos recorridos para proteger a personas vulnerables en situaci\u00f3n de calle\u201d: Jessica Albarr\u00e1n, Directora del DIF Municipal. Se invita a<\/p>\n","protected":false},"author":2,"featured_media":9620,"comment_status":"closed","ping_status":"closed","sticky":false,"template":"","format":"standard","meta":{"footnotes":""},"categories":[25,30],"tags":[],"class_list":["post-9619","post","type-post","status-publish","format-standard","has-post-thumbnail","hentry","category-local","category-portada"],"yoast_head":"<!-- This site is optimized with the Yoast SEO plugin v24.1 - https:\/\/yoast.com\/wordpress\/plugins\/seo\/ -->\n<title>El Albergue Invernal del DIF Capitalino recibe en promedio 13 personas cada d\u00eda desde su apertura - sanluisinforma.com<\/title>\n<meta name=\"robots\" content=\"index, follow, max-snippet:-1, max-image-preview:large, max-video-preview:-1\" \/>\n<link rel=\"canonical\" href=\"https:\/\/sanluisinforma.com\/?p=9619\" \/>\n<meta property=\"og:locale\" content=\"es_MX\" \/>\n<meta property=\"og:type\" content=\"article\" \/>\n<meta property=\"og:title\" content=\"El Albergue Invernal del DIF Capitalino recibe en promedio 13 personas cada d\u00eda desde su apertura - sanluisinforma.com\" \/>\n<meta property=\"og:description\" content=\"\u201cRedoblamos recorridos para proteger a personas vulnerables en situaci\u00f3n de calle\u201d: Jessica Albarr\u00e1n, Directora del DIF Municipal. Se invita a\" \/>\n<meta property=\"og:url\" content=\"https:\/\/sanluisinforma.com\/?p=9619\" \/>\n<meta property=\"og:site_name\" content=\"sanluisinforma.com\" \/>\n<meta property=\"article:published_time\" content=\"2025-01-08T06:45:00+00:00\" \/>\n<meta property=\"article:modified_time\" content=\"2025-01-08T02:30:08+00:00\" \/>\n<meta property=\"og:image\" content=\"https:\/\/sanluisinforma.com\/wp-content\/uploads\/2025\/01\/013b703d-7ca8-4f37-be8b-68ebb374abca.jpg\" \/>\n\t<meta property=\"og:image:width\" content=\"480\" \/>\n\t<meta property=\"og:image:height\" content=\"360\" \/>\n\t<meta property=\"og:image:type\" content=\"image\/jpeg\" \/>\n<meta name=\"author\" content=\"sanluisinforma.com\" \/>\n<meta name=\"twitter:card\" content=\"summary_large_image\" \/>\n<meta name=\"twitter:label1\" content=\"Escrito por\" \/>\n\t<meta name=\"twitter:data1\" content=\"sanluisinforma.com\" \/>\n\t<meta name=\"twitter:label2\" content=\"Tiempo de lectura\" \/>\n\t<meta name=\"twitter:data2\" content=\"2 minutos\" \/>\n<script type=\"application\/ld+json\" class=\"yoast-schema-graph\">{\"@context\":\"https:\/\/schema.org\",\"@graph\":[{\"@type\":\"Article\",\"@id\":\"https:\/\/sanluisinforma.com\/?p=9619#article\",\"isPartOf\":{\"@id\":\"https:\/\/sanluisinforma.com\/?p=9619\"},\"author\":{\"name\":\"sanluisinforma.com\",\"@id\":\"https:\/\/sanluisinforma.com\/#\/schema\/person\/c30648f71476be533b6f59d092905c8b\"},\"headline\":\"El Albergue Invernal del DIF Capitalino recibe en promedio 13 personas cada d\u00eda desde su apertura\",\"datePublished\":\"2025-01-08T06:45:00+00:00\",\"dateModified\":\"2025-01-08T02:30:08+00:00\",\"mainEntityOfPage\":{\"@id\":\"https:\/\/sanluisinforma.com\/?p=9619\"},\"wordCount\":345,\"publisher\":{\"@id\":\"https:\/\/sanluisinforma.com\/#organization\"},\"image\":{\"@id\":\"https:\/\/sanluisinforma.com\/?p=9619#primaryimage\"},\"thumbnailUrl\":\"https:\/\/sanluisinforma.com\/wp-content\/uploads\/2025\/01\/013b703d-7ca8-4f37-be8b-68ebb374abca.jpg\",\"articleSection\":[\"Local\",\"Portada\"],\"inLanguage\":\"es\"},{\"@type\":\"WebPage\",\"@id\":\"https:\/\/sanluisinforma.com\/?p=9619\",\"url\":\"https:\/\/sanluisinforma.com\/?p=9619\",\"name\":\"El Albergue Invernal del DIF Capitalino recibe en promedio 13 personas cada d\u00eda desde su apertura - sanluisinforma.com\",\"isPartOf\":{\"@id\":\"https:\/\/sanluisinforma.com\/#website\"},\"primaryImageOfPage\":{\"@id\":\"https:\/\/sanluisinforma.com\/?p=9619#primaryimage\"},\"image\":{\"@id\":\"https:\/\/sanluisinforma.com\/?p=9619#primaryimage\"},\"thumbnailUrl\":\"https:\/\/sanluisinforma.com\/wp-content\/uploads\/2025\/01\/013b703d-7ca8-4f37-be8b-68ebb374abca.jpg\",\"datePublished\":\"2025-01-08T06:45:00+00:00\",\"dateModified\":\"2025-01-08T02:30:08+00:00\",\"breadcrumb\":{\"@id\":\"https:\/\/sanluisinforma.com\/?p=9619#breadcrumb\"},\"inLanguage\":\"es\",\"potentialAction\":[{\"@type\":\"ReadAction\",\"target\":[\"https:\/\/sanluisinforma.com\/?p=9619\"]}]},{\"@type\":\"ImageObject\",\"inLanguage\":\"es\",\"@id\":\"https:\/\/sanluisinforma.com\/?p=9619#primaryimage\",\"url\":\"https:\/\/sanluisinforma.com\/wp-content\/uploads\/2025\/01\/013b703d-7ca8-4f37-be8b-68ebb374abca.jpg\",\"contentUrl\":\"https:\/\/sanluisinforma.com\/wp-content\/uploads\/2025\/01\/013b703d-7ca8-4f37-be8b-68ebb374abca.jpg\",\"width\":480,\"height\":360},{\"@type\":\"BreadcrumbList\",\"@id\":\"https:\/\/sanluisinforma.com\/?p=9619#breadcrumb\",\"itemListElement\":[{\"@type\":\"ListItem\",\"position\":1,\"name\":\"Inicio\",\"item\":\"https:\/\/sanluisinforma.com\/\"},{\"@type\":\"ListItem\",\"position\":2,\"name\":\"El Albergue Invernal del DIF Capitalino recibe en promedio 13 personas cada d\u00eda desde su apertura\"}]},{\"@type\":\"WebSite\",\"@id\":\"https:\/\/sanluisinforma.com\/#website\",\"url\":\"https:\/\/sanluisinforma.com\/\",\"name\":\"sanluisinforma.com\",\"description\":\"Periodico San Luis Informa\",\"publisher\":{\"@id\":\"https:\/\/sanluisinforma.com\/#organization\"},\"potentialAction\":[{\"@type\":\"SearchAction\",\"target\":{\"@type\":\"EntryPoint\",\"urlTemplate\":\"https:\/\/sanluisinforma.com\/?s={search_term_string}\"},\"query-input\":{\"@type\":\"PropertyValueSpecification\",\"valueRequired\":true,\"valueName\":\"search_term_string\"}}],\"inLanguage\":\"es\"},{\"@type\":\"Organization\",\"@id\":\"https:\/\/sanluisinforma.com\/#organization\",\"name\":\"sanluisinforma.com\",\"url\":\"https:\/\/sanluisinforma.com\/\",\"logo\":{\"@type\":\"ImageObject\",\"inLanguage\":\"es\",\"@id\":\"https:\/\/sanluisinforma.com\/#\/schema\/logo\/image\/\",\"url\":\"https:\/\/sanluisinforma.com\/wp-content\/uploads\/2026\/03\/sanluisinforma-V.jpg\",\"contentUrl\":\"https:\/\/sanluisinforma.com\/wp-content\/uploads\/2026\/03\/sanluisinforma-V.jpg\",\"width\":500,\"height\":156,\"caption\":\"sanluisinforma.com\"},\"image\":{\"@id\":\"https:\/\/sanluisinforma.com\/#\/schema\/logo\/image\/\"}},{\"@type\":\"Person\",\"@id\":\"https:\/\/sanluisinforma.com\/#\/schema\/person\/c30648f71476be533b6f59d092905c8b\",\"name\":\"sanluisinforma.com\",\"image\":{\"@type\":\"ImageObject\",\"inLanguage\":\"es\",\"@id\":\"https:\/\/sanluisinforma.com\/#\/schema\/person\/image\/\",\"url\":\"https:\/\/secure.gravatar.com\/avatar\/86e3114e34a1eecefb963e0a02f0093f93b092dddb2fe1517596343751081a87?s=96&d=mm&r=g\",\"contentUrl\":\"https:\/\/secure.gravatar.com\/avatar\/86e3114e34a1eecefb963e0a02f0093f93b092dddb2fe1517596343751081a87?s=96&d=mm&r=g\",\"caption\":\"sanluisinforma.com\"},\"url\":\"https:\/\/sanluisinforma.com\/?author=2\"}]}<\/script>\n<!-- \/ Yoast SEO plugin. -->","yoast_head_json":{"title":"El Albergue Invernal del DIF Capitalino recibe en promedio 13 personas cada d\u00eda desde su apertura - sanluisinforma.com","robots":{"index":"index","follow":"follow","max-snippet":"max-snippet:-1","max-image-preview":"max-image-preview:large","max-video-preview":"max-video-preview:-1"},"canonical":"https:\/\/sanluisinforma.com\/?p=9619","og_locale":"es_MX","og_type":"article","og_title":"El Albergue Invernal del DIF Capitalino recibe en promedio 13 personas cada d\u00eda desde su apertura - sanluisinforma.com","og_description":"\u201cRedoblamos recorridos para proteger a personas vulnerables en situaci\u00f3n de calle\u201d: Jessica Albarr\u00e1n, Directora del DIF Municipal. Se invita a","og_url":"https:\/\/sanluisinforma.com\/?p=9619","og_site_name":"sanluisinforma.com","article_published_time":"2025-01-08T06:45:00+00:00","article_modified_time":"2025-01-08T02:30:08+00:00","og_image":[{"width":480,"height":360,"url":"https:\/\/sanluisinforma.com\/wp-content\/uploads\/2025\/01\/013b703d-7ca8-4f37-be8b-68ebb374abca.jpg","type":"image\/jpeg"}],"author":"sanluisinforma.com","twitter_card":"summary_large_image","twitter_misc":{"Escrito por":"sanluisinforma.com","Tiempo de lectura":"2 minutos"},"schema":{"@context":"https:\/\/schema.org","@graph":[{"@type":"Article","@id":"https:\/\/sanluisinforma.com\/?p=9619#article","isPartOf":{"@id":"https:\/\/sanluisinforma.com\/?p=9619"},"author":{"name":"sanluisinforma.com","@id":"https:\/\/sanluisinforma.com\/#\/schema\/person\/c30648f71476be533b6f59d092905c8b"},"headline":"El Albergue Invernal del DIF Capitalino recibe en promedio 13 personas cada d\u00eda desde su apertura","datePublished":"2025-01-08T06:45:00+00:00","dateModified":"2025-01-08T02:30:08+00:00","mainEntityOfPage":{"@id":"https:\/\/sanluisinforma.com\/?p=9619"},"wordCount":345,"publisher":{"@id":"https:\/\/sanluisinforma.com\/#organization"},"image":{"@id":"https:\/\/sanluisinforma.com\/?p=9619#primaryimage"},"thumbnailUrl":"https:\/\/sanluisinforma.com\/wp-content\/uploads\/2025\/01\/013b703d-7ca8-4f37-be8b-68ebb374abca.jpg","articleSection":["Local","Portada"],"inLanguage":"es"},{"@type":"WebPage","@id":"https:\/\/sanluisinforma.com\/?p=9619","url":"https:\/\/sanluisinforma.com\/?p=9619","name":"El Albergue Invernal del DIF Capitalino recibe en promedio 13 personas cada d\u00eda desde su apertura - sanluisinforma.com","isPartOf":{"@id":"https:\/\/sanluisinforma.com\/#website"},"primaryImageOfPage":{"@id":"https:\/\/sanluisinforma.com\/?p=9619#primaryimage"},"image":{"@id":"https:\/\/sanluisinforma.com\/?p=9619#primaryimage"},"thumbnailUrl":"https:\/\/sanluisinforma.com\/wp-content\/uploads\/2025\/01\/013b703d-7ca8-4f37-be8b-68ebb374abca.jpg","datePublished":"2025-01-08T06:45:00+00:00","dateModified":"2025-01-08T02:30:08+00:00","breadcrumb":{"@id":"https:\/\/sanluisinforma.com\/?p=9619#breadcrumb"},"inLanguage":"es","potentialAction":[{"@type":"ReadAction","target":["https:\/\/sanluisinforma.com\/?p=9619"]}]},{"@type":"ImageObject","inLanguage":"es","@id":"https:\/\/sanluisinforma.com\/?p=9619#primaryimage","url":"https:\/\/sanluisinforma.com\/wp-content\/uploads\/2025\/01\/013b703d-7ca8-4f37-be8b-68ebb374abca.jpg","contentUrl":"https:\/\/sanluisinforma.com\/wp-content\/uploads\/2025\/01\/013b703d-7ca8-4f37-be8b-68ebb374abca.jpg","width":480,"height":360},{"@type":"BreadcrumbList","@id":"https:\/\/sanluisinforma.com\/?p=9619#breadcrumb","itemListElement":[{"@type":"ListItem","position":1,"name":"Inicio","item":"https:\/\/sanluisinforma.com\/"},{"@type":"ListItem","position":2,"name":"El Albergue Invernal del DIF Capitalino recibe en promedio 13 personas cada d\u00eda desde su apertura"}]},{"@type":"WebSite","@id":"https:\/\/sanluisinforma.com\/#website","url":"https:\/\/sanluisinforma.com\/","name":"sanluisinforma.com","description":"Periodico San Luis Informa","publisher":{"@id":"https:\/\/sanluisinforma.com\/#organization"},"potentialAction":[{"@type":"SearchAction","target":{"@type":"EntryPoint","urlTemplate":"https:\/\/sanluisinforma.com\/?s={search_term_string}"},"query-input":{"@type":"PropertyValueSpecification","valueRequired":true,"valueName":"search_term_string"}}],"inLanguage":"es"},{"@type":"Organization","@id":"https:\/\/sanluisinforma.com\/#organization","name":"sanluisinforma.com","url":"https:\/\/sanluisinforma.com\/","logo":{"@type":"ImageObject","inLanguage":"es","@id":"https:\/\/sanluisinforma.com\/#\/schema\/logo\/image\/","url":"https:\/\/sanluisinforma.com\/wp-content\/uploads\/2026\/03\/sanluisinforma-V.jpg","contentUrl":"https:\/\/sanluisinforma.com\/wp-content\/uploads\/2026\/03\/sanluisinforma-V.jpg","width":500,"height":156,"caption":"sanluisinforma.com"},"image":{"@id":"https:\/\/sanluisinforma.com\/#\/schema\/logo\/image\/"}},{"@type":"Person","@id":"https:\/\/sanluisinforma.com\/#\/schema\/person\/c30648f71476be533b6f59d092905c8b","name":"sanluisinforma.com","image":{"@type":"ImageObject","inLanguage":"es","@id":"https:\/\/sanluisinforma.com\/#\/schema\/person\/image\/","url":"https:\/\/secure.gravatar.com\/avatar\/86e3114e34a1eecefb963e0a02f0093f93b092dddb2fe1517596343751081a87?s=96&d=mm&r=g","contentUrl":"https:\/\/secure.gravatar.com\/avatar\/86e3114e34a1eecefb963e0a02f0093f93b092dddb2fe1517596343751081a87?s=96&d=mm&r=g","caption":"sanluisinforma.com"},"url":"https:\/\/sanluisinforma.com\/?author=2"}]}},"_links":{"self":[{"href":"https:\/\/sanluisinforma.com\/index.php?rest_route=\/wp\/v2\/posts\/9619","targetHints":{"allow":["GET"]}}],"collection":[{"href":"https:\/\/sanluisinforma.com\/index.php?rest_route=\/wp\/v2\/posts"}],"about":[{"href":"https:\/\/sanluisinforma.com\/index.php?rest_route=\/wp\/v2\/types\/post"}],"author":[{"embeddable":true,"href":"https:\/\/sanluisinforma.com\/index.php?rest_route=\/wp\/v2\/users\/2"}],"replies":[{"embeddable":true,"href":"https:\/\/sanluisinforma.com\/index.php?rest_route=%2Fwp%2Fv2%2Fcomments&post=9619"}],"version-history":[{"count":1,"href":"https:\/\/sanluisinforma.com\/index.php?rest_route=\/wp\/v2\/posts\/9619\/revisions"}],"predecessor-version":[{"id":9621,"href":"https:\/\/sanluisinforma.com\/index.php?rest_route=\/wp\/v2\/posts\/9619\/revisions\/9621"}],"wp:featuredmedia":[{"embeddable":true,"href":"https:\/\/sanluisinforma.com\/index.php?rest_route=\/wp\/v2\/media\/9620"}],"wp:attachment":[{"href":"https:\/\/sanluisinforma.com\/index.php?rest_route=%2Fwp%2Fv2%2Fmedia&parent=9619"}],"wp:term":[{"taxonomy":"category","embeddable":true,"href":"https:\/\/sanluisinforma.com\/index.php?rest_route=%2Fwp%2Fv2%2Fcategories&post=9619"},{"taxonomy":"post_tag","embeddable":true,"href":"https:\/\/sanluisinforma.com\/index.php?rest_route=%2Fwp%2Fv2%2Ftags&post=9619"}],"curies":[{"name":"wp","href":"https:\/\/api.w.org\/{rel}","templated":true}]}}