{"id":9626,"date":"2025-01-08T15:47:55","date_gmt":"2025-01-08T21:47:55","guid":{"rendered":"https:\/\/sanluisinforma.com\/?p=9626"},"modified":"2025-01-08T15:47:56","modified_gmt":"2025-01-08T21:47:56","slug":"mexico-se-encuentra-en-la-segunda-tormenta-invernal-frente-frio-y-canal-de-baja-presion","status":"publish","type":"post","link":"https:\/\/sanluisinforma.com\/?p=9626","title":{"rendered":"\u00a0M\u00e9xico se encuentra en la Segunda Tormenta Invernal, Frente Frio y Canal de Baja Presi\u00f3n"},"content":{"rendered":"\n<p><\/p>\n\n\n\n<p>&nbsp;La segunda tormenta invernal interaccionar\u00e1 con el aporte de humedad generado por la corriente en chorro polar sobre el noroeste y norte de la Rep\u00fablica Mexicana, pronostic\u00e1ndose ambiente fr\u00edo a g\u00e9lido, fuertes rachas de viento, as\u00ed como chubascos y lluvias fuertes a muy fuertes en las regiones mencionadas, con lluvias puntuales intensas en Durango y Sinaloa; adem\u00e1s, se prev\u00e9n condiciones para la ca\u00edda de nieve o aguanieve en las sierras de Baja California, Sonora, Chihuahua, Coahuila, Sinaloa (noreste) y Durango; y lluvia engelante en Nuevo Le\u00f3n y Zacatecas.<\/p>\n\n\n\n<p>Alerto el Servicio Meteorol\u00f3gico Nacional.<\/p>\n\n\n\n<p>Asi mismo,&nbsp; el &nbsp;frente fr\u00edo No. 21 se localizar\u00e1 al oriente de la pen\u00ednsula de Yucat\u00e1n e interaccionar\u00e1 con un canal de baja presi\u00f3n extendido sobre el occidente del golfo de M\u00e9xico y el sureste del territorio nacional, propiciando chubascos y lluvias fuertes a puntuales muy fuertes en el noreste, oriente y sureste de M\u00e9xico, con lluvias puntuales intensas en Veracruz; adem\u00e1s de lluvias aisladas en la pen\u00ednsula de Yucat\u00e1n.<\/p>\n\n\n\n<p>Hay simult\u00e1neamente, un r\u00edo atmosf\u00e9rico que &nbsp;ocasionar\u00e1 lluvias de diferentes intensidades con posibles descargas el\u00e9ctricas en zonas del occidente, centro y sur del pa\u00eds, adem\u00e1s de condiciones para la ca\u00edda de nieve, aguanieve o lluvia engelante durante la noche en cimas monta\u00f1osas con altitudes superiores a 4,300 msnm del occidente, centro y oriente del pa\u00eds (Nevado de Colima, Nevado de Toluca, Popocat\u00e9petl, Iztacc\u00edhuatl, Sierra Negra, La Malinche y Pico de Orizaba).<\/p>\n\n\n\n<p><strong>Pronostico para este mi\u00e9rcoles<\/strong><\/p>\n\n\n\n<p>Lluvias muy fuertes con puntuales intensas (75 a 150 mm): Durango, Sinaloa y Veracruz.<\/p>\n\n\n\n<p>Lluvias fuertes con puntuales muy fuertes (50 a 75 mm): Sonora, Chihuahua, Nayarit, Jalisco, Zacatecas y Tamaulipas.<\/p>\n\n\n\n<p><strong>Intervalos de chubascos con lluvias puntuales fuertes (25 a 50 mm): Nuevo Le\u00f3n, San Luis Potos\u00ed, Aguascalientes, Puebla, Oaxaca, Chiapas y Tabasco.<\/strong><\/p>\n\n\n\n<p>Intervalos de chubascos (5 a 25 mm): Baja California, Baja California Sur, Coahuila, Guanajuato, Quer\u00e9taro, Hidalgo, Tlaxcala, Estado de M\u00e9xico, Ciudad de M\u00e9xico y Michoac\u00e1n.<\/p>\n\n\n\n<p>Lluvias aisladas (0.1 a 5 mm): Colima, Guerrero, Morelos, Campeche, Yucat\u00e1n y Quintana Roo.<\/p>\n\n\n\n<p><strong>Lluvia engelante: Nuevo Le\u00f3n y Zacatecas.<\/strong><\/p>\n\n\n\n<p>Rn la Mesa del Norte: Cielo medio nublado a nublado con bancos de niebla la mayor parte del d\u00eda, adem\u00e1s de lluvias puntuales intensas en Durango, muy fuertes en Chihuahua y Zacatecas, lluvias fuertes en Nuevo Le\u00f3n, San Luis Potos\u00ed y Aguascalientes, las cuales podr\u00edan propiciar encharcamientos, inundaciones, deslaves y el crecimiento en los niveles de r\u00edos y arroyos; y chubascos en Coahuila.<\/p>\n\n\n\n<p>&nbsp;Durante la ma\u00f1ana se pronostica ambiente fr\u00edo a muy fr\u00edo, y g\u00e9lido en sierras de Chihuahua y Durango. Por la tarde ambiente fr\u00edo a fresco en la regi\u00f3n.<\/p>\n\n\n\n<p>Viento de direcci\u00f3n variable de 40 a 60 km\/h con rachas de 70 a 90 km\/h en Chihuahua, Durango y Zacatecas; de 30 a 40 km\/h con rachas de 50 a 70 km\/h en Coahuila, Nuevo Le\u00f3n, San Luis Potos\u00ed y Aguascalientes. Existen condiciones para la ca\u00edda de nieve o aguanieve en zonas serranas de Chihuahua, Durango y Coahuila, y lluvia engelante en Nuevo Le\u00f3n y Zacatecas.<\/p>\n","protected":false},"excerpt":{"rendered":"<p>&nbsp;La segunda tormenta invernal interaccionar\u00e1 con el aporte de humedad generado por la corriente en chorro polar sobre el noroeste<\/p>\n","protected":false},"author":2,"featured_media":9627,"comment_status":"closed","ping_status":"closed","sticky":false,"template":"","format":"standard","meta":{"footnotes":""},"categories":[26],"tags":[],"class_list":["post-9626","post","type-post","status-publish","format-standard","has-post-thumbnail","hentry","category-nacional"],"yoast_head":"<!-- This site is optimized with the Yoast SEO plugin v24.1 - https:\/\/yoast.com\/wordpress\/plugins\/seo\/ -->\n<title>\u00a0M\u00e9xico se encuentra en la Segunda Tormenta Invernal, Frente Frio y Canal de Baja Presi\u00f3n - sanluisinforma.com<\/title>\n<meta name=\"robots\" content=\"index, follow, max-snippet:-1, max-image-preview:large, max-video-preview:-1\" \/>\n<link rel=\"canonical\" href=\"https:\/\/sanluisinforma.com\/?p=9626\" \/>\n<meta property=\"og:locale\" content=\"es_MX\" \/>\n<meta property=\"og:type\" content=\"article\" \/>\n<meta property=\"og:title\" content=\"\u00a0M\u00e9xico se encuentra en la Segunda Tormenta Invernal, Frente Frio y Canal de Baja Presi\u00f3n - sanluisinforma.com\" \/>\n<meta property=\"og:description\" content=\"&nbsp;La segunda tormenta invernal interaccionar\u00e1 con el aporte de humedad generado por la corriente en chorro polar sobre el noroeste\" \/>\n<meta property=\"og:url\" content=\"https:\/\/sanluisinforma.com\/?p=9626\" \/>\n<meta property=\"og:site_name\" content=\"sanluisinforma.com\" \/>\n<meta property=\"article:published_time\" content=\"2025-01-08T21:47:55+00:00\" \/>\n<meta property=\"article:modified_time\" content=\"2025-01-08T21:47:56+00:00\" \/>\n<meta property=\"og:image\" content=\"https:\/\/sanluisinforma.com\/wp-content\/uploads\/2025\/01\/MapaTiempo.jpg\" \/>\n\t<meta property=\"og:image:width\" content=\"480\" \/>\n\t<meta property=\"og:image:height\" content=\"296\" \/>\n\t<meta property=\"og:image:type\" content=\"image\/jpeg\" \/>\n<meta name=\"author\" content=\"sanluisinforma.com\" \/>\n<meta name=\"twitter:card\" content=\"summary_large_image\" \/>\n<meta name=\"twitter:label1\" content=\"Escrito por\" \/>\n\t<meta name=\"twitter:data1\" content=\"sanluisinforma.com\" \/>\n\t<meta name=\"twitter:label2\" content=\"Tiempo de lectura\" \/>\n\t<meta name=\"twitter:data2\" content=\"3 minutos\" \/>\n<script type=\"application\/ld+json\" class=\"yoast-schema-graph\">{\"@context\":\"https:\/\/schema.org\",\"@graph\":[{\"@type\":\"Article\",\"@id\":\"https:\/\/sanluisinforma.com\/?p=9626#article\",\"isPartOf\":{\"@id\":\"https:\/\/sanluisinforma.com\/?p=9626\"},\"author\":{\"name\":\"sanluisinforma.com\",\"@id\":\"https:\/\/sanluisinforma.com\/#\/schema\/person\/c30648f71476be533b6f59d092905c8b\"},\"headline\":\"\u00a0M\u00e9xico se encuentra en la Segunda Tormenta Invernal, Frente Frio y Canal de Baja Presi\u00f3n\",\"datePublished\":\"2025-01-08T21:47:55+00:00\",\"dateModified\":\"2025-01-08T21:47:56+00:00\",\"mainEntityOfPage\":{\"@id\":\"https:\/\/sanluisinforma.com\/?p=9626\"},\"wordCount\":552,\"publisher\":{\"@id\":\"https:\/\/sanluisinforma.com\/#organization\"},\"image\":{\"@id\":\"https:\/\/sanluisinforma.com\/?p=9626#primaryimage\"},\"thumbnailUrl\":\"https:\/\/sanluisinforma.com\/wp-content\/uploads\/2025\/01\/MapaTiempo.jpg\",\"articleSection\":[\"Nacional\"],\"inLanguage\":\"es\"},{\"@type\":\"WebPage\",\"@id\":\"https:\/\/sanluisinforma.com\/?p=9626\",\"url\":\"https:\/\/sanluisinforma.com\/?p=9626\",\"name\":\"\u00a0M\u00e9xico se encuentra en la Segunda Tormenta Invernal, Frente Frio y Canal de Baja Presi\u00f3n - sanluisinforma.com\",\"isPartOf\":{\"@id\":\"https:\/\/sanluisinforma.com\/#website\"},\"primaryImageOfPage\":{\"@id\":\"https:\/\/sanluisinforma.com\/?p=9626#primaryimage\"},\"image\":{\"@id\":\"https:\/\/sanluisinforma.com\/?p=9626#primaryimage\"},\"thumbnailUrl\":\"https:\/\/sanluisinforma.com\/wp-content\/uploads\/2025\/01\/MapaTiempo.jpg\",\"datePublished\":\"2025-01-08T21:47:55+00:00\",\"dateModified\":\"2025-01-08T21:47:56+00:00\",\"breadcrumb\":{\"@id\":\"https:\/\/sanluisinforma.com\/?p=9626#breadcrumb\"},\"inLanguage\":\"es\",\"potentialAction\":[{\"@type\":\"ReadAction\",\"target\":[\"https:\/\/sanluisinforma.com\/?p=9626\"]}]},{\"@type\":\"ImageObject\",\"inLanguage\":\"es\",\"@id\":\"https:\/\/sanluisinforma.com\/?p=9626#primaryimage\",\"url\":\"https:\/\/sanluisinforma.com\/wp-content\/uploads\/2025\/01\/MapaTiempo.jpg\",\"contentUrl\":\"https:\/\/sanluisinforma.com\/wp-content\/uploads\/2025\/01\/MapaTiempo.jpg\",\"width\":480,\"height\":296},{\"@type\":\"BreadcrumbList\",\"@id\":\"https:\/\/sanluisinforma.com\/?p=9626#breadcrumb\",\"itemListElement\":[{\"@type\":\"ListItem\",\"position\":1,\"name\":\"Inicio\",\"item\":\"https:\/\/sanluisinforma.com\/\"},{\"@type\":\"ListItem\",\"position\":2,\"name\":\"\u00a0M\u00e9xico se encuentra en la Segunda Tormenta Invernal, Frente Frio y Canal de Baja Presi\u00f3n\"}]},{\"@type\":\"WebSite\",\"@id\":\"https:\/\/sanluisinforma.com\/#website\",\"url\":\"https:\/\/sanluisinforma.com\/\",\"name\":\"sanluisinforma.com\",\"description\":\"Periodico San Luis Informa\",\"publisher\":{\"@id\":\"https:\/\/sanluisinforma.com\/#organization\"},\"potentialAction\":[{\"@type\":\"SearchAction\",\"target\":{\"@type\":\"EntryPoint\",\"urlTemplate\":\"https:\/\/sanluisinforma.com\/?s={search_term_string}\"},\"query-input\":{\"@type\":\"PropertyValueSpecification\",\"valueRequired\":true,\"valueName\":\"search_term_string\"}}],\"inLanguage\":\"es\"},{\"@type\":\"Organization\",\"@id\":\"https:\/\/sanluisinforma.com\/#organization\",\"name\":\"sanluisinforma.com\",\"url\":\"https:\/\/sanluisinforma.com\/\",\"logo\":{\"@type\":\"ImageObject\",\"inLanguage\":\"es\",\"@id\":\"https:\/\/sanluisinforma.com\/#\/schema\/logo\/image\/\",\"url\":\"https:\/\/sanluisinforma.com\/wp-content\/uploads\/2026\/03\/sanluisinforma-V.jpg\",\"contentUrl\":\"https:\/\/sanluisinforma.com\/wp-content\/uploads\/2026\/03\/sanluisinforma-V.jpg\",\"width\":500,\"height\":156,\"caption\":\"sanluisinforma.com\"},\"image\":{\"@id\":\"https:\/\/sanluisinforma.com\/#\/schema\/logo\/image\/\"}},{\"@type\":\"Person\",\"@id\":\"https:\/\/sanluisinforma.com\/#\/schema\/person\/c30648f71476be533b6f59d092905c8b\",\"name\":\"sanluisinforma.com\",\"image\":{\"@type\":\"ImageObject\",\"inLanguage\":\"es\",\"@id\":\"https:\/\/sanluisinforma.com\/#\/schema\/person\/image\/\",\"url\":\"https:\/\/secure.gravatar.com\/avatar\/86e3114e34a1eecefb963e0a02f0093f93b092dddb2fe1517596343751081a87?s=96&d=mm&r=g\",\"contentUrl\":\"https:\/\/secure.gravatar.com\/avatar\/86e3114e34a1eecefb963e0a02f0093f93b092dddb2fe1517596343751081a87?s=96&d=mm&r=g\",\"caption\":\"sanluisinforma.com\"},\"url\":\"https:\/\/sanluisinforma.com\/?author=2\"}]}<\/script>\n<!-- \/ Yoast SEO plugin. -->","yoast_head_json":{"title":"\u00a0M\u00e9xico se encuentra en la Segunda Tormenta Invernal, Frente Frio y Canal de Baja Presi\u00f3n - sanluisinforma.com","robots":{"index":"index","follow":"follow","max-snippet":"max-snippet:-1","max-image-preview":"max-image-preview:large","max-video-preview":"max-video-preview:-1"},"canonical":"https:\/\/sanluisinforma.com\/?p=9626","og_locale":"es_MX","og_type":"article","og_title":"\u00a0M\u00e9xico se encuentra en la Segunda Tormenta Invernal, Frente Frio y Canal de Baja Presi\u00f3n - sanluisinforma.com","og_description":"&nbsp;La segunda tormenta invernal interaccionar\u00e1 con el aporte de humedad generado por la corriente en chorro polar sobre el noroeste","og_url":"https:\/\/sanluisinforma.com\/?p=9626","og_site_name":"sanluisinforma.com","article_published_time":"2025-01-08T21:47:55+00:00","article_modified_time":"2025-01-08T21:47:56+00:00","og_image":[{"width":480,"height":296,"url":"https:\/\/sanluisinforma.com\/wp-content\/uploads\/2025\/01\/MapaTiempo.jpg","type":"image\/jpeg"}],"author":"sanluisinforma.com","twitter_card":"summary_large_image","twitter_misc":{"Escrito por":"sanluisinforma.com","Tiempo de lectura":"3 minutos"},"schema":{"@context":"https:\/\/schema.org","@graph":[{"@type":"Article","@id":"https:\/\/sanluisinforma.com\/?p=9626#article","isPartOf":{"@id":"https:\/\/sanluisinforma.com\/?p=9626"},"author":{"name":"sanluisinforma.com","@id":"https:\/\/sanluisinforma.com\/#\/schema\/person\/c30648f71476be533b6f59d092905c8b"},"headline":"\u00a0M\u00e9xico se encuentra en la Segunda Tormenta Invernal, Frente Frio y Canal de Baja Presi\u00f3n","datePublished":"2025-01-08T21:47:55+00:00","dateModified":"2025-01-08T21:47:56+00:00","mainEntityOfPage":{"@id":"https:\/\/sanluisinforma.com\/?p=9626"},"wordCount":552,"publisher":{"@id":"https:\/\/sanluisinforma.com\/#organization"},"image":{"@id":"https:\/\/sanluisinforma.com\/?p=9626#primaryimage"},"thumbnailUrl":"https:\/\/sanluisinforma.com\/wp-content\/uploads\/2025\/01\/MapaTiempo.jpg","articleSection":["Nacional"],"inLanguage":"es"},{"@type":"WebPage","@id":"https:\/\/sanluisinforma.com\/?p=9626","url":"https:\/\/sanluisinforma.com\/?p=9626","name":"\u00a0M\u00e9xico se encuentra en la Segunda Tormenta Invernal, Frente Frio y Canal de Baja Presi\u00f3n - sanluisinforma.com","isPartOf":{"@id":"https:\/\/sanluisinforma.com\/#website"},"primaryImageOfPage":{"@id":"https:\/\/sanluisinforma.com\/?p=9626#primaryimage"},"image":{"@id":"https:\/\/sanluisinforma.com\/?p=9626#primaryimage"},"thumbnailUrl":"https:\/\/sanluisinforma.com\/wp-content\/uploads\/2025\/01\/MapaTiempo.jpg","datePublished":"2025-01-08T21:47:55+00:00","dateModified":"2025-01-08T21:47:56+00:00","breadcrumb":{"@id":"https:\/\/sanluisinforma.com\/?p=9626#breadcrumb"},"inLanguage":"es","potentialAction":[{"@type":"ReadAction","target":["https:\/\/sanluisinforma.com\/?p=9626"]}]},{"@type":"ImageObject","inLanguage":"es","@id":"https:\/\/sanluisinforma.com\/?p=9626#primaryimage","url":"https:\/\/sanluisinforma.com\/wp-content\/uploads\/2025\/01\/MapaTiempo.jpg","contentUrl":"https:\/\/sanluisinforma.com\/wp-content\/uploads\/2025\/01\/MapaTiempo.jpg","width":480,"height":296},{"@type":"BreadcrumbList","@id":"https:\/\/sanluisinforma.com\/?p=9626#breadcrumb","itemListElement":[{"@type":"ListItem","position":1,"name":"Inicio","item":"https:\/\/sanluisinforma.com\/"},{"@type":"ListItem","position":2,"name":"\u00a0M\u00e9xico se encuentra en la Segunda Tormenta Invernal, Frente Frio y Canal de Baja Presi\u00f3n"}]},{"@type":"WebSite","@id":"https:\/\/sanluisinforma.com\/#website","url":"https:\/\/sanluisinforma.com\/","name":"sanluisinforma.com","description":"Periodico San Luis Informa","publisher":{"@id":"https:\/\/sanluisinforma.com\/#organization"},"potentialAction":[{"@type":"SearchAction","target":{"@type":"EntryPoint","urlTemplate":"https:\/\/sanluisinforma.com\/?s={search_term_string}"},"query-input":{"@type":"PropertyValueSpecification","valueRequired":true,"valueName":"search_term_string"}}],"inLanguage":"es"},{"@type":"Organization","@id":"https:\/\/sanluisinforma.com\/#organization","name":"sanluisinforma.com","url":"https:\/\/sanluisinforma.com\/","logo":{"@type":"ImageObject","inLanguage":"es","@id":"https:\/\/sanluisinforma.com\/#\/schema\/logo\/image\/","url":"https:\/\/sanluisinforma.com\/wp-content\/uploads\/2026\/03\/sanluisinforma-V.jpg","contentUrl":"https:\/\/sanluisinforma.com\/wp-content\/uploads\/2026\/03\/sanluisinforma-V.jpg","width":500,"height":156,"caption":"sanluisinforma.com"},"image":{"@id":"https:\/\/sanluisinforma.com\/#\/schema\/logo\/image\/"}},{"@type":"Person","@id":"https:\/\/sanluisinforma.com\/#\/schema\/person\/c30648f71476be533b6f59d092905c8b","name":"sanluisinforma.com","image":{"@type":"ImageObject","inLanguage":"es","@id":"https:\/\/sanluisinforma.com\/#\/schema\/person\/image\/","url":"https:\/\/secure.gravatar.com\/avatar\/86e3114e34a1eecefb963e0a02f0093f93b092dddb2fe1517596343751081a87?s=96&d=mm&r=g","contentUrl":"https:\/\/secure.gravatar.com\/avatar\/86e3114e34a1eecefb963e0a02f0093f93b092dddb2fe1517596343751081a87?s=96&d=mm&r=g","caption":"sanluisinforma.com"},"url":"https:\/\/sanluisinforma.com\/?author=2"}]}},"_links":{"self":[{"href":"https:\/\/sanluisinforma.com\/index.php?rest_route=\/wp\/v2\/posts\/9626","targetHints":{"allow":["GET"]}}],"collection":[{"href":"https:\/\/sanluisinforma.com\/index.php?rest_route=\/wp\/v2\/posts"}],"about":[{"href":"https:\/\/sanluisinforma.com\/index.php?rest_route=\/wp\/v2\/types\/post"}],"author":[{"embeddable":true,"href":"https:\/\/sanluisinforma.com\/index.php?rest_route=\/wp\/v2\/users\/2"}],"replies":[{"embeddable":true,"href":"https:\/\/sanluisinforma.com\/index.php?rest_route=%2Fwp%2Fv2%2Fcomments&post=9626"}],"version-history":[{"count":1,"href":"https:\/\/sanluisinforma.com\/index.php?rest_route=\/wp\/v2\/posts\/9626\/revisions"}],"predecessor-version":[{"id":9628,"href":"https:\/\/sanluisinforma.com\/index.php?rest_route=\/wp\/v2\/posts\/9626\/revisions\/9628"}],"wp:featuredmedia":[{"embeddable":true,"href":"https:\/\/sanluisinforma.com\/index.php?rest_route=\/wp\/v2\/media\/9627"}],"wp:attachment":[{"href":"https:\/\/sanluisinforma.com\/index.php?rest_route=%2Fwp%2Fv2%2Fmedia&parent=9626"}],"wp:term":[{"taxonomy":"category","embeddable":true,"href":"https:\/\/sanluisinforma.com\/index.php?rest_route=%2Fwp%2Fv2%2Fcategories&post=9626"},{"taxonomy":"post_tag","embeddable":true,"href":"https:\/\/sanluisinforma.com\/index.php?rest_route=%2Fwp%2Fv2%2Ftags&post=9626"}],"curies":[{"name":"wp","href":"https:\/\/api.w.org\/{rel}","templated":true}]}}