{"id":9630,"date":"2025-01-09T00:58:00","date_gmt":"2025-01-09T06:58:00","guid":{"rendered":"https:\/\/sanluisinforma.com\/?p=9630"},"modified":"2025-01-08T22:01:54","modified_gmt":"2025-01-09T04:01:54","slug":"en-seguridad-se-actua-con-toda-la-fuerza-del-estado-ricardo-gallardo-cardona","status":"publish","type":"post","link":"https:\/\/sanluisinforma.com\/?p=9630","title":{"rendered":"En Seguridad se act\u00faa con toda\u00a0 la fuerza del Estado: Ricardo Gallardo \u00a0Cardona"},"content":{"rendered":"\n<p><\/p>\n\n\n\n<p>Preside titular del Poder Ejecutivo Estatal reuni\u00f3n de Fortalecimiento Interinstitucional con autoridades municipales de 51 Ayuntamientos y mandos de seguridad.<\/p>\n\n\n\n<p>Al presidir una reuni\u00f3n estatal con autoridades de 51 Ayuntamientos y mandos de seguridad, el titular del Poder Ejecutivo del Estado, Ricardo Gallardo Cardona, pidi\u00f3 frenar las simulaciones y dar paso a los resultados en materia de seguridad p\u00fablica al tiempo de refrendar todo el apoyo para fortalecer y seguir elevando los niveles de tranquilidad y bienestar en beneficio de la poblaci\u00f3n.<\/p>\n\n\n\n<p>Acompa\u00f1ado por el Secretario General de Gobierno J. Guadalupe Torres S\u00e1nchez, as\u00ed como el titular de la Secretar\u00eda de Seguridad y Protecci\u00f3n Ciudadana del Estado, Jos\u00e9 Luis Ruiz Contreras, el mandatario potosino, dio a conocer que San Luis Potosi atraviesa por momentos importantes en materia de desarrollo econ\u00f3mico, de ah\u00ed que la seguridad deba ser una prioridad, &#8220;ya no estamos para improvisaciones, ni simulaciones, tenemos que ponernos a trabajar\u201d.<\/p>\n\n\n\n<p>Enfatiz\u00f3 la necesidad de coadyuvar con mayor solidez a la par del intercambio de informaci\u00f3n y con ello poder conocer sobre sus necesidades en las demarcaciones para de esta manera poder atenderlas.<\/p>\n\n\n\n<p>\u201cNo debemos pasar por alto que como autoridades tenemos una misi\u00f3n muy importante frente a la poblaci\u00f3n que es precisamente velar por su tranquilidad, evitar que sean v\u00edctimas de la delincuencia, por lo que tenemos que redoblar esfuerzas; no habr\u00e1 tregua a quienes alteren y vulneren la paz p\u00fablica\u201d.<\/p>\n\n\n\n<p>Por su parte, al hacer uso de la voz, el titular de la SSPCE, Jos\u00e9 Luis Ruiz Contreras, confirm\u00f3 que durante el 2025, los Ayuntamientos tendr\u00e1n todo el apoyo de sus autoridades para fortalecer el trabajo de las corporaciones municipales mediante la dotaci\u00f3n de equipamiento policial, patrullas adem\u00e1s de cursos y capacitaciones permanentes para los cuerpos de seguridad.<\/p>\n\n\n\n<p>\u201cCuenten con todo el apoyo de parte del Gobierno del Estado, estamos en la plena disposici\u00f3n de orientarlos y asesorarlos\u201d, resalt\u00f3 Ruiz Contreras, quien finalmente pidi\u00f3 mayor compromiso para seguir haciendo esfuerzos institucionales que permitan obtener la tranquilidad y paz p\u00fablica tan anhelada por la ciudadan\u00eda.<\/p>\n","protected":false},"excerpt":{"rendered":"<p>Preside titular del Poder Ejecutivo Estatal reuni\u00f3n de Fortalecimiento Interinstitucional con autoridades municipales de 51 Ayuntamientos y mandos de seguridad.<\/p>\n","protected":false},"author":2,"featured_media":9631,"comment_status":"closed","ping_status":"closed","sticky":false,"template":"","format":"standard","meta":{"footnotes":""},"categories":[25,30],"tags":[],"class_list":["post-9630","post","type-post","status-publish","format-standard","has-post-thumbnail","hentry","category-local","category-portada"],"yoast_head":"<!-- This site is optimized with the Yoast SEO plugin v24.1 - https:\/\/yoast.com\/wordpress\/plugins\/seo\/ -->\n<title>En Seguridad se act\u00faa con toda\u00a0 la fuerza del Estado: Ricardo Gallardo \u00a0Cardona - sanluisinforma.com<\/title>\n<meta name=\"robots\" content=\"index, follow, max-snippet:-1, max-image-preview:large, max-video-preview:-1\" \/>\n<link rel=\"canonical\" href=\"https:\/\/sanluisinforma.com\/?p=9630\" \/>\n<meta property=\"og:locale\" content=\"es_MX\" \/>\n<meta property=\"og:type\" content=\"article\" \/>\n<meta property=\"og:title\" content=\"En Seguridad se act\u00faa con toda\u00a0 la fuerza del Estado: Ricardo Gallardo \u00a0Cardona - sanluisinforma.com\" \/>\n<meta property=\"og:description\" content=\"Preside titular del Poder Ejecutivo Estatal reuni\u00f3n de Fortalecimiento Interinstitucional con autoridades municipales de 51 Ayuntamientos y mandos de seguridad.\" \/>\n<meta property=\"og:url\" content=\"https:\/\/sanluisinforma.com\/?p=9630\" \/>\n<meta property=\"og:site_name\" content=\"sanluisinforma.com\" \/>\n<meta property=\"article:published_time\" content=\"2025-01-09T06:58:00+00:00\" \/>\n<meta property=\"article:modified_time\" content=\"2025-01-09T04:01:54+00:00\" \/>\n<meta property=\"og:image\" content=\"https:\/\/sanluisinforma.com\/wp-content\/uploads\/2025\/01\/6e957713-1bce-4eeb-8a71-06a2586f7f7d.jpg\" \/>\n\t<meta property=\"og:image:width\" content=\"480\" \/>\n\t<meta property=\"og:image:height\" content=\"319\" \/>\n\t<meta property=\"og:image:type\" content=\"image\/jpeg\" \/>\n<meta name=\"author\" content=\"sanluisinforma.com\" \/>\n<meta name=\"twitter:card\" content=\"summary_large_image\" \/>\n<meta name=\"twitter:label1\" content=\"Escrito por\" \/>\n\t<meta name=\"twitter:data1\" content=\"sanluisinforma.com\" \/>\n\t<meta name=\"twitter:label2\" content=\"Tiempo de lectura\" \/>\n\t<meta name=\"twitter:data2\" content=\"2 minutos\" \/>\n<script type=\"application\/ld+json\" class=\"yoast-schema-graph\">{\"@context\":\"https:\/\/schema.org\",\"@graph\":[{\"@type\":\"Article\",\"@id\":\"https:\/\/sanluisinforma.com\/?p=9630#article\",\"isPartOf\":{\"@id\":\"https:\/\/sanluisinforma.com\/?p=9630\"},\"author\":{\"name\":\"sanluisinforma.com\",\"@id\":\"https:\/\/sanluisinforma.com\/#\/schema\/person\/c30648f71476be533b6f59d092905c8b\"},\"headline\":\"En Seguridad se act\u00faa con toda\u00a0 la fuerza del Estado: Ricardo Gallardo \u00a0Cardona\",\"datePublished\":\"2025-01-09T06:58:00+00:00\",\"dateModified\":\"2025-01-09T04:01:54+00:00\",\"mainEntityOfPage\":{\"@id\":\"https:\/\/sanluisinforma.com\/?p=9630\"},\"wordCount\":367,\"publisher\":{\"@id\":\"https:\/\/sanluisinforma.com\/#organization\"},\"image\":{\"@id\":\"https:\/\/sanluisinforma.com\/?p=9630#primaryimage\"},\"thumbnailUrl\":\"https:\/\/sanluisinforma.com\/wp-content\/uploads\/2025\/01\/6e957713-1bce-4eeb-8a71-06a2586f7f7d.jpg\",\"articleSection\":[\"Local\",\"Portada\"],\"inLanguage\":\"es\"},{\"@type\":\"WebPage\",\"@id\":\"https:\/\/sanluisinforma.com\/?p=9630\",\"url\":\"https:\/\/sanluisinforma.com\/?p=9630\",\"name\":\"En Seguridad se act\u00faa con toda\u00a0 la fuerza del Estado: Ricardo Gallardo \u00a0Cardona - sanluisinforma.com\",\"isPartOf\":{\"@id\":\"https:\/\/sanluisinforma.com\/#website\"},\"primaryImageOfPage\":{\"@id\":\"https:\/\/sanluisinforma.com\/?p=9630#primaryimage\"},\"image\":{\"@id\":\"https:\/\/sanluisinforma.com\/?p=9630#primaryimage\"},\"thumbnailUrl\":\"https:\/\/sanluisinforma.com\/wp-content\/uploads\/2025\/01\/6e957713-1bce-4eeb-8a71-06a2586f7f7d.jpg\",\"datePublished\":\"2025-01-09T06:58:00+00:00\",\"dateModified\":\"2025-01-09T04:01:54+00:00\",\"breadcrumb\":{\"@id\":\"https:\/\/sanluisinforma.com\/?p=9630#breadcrumb\"},\"inLanguage\":\"es\",\"potentialAction\":[{\"@type\":\"ReadAction\",\"target\":[\"https:\/\/sanluisinforma.com\/?p=9630\"]}]},{\"@type\":\"ImageObject\",\"inLanguage\":\"es\",\"@id\":\"https:\/\/sanluisinforma.com\/?p=9630#primaryimage\",\"url\":\"https:\/\/sanluisinforma.com\/wp-content\/uploads\/2025\/01\/6e957713-1bce-4eeb-8a71-06a2586f7f7d.jpg\",\"contentUrl\":\"https:\/\/sanluisinforma.com\/wp-content\/uploads\/2025\/01\/6e957713-1bce-4eeb-8a71-06a2586f7f7d.jpg\",\"width\":480,\"height\":319},{\"@type\":\"BreadcrumbList\",\"@id\":\"https:\/\/sanluisinforma.com\/?p=9630#breadcrumb\",\"itemListElement\":[{\"@type\":\"ListItem\",\"position\":1,\"name\":\"Inicio\",\"item\":\"https:\/\/sanluisinforma.com\/\"},{\"@type\":\"ListItem\",\"position\":2,\"name\":\"En Seguridad se act\u00faa con toda\u00a0 la fuerza del Estado: Ricardo Gallardo \u00a0Cardona\"}]},{\"@type\":\"WebSite\",\"@id\":\"https:\/\/sanluisinforma.com\/#website\",\"url\":\"https:\/\/sanluisinforma.com\/\",\"name\":\"sanluisinforma.com\",\"description\":\"Periodico San Luis Informa\",\"publisher\":{\"@id\":\"https:\/\/sanluisinforma.com\/#organization\"},\"potentialAction\":[{\"@type\":\"SearchAction\",\"target\":{\"@type\":\"EntryPoint\",\"urlTemplate\":\"https:\/\/sanluisinforma.com\/?s={search_term_string}\"},\"query-input\":{\"@type\":\"PropertyValueSpecification\",\"valueRequired\":true,\"valueName\":\"search_term_string\"}}],\"inLanguage\":\"es\"},{\"@type\":\"Organization\",\"@id\":\"https:\/\/sanluisinforma.com\/#organization\",\"name\":\"sanluisinforma.com\",\"url\":\"https:\/\/sanluisinforma.com\/\",\"logo\":{\"@type\":\"ImageObject\",\"inLanguage\":\"es\",\"@id\":\"https:\/\/sanluisinforma.com\/#\/schema\/logo\/image\/\",\"url\":\"https:\/\/sanluisinforma.com\/wp-content\/uploads\/2026\/03\/sanluisinforma-V.jpg\",\"contentUrl\":\"https:\/\/sanluisinforma.com\/wp-content\/uploads\/2026\/03\/sanluisinforma-V.jpg\",\"width\":500,\"height\":156,\"caption\":\"sanluisinforma.com\"},\"image\":{\"@id\":\"https:\/\/sanluisinforma.com\/#\/schema\/logo\/image\/\"}},{\"@type\":\"Person\",\"@id\":\"https:\/\/sanluisinforma.com\/#\/schema\/person\/c30648f71476be533b6f59d092905c8b\",\"name\":\"sanluisinforma.com\",\"image\":{\"@type\":\"ImageObject\",\"inLanguage\":\"es\",\"@id\":\"https:\/\/sanluisinforma.com\/#\/schema\/person\/image\/\",\"url\":\"https:\/\/secure.gravatar.com\/avatar\/86e3114e34a1eecefb963e0a02f0093f93b092dddb2fe1517596343751081a87?s=96&d=mm&r=g\",\"contentUrl\":\"https:\/\/secure.gravatar.com\/avatar\/86e3114e34a1eecefb963e0a02f0093f93b092dddb2fe1517596343751081a87?s=96&d=mm&r=g\",\"caption\":\"sanluisinforma.com\"},\"url\":\"https:\/\/sanluisinforma.com\/?author=2\"}]}<\/script>\n<!-- \/ Yoast SEO plugin. -->","yoast_head_json":{"title":"En Seguridad se act\u00faa con toda\u00a0 la fuerza del Estado: Ricardo Gallardo \u00a0Cardona - sanluisinforma.com","robots":{"index":"index","follow":"follow","max-snippet":"max-snippet:-1","max-image-preview":"max-image-preview:large","max-video-preview":"max-video-preview:-1"},"canonical":"https:\/\/sanluisinforma.com\/?p=9630","og_locale":"es_MX","og_type":"article","og_title":"En Seguridad se act\u00faa con toda\u00a0 la fuerza del Estado: Ricardo Gallardo \u00a0Cardona - sanluisinforma.com","og_description":"Preside titular del Poder Ejecutivo Estatal reuni\u00f3n de Fortalecimiento Interinstitucional con autoridades municipales de 51 Ayuntamientos y mandos de seguridad.","og_url":"https:\/\/sanluisinforma.com\/?p=9630","og_site_name":"sanluisinforma.com","article_published_time":"2025-01-09T06:58:00+00:00","article_modified_time":"2025-01-09T04:01:54+00:00","og_image":[{"width":480,"height":319,"url":"https:\/\/sanluisinforma.com\/wp-content\/uploads\/2025\/01\/6e957713-1bce-4eeb-8a71-06a2586f7f7d.jpg","type":"image\/jpeg"}],"author":"sanluisinforma.com","twitter_card":"summary_large_image","twitter_misc":{"Escrito por":"sanluisinforma.com","Tiempo de lectura":"2 minutos"},"schema":{"@context":"https:\/\/schema.org","@graph":[{"@type":"Article","@id":"https:\/\/sanluisinforma.com\/?p=9630#article","isPartOf":{"@id":"https:\/\/sanluisinforma.com\/?p=9630"},"author":{"name":"sanluisinforma.com","@id":"https:\/\/sanluisinforma.com\/#\/schema\/person\/c30648f71476be533b6f59d092905c8b"},"headline":"En Seguridad se act\u00faa con toda\u00a0 la fuerza del Estado: Ricardo Gallardo \u00a0Cardona","datePublished":"2025-01-09T06:58:00+00:00","dateModified":"2025-01-09T04:01:54+00:00","mainEntityOfPage":{"@id":"https:\/\/sanluisinforma.com\/?p=9630"},"wordCount":367,"publisher":{"@id":"https:\/\/sanluisinforma.com\/#organization"},"image":{"@id":"https:\/\/sanluisinforma.com\/?p=9630#primaryimage"},"thumbnailUrl":"https:\/\/sanluisinforma.com\/wp-content\/uploads\/2025\/01\/6e957713-1bce-4eeb-8a71-06a2586f7f7d.jpg","articleSection":["Local","Portada"],"inLanguage":"es"},{"@type":"WebPage","@id":"https:\/\/sanluisinforma.com\/?p=9630","url":"https:\/\/sanluisinforma.com\/?p=9630","name":"En Seguridad se act\u00faa con toda\u00a0 la fuerza del Estado: Ricardo Gallardo \u00a0Cardona - sanluisinforma.com","isPartOf":{"@id":"https:\/\/sanluisinforma.com\/#website"},"primaryImageOfPage":{"@id":"https:\/\/sanluisinforma.com\/?p=9630#primaryimage"},"image":{"@id":"https:\/\/sanluisinforma.com\/?p=9630#primaryimage"},"thumbnailUrl":"https:\/\/sanluisinforma.com\/wp-content\/uploads\/2025\/01\/6e957713-1bce-4eeb-8a71-06a2586f7f7d.jpg","datePublished":"2025-01-09T06:58:00+00:00","dateModified":"2025-01-09T04:01:54+00:00","breadcrumb":{"@id":"https:\/\/sanluisinforma.com\/?p=9630#breadcrumb"},"inLanguage":"es","potentialAction":[{"@type":"ReadAction","target":["https:\/\/sanluisinforma.com\/?p=9630"]}]},{"@type":"ImageObject","inLanguage":"es","@id":"https:\/\/sanluisinforma.com\/?p=9630#primaryimage","url":"https:\/\/sanluisinforma.com\/wp-content\/uploads\/2025\/01\/6e957713-1bce-4eeb-8a71-06a2586f7f7d.jpg","contentUrl":"https:\/\/sanluisinforma.com\/wp-content\/uploads\/2025\/01\/6e957713-1bce-4eeb-8a71-06a2586f7f7d.jpg","width":480,"height":319},{"@type":"BreadcrumbList","@id":"https:\/\/sanluisinforma.com\/?p=9630#breadcrumb","itemListElement":[{"@type":"ListItem","position":1,"name":"Inicio","item":"https:\/\/sanluisinforma.com\/"},{"@type":"ListItem","position":2,"name":"En Seguridad se act\u00faa con toda\u00a0 la fuerza del Estado: Ricardo Gallardo \u00a0Cardona"}]},{"@type":"WebSite","@id":"https:\/\/sanluisinforma.com\/#website","url":"https:\/\/sanluisinforma.com\/","name":"sanluisinforma.com","description":"Periodico San Luis Informa","publisher":{"@id":"https:\/\/sanluisinforma.com\/#organization"},"potentialAction":[{"@type":"SearchAction","target":{"@type":"EntryPoint","urlTemplate":"https:\/\/sanluisinforma.com\/?s={search_term_string}"},"query-input":{"@type":"PropertyValueSpecification","valueRequired":true,"valueName":"search_term_string"}}],"inLanguage":"es"},{"@type":"Organization","@id":"https:\/\/sanluisinforma.com\/#organization","name":"sanluisinforma.com","url":"https:\/\/sanluisinforma.com\/","logo":{"@type":"ImageObject","inLanguage":"es","@id":"https:\/\/sanluisinforma.com\/#\/schema\/logo\/image\/","url":"https:\/\/sanluisinforma.com\/wp-content\/uploads\/2026\/03\/sanluisinforma-V.jpg","contentUrl":"https:\/\/sanluisinforma.com\/wp-content\/uploads\/2026\/03\/sanluisinforma-V.jpg","width":500,"height":156,"caption":"sanluisinforma.com"},"image":{"@id":"https:\/\/sanluisinforma.com\/#\/schema\/logo\/image\/"}},{"@type":"Person","@id":"https:\/\/sanluisinforma.com\/#\/schema\/person\/c30648f71476be533b6f59d092905c8b","name":"sanluisinforma.com","image":{"@type":"ImageObject","inLanguage":"es","@id":"https:\/\/sanluisinforma.com\/#\/schema\/person\/image\/","url":"https:\/\/secure.gravatar.com\/avatar\/86e3114e34a1eecefb963e0a02f0093f93b092dddb2fe1517596343751081a87?s=96&d=mm&r=g","contentUrl":"https:\/\/secure.gravatar.com\/avatar\/86e3114e34a1eecefb963e0a02f0093f93b092dddb2fe1517596343751081a87?s=96&d=mm&r=g","caption":"sanluisinforma.com"},"url":"https:\/\/sanluisinforma.com\/?author=2"}]}},"_links":{"self":[{"href":"https:\/\/sanluisinforma.com\/index.php?rest_route=\/wp\/v2\/posts\/9630","targetHints":{"allow":["GET"]}}],"collection":[{"href":"https:\/\/sanluisinforma.com\/index.php?rest_route=\/wp\/v2\/posts"}],"about":[{"href":"https:\/\/sanluisinforma.com\/index.php?rest_route=\/wp\/v2\/types\/post"}],"author":[{"embeddable":true,"href":"https:\/\/sanluisinforma.com\/index.php?rest_route=\/wp\/v2\/users\/2"}],"replies":[{"embeddable":true,"href":"https:\/\/sanluisinforma.com\/index.php?rest_route=%2Fwp%2Fv2%2Fcomments&post=9630"}],"version-history":[{"count":1,"href":"https:\/\/sanluisinforma.com\/index.php?rest_route=\/wp\/v2\/posts\/9630\/revisions"}],"predecessor-version":[{"id":9632,"href":"https:\/\/sanluisinforma.com\/index.php?rest_route=\/wp\/v2\/posts\/9630\/revisions\/9632"}],"wp:featuredmedia":[{"embeddable":true,"href":"https:\/\/sanluisinforma.com\/index.php?rest_route=\/wp\/v2\/media\/9631"}],"wp:attachment":[{"href":"https:\/\/sanluisinforma.com\/index.php?rest_route=%2Fwp%2Fv2%2Fmedia&parent=9630"}],"wp:term":[{"taxonomy":"category","embeddable":true,"href":"https:\/\/sanluisinforma.com\/index.php?rest_route=%2Fwp%2Fv2%2Fcategories&post=9630"},{"taxonomy":"post_tag","embeddable":true,"href":"https:\/\/sanluisinforma.com\/index.php?rest_route=%2Fwp%2Fv2%2Ftags&post=9630"}],"curies":[{"name":"wp","href":"https:\/\/api.w.org\/{rel}","templated":true}]}}