{"id":9639,"date":"2025-01-09T00:50:00","date_gmt":"2025-01-09T06:50:00","guid":{"rendered":"https:\/\/sanluisinforma.com\/?p=9639"},"modified":"2025-01-08T22:15:42","modified_gmt":"2025-01-09T04:15:42","slug":"se-fortalece-la-alianza-del-gobierno-de-la-capital-con-la-ciudadania-en-los-dias-de-talacha","status":"publish","type":"post","link":"https:\/\/sanluisinforma.com\/?p=9639","title":{"rendered":"Se fortalece la alianza del Gobierno de la Capital con la Ciudadan\u00eda en los D\u00edas de Talacha"},"content":{"rendered":"\n<p>En la jornada 93 del programa, en Prolongaci\u00f3n Nereo Rodr\u00edguez Barrag\u00e1n, encabezada por el Alcalde Enrique Galindo, se sigue transformando la ciudad con acciones inmediatas en beneficio de las y los potosinos.<\/p>\n\n\n\n<p><\/p>\n\n\n\n<p>El Alcalde Enrique Galindo encabez\u00f3 la jornada 93 del programa 100 D\u00edas de Gobierno, 100 D\u00edas de Talacha, en la avenida Nereo Rodr\u00edguez Barrag\u00e1n, donde se realizaron labores de limpieza, arreglo del camell\u00f3n y poda de \u00e1rboles. Este programa no s\u00f3lo mejora las condiciones de la ciudad, sino que fortalece la cercan\u00eda entre autoridades y poblaci\u00f3n, permitiendo atender directamente las demandas ciudadanas.<\/p>\n\n\n\n<p>En esta jornada, en la que particip\u00f3 tambi\u00e9n la Presidenta del Sistema Municipal DIF, Estela Arriaga M\u00e1rquez, los vecinos de la zona de Tequis solicitaron mejoras en el alumbrado p\u00fablico, las cuales fueron atendidas de inmediato por la Direcci\u00f3n de Servicios Municipales, con la instalaci\u00f3n de nuevas luminarias y la programaci\u00f3n de reflectores para incrementar la seguridad.<\/p>\n\n\n\n<p>Adem\u00e1s, se instruy\u00f3 a la Secretar\u00eda de Seguridad y Protecci\u00f3n Ciudadana Municipal para reforzar la vigilancia y atender problemas viales en puntos espec\u00edficos de la zona.<\/p>\n\n\n\n<p>El Director de Servicios Municipales, Christian Azuara, inform\u00f3 que los trabajos de limpieza, arreglo del camell\u00f3n y retiro de cableado continuar\u00e1n desde la zona de Tequis hasta el Parque de Morales en los pr\u00f3ximos d\u00edas.<\/p>\n","protected":false},"excerpt":{"rendered":"<p>En la jornada 93 del programa, en Prolongaci\u00f3n Nereo Rodr\u00edguez Barrag\u00e1n, encabezada por el Alcalde Enrique Galindo, se sigue transformando<\/p>\n","protected":false},"author":2,"featured_media":9640,"comment_status":"closed","ping_status":"closed","sticky":false,"template":"","format":"standard","meta":{"footnotes":""},"categories":[25,30],"tags":[],"class_list":["post-9639","post","type-post","status-publish","format-standard","has-post-thumbnail","hentry","category-local","category-portada"],"yoast_head":"<!-- This site is optimized with the Yoast SEO plugin v24.1 - https:\/\/yoast.com\/wordpress\/plugins\/seo\/ -->\n<title>Se fortalece la alianza del Gobierno de la Capital con la Ciudadan\u00eda en los D\u00edas de Talacha - sanluisinforma.com<\/title>\n<meta name=\"robots\" content=\"index, follow, max-snippet:-1, max-image-preview:large, max-video-preview:-1\" \/>\n<link rel=\"canonical\" href=\"https:\/\/sanluisinforma.com\/?p=9639\" \/>\n<meta property=\"og:locale\" content=\"es_MX\" \/>\n<meta property=\"og:type\" content=\"article\" \/>\n<meta property=\"og:title\" content=\"Se fortalece la alianza del Gobierno de la Capital con la Ciudadan\u00eda en los D\u00edas de Talacha - sanluisinforma.com\" \/>\n<meta property=\"og:description\" content=\"En la jornada 93 del programa, en Prolongaci\u00f3n Nereo Rodr\u00edguez Barrag\u00e1n, encabezada por el Alcalde Enrique Galindo, se sigue transformando\" \/>\n<meta property=\"og:url\" content=\"https:\/\/sanluisinforma.com\/?p=9639\" \/>\n<meta property=\"og:site_name\" content=\"sanluisinforma.com\" \/>\n<meta property=\"article:published_time\" content=\"2025-01-09T06:50:00+00:00\" \/>\n<meta property=\"article:modified_time\" content=\"2025-01-09T04:15:42+00:00\" \/>\n<meta property=\"og:image\" content=\"https:\/\/sanluisinforma.com\/wp-content\/uploads\/2025\/01\/b8a7663a-5c36-4836-8020-c968d7449a70.jpg\" \/>\n\t<meta property=\"og:image:width\" content=\"480\" \/>\n\t<meta property=\"og:image:height\" content=\"319\" \/>\n\t<meta property=\"og:image:type\" content=\"image\/jpeg\" \/>\n<meta name=\"author\" content=\"sanluisinforma.com\" \/>\n<meta name=\"twitter:card\" content=\"summary_large_image\" \/>\n<meta name=\"twitter:label1\" content=\"Escrito por\" \/>\n\t<meta name=\"twitter:data1\" content=\"sanluisinforma.com\" \/>\n\t<meta name=\"twitter:label2\" content=\"Tiempo de lectura\" \/>\n\t<meta name=\"twitter:data2\" content=\"2 minutos\" \/>\n<script type=\"application\/ld+json\" class=\"yoast-schema-graph\">{\"@context\":\"https:\/\/schema.org\",\"@graph\":[{\"@type\":\"Article\",\"@id\":\"https:\/\/sanluisinforma.com\/?p=9639#article\",\"isPartOf\":{\"@id\":\"https:\/\/sanluisinforma.com\/?p=9639\"},\"author\":{\"name\":\"sanluisinforma.com\",\"@id\":\"https:\/\/sanluisinforma.com\/#\/schema\/person\/c30648f71476be533b6f59d092905c8b\"},\"headline\":\"Se fortalece la alianza del Gobierno de la Capital con la Ciudadan\u00eda en los D\u00edas de Talacha\",\"datePublished\":\"2025-01-09T06:50:00+00:00\",\"dateModified\":\"2025-01-09T04:15:42+00:00\",\"mainEntityOfPage\":{\"@id\":\"https:\/\/sanluisinforma.com\/?p=9639\"},\"wordCount\":252,\"publisher\":{\"@id\":\"https:\/\/sanluisinforma.com\/#organization\"},\"image\":{\"@id\":\"https:\/\/sanluisinforma.com\/?p=9639#primaryimage\"},\"thumbnailUrl\":\"https:\/\/sanluisinforma.com\/wp-content\/uploads\/2025\/01\/b8a7663a-5c36-4836-8020-c968d7449a70.jpg\",\"articleSection\":[\"Local\",\"Portada\"],\"inLanguage\":\"es\"},{\"@type\":\"WebPage\",\"@id\":\"https:\/\/sanluisinforma.com\/?p=9639\",\"url\":\"https:\/\/sanluisinforma.com\/?p=9639\",\"name\":\"Se fortalece la alianza del Gobierno de la Capital con la Ciudadan\u00eda en los D\u00edas de Talacha - sanluisinforma.com\",\"isPartOf\":{\"@id\":\"https:\/\/sanluisinforma.com\/#website\"},\"primaryImageOfPage\":{\"@id\":\"https:\/\/sanluisinforma.com\/?p=9639#primaryimage\"},\"image\":{\"@id\":\"https:\/\/sanluisinforma.com\/?p=9639#primaryimage\"},\"thumbnailUrl\":\"https:\/\/sanluisinforma.com\/wp-content\/uploads\/2025\/01\/b8a7663a-5c36-4836-8020-c968d7449a70.jpg\",\"datePublished\":\"2025-01-09T06:50:00+00:00\",\"dateModified\":\"2025-01-09T04:15:42+00:00\",\"breadcrumb\":{\"@id\":\"https:\/\/sanluisinforma.com\/?p=9639#breadcrumb\"},\"inLanguage\":\"es\",\"potentialAction\":[{\"@type\":\"ReadAction\",\"target\":[\"https:\/\/sanluisinforma.com\/?p=9639\"]}]},{\"@type\":\"ImageObject\",\"inLanguage\":\"es\",\"@id\":\"https:\/\/sanluisinforma.com\/?p=9639#primaryimage\",\"url\":\"https:\/\/sanluisinforma.com\/wp-content\/uploads\/2025\/01\/b8a7663a-5c36-4836-8020-c968d7449a70.jpg\",\"contentUrl\":\"https:\/\/sanluisinforma.com\/wp-content\/uploads\/2025\/01\/b8a7663a-5c36-4836-8020-c968d7449a70.jpg\",\"width\":480,\"height\":319},{\"@type\":\"BreadcrumbList\",\"@id\":\"https:\/\/sanluisinforma.com\/?p=9639#breadcrumb\",\"itemListElement\":[{\"@type\":\"ListItem\",\"position\":1,\"name\":\"Inicio\",\"item\":\"https:\/\/sanluisinforma.com\/\"},{\"@type\":\"ListItem\",\"position\":2,\"name\":\"Se fortalece la alianza del Gobierno de la Capital con la Ciudadan\u00eda en los D\u00edas de Talacha\"}]},{\"@type\":\"WebSite\",\"@id\":\"https:\/\/sanluisinforma.com\/#website\",\"url\":\"https:\/\/sanluisinforma.com\/\",\"name\":\"sanluisinforma.com\",\"description\":\"Periodico San Luis Informa\",\"publisher\":{\"@id\":\"https:\/\/sanluisinforma.com\/#organization\"},\"potentialAction\":[{\"@type\":\"SearchAction\",\"target\":{\"@type\":\"EntryPoint\",\"urlTemplate\":\"https:\/\/sanluisinforma.com\/?s={search_term_string}\"},\"query-input\":{\"@type\":\"PropertyValueSpecification\",\"valueRequired\":true,\"valueName\":\"search_term_string\"}}],\"inLanguage\":\"es\"},{\"@type\":\"Organization\",\"@id\":\"https:\/\/sanluisinforma.com\/#organization\",\"name\":\"sanluisinforma.com\",\"url\":\"https:\/\/sanluisinforma.com\/\",\"logo\":{\"@type\":\"ImageObject\",\"inLanguage\":\"es\",\"@id\":\"https:\/\/sanluisinforma.com\/#\/schema\/logo\/image\/\",\"url\":\"https:\/\/sanluisinforma.com\/wp-content\/uploads\/2026\/03\/sanluisinforma-V.jpg\",\"contentUrl\":\"https:\/\/sanluisinforma.com\/wp-content\/uploads\/2026\/03\/sanluisinforma-V.jpg\",\"width\":500,\"height\":156,\"caption\":\"sanluisinforma.com\"},\"image\":{\"@id\":\"https:\/\/sanluisinforma.com\/#\/schema\/logo\/image\/\"}},{\"@type\":\"Person\",\"@id\":\"https:\/\/sanluisinforma.com\/#\/schema\/person\/c30648f71476be533b6f59d092905c8b\",\"name\":\"sanluisinforma.com\",\"image\":{\"@type\":\"ImageObject\",\"inLanguage\":\"es\",\"@id\":\"https:\/\/sanluisinforma.com\/#\/schema\/person\/image\/\",\"url\":\"https:\/\/secure.gravatar.com\/avatar\/86e3114e34a1eecefb963e0a02f0093f93b092dddb2fe1517596343751081a87?s=96&d=mm&r=g\",\"contentUrl\":\"https:\/\/secure.gravatar.com\/avatar\/86e3114e34a1eecefb963e0a02f0093f93b092dddb2fe1517596343751081a87?s=96&d=mm&r=g\",\"caption\":\"sanluisinforma.com\"},\"url\":\"https:\/\/sanluisinforma.com\/?author=2\"}]}<\/script>\n<!-- \/ Yoast SEO plugin. -->","yoast_head_json":{"title":"Se fortalece la alianza del Gobierno de la Capital con la Ciudadan\u00eda en los D\u00edas de Talacha - sanluisinforma.com","robots":{"index":"index","follow":"follow","max-snippet":"max-snippet:-1","max-image-preview":"max-image-preview:large","max-video-preview":"max-video-preview:-1"},"canonical":"https:\/\/sanluisinforma.com\/?p=9639","og_locale":"es_MX","og_type":"article","og_title":"Se fortalece la alianza del Gobierno de la Capital con la Ciudadan\u00eda en los D\u00edas de Talacha - sanluisinforma.com","og_description":"En la jornada 93 del programa, en Prolongaci\u00f3n Nereo Rodr\u00edguez Barrag\u00e1n, encabezada por el Alcalde Enrique Galindo, se sigue transformando","og_url":"https:\/\/sanluisinforma.com\/?p=9639","og_site_name":"sanluisinforma.com","article_published_time":"2025-01-09T06:50:00+00:00","article_modified_time":"2025-01-09T04:15:42+00:00","og_image":[{"width":480,"height":319,"url":"https:\/\/sanluisinforma.com\/wp-content\/uploads\/2025\/01\/b8a7663a-5c36-4836-8020-c968d7449a70.jpg","type":"image\/jpeg"}],"author":"sanluisinforma.com","twitter_card":"summary_large_image","twitter_misc":{"Escrito por":"sanluisinforma.com","Tiempo de lectura":"2 minutos"},"schema":{"@context":"https:\/\/schema.org","@graph":[{"@type":"Article","@id":"https:\/\/sanluisinforma.com\/?p=9639#article","isPartOf":{"@id":"https:\/\/sanluisinforma.com\/?p=9639"},"author":{"name":"sanluisinforma.com","@id":"https:\/\/sanluisinforma.com\/#\/schema\/person\/c30648f71476be533b6f59d092905c8b"},"headline":"Se fortalece la alianza del Gobierno de la Capital con la Ciudadan\u00eda en los D\u00edas de Talacha","datePublished":"2025-01-09T06:50:00+00:00","dateModified":"2025-01-09T04:15:42+00:00","mainEntityOfPage":{"@id":"https:\/\/sanluisinforma.com\/?p=9639"},"wordCount":252,"publisher":{"@id":"https:\/\/sanluisinforma.com\/#organization"},"image":{"@id":"https:\/\/sanluisinforma.com\/?p=9639#primaryimage"},"thumbnailUrl":"https:\/\/sanluisinforma.com\/wp-content\/uploads\/2025\/01\/b8a7663a-5c36-4836-8020-c968d7449a70.jpg","articleSection":["Local","Portada"],"inLanguage":"es"},{"@type":"WebPage","@id":"https:\/\/sanluisinforma.com\/?p=9639","url":"https:\/\/sanluisinforma.com\/?p=9639","name":"Se fortalece la alianza del Gobierno de la Capital con la Ciudadan\u00eda en los D\u00edas de Talacha - sanluisinforma.com","isPartOf":{"@id":"https:\/\/sanluisinforma.com\/#website"},"primaryImageOfPage":{"@id":"https:\/\/sanluisinforma.com\/?p=9639#primaryimage"},"image":{"@id":"https:\/\/sanluisinforma.com\/?p=9639#primaryimage"},"thumbnailUrl":"https:\/\/sanluisinforma.com\/wp-content\/uploads\/2025\/01\/b8a7663a-5c36-4836-8020-c968d7449a70.jpg","datePublished":"2025-01-09T06:50:00+00:00","dateModified":"2025-01-09T04:15:42+00:00","breadcrumb":{"@id":"https:\/\/sanluisinforma.com\/?p=9639#breadcrumb"},"inLanguage":"es","potentialAction":[{"@type":"ReadAction","target":["https:\/\/sanluisinforma.com\/?p=9639"]}]},{"@type":"ImageObject","inLanguage":"es","@id":"https:\/\/sanluisinforma.com\/?p=9639#primaryimage","url":"https:\/\/sanluisinforma.com\/wp-content\/uploads\/2025\/01\/b8a7663a-5c36-4836-8020-c968d7449a70.jpg","contentUrl":"https:\/\/sanluisinforma.com\/wp-content\/uploads\/2025\/01\/b8a7663a-5c36-4836-8020-c968d7449a70.jpg","width":480,"height":319},{"@type":"BreadcrumbList","@id":"https:\/\/sanluisinforma.com\/?p=9639#breadcrumb","itemListElement":[{"@type":"ListItem","position":1,"name":"Inicio","item":"https:\/\/sanluisinforma.com\/"},{"@type":"ListItem","position":2,"name":"Se fortalece la alianza del Gobierno de la Capital con la Ciudadan\u00eda en los D\u00edas de Talacha"}]},{"@type":"WebSite","@id":"https:\/\/sanluisinforma.com\/#website","url":"https:\/\/sanluisinforma.com\/","name":"sanluisinforma.com","description":"Periodico San Luis Informa","publisher":{"@id":"https:\/\/sanluisinforma.com\/#organization"},"potentialAction":[{"@type":"SearchAction","target":{"@type":"EntryPoint","urlTemplate":"https:\/\/sanluisinforma.com\/?s={search_term_string}"},"query-input":{"@type":"PropertyValueSpecification","valueRequired":true,"valueName":"search_term_string"}}],"inLanguage":"es"},{"@type":"Organization","@id":"https:\/\/sanluisinforma.com\/#organization","name":"sanluisinforma.com","url":"https:\/\/sanluisinforma.com\/","logo":{"@type":"ImageObject","inLanguage":"es","@id":"https:\/\/sanluisinforma.com\/#\/schema\/logo\/image\/","url":"https:\/\/sanluisinforma.com\/wp-content\/uploads\/2026\/03\/sanluisinforma-V.jpg","contentUrl":"https:\/\/sanluisinforma.com\/wp-content\/uploads\/2026\/03\/sanluisinforma-V.jpg","width":500,"height":156,"caption":"sanluisinforma.com"},"image":{"@id":"https:\/\/sanluisinforma.com\/#\/schema\/logo\/image\/"}},{"@type":"Person","@id":"https:\/\/sanluisinforma.com\/#\/schema\/person\/c30648f71476be533b6f59d092905c8b","name":"sanluisinforma.com","image":{"@type":"ImageObject","inLanguage":"es","@id":"https:\/\/sanluisinforma.com\/#\/schema\/person\/image\/","url":"https:\/\/secure.gravatar.com\/avatar\/86e3114e34a1eecefb963e0a02f0093f93b092dddb2fe1517596343751081a87?s=96&d=mm&r=g","contentUrl":"https:\/\/secure.gravatar.com\/avatar\/86e3114e34a1eecefb963e0a02f0093f93b092dddb2fe1517596343751081a87?s=96&d=mm&r=g","caption":"sanluisinforma.com"},"url":"https:\/\/sanluisinforma.com\/?author=2"}]}},"_links":{"self":[{"href":"https:\/\/sanluisinforma.com\/index.php?rest_route=\/wp\/v2\/posts\/9639","targetHints":{"allow":["GET"]}}],"collection":[{"href":"https:\/\/sanluisinforma.com\/index.php?rest_route=\/wp\/v2\/posts"}],"about":[{"href":"https:\/\/sanluisinforma.com\/index.php?rest_route=\/wp\/v2\/types\/post"}],"author":[{"embeddable":true,"href":"https:\/\/sanluisinforma.com\/index.php?rest_route=\/wp\/v2\/users\/2"}],"replies":[{"embeddable":true,"href":"https:\/\/sanluisinforma.com\/index.php?rest_route=%2Fwp%2Fv2%2Fcomments&post=9639"}],"version-history":[{"count":1,"href":"https:\/\/sanluisinforma.com\/index.php?rest_route=\/wp\/v2\/posts\/9639\/revisions"}],"predecessor-version":[{"id":9641,"href":"https:\/\/sanluisinforma.com\/index.php?rest_route=\/wp\/v2\/posts\/9639\/revisions\/9641"}],"wp:featuredmedia":[{"embeddable":true,"href":"https:\/\/sanluisinforma.com\/index.php?rest_route=\/wp\/v2\/media\/9640"}],"wp:attachment":[{"href":"https:\/\/sanluisinforma.com\/index.php?rest_route=%2Fwp%2Fv2%2Fmedia&parent=9639"}],"wp:term":[{"taxonomy":"category","embeddable":true,"href":"https:\/\/sanluisinforma.com\/index.php?rest_route=%2Fwp%2Fv2%2Fcategories&post=9639"},{"taxonomy":"post_tag","embeddable":true,"href":"https:\/\/sanluisinforma.com\/index.php?rest_route=%2Fwp%2Fv2%2Ftags&post=9639"}],"curies":[{"name":"wp","href":"https:\/\/api.w.org\/{rel}","templated":true}]}}