{"id":9642,"date":"2025-01-09T00:45:00","date_gmt":"2025-01-09T06:45:00","guid":{"rendered":"https:\/\/sanluisinforma.com\/?p=9642"},"modified":"2025-01-08T22:19:29","modified_gmt":"2025-01-09T04:19:29","slug":"se-renueva-salvador-nava-con-mas-de-55-mil-m2-de-rehabilitacion-para-consolidar-el-san-luis-amable","status":"publish","type":"post","link":"https:\/\/sanluisinforma.com\/?p=9642","title":{"rendered":"Se renueva Salvador Nava, con m\u00e1s de 55 mil m2 de rehabilitaci\u00f3n, para consolidar el San Luis Amable"},"content":{"rendered":"\n<p>En pr\u00f3ximas semanas comenzar\u00e1 la segunda etapa de la regeneraci\u00f3n de esta vialidad primordial para la ciudad, que ten\u00eda m\u00e1s de 20 a\u00f1os sin recibir mantenimiento.<\/p>\n\n\n\n<p>Debido a la gran relevancia que tiene Salvador Nava, los trabajos se realizaron en horario nocturno, para minimizar las afectaciones al tr\u00e1fico.<\/p>\n\n\n\n<p><\/p>\n\n\n\n<p>El Ayuntamiento de San Luis Potos\u00ed, mediante la Direcci\u00f3n de Obras P\u00fablicas, concluy\u00f3 la primera etapa de repavimentaci\u00f3n de los carriles centrales de la avenida Salvador Nava Mart\u00ednez, cubriendo m\u00e1s de 55 mil metros cuadrados. Este proyecto se ejecut\u00f3 tras casi dos d\u00e9cadas sin mantenimiento significativo en esta vialidad esencial para la ciudad, por lo que en pr\u00f3ximas semanas continuar\u00e1 la segunda etapa.<\/p>\n\n\n\n<p>En la etapa final del proyecto, realizado por el Alcalde Enrique Galindo Ceballos con el programa Vialidades Potosinas, durante las \u00faltimas semanas de 2024 se realizaron trabajos de pintura vial para delimitar carriles, y esta semana se instalan botones en el carril con direcci\u00f3n de la carretera a Guadalajara hacia el sur, mejorando la seguridad vial de esta importante arteria de la ciudad.<\/p>\n\n\n\n<p>Las obras se llevaron a cabo de manera eficiente y con horarios nocturnos para minimizar afectaciones al tr\u00e1fico. La primera etapa incluy\u00f3 la aplicaci\u00f3n de carpeta asf\u00e1ltica de alta durabilidad, desde el paso a desnivel Alpes-Himalaya hasta Plaza Citadella, adem\u00e1s de tramos de carriles laterales cerca de las calles Fernando Torres y Eucaliptos.<\/p>\n","protected":false},"excerpt":{"rendered":"<p>En pr\u00f3ximas semanas comenzar\u00e1 la segunda etapa de la regeneraci\u00f3n de esta vialidad primordial para la ciudad, que ten\u00eda m\u00e1s<\/p>\n","protected":false},"author":2,"featured_media":9643,"comment_status":"closed","ping_status":"closed","sticky":false,"template":"","format":"standard","meta":{"footnotes":""},"categories":[25,30],"tags":[],"class_list":["post-9642","post","type-post","status-publish","format-standard","has-post-thumbnail","hentry","category-local","category-portada"],"yoast_head":"<!-- This site is optimized with the Yoast SEO plugin v24.1 - https:\/\/yoast.com\/wordpress\/plugins\/seo\/ -->\n<title>Se renueva Salvador Nava, con m\u00e1s de 55 mil m2 de rehabilitaci\u00f3n, para consolidar el San Luis Amable - sanluisinforma.com<\/title>\n<meta name=\"robots\" content=\"index, follow, max-snippet:-1, max-image-preview:large, max-video-preview:-1\" \/>\n<link rel=\"canonical\" href=\"https:\/\/sanluisinforma.com\/?p=9642\" \/>\n<meta property=\"og:locale\" content=\"es_MX\" \/>\n<meta property=\"og:type\" content=\"article\" \/>\n<meta property=\"og:title\" content=\"Se renueva Salvador Nava, con m\u00e1s de 55 mil m2 de rehabilitaci\u00f3n, para consolidar el San Luis Amable - sanluisinforma.com\" \/>\n<meta property=\"og:description\" content=\"En pr\u00f3ximas semanas comenzar\u00e1 la segunda etapa de la regeneraci\u00f3n de esta vialidad primordial para la ciudad, que ten\u00eda m\u00e1s\" \/>\n<meta property=\"og:url\" content=\"https:\/\/sanluisinforma.com\/?p=9642\" \/>\n<meta property=\"og:site_name\" content=\"sanluisinforma.com\" \/>\n<meta property=\"article:published_time\" content=\"2025-01-09T06:45:00+00:00\" \/>\n<meta property=\"article:modified_time\" content=\"2025-01-09T04:19:29+00:00\" \/>\n<meta property=\"og:image\" content=\"https:\/\/sanluisinforma.com\/wp-content\/uploads\/2025\/01\/a6874eb0-3981-4752-8d99-67584a17468f.jpg\" \/>\n\t<meta property=\"og:image:width\" content=\"480\" \/>\n\t<meta property=\"og:image:height\" content=\"270\" \/>\n\t<meta property=\"og:image:type\" content=\"image\/jpeg\" \/>\n<meta name=\"author\" content=\"sanluisinforma.com\" \/>\n<meta name=\"twitter:card\" content=\"summary_large_image\" \/>\n<meta name=\"twitter:label1\" content=\"Escrito por\" \/>\n\t<meta name=\"twitter:data1\" content=\"sanluisinforma.com\" \/>\n\t<meta name=\"twitter:label2\" content=\"Tiempo de lectura\" \/>\n\t<meta name=\"twitter:data2\" content=\"2 minutos\" \/>\n<script type=\"application\/ld+json\" class=\"yoast-schema-graph\">{\"@context\":\"https:\/\/schema.org\",\"@graph\":[{\"@type\":\"Article\",\"@id\":\"https:\/\/sanluisinforma.com\/?p=9642#article\",\"isPartOf\":{\"@id\":\"https:\/\/sanluisinforma.com\/?p=9642\"},\"author\":{\"name\":\"sanluisinforma.com\",\"@id\":\"https:\/\/sanluisinforma.com\/#\/schema\/person\/c30648f71476be533b6f59d092905c8b\"},\"headline\":\"Se renueva Salvador Nava, con m\u00e1s de 55 mil m2 de rehabilitaci\u00f3n, para consolidar el San Luis Amable\",\"datePublished\":\"2025-01-09T06:45:00+00:00\",\"dateModified\":\"2025-01-09T04:19:29+00:00\",\"mainEntityOfPage\":{\"@id\":\"https:\/\/sanluisinforma.com\/?p=9642\"},\"wordCount\":261,\"publisher\":{\"@id\":\"https:\/\/sanluisinforma.com\/#organization\"},\"image\":{\"@id\":\"https:\/\/sanluisinforma.com\/?p=9642#primaryimage\"},\"thumbnailUrl\":\"https:\/\/sanluisinforma.com\/wp-content\/uploads\/2025\/01\/a6874eb0-3981-4752-8d99-67584a17468f.jpg\",\"articleSection\":[\"Local\",\"Portada\"],\"inLanguage\":\"es\"},{\"@type\":\"WebPage\",\"@id\":\"https:\/\/sanluisinforma.com\/?p=9642\",\"url\":\"https:\/\/sanluisinforma.com\/?p=9642\",\"name\":\"Se renueva Salvador Nava, con m\u00e1s de 55 mil m2 de rehabilitaci\u00f3n, para consolidar el San Luis Amable - sanluisinforma.com\",\"isPartOf\":{\"@id\":\"https:\/\/sanluisinforma.com\/#website\"},\"primaryImageOfPage\":{\"@id\":\"https:\/\/sanluisinforma.com\/?p=9642#primaryimage\"},\"image\":{\"@id\":\"https:\/\/sanluisinforma.com\/?p=9642#primaryimage\"},\"thumbnailUrl\":\"https:\/\/sanluisinforma.com\/wp-content\/uploads\/2025\/01\/a6874eb0-3981-4752-8d99-67584a17468f.jpg\",\"datePublished\":\"2025-01-09T06:45:00+00:00\",\"dateModified\":\"2025-01-09T04:19:29+00:00\",\"breadcrumb\":{\"@id\":\"https:\/\/sanluisinforma.com\/?p=9642#breadcrumb\"},\"inLanguage\":\"es\",\"potentialAction\":[{\"@type\":\"ReadAction\",\"target\":[\"https:\/\/sanluisinforma.com\/?p=9642\"]}]},{\"@type\":\"ImageObject\",\"inLanguage\":\"es\",\"@id\":\"https:\/\/sanluisinforma.com\/?p=9642#primaryimage\",\"url\":\"https:\/\/sanluisinforma.com\/wp-content\/uploads\/2025\/01\/a6874eb0-3981-4752-8d99-67584a17468f.jpg\",\"contentUrl\":\"https:\/\/sanluisinforma.com\/wp-content\/uploads\/2025\/01\/a6874eb0-3981-4752-8d99-67584a17468f.jpg\",\"width\":480,\"height\":270},{\"@type\":\"BreadcrumbList\",\"@id\":\"https:\/\/sanluisinforma.com\/?p=9642#breadcrumb\",\"itemListElement\":[{\"@type\":\"ListItem\",\"position\":1,\"name\":\"Inicio\",\"item\":\"https:\/\/sanluisinforma.com\/\"},{\"@type\":\"ListItem\",\"position\":2,\"name\":\"Se renueva Salvador Nava, con m\u00e1s de 55 mil m2 de rehabilitaci\u00f3n, para consolidar el San Luis Amable\"}]},{\"@type\":\"WebSite\",\"@id\":\"https:\/\/sanluisinforma.com\/#website\",\"url\":\"https:\/\/sanluisinforma.com\/\",\"name\":\"sanluisinforma.com\",\"description\":\"Periodico San Luis Informa\",\"publisher\":{\"@id\":\"https:\/\/sanluisinforma.com\/#organization\"},\"potentialAction\":[{\"@type\":\"SearchAction\",\"target\":{\"@type\":\"EntryPoint\",\"urlTemplate\":\"https:\/\/sanluisinforma.com\/?s={search_term_string}\"},\"query-input\":{\"@type\":\"PropertyValueSpecification\",\"valueRequired\":true,\"valueName\":\"search_term_string\"}}],\"inLanguage\":\"es\"},{\"@type\":\"Organization\",\"@id\":\"https:\/\/sanluisinforma.com\/#organization\",\"name\":\"sanluisinforma.com\",\"url\":\"https:\/\/sanluisinforma.com\/\",\"logo\":{\"@type\":\"ImageObject\",\"inLanguage\":\"es\",\"@id\":\"https:\/\/sanluisinforma.com\/#\/schema\/logo\/image\/\",\"url\":\"https:\/\/sanluisinforma.com\/wp-content\/uploads\/2026\/03\/sanluisinforma-V.jpg\",\"contentUrl\":\"https:\/\/sanluisinforma.com\/wp-content\/uploads\/2026\/03\/sanluisinforma-V.jpg\",\"width\":500,\"height\":156,\"caption\":\"sanluisinforma.com\"},\"image\":{\"@id\":\"https:\/\/sanluisinforma.com\/#\/schema\/logo\/image\/\"}},{\"@type\":\"Person\",\"@id\":\"https:\/\/sanluisinforma.com\/#\/schema\/person\/c30648f71476be533b6f59d092905c8b\",\"name\":\"sanluisinforma.com\",\"image\":{\"@type\":\"ImageObject\",\"inLanguage\":\"es\",\"@id\":\"https:\/\/sanluisinforma.com\/#\/schema\/person\/image\/\",\"url\":\"https:\/\/secure.gravatar.com\/avatar\/86e3114e34a1eecefb963e0a02f0093f93b092dddb2fe1517596343751081a87?s=96&d=mm&r=g\",\"contentUrl\":\"https:\/\/secure.gravatar.com\/avatar\/86e3114e34a1eecefb963e0a02f0093f93b092dddb2fe1517596343751081a87?s=96&d=mm&r=g\",\"caption\":\"sanluisinforma.com\"},\"url\":\"https:\/\/sanluisinforma.com\/?author=2\"}]}<\/script>\n<!-- \/ Yoast SEO plugin. -->","yoast_head_json":{"title":"Se renueva Salvador Nava, con m\u00e1s de 55 mil m2 de rehabilitaci\u00f3n, para consolidar el San Luis Amable - sanluisinforma.com","robots":{"index":"index","follow":"follow","max-snippet":"max-snippet:-1","max-image-preview":"max-image-preview:large","max-video-preview":"max-video-preview:-1"},"canonical":"https:\/\/sanluisinforma.com\/?p=9642","og_locale":"es_MX","og_type":"article","og_title":"Se renueva Salvador Nava, con m\u00e1s de 55 mil m2 de rehabilitaci\u00f3n, para consolidar el San Luis Amable - sanluisinforma.com","og_description":"En pr\u00f3ximas semanas comenzar\u00e1 la segunda etapa de la regeneraci\u00f3n de esta vialidad primordial para la ciudad, que ten\u00eda m\u00e1s","og_url":"https:\/\/sanluisinforma.com\/?p=9642","og_site_name":"sanluisinforma.com","article_published_time":"2025-01-09T06:45:00+00:00","article_modified_time":"2025-01-09T04:19:29+00:00","og_image":[{"width":480,"height":270,"url":"https:\/\/sanluisinforma.com\/wp-content\/uploads\/2025\/01\/a6874eb0-3981-4752-8d99-67584a17468f.jpg","type":"image\/jpeg"}],"author":"sanluisinforma.com","twitter_card":"summary_large_image","twitter_misc":{"Escrito por":"sanluisinforma.com","Tiempo de lectura":"2 minutos"},"schema":{"@context":"https:\/\/schema.org","@graph":[{"@type":"Article","@id":"https:\/\/sanluisinforma.com\/?p=9642#article","isPartOf":{"@id":"https:\/\/sanluisinforma.com\/?p=9642"},"author":{"name":"sanluisinforma.com","@id":"https:\/\/sanluisinforma.com\/#\/schema\/person\/c30648f71476be533b6f59d092905c8b"},"headline":"Se renueva Salvador Nava, con m\u00e1s de 55 mil m2 de rehabilitaci\u00f3n, para consolidar el San Luis Amable","datePublished":"2025-01-09T06:45:00+00:00","dateModified":"2025-01-09T04:19:29+00:00","mainEntityOfPage":{"@id":"https:\/\/sanluisinforma.com\/?p=9642"},"wordCount":261,"publisher":{"@id":"https:\/\/sanluisinforma.com\/#organization"},"image":{"@id":"https:\/\/sanluisinforma.com\/?p=9642#primaryimage"},"thumbnailUrl":"https:\/\/sanluisinforma.com\/wp-content\/uploads\/2025\/01\/a6874eb0-3981-4752-8d99-67584a17468f.jpg","articleSection":["Local","Portada"],"inLanguage":"es"},{"@type":"WebPage","@id":"https:\/\/sanluisinforma.com\/?p=9642","url":"https:\/\/sanluisinforma.com\/?p=9642","name":"Se renueva Salvador Nava, con m\u00e1s de 55 mil m2 de rehabilitaci\u00f3n, para consolidar el San Luis Amable - sanluisinforma.com","isPartOf":{"@id":"https:\/\/sanluisinforma.com\/#website"},"primaryImageOfPage":{"@id":"https:\/\/sanluisinforma.com\/?p=9642#primaryimage"},"image":{"@id":"https:\/\/sanluisinforma.com\/?p=9642#primaryimage"},"thumbnailUrl":"https:\/\/sanluisinforma.com\/wp-content\/uploads\/2025\/01\/a6874eb0-3981-4752-8d99-67584a17468f.jpg","datePublished":"2025-01-09T06:45:00+00:00","dateModified":"2025-01-09T04:19:29+00:00","breadcrumb":{"@id":"https:\/\/sanluisinforma.com\/?p=9642#breadcrumb"},"inLanguage":"es","potentialAction":[{"@type":"ReadAction","target":["https:\/\/sanluisinforma.com\/?p=9642"]}]},{"@type":"ImageObject","inLanguage":"es","@id":"https:\/\/sanluisinforma.com\/?p=9642#primaryimage","url":"https:\/\/sanluisinforma.com\/wp-content\/uploads\/2025\/01\/a6874eb0-3981-4752-8d99-67584a17468f.jpg","contentUrl":"https:\/\/sanluisinforma.com\/wp-content\/uploads\/2025\/01\/a6874eb0-3981-4752-8d99-67584a17468f.jpg","width":480,"height":270},{"@type":"BreadcrumbList","@id":"https:\/\/sanluisinforma.com\/?p=9642#breadcrumb","itemListElement":[{"@type":"ListItem","position":1,"name":"Inicio","item":"https:\/\/sanluisinforma.com\/"},{"@type":"ListItem","position":2,"name":"Se renueva Salvador Nava, con m\u00e1s de 55 mil m2 de rehabilitaci\u00f3n, para consolidar el San Luis Amable"}]},{"@type":"WebSite","@id":"https:\/\/sanluisinforma.com\/#website","url":"https:\/\/sanluisinforma.com\/","name":"sanluisinforma.com","description":"Periodico San Luis Informa","publisher":{"@id":"https:\/\/sanluisinforma.com\/#organization"},"potentialAction":[{"@type":"SearchAction","target":{"@type":"EntryPoint","urlTemplate":"https:\/\/sanluisinforma.com\/?s={search_term_string}"},"query-input":{"@type":"PropertyValueSpecification","valueRequired":true,"valueName":"search_term_string"}}],"inLanguage":"es"},{"@type":"Organization","@id":"https:\/\/sanluisinforma.com\/#organization","name":"sanluisinforma.com","url":"https:\/\/sanluisinforma.com\/","logo":{"@type":"ImageObject","inLanguage":"es","@id":"https:\/\/sanluisinforma.com\/#\/schema\/logo\/image\/","url":"https:\/\/sanluisinforma.com\/wp-content\/uploads\/2026\/03\/sanluisinforma-V.jpg","contentUrl":"https:\/\/sanluisinforma.com\/wp-content\/uploads\/2026\/03\/sanluisinforma-V.jpg","width":500,"height":156,"caption":"sanluisinforma.com"},"image":{"@id":"https:\/\/sanluisinforma.com\/#\/schema\/logo\/image\/"}},{"@type":"Person","@id":"https:\/\/sanluisinforma.com\/#\/schema\/person\/c30648f71476be533b6f59d092905c8b","name":"sanluisinforma.com","image":{"@type":"ImageObject","inLanguage":"es","@id":"https:\/\/sanluisinforma.com\/#\/schema\/person\/image\/","url":"https:\/\/secure.gravatar.com\/avatar\/86e3114e34a1eecefb963e0a02f0093f93b092dddb2fe1517596343751081a87?s=96&d=mm&r=g","contentUrl":"https:\/\/secure.gravatar.com\/avatar\/86e3114e34a1eecefb963e0a02f0093f93b092dddb2fe1517596343751081a87?s=96&d=mm&r=g","caption":"sanluisinforma.com"},"url":"https:\/\/sanluisinforma.com\/?author=2"}]}},"_links":{"self":[{"href":"https:\/\/sanluisinforma.com\/index.php?rest_route=\/wp\/v2\/posts\/9642","targetHints":{"allow":["GET"]}}],"collection":[{"href":"https:\/\/sanluisinforma.com\/index.php?rest_route=\/wp\/v2\/posts"}],"about":[{"href":"https:\/\/sanluisinforma.com\/index.php?rest_route=\/wp\/v2\/types\/post"}],"author":[{"embeddable":true,"href":"https:\/\/sanluisinforma.com\/index.php?rest_route=\/wp\/v2\/users\/2"}],"replies":[{"embeddable":true,"href":"https:\/\/sanluisinforma.com\/index.php?rest_route=%2Fwp%2Fv2%2Fcomments&post=9642"}],"version-history":[{"count":1,"href":"https:\/\/sanluisinforma.com\/index.php?rest_route=\/wp\/v2\/posts\/9642\/revisions"}],"predecessor-version":[{"id":9644,"href":"https:\/\/sanluisinforma.com\/index.php?rest_route=\/wp\/v2\/posts\/9642\/revisions\/9644"}],"wp:featuredmedia":[{"embeddable":true,"href":"https:\/\/sanluisinforma.com\/index.php?rest_route=\/wp\/v2\/media\/9643"}],"wp:attachment":[{"href":"https:\/\/sanluisinforma.com\/index.php?rest_route=%2Fwp%2Fv2%2Fmedia&parent=9642"}],"wp:term":[{"taxonomy":"category","embeddable":true,"href":"https:\/\/sanluisinforma.com\/index.php?rest_route=%2Fwp%2Fv2%2Fcategories&post=9642"},{"taxonomy":"post_tag","embeddable":true,"href":"https:\/\/sanluisinforma.com\/index.php?rest_route=%2Fwp%2Fv2%2Ftags&post=9642"}],"curies":[{"name":"wp","href":"https:\/\/api.w.org\/{rel}","templated":true}]}}