{"id":9645,"date":"2025-01-09T00:35:00","date_gmt":"2025-01-09T06:35:00","guid":{"rendered":"https:\/\/sanluisinforma.com\/?p=9645"},"modified":"2025-01-08T22:30:23","modified_gmt":"2025-01-09T04:30:23","slug":"anuncia-presidenta-claudia-sheinbaum-inicio-de-construccion-de-viviendas-en-febrero-como-parte-del-programa-nacional-de-vivienda-para-bienestar","status":"publish","type":"post","link":"https:\/\/sanluisinforma.com\/?p=9645","title":{"rendered":"Anuncia Presidenta Claudia Sheinbaum inicio de Construcci\u00f3n de Viviendas en febrero como parte del Programa Nacional de Vivienda para Bienestar"},"content":{"rendered":"\n<p><\/p>\n\n\n\n<p>\u201dYa tenemos los predios y estamos en la parte de los permisos para iniciar la construcci\u00f3n\u201d, inform\u00f3 la Jefa del Ejecutivo Federal<\/p>\n\n\n\n<p>&nbsp;La reforma a la Ley del Infonavit busca fortalecer a la instituci\u00f3n, erradicar la corrupci\u00f3n y transparentar el otorgamiento de cr\u00e9ditos<\/p>\n\n\n\n<p>En 2025, Conavi construir\u00e1 m\u00e1s de 55 mil viviendas para no derechohabientes: cuenta con 62 predios asignados a Organismos Ejecutores de Obra en 29 entidades federativas<\/p>\n\n\n\n<p>Ciudad de M\u00e9xico a 08 de enero de 2025.- Como parte del Programa Nacional de Vivienda para el Bienestar, la Presidenta de M\u00e9xico, Claudia Sheinbaum Pardo, anunci\u00f3 que en febrero iniciar\u00e1 la construcci\u00f3n de vivienda de inter\u00e9s social por parte de la Comisi\u00f3n Nacional de Vivienda (Conavi), gracias a que ya se cuenta con la reserva territorial para los proyectos del 2025 e incluso para el 2026.<\/p>\n\n\n\n<p>\u201cLo que hoy presentamos es algo muy bueno. Ya tenemos los predios y gracias a los gobernadores, gobernadoras, presidentes, presidentas municipales, a la reserva territorial que tiene el Gobierno de M\u00e9xico y tambi\u00e9n el Infonavit, pero gracias a las reservas territoriales tenemos ya los predios ubicados en buenos lugares con servicios para poder hacer los proyectos de vivienda de este a\u00f1o e incluso proyectos de vivienda el 2026. Vamos a iniciar ya en febrero la construcci\u00f3n de viviendas a trav\u00e9s de la Conavi\u201d, destac\u00f3 durante la conferencia matutina: \u201cLas ma\u00f1aneras del pueblo\u201d.<\/p>\n\n\n\n<p>Precis\u00f3 que las 500 mil viviendas que construir\u00e1 Conavi beneficiar\u00e1n a personas no derechohabientes que ganan entre uno y dos salarios m\u00ednimos. Para ello la Secretar\u00eda del Bienestar realiza un censo casa por casa, en zonas con mayor demanda de vivienda, para ubicar a beneficiarios del Programa Nacional de Vivienda para el Bienestar y posteriormente se abrir\u00e1 un espacio para la inscripci\u00f3n de quienes por alguna circunstancia no sean censados.<\/p>\n\n\n\n<p>En el caso del Instituto del Fondo Nacional de la Vivienda para los Trabajadores (Infonavit), \u2014que tiene a su cargo la edificaci\u00f3n de 500 mil viviendas de inter\u00e9s social para derechohabientes\u2014, asegur\u00f3 que se est\u00e1 en espera de la aprobaci\u00f3n de la reforma a la ley de dicho Instituto y con ello darle la facultad a esta dependencia para la construcci\u00f3n de vivienda, ya que actualmente s\u00f3lo otorga cr\u00e9ditos a trav\u00e9s de esquemas directos.<\/p>\n\n\n\n<p>\u201cEstamos buscando que el Infonavit construya las viviendas a trav\u00e9s de esta empresa constructora o haga alianzas con empresas constructoras locales que permitan la construcci\u00f3n de vivienda de manera transparente y que se eliminen todos estos esquemas de corrupci\u00f3n, aparte de poder tener cr\u00e9dito directo\u201d, agreg\u00f3.<\/p>\n\n\n\n<p>En este sentido, reiter\u00f3 que el objetivo de la reforma a la Ley del Infonavit es fortalecer la instituci\u00f3n para erradicar la corrupci\u00f3n y que los trabajadores tengan la certeza de que van a recibir cr\u00e9ditos de viviendas que s\u00ed se va a construir; que la Auditor\u00eda Superior de la Federaci\u00f3n (ASF) pueda auditar al Infonavit, \u2014lo que actualmente no sucede\u2014 y que haya transparencia.<\/p>\n\n\n\n<p><strong>Adem\u00e1s, inform\u00f3 que instruy\u00f3 al director del Infonavit, Octavio Romero Oropeza, coordinarse con la consejera Jur\u00eddica, Ernestina Godoy, ya que se est\u00e1n presentando denuncias penales ante la Fiscal\u00eda General de la Rep\u00fablica (FGR) por los casos de corrupci\u00f3n que se han identificado al interior de la instituci\u00f3n.<\/strong><\/p>\n\n\n\n<p>La secretaria de Desarrollo Agrario, Territorial y Urbano, Edna Elena Vega Rangel, record\u00f3 que la meta en los pr\u00f3ximos seis a\u00f1os es la construcci\u00f3n de un mill\u00f3n de viviendas nuevas, 450 mil mejoramientos de vivienda y el otorgamiento de un mill\u00f3n de escrituras, comenzando en 2025 con 125 mil viviendas, as\u00ed como 100 mil mejoramientos, particularmente en la zona oriente del Estado de M\u00e9xico, y 120 mil escrituras.<\/p>\n\n\n\n<p>Para ello, ya se cuenta con 306 predios de reserva territorial, con lo que se cumple el 100 por ciento de la meta para 2025; se instalaron 31 mesas de coordinaci\u00f3n con los gobiernos estatales y municipales; adem\u00e1s de que ya se firmaron ocho convenios de colaboraci\u00f3n con estados y se tienen 200 proyectos ejecutivos.<\/p>\n\n\n\n<p>Precis\u00f3 que en enero se proyecta la firma de todos los convenios de colaboraci\u00f3n con los gobiernos estatales y municipales, mientras que en febrero se estima el comienzo de la construcci\u00f3n de los conjuntos habitacionales. Record\u00f3 que el 14 de octubre de 2024 arranc\u00f3 el Programa Nacional de Vivienda para el Bienestar en Los Cabos, Baja California, con los trabajos preliminares para la construcci\u00f3n de m\u00e1s de 700 viviendas.<\/p>\n\n\n\n<p>La titular de Sedatu advirti\u00f3 a la poblaci\u00f3n para que no se deje enga\u00f1ar ya que han identificado a personas que est\u00e1n difundiendo el rumor de que a cambio de recurso se les podr\u00e1 incorporar al Programa Nacional de Vivienda; lo cual, puntualiz\u00f3, es totalmente falso.<\/p>\n\n\n\n<p>El director general de la Conavi, Rodrigo Ch\u00e1vez Contreras, se\u00f1al\u00f3 que en 2025 esta dependencia construir\u00e1 m\u00e1s de 55 mil viviendas y entregar\u00e1 100 mil apoyos de mejoramiento.&nbsp; Detall\u00f3 que actualmente la Comisi\u00f3n cuenta con 167 predios, que suman m\u00e1s de 2 mil hect\u00e1reas (ha), de los cuales ya trabaja en 62 predios asignados a Organismos Ejecutores de Obra en 29 entidades federativas este a\u00f1o.<\/p>\n\n\n\n<p>Puntualiz\u00f3 que en febrero iniciar\u00e1n con 27 predios, (que representan 124 ha), en 12 entidades, con alrededor de 20 mil acciones de vivienda; en marzo, arrancar\u00e1n obras en otros 17 predios (82 ha) en 10 entidades para edificar 14 mil viviendas, y, en abril iniciar\u00e1n en 18 predios (128 ha), en 11 estados, con 22 mil viviendas. Esto para que en mayo ya est\u00e9n en obra las m\u00e1s de 55 mil viviendas.<\/p>\n\n\n\n<p>El director general del Instituto Nacional del Suelo Sustentable (INSUS), Jos\u00e9 Alfonso Iracheta Carroll, inform\u00f3 que en la regularizaci\u00f3n de predios del Estado de M\u00e9xico se tiene 286 mil lotes que ya se est\u00e1n trabajando en esta entidad para su regularizaci\u00f3n, un hecho hist\u00f3rico para el pa\u00eds, ya que no se hab\u00eda dado una regularizaci\u00f3n de esta magnitud.<\/p>\n\n\n\n<p>En Baja California, inform\u00f3 que el INSUS se concentra en la identificaci\u00f3n de zonas de alto riesgo para tener la certeza de que no se va a regularizar lotes que puedan presentar deslaves u otro tipo de incidentes, adem\u00e1s en forma paralela junto al Gobierno del estado ya se trabaja en tres pol\u00edgonos para la reubicaci\u00f3n de familias; mientras que, en Baja California Sur, se estima regularizar cerca de 3 mil lotes.<\/p>\n\n\n\n<p>A nivel nacional destac\u00f3 que se proyecta que para este a\u00f1o se regularicen 222 mil lotes en los 32 estados de la Rep\u00fablica.<\/p>\n\n\n\n<p>El director general del Infonavit, Octavio Romero Oropeza, inform\u00f3 que esta dependencia ya tiene reserva territorial en 29 estados con 144 predios, lo que suma poco m\u00e1s de 500 hect\u00e1reas, donde se tiene proyectado la construcci\u00f3n potencial de 85 mil 688 viviendas, por lo que la meta del 2025 ya se encuentra al 100 por ciento.<\/p>\n\n\n\n<p>Anunci\u00f3 que, como resultado del Convenio Marco de Colaboraci\u00f3n entre el Infonavit y el Tecnol\u00f3gico Nacional de M\u00e9xico (TecNM), ya se tienen 148 proyectos arquitect\u00f3nicos, de los cuales 11 ser\u00e1n entregados el 28 de enero; 23, el 21 de febrero y 114, a partir del 30 de marzo.<\/p>\n\n\n\n<p>Acerca del congelamiento de los saldos y mensualidades de derechohabientes del Infonavit, destac\u00f3 que, a partir del 11 de noviembre del 2024, 2 millones de cr\u00e9ditos otorgados en Veces de Salarios M\u00ednimos antes del 2013, fueron congelados, de los cuales 516 mil gozaron de diferentes beneficios: 140 mil tuvieron disminuci\u00f3n en la tasa de inter\u00e9s; 264 mil reducci\u00f3n en la mensualidad y la tasa de inter\u00e9s y 112 mil tienen un descuento al saldo. Con esto, la suma de los beneficios es igual a m\u00e1s de 10 mil millones de pesos.<\/p>\n\n\n\n<p>A un mill\u00f3n 484 se les otorgar\u00e1n diferentes beneficios: 750 mil recibir\u00e1n, de manera autom\u00e1tica, disminuci\u00f3n en la tasa de inter\u00e9s, en mensualidad y descuento de algunos saldos, en las pr\u00f3ximas semanas, mientras que, los poco m\u00e1s de 700 mil cr\u00e9ditos restantes tambi\u00e9n recibir\u00e1n apoyos, pero para conocerlos deber\u00e1n acudir a las oficinas de atenci\u00f3n del Infonavit.<\/p>\n\n\n\n<p>Record\u00f3 que con la aprobaci\u00f3n de la Ley del Infonavit otros 2 millones de cr\u00e9ditos otorgados del 2014 a 2021 tendr\u00e1n congelamiento de las mensualidades, se les otorgar\u00e1n suspensiones en los pagos sin generar intereses cuando el trabajador pierda su empleo.<\/p>\n","protected":false},"excerpt":{"rendered":"<p>\u201dYa tenemos los predios y estamos en la parte de los permisos para iniciar la construcci\u00f3n\u201d, inform\u00f3 la Jefa del<\/p>\n","protected":false},"author":2,"featured_media":9646,"comment_status":"closed","ping_status":"closed","sticky":false,"template":"","format":"standard","meta":{"footnotes":""},"categories":[26],"tags":[],"class_list":["post-9645","post","type-post","status-publish","format-standard","has-post-thumbnail","hentry","category-nacional"],"yoast_head":"<!-- This site is optimized with the Yoast SEO plugin v24.1 - https:\/\/yoast.com\/wordpress\/plugins\/seo\/ -->\n<title>Anuncia Presidenta Claudia Sheinbaum inicio de Construcci\u00f3n de Viviendas en febrero como parte del Programa Nacional de Vivienda para Bienestar - sanluisinforma.com<\/title>\n<meta name=\"robots\" content=\"index, follow, max-snippet:-1, max-image-preview:large, max-video-preview:-1\" \/>\n<link rel=\"canonical\" href=\"https:\/\/sanluisinforma.com\/?p=9645\" \/>\n<meta property=\"og:locale\" content=\"es_MX\" \/>\n<meta property=\"og:type\" content=\"article\" \/>\n<meta property=\"og:title\" content=\"Anuncia Presidenta Claudia Sheinbaum inicio de Construcci\u00f3n de Viviendas en febrero como parte del Programa Nacional de Vivienda para Bienestar - sanluisinforma.com\" \/>\n<meta property=\"og:description\" content=\"\u201dYa tenemos los predios y estamos en la parte de los permisos para iniciar la construcci\u00f3n\u201d, inform\u00f3 la Jefa del\" \/>\n<meta property=\"og:url\" content=\"https:\/\/sanluisinforma.com\/?p=9645\" \/>\n<meta property=\"og:site_name\" content=\"sanluisinforma.com\" \/>\n<meta property=\"article:published_time\" content=\"2025-01-09T06:35:00+00:00\" \/>\n<meta property=\"article:modified_time\" content=\"2025-01-09T04:30:23+00:00\" \/>\n<meta property=\"og:image\" content=\"https:\/\/sanluisinforma.com\/wp-content\/uploads\/2025\/01\/6e979eac-a4cb-49a3-91b7-c297c70eaec4.jpg\" \/>\n\t<meta property=\"og:image:width\" content=\"480\" \/>\n\t<meta property=\"og:image:height\" content=\"319\" \/>\n\t<meta property=\"og:image:type\" content=\"image\/jpeg\" \/>\n<meta name=\"author\" content=\"sanluisinforma.com\" \/>\n<meta name=\"twitter:card\" content=\"summary_large_image\" \/>\n<meta name=\"twitter:label1\" content=\"Escrito por\" \/>\n\t<meta name=\"twitter:data1\" content=\"sanluisinforma.com\" \/>\n\t<meta name=\"twitter:label2\" content=\"Tiempo de lectura\" \/>\n\t<meta name=\"twitter:data2\" content=\"7 minutos\" \/>\n<script type=\"application\/ld+json\" class=\"yoast-schema-graph\">{\"@context\":\"https:\/\/schema.org\",\"@graph\":[{\"@type\":\"Article\",\"@id\":\"https:\/\/sanluisinforma.com\/?p=9645#article\",\"isPartOf\":{\"@id\":\"https:\/\/sanluisinforma.com\/?p=9645\"},\"author\":{\"name\":\"sanluisinforma.com\",\"@id\":\"https:\/\/sanluisinforma.com\/#\/schema\/person\/c30648f71476be533b6f59d092905c8b\"},\"headline\":\"Anuncia Presidenta Claudia Sheinbaum inicio de Construcci\u00f3n de Viviendas en febrero como parte del Programa Nacional de Vivienda para Bienestar\",\"datePublished\":\"2025-01-09T06:35:00+00:00\",\"dateModified\":\"2025-01-09T04:30:23+00:00\",\"mainEntityOfPage\":{\"@id\":\"https:\/\/sanluisinforma.com\/?p=9645\"},\"wordCount\":1415,\"publisher\":{\"@id\":\"https:\/\/sanluisinforma.com\/#organization\"},\"image\":{\"@id\":\"https:\/\/sanluisinforma.com\/?p=9645#primaryimage\"},\"thumbnailUrl\":\"https:\/\/sanluisinforma.com\/wp-content\/uploads\/2025\/01\/6e979eac-a4cb-49a3-91b7-c297c70eaec4.jpg\",\"articleSection\":[\"Nacional\"],\"inLanguage\":\"es\"},{\"@type\":\"WebPage\",\"@id\":\"https:\/\/sanluisinforma.com\/?p=9645\",\"url\":\"https:\/\/sanluisinforma.com\/?p=9645\",\"name\":\"Anuncia Presidenta Claudia Sheinbaum inicio de Construcci\u00f3n de Viviendas en febrero como parte del Programa Nacional de Vivienda para Bienestar - sanluisinforma.com\",\"isPartOf\":{\"@id\":\"https:\/\/sanluisinforma.com\/#website\"},\"primaryImageOfPage\":{\"@id\":\"https:\/\/sanluisinforma.com\/?p=9645#primaryimage\"},\"image\":{\"@id\":\"https:\/\/sanluisinforma.com\/?p=9645#primaryimage\"},\"thumbnailUrl\":\"https:\/\/sanluisinforma.com\/wp-content\/uploads\/2025\/01\/6e979eac-a4cb-49a3-91b7-c297c70eaec4.jpg\",\"datePublished\":\"2025-01-09T06:35:00+00:00\",\"dateModified\":\"2025-01-09T04:30:23+00:00\",\"breadcrumb\":{\"@id\":\"https:\/\/sanluisinforma.com\/?p=9645#breadcrumb\"},\"inLanguage\":\"es\",\"potentialAction\":[{\"@type\":\"ReadAction\",\"target\":[\"https:\/\/sanluisinforma.com\/?p=9645\"]}]},{\"@type\":\"ImageObject\",\"inLanguage\":\"es\",\"@id\":\"https:\/\/sanluisinforma.com\/?p=9645#primaryimage\",\"url\":\"https:\/\/sanluisinforma.com\/wp-content\/uploads\/2025\/01\/6e979eac-a4cb-49a3-91b7-c297c70eaec4.jpg\",\"contentUrl\":\"https:\/\/sanluisinforma.com\/wp-content\/uploads\/2025\/01\/6e979eac-a4cb-49a3-91b7-c297c70eaec4.jpg\",\"width\":480,\"height\":319},{\"@type\":\"BreadcrumbList\",\"@id\":\"https:\/\/sanluisinforma.com\/?p=9645#breadcrumb\",\"itemListElement\":[{\"@type\":\"ListItem\",\"position\":1,\"name\":\"Inicio\",\"item\":\"https:\/\/sanluisinforma.com\/\"},{\"@type\":\"ListItem\",\"position\":2,\"name\":\"Anuncia Presidenta Claudia Sheinbaum inicio de Construcci\u00f3n de Viviendas en febrero como parte del Programa Nacional de Vivienda para Bienestar\"}]},{\"@type\":\"WebSite\",\"@id\":\"https:\/\/sanluisinforma.com\/#website\",\"url\":\"https:\/\/sanluisinforma.com\/\",\"name\":\"sanluisinforma.com\",\"description\":\"Periodico San Luis Informa\",\"publisher\":{\"@id\":\"https:\/\/sanluisinforma.com\/#organization\"},\"potentialAction\":[{\"@type\":\"SearchAction\",\"target\":{\"@type\":\"EntryPoint\",\"urlTemplate\":\"https:\/\/sanluisinforma.com\/?s={search_term_string}\"},\"query-input\":{\"@type\":\"PropertyValueSpecification\",\"valueRequired\":true,\"valueName\":\"search_term_string\"}}],\"inLanguage\":\"es\"},{\"@type\":\"Organization\",\"@id\":\"https:\/\/sanluisinforma.com\/#organization\",\"name\":\"sanluisinforma.com\",\"url\":\"https:\/\/sanluisinforma.com\/\",\"logo\":{\"@type\":\"ImageObject\",\"inLanguage\":\"es\",\"@id\":\"https:\/\/sanluisinforma.com\/#\/schema\/logo\/image\/\",\"url\":\"https:\/\/sanluisinforma.com\/wp-content\/uploads\/2026\/03\/sanluisinforma-V.jpg\",\"contentUrl\":\"https:\/\/sanluisinforma.com\/wp-content\/uploads\/2026\/03\/sanluisinforma-V.jpg\",\"width\":500,\"height\":156,\"caption\":\"sanluisinforma.com\"},\"image\":{\"@id\":\"https:\/\/sanluisinforma.com\/#\/schema\/logo\/image\/\"}},{\"@type\":\"Person\",\"@id\":\"https:\/\/sanluisinforma.com\/#\/schema\/person\/c30648f71476be533b6f59d092905c8b\",\"name\":\"sanluisinforma.com\",\"image\":{\"@type\":\"ImageObject\",\"inLanguage\":\"es\",\"@id\":\"https:\/\/sanluisinforma.com\/#\/schema\/person\/image\/\",\"url\":\"https:\/\/secure.gravatar.com\/avatar\/86e3114e34a1eecefb963e0a02f0093f93b092dddb2fe1517596343751081a87?s=96&d=mm&r=g\",\"contentUrl\":\"https:\/\/secure.gravatar.com\/avatar\/86e3114e34a1eecefb963e0a02f0093f93b092dddb2fe1517596343751081a87?s=96&d=mm&r=g\",\"caption\":\"sanluisinforma.com\"},\"url\":\"https:\/\/sanluisinforma.com\/?author=2\"}]}<\/script>\n<!-- \/ Yoast SEO plugin. -->","yoast_head_json":{"title":"Anuncia Presidenta Claudia Sheinbaum inicio de Construcci\u00f3n de Viviendas en febrero como parte del Programa Nacional de Vivienda para Bienestar - sanluisinforma.com","robots":{"index":"index","follow":"follow","max-snippet":"max-snippet:-1","max-image-preview":"max-image-preview:large","max-video-preview":"max-video-preview:-1"},"canonical":"https:\/\/sanluisinforma.com\/?p=9645","og_locale":"es_MX","og_type":"article","og_title":"Anuncia Presidenta Claudia Sheinbaum inicio de Construcci\u00f3n de Viviendas en febrero como parte del Programa Nacional de Vivienda para Bienestar - sanluisinforma.com","og_description":"\u201dYa tenemos los predios y estamos en la parte de los permisos para iniciar la construcci\u00f3n\u201d, inform\u00f3 la Jefa del","og_url":"https:\/\/sanluisinforma.com\/?p=9645","og_site_name":"sanluisinforma.com","article_published_time":"2025-01-09T06:35:00+00:00","article_modified_time":"2025-01-09T04:30:23+00:00","og_image":[{"width":480,"height":319,"url":"https:\/\/sanluisinforma.com\/wp-content\/uploads\/2025\/01\/6e979eac-a4cb-49a3-91b7-c297c70eaec4.jpg","type":"image\/jpeg"}],"author":"sanluisinforma.com","twitter_card":"summary_large_image","twitter_misc":{"Escrito por":"sanluisinforma.com","Tiempo de lectura":"7 minutos"},"schema":{"@context":"https:\/\/schema.org","@graph":[{"@type":"Article","@id":"https:\/\/sanluisinforma.com\/?p=9645#article","isPartOf":{"@id":"https:\/\/sanluisinforma.com\/?p=9645"},"author":{"name":"sanluisinforma.com","@id":"https:\/\/sanluisinforma.com\/#\/schema\/person\/c30648f71476be533b6f59d092905c8b"},"headline":"Anuncia Presidenta Claudia Sheinbaum inicio de Construcci\u00f3n de Viviendas en febrero como parte del Programa Nacional de Vivienda para Bienestar","datePublished":"2025-01-09T06:35:00+00:00","dateModified":"2025-01-09T04:30:23+00:00","mainEntityOfPage":{"@id":"https:\/\/sanluisinforma.com\/?p=9645"},"wordCount":1415,"publisher":{"@id":"https:\/\/sanluisinforma.com\/#organization"},"image":{"@id":"https:\/\/sanluisinforma.com\/?p=9645#primaryimage"},"thumbnailUrl":"https:\/\/sanluisinforma.com\/wp-content\/uploads\/2025\/01\/6e979eac-a4cb-49a3-91b7-c297c70eaec4.jpg","articleSection":["Nacional"],"inLanguage":"es"},{"@type":"WebPage","@id":"https:\/\/sanluisinforma.com\/?p=9645","url":"https:\/\/sanluisinforma.com\/?p=9645","name":"Anuncia Presidenta Claudia Sheinbaum inicio de Construcci\u00f3n de Viviendas en febrero como parte del Programa Nacional de Vivienda para Bienestar - sanluisinforma.com","isPartOf":{"@id":"https:\/\/sanluisinforma.com\/#website"},"primaryImageOfPage":{"@id":"https:\/\/sanluisinforma.com\/?p=9645#primaryimage"},"image":{"@id":"https:\/\/sanluisinforma.com\/?p=9645#primaryimage"},"thumbnailUrl":"https:\/\/sanluisinforma.com\/wp-content\/uploads\/2025\/01\/6e979eac-a4cb-49a3-91b7-c297c70eaec4.jpg","datePublished":"2025-01-09T06:35:00+00:00","dateModified":"2025-01-09T04:30:23+00:00","breadcrumb":{"@id":"https:\/\/sanluisinforma.com\/?p=9645#breadcrumb"},"inLanguage":"es","potentialAction":[{"@type":"ReadAction","target":["https:\/\/sanluisinforma.com\/?p=9645"]}]},{"@type":"ImageObject","inLanguage":"es","@id":"https:\/\/sanluisinforma.com\/?p=9645#primaryimage","url":"https:\/\/sanluisinforma.com\/wp-content\/uploads\/2025\/01\/6e979eac-a4cb-49a3-91b7-c297c70eaec4.jpg","contentUrl":"https:\/\/sanluisinforma.com\/wp-content\/uploads\/2025\/01\/6e979eac-a4cb-49a3-91b7-c297c70eaec4.jpg","width":480,"height":319},{"@type":"BreadcrumbList","@id":"https:\/\/sanluisinforma.com\/?p=9645#breadcrumb","itemListElement":[{"@type":"ListItem","position":1,"name":"Inicio","item":"https:\/\/sanluisinforma.com\/"},{"@type":"ListItem","position":2,"name":"Anuncia Presidenta Claudia Sheinbaum inicio de Construcci\u00f3n de Viviendas en febrero como parte del Programa Nacional de Vivienda para Bienestar"}]},{"@type":"WebSite","@id":"https:\/\/sanluisinforma.com\/#website","url":"https:\/\/sanluisinforma.com\/","name":"sanluisinforma.com","description":"Periodico San Luis Informa","publisher":{"@id":"https:\/\/sanluisinforma.com\/#organization"},"potentialAction":[{"@type":"SearchAction","target":{"@type":"EntryPoint","urlTemplate":"https:\/\/sanluisinforma.com\/?s={search_term_string}"},"query-input":{"@type":"PropertyValueSpecification","valueRequired":true,"valueName":"search_term_string"}}],"inLanguage":"es"},{"@type":"Organization","@id":"https:\/\/sanluisinforma.com\/#organization","name":"sanluisinforma.com","url":"https:\/\/sanluisinforma.com\/","logo":{"@type":"ImageObject","inLanguage":"es","@id":"https:\/\/sanluisinforma.com\/#\/schema\/logo\/image\/","url":"https:\/\/sanluisinforma.com\/wp-content\/uploads\/2026\/03\/sanluisinforma-V.jpg","contentUrl":"https:\/\/sanluisinforma.com\/wp-content\/uploads\/2026\/03\/sanluisinforma-V.jpg","width":500,"height":156,"caption":"sanluisinforma.com"},"image":{"@id":"https:\/\/sanluisinforma.com\/#\/schema\/logo\/image\/"}},{"@type":"Person","@id":"https:\/\/sanluisinforma.com\/#\/schema\/person\/c30648f71476be533b6f59d092905c8b","name":"sanluisinforma.com","image":{"@type":"ImageObject","inLanguage":"es","@id":"https:\/\/sanluisinforma.com\/#\/schema\/person\/image\/","url":"https:\/\/secure.gravatar.com\/avatar\/86e3114e34a1eecefb963e0a02f0093f93b092dddb2fe1517596343751081a87?s=96&d=mm&r=g","contentUrl":"https:\/\/secure.gravatar.com\/avatar\/86e3114e34a1eecefb963e0a02f0093f93b092dddb2fe1517596343751081a87?s=96&d=mm&r=g","caption":"sanluisinforma.com"},"url":"https:\/\/sanluisinforma.com\/?author=2"}]}},"_links":{"self":[{"href":"https:\/\/sanluisinforma.com\/index.php?rest_route=\/wp\/v2\/posts\/9645","targetHints":{"allow":["GET"]}}],"collection":[{"href":"https:\/\/sanluisinforma.com\/index.php?rest_route=\/wp\/v2\/posts"}],"about":[{"href":"https:\/\/sanluisinforma.com\/index.php?rest_route=\/wp\/v2\/types\/post"}],"author":[{"embeddable":true,"href":"https:\/\/sanluisinforma.com\/index.php?rest_route=\/wp\/v2\/users\/2"}],"replies":[{"embeddable":true,"href":"https:\/\/sanluisinforma.com\/index.php?rest_route=%2Fwp%2Fv2%2Fcomments&post=9645"}],"version-history":[{"count":1,"href":"https:\/\/sanluisinforma.com\/index.php?rest_route=\/wp\/v2\/posts\/9645\/revisions"}],"predecessor-version":[{"id":9647,"href":"https:\/\/sanluisinforma.com\/index.php?rest_route=\/wp\/v2\/posts\/9645\/revisions\/9647"}],"wp:featuredmedia":[{"embeddable":true,"href":"https:\/\/sanluisinforma.com\/index.php?rest_route=\/wp\/v2\/media\/9646"}],"wp:attachment":[{"href":"https:\/\/sanluisinforma.com\/index.php?rest_route=%2Fwp%2Fv2%2Fmedia&parent=9645"}],"wp:term":[{"taxonomy":"category","embeddable":true,"href":"https:\/\/sanluisinforma.com\/index.php?rest_route=%2Fwp%2Fv2%2Fcategories&post=9645"},{"taxonomy":"post_tag","embeddable":true,"href":"https:\/\/sanluisinforma.com\/index.php?rest_route=%2Fwp%2Fv2%2Ftags&post=9645"}],"curies":[{"name":"wp","href":"https:\/\/api.w.org\/{rel}","templated":true}]}}