{"id":9663,"date":"2025-01-10T00:20:00","date_gmt":"2025-01-10T06:20:00","guid":{"rendered":"https:\/\/sanluisinforma.com\/?p=9663"},"modified":"2025-01-09T23:11:11","modified_gmt":"2025-01-10T05:11:11","slug":"azota-tormenta-invernal-a-san-luis-potosi","status":"publish","type":"post","link":"https:\/\/sanluisinforma.com\/?p=9663","title":{"rendered":"Azota Tormenta Invernal a San Luis Potos\u00ed."},"content":{"rendered":"\n<p><\/p>\n\n\n\n<p>Estado de San Luis Potos\u00eds presentaron rachas de viento de m\u00e1s de 70 kil\u00f3metros por hora\u00a0 lo que ocasion\u00f3 la ca\u00edda de espectaculares, arboles\u00a0 , letreros de vialidad.<\/p>\n\n\n\n<p>Al respecto, y derivado de las r\u00e1fagas de viento registradas principalmente en la zona metropolitana, la Coordinaci\u00f3n Estatal de Protecci\u00f3n Civil (CEPC), informa que&nbsp; trabaja con los ayuntamientos para atender los reportes ciudadanos sobre afectaciones por los fuertes vientos de hasta&nbsp; 70&nbsp; kil\u00f3metros por hora y mantiene una vigilancia permanente, ante cualquier situaci\u00f3n.<\/p>\n\n\n\n<p>Por instrucci\u00f3n del Gobernador Ricardo Gallardo Cardona, el director de la dependencia, Mauricio Ordaz Flores,&nbsp; preciso este d\u00eda que hay un monitoreo permanente y hasta el momento han atendido los reportes: un espectacular ca\u00eddo en la calle de Naranjos y Cuauht\u00e9moc; tres \u00e1rboles, uno en la esquina de Naranjos, otro en la calle de Fuente Neptuno en Balcones del Valle, y uno m\u00e1s en riesgo en el colegio&nbsp; Cobach n\u00famero&nbsp; 26, que fue podado por personal de la dependencia, todo ello en la ciudad&nbsp; de San Luis Potosi,&nbsp; adem\u00e1s, agrego&nbsp; sobre el&nbsp; reporte de un letrero de bienvenida&nbsp; del municipio de&nbsp; Cerro de San Pedro.<\/p>\n\n\n\n<p>Finalmente, el funcionario estatal\u00a0 coment\u00f3 que al momento los parques Tangamanga siguen abierto  , de manera preventiva ,pero se mantiene el monitoreo de las r\u00e1fagas de viento, por lo que pidi\u00f3 a la poblaci\u00f3n reforzar las medidas de prevenci\u00f3n y mantenerse informado ante cualquier anuncio oficial.<\/p>\n\n\n\n<p><strong>Personas en situaci\u00f3n de calle, albergadas por Protecci\u00f3n Civil Estatal<\/strong><\/p>\n\n\n\n<p>As\u00ed mismo y como efecto de las g\u00e9lidas temperaturas del frente frio 21&nbsp;&nbsp; que se presentan&nbsp; hasta un grado en algunas zonas, la&nbsp; Coordinaci\u00f3n Estatal de Protecci\u00f3n Civil (CEPC), difundi\u00f3, este d\u00eda que se encuentran albergadas en refugios, de Protecci\u00f3n Civil, 17 personas, y se han entregado de manera gratuita m\u00e1s de 60 cobijas, para personas que viven a la intemperie, y&nbsp; que se han negado a que los trasladen a los refugios de Protecci\u00f3n Civil.<\/p>\n\n\n\n<p>El funcionario estatal, dijo este d\u00eda que por indicaciones del Gobernador Ricardo Gallardo Cardona, seguir\u00e1n los rondines las 24 horas, en las cuatro zonas del Estado, para detectar y ayudar a personas que se encuentren en la v\u00eda p\u00fablica para llevarlas a los albergues&nbsp; que habilit\u00f3 con anticipaci\u00f3n la dependencia de gobierno.&nbsp; FIN<\/p>\n","protected":false},"excerpt":{"rendered":"<p>Estado de San Luis Potos\u00eds presentaron rachas de viento de m\u00e1s de 70 kil\u00f3metros por hora\u00a0 lo que ocasion\u00f3 la<\/p>\n","protected":false},"author":2,"featured_media":9664,"comment_status":"closed","ping_status":"closed","sticky":false,"template":"","format":"standard","meta":{"footnotes":""},"categories":[25],"tags":[],"class_list":["post-9663","post","type-post","status-publish","format-standard","has-post-thumbnail","hentry","category-local"],"yoast_head":"<!-- This site is optimized with the Yoast SEO plugin v24.1 - https:\/\/yoast.com\/wordpress\/plugins\/seo\/ -->\n<title>Azota Tormenta Invernal a San Luis Potos\u00ed. - sanluisinforma.com<\/title>\n<meta name=\"robots\" content=\"index, follow, max-snippet:-1, max-image-preview:large, max-video-preview:-1\" \/>\n<link rel=\"canonical\" href=\"https:\/\/sanluisinforma.com\/?p=9663\" \/>\n<meta property=\"og:locale\" content=\"es_MX\" \/>\n<meta property=\"og:type\" content=\"article\" \/>\n<meta property=\"og:title\" content=\"Azota Tormenta Invernal a San Luis Potos\u00ed. - sanluisinforma.com\" \/>\n<meta property=\"og:description\" content=\"Estado de San Luis Potos\u00eds presentaron rachas de viento de m\u00e1s de 70 kil\u00f3metros por hora\u00a0 lo que ocasion\u00f3 la\" \/>\n<meta property=\"og:url\" content=\"https:\/\/sanluisinforma.com\/?p=9663\" \/>\n<meta property=\"og:site_name\" content=\"sanluisinforma.com\" \/>\n<meta property=\"article:published_time\" content=\"2025-01-10T06:20:00+00:00\" \/>\n<meta property=\"article:modified_time\" content=\"2025-01-10T05:11:11+00:00\" \/>\n<meta property=\"og:image\" content=\"https:\/\/sanluisinforma.com\/wp-content\/uploads\/2025\/01\/Persona-en-situacion-de-calle.jpg\" \/>\n\t<meta property=\"og:image:width\" content=\"480\" \/>\n\t<meta property=\"og:image:height\" content=\"361\" \/>\n\t<meta property=\"og:image:type\" content=\"image\/jpeg\" \/>\n<meta name=\"author\" content=\"sanluisinforma.com\" \/>\n<meta name=\"twitter:card\" content=\"summary_large_image\" \/>\n<meta name=\"twitter:label1\" content=\"Escrito por\" \/>\n\t<meta name=\"twitter:data1\" content=\"sanluisinforma.com\" \/>\n\t<meta name=\"twitter:label2\" content=\"Tiempo de lectura\" \/>\n\t<meta name=\"twitter:data2\" content=\"2 minutos\" \/>\n<script type=\"application\/ld+json\" class=\"yoast-schema-graph\">{\"@context\":\"https:\/\/schema.org\",\"@graph\":[{\"@type\":\"Article\",\"@id\":\"https:\/\/sanluisinforma.com\/?p=9663#article\",\"isPartOf\":{\"@id\":\"https:\/\/sanluisinforma.com\/?p=9663\"},\"author\":{\"name\":\"sanluisinforma.com\",\"@id\":\"https:\/\/sanluisinforma.com\/#\/schema\/person\/c30648f71476be533b6f59d092905c8b\"},\"headline\":\"Azota Tormenta Invernal a San Luis Potos\u00ed.\",\"datePublished\":\"2025-01-10T06:20:00+00:00\",\"dateModified\":\"2025-01-10T05:11:11+00:00\",\"mainEntityOfPage\":{\"@id\":\"https:\/\/sanluisinforma.com\/?p=9663\"},\"wordCount\":421,\"publisher\":{\"@id\":\"https:\/\/sanluisinforma.com\/#organization\"},\"image\":{\"@id\":\"https:\/\/sanluisinforma.com\/?p=9663#primaryimage\"},\"thumbnailUrl\":\"https:\/\/sanluisinforma.com\/wp-content\/uploads\/2025\/01\/Persona-en-situacion-de-calle.jpg\",\"articleSection\":[\"Local\"],\"inLanguage\":\"es\"},{\"@type\":\"WebPage\",\"@id\":\"https:\/\/sanluisinforma.com\/?p=9663\",\"url\":\"https:\/\/sanluisinforma.com\/?p=9663\",\"name\":\"Azota Tormenta Invernal a San Luis Potos\u00ed. - sanluisinforma.com\",\"isPartOf\":{\"@id\":\"https:\/\/sanluisinforma.com\/#website\"},\"primaryImageOfPage\":{\"@id\":\"https:\/\/sanluisinforma.com\/?p=9663#primaryimage\"},\"image\":{\"@id\":\"https:\/\/sanluisinforma.com\/?p=9663#primaryimage\"},\"thumbnailUrl\":\"https:\/\/sanluisinforma.com\/wp-content\/uploads\/2025\/01\/Persona-en-situacion-de-calle.jpg\",\"datePublished\":\"2025-01-10T06:20:00+00:00\",\"dateModified\":\"2025-01-10T05:11:11+00:00\",\"breadcrumb\":{\"@id\":\"https:\/\/sanluisinforma.com\/?p=9663#breadcrumb\"},\"inLanguage\":\"es\",\"potentialAction\":[{\"@type\":\"ReadAction\",\"target\":[\"https:\/\/sanluisinforma.com\/?p=9663\"]}]},{\"@type\":\"ImageObject\",\"inLanguage\":\"es\",\"@id\":\"https:\/\/sanluisinforma.com\/?p=9663#primaryimage\",\"url\":\"https:\/\/sanluisinforma.com\/wp-content\/uploads\/2025\/01\/Persona-en-situacion-de-calle.jpg\",\"contentUrl\":\"https:\/\/sanluisinforma.com\/wp-content\/uploads\/2025\/01\/Persona-en-situacion-de-calle.jpg\",\"width\":480,\"height\":361},{\"@type\":\"BreadcrumbList\",\"@id\":\"https:\/\/sanluisinforma.com\/?p=9663#breadcrumb\",\"itemListElement\":[{\"@type\":\"ListItem\",\"position\":1,\"name\":\"Inicio\",\"item\":\"https:\/\/sanluisinforma.com\/\"},{\"@type\":\"ListItem\",\"position\":2,\"name\":\"Azota Tormenta Invernal a San Luis Potos\u00ed.\"}]},{\"@type\":\"WebSite\",\"@id\":\"https:\/\/sanluisinforma.com\/#website\",\"url\":\"https:\/\/sanluisinforma.com\/\",\"name\":\"sanluisinforma.com\",\"description\":\"Periodico San Luis Informa\",\"publisher\":{\"@id\":\"https:\/\/sanluisinforma.com\/#organization\"},\"potentialAction\":[{\"@type\":\"SearchAction\",\"target\":{\"@type\":\"EntryPoint\",\"urlTemplate\":\"https:\/\/sanluisinforma.com\/?s={search_term_string}\"},\"query-input\":{\"@type\":\"PropertyValueSpecification\",\"valueRequired\":true,\"valueName\":\"search_term_string\"}}],\"inLanguage\":\"es\"},{\"@type\":\"Organization\",\"@id\":\"https:\/\/sanluisinforma.com\/#organization\",\"name\":\"sanluisinforma.com\",\"url\":\"https:\/\/sanluisinforma.com\/\",\"logo\":{\"@type\":\"ImageObject\",\"inLanguage\":\"es\",\"@id\":\"https:\/\/sanluisinforma.com\/#\/schema\/logo\/image\/\",\"url\":\"https:\/\/sanluisinforma.com\/wp-content\/uploads\/2026\/03\/sanluisinforma-V.jpg\",\"contentUrl\":\"https:\/\/sanluisinforma.com\/wp-content\/uploads\/2026\/03\/sanluisinforma-V.jpg\",\"width\":500,\"height\":156,\"caption\":\"sanluisinforma.com\"},\"image\":{\"@id\":\"https:\/\/sanluisinforma.com\/#\/schema\/logo\/image\/\"}},{\"@type\":\"Person\",\"@id\":\"https:\/\/sanluisinforma.com\/#\/schema\/person\/c30648f71476be533b6f59d092905c8b\",\"name\":\"sanluisinforma.com\",\"image\":{\"@type\":\"ImageObject\",\"inLanguage\":\"es\",\"@id\":\"https:\/\/sanluisinforma.com\/#\/schema\/person\/image\/\",\"url\":\"https:\/\/secure.gravatar.com\/avatar\/86e3114e34a1eecefb963e0a02f0093f93b092dddb2fe1517596343751081a87?s=96&d=mm&r=g\",\"contentUrl\":\"https:\/\/secure.gravatar.com\/avatar\/86e3114e34a1eecefb963e0a02f0093f93b092dddb2fe1517596343751081a87?s=96&d=mm&r=g\",\"caption\":\"sanluisinforma.com\"},\"url\":\"https:\/\/sanluisinforma.com\/?author=2\"}]}<\/script>\n<!-- \/ Yoast SEO plugin. -->","yoast_head_json":{"title":"Azota Tormenta Invernal a San Luis Potos\u00ed. - sanluisinforma.com","robots":{"index":"index","follow":"follow","max-snippet":"max-snippet:-1","max-image-preview":"max-image-preview:large","max-video-preview":"max-video-preview:-1"},"canonical":"https:\/\/sanluisinforma.com\/?p=9663","og_locale":"es_MX","og_type":"article","og_title":"Azota Tormenta Invernal a San Luis Potos\u00ed. - sanluisinforma.com","og_description":"Estado de San Luis Potos\u00eds presentaron rachas de viento de m\u00e1s de 70 kil\u00f3metros por hora\u00a0 lo que ocasion\u00f3 la","og_url":"https:\/\/sanluisinforma.com\/?p=9663","og_site_name":"sanluisinforma.com","article_published_time":"2025-01-10T06:20:00+00:00","article_modified_time":"2025-01-10T05:11:11+00:00","og_image":[{"width":480,"height":361,"url":"https:\/\/sanluisinforma.com\/wp-content\/uploads\/2025\/01\/Persona-en-situacion-de-calle.jpg","type":"image\/jpeg"}],"author":"sanluisinforma.com","twitter_card":"summary_large_image","twitter_misc":{"Escrito por":"sanluisinforma.com","Tiempo de lectura":"2 minutos"},"schema":{"@context":"https:\/\/schema.org","@graph":[{"@type":"Article","@id":"https:\/\/sanluisinforma.com\/?p=9663#article","isPartOf":{"@id":"https:\/\/sanluisinforma.com\/?p=9663"},"author":{"name":"sanluisinforma.com","@id":"https:\/\/sanluisinforma.com\/#\/schema\/person\/c30648f71476be533b6f59d092905c8b"},"headline":"Azota Tormenta Invernal a San Luis Potos\u00ed.","datePublished":"2025-01-10T06:20:00+00:00","dateModified":"2025-01-10T05:11:11+00:00","mainEntityOfPage":{"@id":"https:\/\/sanluisinforma.com\/?p=9663"},"wordCount":421,"publisher":{"@id":"https:\/\/sanluisinforma.com\/#organization"},"image":{"@id":"https:\/\/sanluisinforma.com\/?p=9663#primaryimage"},"thumbnailUrl":"https:\/\/sanluisinforma.com\/wp-content\/uploads\/2025\/01\/Persona-en-situacion-de-calle.jpg","articleSection":["Local"],"inLanguage":"es"},{"@type":"WebPage","@id":"https:\/\/sanluisinforma.com\/?p=9663","url":"https:\/\/sanluisinforma.com\/?p=9663","name":"Azota Tormenta Invernal a San Luis Potos\u00ed. - sanluisinforma.com","isPartOf":{"@id":"https:\/\/sanluisinforma.com\/#website"},"primaryImageOfPage":{"@id":"https:\/\/sanluisinforma.com\/?p=9663#primaryimage"},"image":{"@id":"https:\/\/sanluisinforma.com\/?p=9663#primaryimage"},"thumbnailUrl":"https:\/\/sanluisinforma.com\/wp-content\/uploads\/2025\/01\/Persona-en-situacion-de-calle.jpg","datePublished":"2025-01-10T06:20:00+00:00","dateModified":"2025-01-10T05:11:11+00:00","breadcrumb":{"@id":"https:\/\/sanluisinforma.com\/?p=9663#breadcrumb"},"inLanguage":"es","potentialAction":[{"@type":"ReadAction","target":["https:\/\/sanluisinforma.com\/?p=9663"]}]},{"@type":"ImageObject","inLanguage":"es","@id":"https:\/\/sanluisinforma.com\/?p=9663#primaryimage","url":"https:\/\/sanluisinforma.com\/wp-content\/uploads\/2025\/01\/Persona-en-situacion-de-calle.jpg","contentUrl":"https:\/\/sanluisinforma.com\/wp-content\/uploads\/2025\/01\/Persona-en-situacion-de-calle.jpg","width":480,"height":361},{"@type":"BreadcrumbList","@id":"https:\/\/sanluisinforma.com\/?p=9663#breadcrumb","itemListElement":[{"@type":"ListItem","position":1,"name":"Inicio","item":"https:\/\/sanluisinforma.com\/"},{"@type":"ListItem","position":2,"name":"Azota Tormenta Invernal a San Luis Potos\u00ed."}]},{"@type":"WebSite","@id":"https:\/\/sanluisinforma.com\/#website","url":"https:\/\/sanluisinforma.com\/","name":"sanluisinforma.com","description":"Periodico San Luis Informa","publisher":{"@id":"https:\/\/sanluisinforma.com\/#organization"},"potentialAction":[{"@type":"SearchAction","target":{"@type":"EntryPoint","urlTemplate":"https:\/\/sanluisinforma.com\/?s={search_term_string}"},"query-input":{"@type":"PropertyValueSpecification","valueRequired":true,"valueName":"search_term_string"}}],"inLanguage":"es"},{"@type":"Organization","@id":"https:\/\/sanluisinforma.com\/#organization","name":"sanluisinforma.com","url":"https:\/\/sanluisinforma.com\/","logo":{"@type":"ImageObject","inLanguage":"es","@id":"https:\/\/sanluisinforma.com\/#\/schema\/logo\/image\/","url":"https:\/\/sanluisinforma.com\/wp-content\/uploads\/2026\/03\/sanluisinforma-V.jpg","contentUrl":"https:\/\/sanluisinforma.com\/wp-content\/uploads\/2026\/03\/sanluisinforma-V.jpg","width":500,"height":156,"caption":"sanluisinforma.com"},"image":{"@id":"https:\/\/sanluisinforma.com\/#\/schema\/logo\/image\/"}},{"@type":"Person","@id":"https:\/\/sanluisinforma.com\/#\/schema\/person\/c30648f71476be533b6f59d092905c8b","name":"sanluisinforma.com","image":{"@type":"ImageObject","inLanguage":"es","@id":"https:\/\/sanluisinforma.com\/#\/schema\/person\/image\/","url":"https:\/\/secure.gravatar.com\/avatar\/86e3114e34a1eecefb963e0a02f0093f93b092dddb2fe1517596343751081a87?s=96&d=mm&r=g","contentUrl":"https:\/\/secure.gravatar.com\/avatar\/86e3114e34a1eecefb963e0a02f0093f93b092dddb2fe1517596343751081a87?s=96&d=mm&r=g","caption":"sanluisinforma.com"},"url":"https:\/\/sanluisinforma.com\/?author=2"}]}},"_links":{"self":[{"href":"https:\/\/sanluisinforma.com\/index.php?rest_route=\/wp\/v2\/posts\/9663","targetHints":{"allow":["GET"]}}],"collection":[{"href":"https:\/\/sanluisinforma.com\/index.php?rest_route=\/wp\/v2\/posts"}],"about":[{"href":"https:\/\/sanluisinforma.com\/index.php?rest_route=\/wp\/v2\/types\/post"}],"author":[{"embeddable":true,"href":"https:\/\/sanluisinforma.com\/index.php?rest_route=\/wp\/v2\/users\/2"}],"replies":[{"embeddable":true,"href":"https:\/\/sanluisinforma.com\/index.php?rest_route=%2Fwp%2Fv2%2Fcomments&post=9663"}],"version-history":[{"count":1,"href":"https:\/\/sanluisinforma.com\/index.php?rest_route=\/wp\/v2\/posts\/9663\/revisions"}],"predecessor-version":[{"id":9665,"href":"https:\/\/sanluisinforma.com\/index.php?rest_route=\/wp\/v2\/posts\/9663\/revisions\/9665"}],"wp:featuredmedia":[{"embeddable":true,"href":"https:\/\/sanluisinforma.com\/index.php?rest_route=\/wp\/v2\/media\/9664"}],"wp:attachment":[{"href":"https:\/\/sanluisinforma.com\/index.php?rest_route=%2Fwp%2Fv2%2Fmedia&parent=9663"}],"wp:term":[{"taxonomy":"category","embeddable":true,"href":"https:\/\/sanluisinforma.com\/index.php?rest_route=%2Fwp%2Fv2%2Fcategories&post=9663"},{"taxonomy":"post_tag","embeddable":true,"href":"https:\/\/sanluisinforma.com\/index.php?rest_route=%2Fwp%2Fv2%2Ftags&post=9663"}],"curies":[{"name":"wp","href":"https:\/\/api.w.org\/{rel}","templated":true}]}}