{"id":9679,"date":"2025-01-11T00:46:00","date_gmt":"2025-01-11T06:46:00","guid":{"rendered":"https:\/\/sanluisinforma.com\/?p=9679"},"modified":"2025-01-10T22:38:26","modified_gmt":"2025-01-11T04:38:26","slug":"alcalde-enrique-galindo-invitado-a-reunion-nacional-con-presidenta-claudia-sheinbaum","status":"publish","type":"post","link":"https:\/\/sanluisinforma.com\/?p=9679","title":{"rendered":"Alcalde Enrique Galindo, invitado a reuni\u00f3n nacional con Presidenta Claudia Sheinbaum"},"content":{"rendered":"\n<p>El Primer Edil fue invitado personalmente por la Secretar\u00eda de Gobernaci\u00f3n Federal a participar en el Encuentro Nacional Municipal, en la Ciudad de M\u00e9xico, donde expondr\u00e1 directamente a la Presidenta las necesidades y soluciones a los problemas de San Luis Capital.<\/p>\n\n\n\n<p><\/p>\n\n\n\n<p>El Alcalde Enrique Galindo Ceballos fue invitado a participar, la pr\u00f3xima semana, en el Encuentro Nacional Municipal, que encabezar\u00e1 la Presidenta de M\u00e9xico, Claudia Sheinbaum Pardo, en el que expondr\u00e1 de primera mano a la jefa del Ejecutivo Federal las necesidades que tiene el municipio de San Luis Potos\u00ed.<\/p>\n\n\n\n<p>Este Encuentro Nacional Municipal tiene como objetivo fortalecer los v\u00ednculos intergubernamentales y promover un espacio de di\u00e1logo y colaboraci\u00f3n eficaz entre el Gobierno Federal y presidentes municipales. La invitaci\u00f3n para el evento, que se celebrar\u00e1 en la Capital del Pa\u00eds el jueves 16 de enero, est\u00e1 firmada por Rosa Icela Rodr\u00edguez Vel\u00e1zquez, Secretaria de Gobernaci\u00f3n Federal.<\/p>\n\n\n\n<p>El Alcalde Enrique Galindo Ceballos dijo que esta ser\u00e1 una excelente oportunidad para estrechar los relaciones con la Presidenta de la Rep\u00fablica y para exponer los planes, proyectos y \u00e1reas de oportunidad que ofrece una de las capitales con mayor potencial de desarrollo a nivel nacional.<\/p>\n\n\n\n<p>El Presidente Municipal agreg\u00f3 que ser\u00e1 un encuentro nacional para compartir ideas, estrategias y pol\u00edticas que impacten positivamente en el desarrollo municipal y estatal, donde adem\u00e1s, se abordar\u00e1n temas tan importantes como el Plan Nacional de Desarrollo 2025 -2030.<\/p>\n","protected":false},"excerpt":{"rendered":"<p>El Primer Edil fue invitado personalmente por la Secretar\u00eda de Gobernaci\u00f3n Federal a participar en el Encuentro Nacional Municipal, en<\/p>\n","protected":false},"author":2,"featured_media":9680,"comment_status":"closed","ping_status":"closed","sticky":false,"template":"","format":"standard","meta":{"footnotes":""},"categories":[25,30],"tags":[],"class_list":["post-9679","post","type-post","status-publish","format-standard","has-post-thumbnail","hentry","category-local","category-portada"],"yoast_head":"<!-- This site is optimized with the Yoast SEO plugin v24.1 - https:\/\/yoast.com\/wordpress\/plugins\/seo\/ -->\n<title>Alcalde Enrique Galindo, invitado a reuni\u00f3n nacional con Presidenta Claudia Sheinbaum - sanluisinforma.com<\/title>\n<meta name=\"robots\" content=\"index, follow, max-snippet:-1, max-image-preview:large, max-video-preview:-1\" \/>\n<link rel=\"canonical\" href=\"https:\/\/sanluisinforma.com\/?p=9679\" \/>\n<meta property=\"og:locale\" content=\"es_MX\" \/>\n<meta property=\"og:type\" content=\"article\" \/>\n<meta property=\"og:title\" content=\"Alcalde Enrique Galindo, invitado a reuni\u00f3n nacional con Presidenta Claudia Sheinbaum - sanluisinforma.com\" \/>\n<meta property=\"og:description\" content=\"El Primer Edil fue invitado personalmente por la Secretar\u00eda de Gobernaci\u00f3n Federal a participar en el Encuentro Nacional Municipal, en\" \/>\n<meta property=\"og:url\" content=\"https:\/\/sanluisinforma.com\/?p=9679\" \/>\n<meta property=\"og:site_name\" content=\"sanluisinforma.com\" \/>\n<meta property=\"article:published_time\" content=\"2025-01-11T06:46:00+00:00\" \/>\n<meta property=\"article:modified_time\" content=\"2025-01-11T04:38:26+00:00\" \/>\n<meta property=\"og:image\" content=\"https:\/\/sanluisinforma.com\/wp-content\/uploads\/2025\/01\/fee9c05d-fd33-4f24-a4a1-40aa033192da.jpg\" \/>\n\t<meta property=\"og:image:width\" content=\"480\" \/>\n\t<meta property=\"og:image:height\" content=\"319\" \/>\n\t<meta property=\"og:image:type\" content=\"image\/jpeg\" \/>\n<meta name=\"author\" content=\"sanluisinforma.com\" \/>\n<meta name=\"twitter:card\" content=\"summary_large_image\" \/>\n<meta name=\"twitter:label1\" content=\"Escrito por\" \/>\n\t<meta name=\"twitter:data1\" content=\"sanluisinforma.com\" \/>\n\t<meta name=\"twitter:label2\" content=\"Tiempo de lectura\" \/>\n\t<meta name=\"twitter:data2\" content=\"2 minutos\" \/>\n<script type=\"application\/ld+json\" class=\"yoast-schema-graph\">{\"@context\":\"https:\/\/schema.org\",\"@graph\":[{\"@type\":\"Article\",\"@id\":\"https:\/\/sanluisinforma.com\/?p=9679#article\",\"isPartOf\":{\"@id\":\"https:\/\/sanluisinforma.com\/?p=9679\"},\"author\":{\"name\":\"sanluisinforma.com\",\"@id\":\"https:\/\/sanluisinforma.com\/#\/schema\/person\/c30648f71476be533b6f59d092905c8b\"},\"headline\":\"Alcalde Enrique Galindo, invitado a reuni\u00f3n nacional con Presidenta Claudia Sheinbaum\",\"datePublished\":\"2025-01-11T06:46:00+00:00\",\"dateModified\":\"2025-01-11T04:38:26+00:00\",\"mainEntityOfPage\":{\"@id\":\"https:\/\/sanluisinforma.com\/?p=9679\"},\"wordCount\":258,\"publisher\":{\"@id\":\"https:\/\/sanluisinforma.com\/#organization\"},\"image\":{\"@id\":\"https:\/\/sanluisinforma.com\/?p=9679#primaryimage\"},\"thumbnailUrl\":\"https:\/\/sanluisinforma.com\/wp-content\/uploads\/2025\/01\/fee9c05d-fd33-4f24-a4a1-40aa033192da.jpg\",\"articleSection\":[\"Local\",\"Portada\"],\"inLanguage\":\"es\"},{\"@type\":\"WebPage\",\"@id\":\"https:\/\/sanluisinforma.com\/?p=9679\",\"url\":\"https:\/\/sanluisinforma.com\/?p=9679\",\"name\":\"Alcalde Enrique Galindo, invitado a reuni\u00f3n nacional con Presidenta Claudia Sheinbaum - sanluisinforma.com\",\"isPartOf\":{\"@id\":\"https:\/\/sanluisinforma.com\/#website\"},\"primaryImageOfPage\":{\"@id\":\"https:\/\/sanluisinforma.com\/?p=9679#primaryimage\"},\"image\":{\"@id\":\"https:\/\/sanluisinforma.com\/?p=9679#primaryimage\"},\"thumbnailUrl\":\"https:\/\/sanluisinforma.com\/wp-content\/uploads\/2025\/01\/fee9c05d-fd33-4f24-a4a1-40aa033192da.jpg\",\"datePublished\":\"2025-01-11T06:46:00+00:00\",\"dateModified\":\"2025-01-11T04:38:26+00:00\",\"breadcrumb\":{\"@id\":\"https:\/\/sanluisinforma.com\/?p=9679#breadcrumb\"},\"inLanguage\":\"es\",\"potentialAction\":[{\"@type\":\"ReadAction\",\"target\":[\"https:\/\/sanluisinforma.com\/?p=9679\"]}]},{\"@type\":\"ImageObject\",\"inLanguage\":\"es\",\"@id\":\"https:\/\/sanluisinforma.com\/?p=9679#primaryimage\",\"url\":\"https:\/\/sanluisinforma.com\/wp-content\/uploads\/2025\/01\/fee9c05d-fd33-4f24-a4a1-40aa033192da.jpg\",\"contentUrl\":\"https:\/\/sanluisinforma.com\/wp-content\/uploads\/2025\/01\/fee9c05d-fd33-4f24-a4a1-40aa033192da.jpg\",\"width\":480,\"height\":319},{\"@type\":\"BreadcrumbList\",\"@id\":\"https:\/\/sanluisinforma.com\/?p=9679#breadcrumb\",\"itemListElement\":[{\"@type\":\"ListItem\",\"position\":1,\"name\":\"Inicio\",\"item\":\"https:\/\/sanluisinforma.com\/\"},{\"@type\":\"ListItem\",\"position\":2,\"name\":\"Alcalde Enrique Galindo, invitado a reuni\u00f3n nacional con Presidenta Claudia Sheinbaum\"}]},{\"@type\":\"WebSite\",\"@id\":\"https:\/\/sanluisinforma.com\/#website\",\"url\":\"https:\/\/sanluisinforma.com\/\",\"name\":\"sanluisinforma.com\",\"description\":\"Periodico San Luis Informa\",\"publisher\":{\"@id\":\"https:\/\/sanluisinforma.com\/#organization\"},\"potentialAction\":[{\"@type\":\"SearchAction\",\"target\":{\"@type\":\"EntryPoint\",\"urlTemplate\":\"https:\/\/sanluisinforma.com\/?s={search_term_string}\"},\"query-input\":{\"@type\":\"PropertyValueSpecification\",\"valueRequired\":true,\"valueName\":\"search_term_string\"}}],\"inLanguage\":\"es\"},{\"@type\":\"Organization\",\"@id\":\"https:\/\/sanluisinforma.com\/#organization\",\"name\":\"sanluisinforma.com\",\"url\":\"https:\/\/sanluisinforma.com\/\",\"logo\":{\"@type\":\"ImageObject\",\"inLanguage\":\"es\",\"@id\":\"https:\/\/sanluisinforma.com\/#\/schema\/logo\/image\/\",\"url\":\"https:\/\/sanluisinforma.com\/wp-content\/uploads\/2026\/03\/sanluisinforma-V.jpg\",\"contentUrl\":\"https:\/\/sanluisinforma.com\/wp-content\/uploads\/2026\/03\/sanluisinforma-V.jpg\",\"width\":500,\"height\":156,\"caption\":\"sanluisinforma.com\"},\"image\":{\"@id\":\"https:\/\/sanluisinforma.com\/#\/schema\/logo\/image\/\"}},{\"@type\":\"Person\",\"@id\":\"https:\/\/sanluisinforma.com\/#\/schema\/person\/c30648f71476be533b6f59d092905c8b\",\"name\":\"sanluisinforma.com\",\"image\":{\"@type\":\"ImageObject\",\"inLanguage\":\"es\",\"@id\":\"https:\/\/sanluisinforma.com\/#\/schema\/person\/image\/\",\"url\":\"https:\/\/secure.gravatar.com\/avatar\/86e3114e34a1eecefb963e0a02f0093f93b092dddb2fe1517596343751081a87?s=96&d=mm&r=g\",\"contentUrl\":\"https:\/\/secure.gravatar.com\/avatar\/86e3114e34a1eecefb963e0a02f0093f93b092dddb2fe1517596343751081a87?s=96&d=mm&r=g\",\"caption\":\"sanluisinforma.com\"},\"url\":\"https:\/\/sanluisinforma.com\/?author=2\"}]}<\/script>\n<!-- \/ Yoast SEO plugin. -->","yoast_head_json":{"title":"Alcalde Enrique Galindo, invitado a reuni\u00f3n nacional con Presidenta Claudia Sheinbaum - sanluisinforma.com","robots":{"index":"index","follow":"follow","max-snippet":"max-snippet:-1","max-image-preview":"max-image-preview:large","max-video-preview":"max-video-preview:-1"},"canonical":"https:\/\/sanluisinforma.com\/?p=9679","og_locale":"es_MX","og_type":"article","og_title":"Alcalde Enrique Galindo, invitado a reuni\u00f3n nacional con Presidenta Claudia Sheinbaum - sanluisinforma.com","og_description":"El Primer Edil fue invitado personalmente por la Secretar\u00eda de Gobernaci\u00f3n Federal a participar en el Encuentro Nacional Municipal, en","og_url":"https:\/\/sanluisinforma.com\/?p=9679","og_site_name":"sanluisinforma.com","article_published_time":"2025-01-11T06:46:00+00:00","article_modified_time":"2025-01-11T04:38:26+00:00","og_image":[{"width":480,"height":319,"url":"https:\/\/sanluisinforma.com\/wp-content\/uploads\/2025\/01\/fee9c05d-fd33-4f24-a4a1-40aa033192da.jpg","type":"image\/jpeg"}],"author":"sanluisinforma.com","twitter_card":"summary_large_image","twitter_misc":{"Escrito por":"sanluisinforma.com","Tiempo de lectura":"2 minutos"},"schema":{"@context":"https:\/\/schema.org","@graph":[{"@type":"Article","@id":"https:\/\/sanluisinforma.com\/?p=9679#article","isPartOf":{"@id":"https:\/\/sanluisinforma.com\/?p=9679"},"author":{"name":"sanluisinforma.com","@id":"https:\/\/sanluisinforma.com\/#\/schema\/person\/c30648f71476be533b6f59d092905c8b"},"headline":"Alcalde Enrique Galindo, invitado a reuni\u00f3n nacional con Presidenta Claudia Sheinbaum","datePublished":"2025-01-11T06:46:00+00:00","dateModified":"2025-01-11T04:38:26+00:00","mainEntityOfPage":{"@id":"https:\/\/sanluisinforma.com\/?p=9679"},"wordCount":258,"publisher":{"@id":"https:\/\/sanluisinforma.com\/#organization"},"image":{"@id":"https:\/\/sanluisinforma.com\/?p=9679#primaryimage"},"thumbnailUrl":"https:\/\/sanluisinforma.com\/wp-content\/uploads\/2025\/01\/fee9c05d-fd33-4f24-a4a1-40aa033192da.jpg","articleSection":["Local","Portada"],"inLanguage":"es"},{"@type":"WebPage","@id":"https:\/\/sanluisinforma.com\/?p=9679","url":"https:\/\/sanluisinforma.com\/?p=9679","name":"Alcalde Enrique Galindo, invitado a reuni\u00f3n nacional con Presidenta Claudia Sheinbaum - sanluisinforma.com","isPartOf":{"@id":"https:\/\/sanluisinforma.com\/#website"},"primaryImageOfPage":{"@id":"https:\/\/sanluisinforma.com\/?p=9679#primaryimage"},"image":{"@id":"https:\/\/sanluisinforma.com\/?p=9679#primaryimage"},"thumbnailUrl":"https:\/\/sanluisinforma.com\/wp-content\/uploads\/2025\/01\/fee9c05d-fd33-4f24-a4a1-40aa033192da.jpg","datePublished":"2025-01-11T06:46:00+00:00","dateModified":"2025-01-11T04:38:26+00:00","breadcrumb":{"@id":"https:\/\/sanluisinforma.com\/?p=9679#breadcrumb"},"inLanguage":"es","potentialAction":[{"@type":"ReadAction","target":["https:\/\/sanluisinforma.com\/?p=9679"]}]},{"@type":"ImageObject","inLanguage":"es","@id":"https:\/\/sanluisinforma.com\/?p=9679#primaryimage","url":"https:\/\/sanluisinforma.com\/wp-content\/uploads\/2025\/01\/fee9c05d-fd33-4f24-a4a1-40aa033192da.jpg","contentUrl":"https:\/\/sanluisinforma.com\/wp-content\/uploads\/2025\/01\/fee9c05d-fd33-4f24-a4a1-40aa033192da.jpg","width":480,"height":319},{"@type":"BreadcrumbList","@id":"https:\/\/sanluisinforma.com\/?p=9679#breadcrumb","itemListElement":[{"@type":"ListItem","position":1,"name":"Inicio","item":"https:\/\/sanluisinforma.com\/"},{"@type":"ListItem","position":2,"name":"Alcalde Enrique Galindo, invitado a reuni\u00f3n nacional con Presidenta Claudia Sheinbaum"}]},{"@type":"WebSite","@id":"https:\/\/sanluisinforma.com\/#website","url":"https:\/\/sanluisinforma.com\/","name":"sanluisinforma.com","description":"Periodico San Luis Informa","publisher":{"@id":"https:\/\/sanluisinforma.com\/#organization"},"potentialAction":[{"@type":"SearchAction","target":{"@type":"EntryPoint","urlTemplate":"https:\/\/sanluisinforma.com\/?s={search_term_string}"},"query-input":{"@type":"PropertyValueSpecification","valueRequired":true,"valueName":"search_term_string"}}],"inLanguage":"es"},{"@type":"Organization","@id":"https:\/\/sanluisinforma.com\/#organization","name":"sanluisinforma.com","url":"https:\/\/sanluisinforma.com\/","logo":{"@type":"ImageObject","inLanguage":"es","@id":"https:\/\/sanluisinforma.com\/#\/schema\/logo\/image\/","url":"https:\/\/sanluisinforma.com\/wp-content\/uploads\/2026\/03\/sanluisinforma-V.jpg","contentUrl":"https:\/\/sanluisinforma.com\/wp-content\/uploads\/2026\/03\/sanluisinforma-V.jpg","width":500,"height":156,"caption":"sanluisinforma.com"},"image":{"@id":"https:\/\/sanluisinforma.com\/#\/schema\/logo\/image\/"}},{"@type":"Person","@id":"https:\/\/sanluisinforma.com\/#\/schema\/person\/c30648f71476be533b6f59d092905c8b","name":"sanluisinforma.com","image":{"@type":"ImageObject","inLanguage":"es","@id":"https:\/\/sanluisinforma.com\/#\/schema\/person\/image\/","url":"https:\/\/secure.gravatar.com\/avatar\/86e3114e34a1eecefb963e0a02f0093f93b092dddb2fe1517596343751081a87?s=96&d=mm&r=g","contentUrl":"https:\/\/secure.gravatar.com\/avatar\/86e3114e34a1eecefb963e0a02f0093f93b092dddb2fe1517596343751081a87?s=96&d=mm&r=g","caption":"sanluisinforma.com"},"url":"https:\/\/sanluisinforma.com\/?author=2"}]}},"_links":{"self":[{"href":"https:\/\/sanluisinforma.com\/index.php?rest_route=\/wp\/v2\/posts\/9679","targetHints":{"allow":["GET"]}}],"collection":[{"href":"https:\/\/sanluisinforma.com\/index.php?rest_route=\/wp\/v2\/posts"}],"about":[{"href":"https:\/\/sanluisinforma.com\/index.php?rest_route=\/wp\/v2\/types\/post"}],"author":[{"embeddable":true,"href":"https:\/\/sanluisinforma.com\/index.php?rest_route=\/wp\/v2\/users\/2"}],"replies":[{"embeddable":true,"href":"https:\/\/sanluisinforma.com\/index.php?rest_route=%2Fwp%2Fv2%2Fcomments&post=9679"}],"version-history":[{"count":1,"href":"https:\/\/sanluisinforma.com\/index.php?rest_route=\/wp\/v2\/posts\/9679\/revisions"}],"predecessor-version":[{"id":9681,"href":"https:\/\/sanluisinforma.com\/index.php?rest_route=\/wp\/v2\/posts\/9679\/revisions\/9681"}],"wp:featuredmedia":[{"embeddable":true,"href":"https:\/\/sanluisinforma.com\/index.php?rest_route=\/wp\/v2\/media\/9680"}],"wp:attachment":[{"href":"https:\/\/sanluisinforma.com\/index.php?rest_route=%2Fwp%2Fv2%2Fmedia&parent=9679"}],"wp:term":[{"taxonomy":"category","embeddable":true,"href":"https:\/\/sanluisinforma.com\/index.php?rest_route=%2Fwp%2Fv2%2Fcategories&post=9679"},{"taxonomy":"post_tag","embeddable":true,"href":"https:\/\/sanluisinforma.com\/index.php?rest_route=%2Fwp%2Fv2%2Ftags&post=9679"}],"curies":[{"name":"wp","href":"https:\/\/api.w.org\/{rel}","templated":true}]}}