{"id":9682,"date":"2025-01-11T00:40:00","date_gmt":"2025-01-11T06:40:00","guid":{"rendered":"https:\/\/sanluisinforma.com\/?p=9682"},"modified":"2025-01-10T22:47:13","modified_gmt":"2025-01-11T04:47:13","slug":"si-al-desarme-si-a-la-paz-ensena-al-mundo-que-en-mexico-construimos-justicia-y-paz-presidenta-claudia-sheinbaum","status":"publish","type":"post","link":"https:\/\/sanluisinforma.com\/?p=9682","title":{"rendered":"\u00a0\u201cSi al Desarme, Si a la Paz\u201d Ense\u00f1a al Mundo que en M\u00e9xico Construimos Justicia y Paz: Presidenta Claudia Sheinbaum"},"content":{"rendered":"\n<p>Con este programa las personas podr\u00e1n entregar sus armas en los atrios de las iglesias, sin investigaciones y a cambio de recursos econ\u00f3micos<\/p>\n\n\n\n<p>&nbsp;Los ni\u00f1os y ni\u00f1as que tengan juguetes b\u00e9licos recibir\u00e1n a cambio juguete educativos<\/p>\n\n\n\n<p>El programa es nacional y atender\u00e1 a municipios prioritarios de Baja California, Estado de M\u00e9xico, Guanajuato, Guerrero y Tabasco<\/p>\n\n\n\n<p>El tabulador para el canje se puede consultar en el siguiente link: https:\/\/t.ly\/gURjl<\/p>\n\n\n\n<p>&nbsp;El m\u00f3dulo de desarme voluntario ubicado en la explanada de la Bas\u00edlica de Guadalupe permanecer\u00e1 hasta el viernes 17 de enero en un horario de 10:00 a 18:00 horas<\/p>\n\n\n\n<p>Como parte del eje de Atenci\u00f3n a las causas de la Estrategia Nacional de Seguridad, la Presidenta de M\u00e9xico, Claudia Sheinbaum Pardo, encabez\u00f3 el inicio del programa \u201cS\u00ed al Desarme, S\u00ed a la Paz\u201d, en la Bas\u00edlica de Guadalupe, en el cual las personas podr\u00e1n entregar de manera voluntaria y an\u00f3nima cualquier arma de fuego en los m\u00f3dulos que se ubicar\u00e1n en los atrios de las iglesias, sin investigaciones previas y en canje por un est\u00edmulo econ\u00f3mico.<\/p>\n\n\n\n<p>\u201cEste programa &#8216;S\u00ed al Desarme, S\u00ed a la Paz&#8217; va a hacer historia en el pa\u00eds y va a hacer historia tambi\u00e9n para ense\u00f1arlo al mundo entero, que en M\u00e9xico estamos construyendo justicia y estamos construyendo paz\u201d, asever\u00f3.<\/p>\n\n\n\n<p>Explic\u00f3 que las armas que reciba el Gobierno de M\u00e9xico ser\u00e1n destruidas por la Secretar\u00eda de la Defensa Nacional para evitar que atenten contra la vida o integridad de alguien m\u00e1s, esto a cambio de una remuneraci\u00f3n econ\u00f3mica.<\/p>\n\n\n\n<p>Adem\u00e1s, como parte del programa, se intercambiar\u00e1n juguetes b\u00e9licos por juguetes educativos para eliminar art\u00edculos que fomenten la violencia en ni\u00f1os y ni\u00f1as.<\/p>\n\n\n\n<p>*\u201cSi hay un arma en el hogar, se entregue, se recibe recursos econ\u00f3micos a cambio y el arma se destruye. Ese es el objetivo de este programa, desarmar, que no haya armas en nuestro pa\u00eds, por eso es: S\u00ed al Desarme, S\u00ed a la Paz (\u2026)<\/p>\n\n\n\n<p>\u201cEl objetivo es que ning\u00fan ni\u00f1o o ni\u00f1a tenga un juguete que tenga que ver con la violencia, con un arma. \u00bfPara qu\u00e9 ense\u00f1ar a nuestros hijos o a nuestras hijas algo que tenga que ver con la violencia? Entonces, sustituimos un juguete b\u00e9lico por un juguete educativo o por otro tipo de juguetes que permitan que nuestros hijos, nuestras hijas, crezcan con un s\u00edmbolo de la paz y con un s\u00edmbolo de juego como parte de la construcci\u00f3n de la vida\u201d,* puntualiz\u00f3.<\/p>\n\n\n\n<p>Record\u00f3 que los ejes de la Estrategia Nacional de Seguridad son la atenci\u00f3n a las causas; el fortalecimiento de la Guardia Nacional; el reforzamiento de la inteligencia e investigaci\u00f3n; as\u00ed como la coordinaci\u00f3n con los estados y todas las instituciones encargadas de la construcci\u00f3n de la paz.<\/p>\n\n\n\n<p>La secretaria de Gobernaci\u00f3n, Rosa Icela Rodr\u00edguez Vel\u00e1zquez, inform\u00f3 que las Jornadas de Desarme Voluntario sea realizar\u00e1n en distintos puntos del pa\u00eds y ser\u00e1n coordinadas por la Secretar\u00eda de Gobernaci\u00f3n en coordinaci\u00f3n con la Secretar\u00eda de la Defensa Nacional, la Secretar\u00eda de Seguridad y Protecci\u00f3n Ciudadana, los gobiernos estatales y gobiernos municipales, as\u00ed como la participaci\u00f3n de las distintas iglesias.<\/p>\n\n\n\n<p>\u201cAl personal de la Secretar\u00eda de la Defensa Nacional es a quien le toca recibir y destruir, al momento: rifles, escopetas, pistolas, rev\u00f3lveres, lanzamisiles, granadas y todo tipo de armas. A cambio, se entregar\u00e1 dinero en efectivo con base en un tabulador publicado en Diario Oficial. Al mismo tiempo, realizaremos el canje de juguetes b\u00e9licos por juguetes did\u00e1cticos\u201d, explic\u00f3.<\/p>\n\n\n\n<p>El tabulador para el canje de armas cortas y largas, as\u00ed como de cartuchos de diversos calibres, se puede consultar en el siguiente link: https:\/\/t.ly\/gURjl<\/p>\n\n\n\n<p>Posteriormente, explic\u00f3, las Jornadas de Desarme Voluntario se llevar\u00e1n a los atrios, patios e instalaciones de las iglesias que quieran sumarse al programa y que se ubiquen en los municipios prioritarios de los estados de Baja California, Estado de M\u00e9xico, Guanajuato, Guerrero y Tabasco.<\/p>\n\n\n\n<p>\u201cLas armas de fuego no resuelven conflictos; los agravan. Y nosotros no queremos ni\u00f1as o ni\u00f1os heridos, lastimados, balas perdidas; tampoco queremos que en medio de una ri\u00f1a salga a relucir un arma y ah\u00ed se destruyen amistades, familias y se acabe con la salud o la vida de las personas. Queremos que haya paz\u201d, a\u00f1adi\u00f3.<\/p>\n\n\n\n<p>Adem\u00e1s, precis\u00f3 que para reforzar el canje, se realizar\u00e1n visitas casa por casa, recorridos calle por calle con apoyo de brigadistas para invitar a la poblaci\u00f3n a sumarse a este programa, sin preguntar el origen de los artefactos, sin investigaciones y con anonimato. &nbsp;<\/p>\n\n\n\n<p>Record\u00f3 que, el programa fue implementado con anterioridad en la Ciudad de M\u00e9xico, durante la gesti\u00f3n de la Presidenta Claudia Sheinbaum como Jefa de Gobierno, con el prop\u00f3sito de reducir la violencia vinculada al uso de armas de fuego y sensibilizar a la poblaci\u00f3n sobre el riesgo de contar con armas de fuego en casa.<\/p>\n\n\n\n<p>Por su parte, el rector de la Insigne y Nacional Bas\u00edlica de Guadalupe, monse\u00f1or Efra\u00edn Hern\u00e1ndez D\u00edaz destac\u00f3 que en este plan sean considerados los atrios de las iglesias para realizar el canje de armas y manifest\u00f3 el compromiso de la Iglesia Cat\u00f3lica por apoyar en las estrategias que ayuden a construir la paz en el pa\u00eds.<\/p>\n\n\n\n<p>\u201cEl que los atrios de las iglesias inspiren confianza a las personas para traer sus armas de fuego e intercambiarlas nos llena de satisfacci\u00f3n y esperanza. Como Iglesia, apoyaremos siempre las iniciativas en pro de los derechos humanos, en donde se promueva el respeto a la vida, la dignidad, la paz duradera, la justicia y los valores de las personas\u201d, afirm\u00f3. &nbsp;<\/p>\n\n\n\n<p>La Jefa de Gobierno de la Ciudad de M\u00e9xico, Clara Brugada Molina, destac\u00f3 la experiencia de la Presidenta de M\u00e9xico en estrategias de seguridad, pues destac\u00f3 que en su gesti\u00f3n en la capital del pa\u00eds redujo en 67 por ciento la incidencia de lesiones dolosas con arma de fuego y en 40 por ciento el promedio de homicidios diarios.<\/p>\n\n\n\n<p>\u201cFue este modelo el que logr\u00f3 disminuir los delitos en la ciudad, encabezado por la Doctora Claudia Sheinbaum aqu\u00ed en la Ciudad de M\u00e9xico, pero tambi\u00e9n por su equipo, por Rosa Icela y por Omar Garc\u00eda Harfuch. As\u00ed que un gran reconocimiento\u201d, resalt\u00f3. El m\u00f3dulo de \u201cS\u00ed al Desarme, S\u00ed a la Paz\u201d, en la explanada de la Bas\u00edlica de Guadalupe.<\/p>\n","protected":false},"excerpt":{"rendered":"<p>Con este programa las personas podr\u00e1n entregar sus armas en los atrios de las iglesias, sin investigaciones y a cambio<\/p>\n","protected":false},"author":2,"featured_media":9683,"comment_status":"closed","ping_status":"closed","sticky":false,"template":"","format":"standard","meta":{"footnotes":""},"categories":[26],"tags":[],"class_list":["post-9682","post","type-post","status-publish","format-standard","has-post-thumbnail","hentry","category-nacional"],"yoast_head":"<!-- This site is optimized with the Yoast SEO plugin v24.1 - https:\/\/yoast.com\/wordpress\/plugins\/seo\/ -->\n<title>\u00a0\u201cSi al Desarme, Si a la Paz\u201d Ense\u00f1a al Mundo que en M\u00e9xico Construimos Justicia y Paz: Presidenta Claudia Sheinbaum - sanluisinforma.com<\/title>\n<meta name=\"robots\" content=\"index, follow, max-snippet:-1, max-image-preview:large, max-video-preview:-1\" \/>\n<link rel=\"canonical\" href=\"https:\/\/sanluisinforma.com\/?p=9682\" \/>\n<meta property=\"og:locale\" content=\"es_MX\" \/>\n<meta property=\"og:type\" content=\"article\" \/>\n<meta property=\"og:title\" content=\"\u00a0\u201cSi al Desarme, Si a la Paz\u201d Ense\u00f1a al Mundo que en M\u00e9xico Construimos Justicia y Paz: Presidenta Claudia Sheinbaum - sanluisinforma.com\" \/>\n<meta property=\"og:description\" content=\"Con este programa las personas podr\u00e1n entregar sus armas en los atrios de las iglesias, sin investigaciones y a cambio\" \/>\n<meta property=\"og:url\" content=\"https:\/\/sanluisinforma.com\/?p=9682\" \/>\n<meta property=\"og:site_name\" content=\"sanluisinforma.com\" \/>\n<meta property=\"article:published_time\" content=\"2025-01-11T06:40:00+00:00\" \/>\n<meta property=\"article:modified_time\" content=\"2025-01-11T04:47:13+00:00\" \/>\n<meta property=\"og:image\" content=\"https:\/\/sanluisinforma.com\/wp-content\/uploads\/2025\/01\/Presidenta-Claudia-1.jpg\" \/>\n\t<meta property=\"og:image:width\" content=\"480\" \/>\n\t<meta property=\"og:image:height\" content=\"319\" \/>\n\t<meta property=\"og:image:type\" content=\"image\/jpeg\" \/>\n<meta name=\"author\" content=\"sanluisinforma.com\" \/>\n<meta name=\"twitter:card\" content=\"summary_large_image\" \/>\n<meta name=\"twitter:label1\" content=\"Escrito por\" \/>\n\t<meta name=\"twitter:data1\" content=\"sanluisinforma.com\" \/>\n\t<meta name=\"twitter:label2\" content=\"Tiempo de lectura\" \/>\n\t<meta name=\"twitter:data2\" content=\"5 minutos\" \/>\n<script type=\"application\/ld+json\" class=\"yoast-schema-graph\">{\"@context\":\"https:\/\/schema.org\",\"@graph\":[{\"@type\":\"Article\",\"@id\":\"https:\/\/sanluisinforma.com\/?p=9682#article\",\"isPartOf\":{\"@id\":\"https:\/\/sanluisinforma.com\/?p=9682\"},\"author\":{\"name\":\"sanluisinforma.com\",\"@id\":\"https:\/\/sanluisinforma.com\/#\/schema\/person\/c30648f71476be533b6f59d092905c8b\"},\"headline\":\"\u00a0\u201cSi al Desarme, Si a la Paz\u201d Ense\u00f1a al Mundo que en M\u00e9xico Construimos Justicia y Paz: Presidenta Claudia Sheinbaum\",\"datePublished\":\"2025-01-11T06:40:00+00:00\",\"dateModified\":\"2025-01-11T04:47:13+00:00\",\"mainEntityOfPage\":{\"@id\":\"https:\/\/sanluisinforma.com\/?p=9682\"},\"wordCount\":1150,\"publisher\":{\"@id\":\"https:\/\/sanluisinforma.com\/#organization\"},\"image\":{\"@id\":\"https:\/\/sanluisinforma.com\/?p=9682#primaryimage\"},\"thumbnailUrl\":\"https:\/\/sanluisinforma.com\/wp-content\/uploads\/2025\/01\/Presidenta-Claudia-1.jpg\",\"articleSection\":[\"Nacional\"],\"inLanguage\":\"es\"},{\"@type\":\"WebPage\",\"@id\":\"https:\/\/sanluisinforma.com\/?p=9682\",\"url\":\"https:\/\/sanluisinforma.com\/?p=9682\",\"name\":\"\u00a0\u201cSi al Desarme, Si a la Paz\u201d Ense\u00f1a al Mundo que en M\u00e9xico Construimos Justicia y Paz: Presidenta Claudia Sheinbaum - sanluisinforma.com\",\"isPartOf\":{\"@id\":\"https:\/\/sanluisinforma.com\/#website\"},\"primaryImageOfPage\":{\"@id\":\"https:\/\/sanluisinforma.com\/?p=9682#primaryimage\"},\"image\":{\"@id\":\"https:\/\/sanluisinforma.com\/?p=9682#primaryimage\"},\"thumbnailUrl\":\"https:\/\/sanluisinforma.com\/wp-content\/uploads\/2025\/01\/Presidenta-Claudia-1.jpg\",\"datePublished\":\"2025-01-11T06:40:00+00:00\",\"dateModified\":\"2025-01-11T04:47:13+00:00\",\"breadcrumb\":{\"@id\":\"https:\/\/sanluisinforma.com\/?p=9682#breadcrumb\"},\"inLanguage\":\"es\",\"potentialAction\":[{\"@type\":\"ReadAction\",\"target\":[\"https:\/\/sanluisinforma.com\/?p=9682\"]}]},{\"@type\":\"ImageObject\",\"inLanguage\":\"es\",\"@id\":\"https:\/\/sanluisinforma.com\/?p=9682#primaryimage\",\"url\":\"https:\/\/sanluisinforma.com\/wp-content\/uploads\/2025\/01\/Presidenta-Claudia-1.jpg\",\"contentUrl\":\"https:\/\/sanluisinforma.com\/wp-content\/uploads\/2025\/01\/Presidenta-Claudia-1.jpg\",\"width\":480,\"height\":319},{\"@type\":\"BreadcrumbList\",\"@id\":\"https:\/\/sanluisinforma.com\/?p=9682#breadcrumb\",\"itemListElement\":[{\"@type\":\"ListItem\",\"position\":1,\"name\":\"Inicio\",\"item\":\"https:\/\/sanluisinforma.com\/\"},{\"@type\":\"ListItem\",\"position\":2,\"name\":\"\u00a0\u201cSi al Desarme, Si a la Paz\u201d Ense\u00f1a al Mundo que en M\u00e9xico Construimos Justicia y Paz: Presidenta Claudia Sheinbaum\"}]},{\"@type\":\"WebSite\",\"@id\":\"https:\/\/sanluisinforma.com\/#website\",\"url\":\"https:\/\/sanluisinforma.com\/\",\"name\":\"sanluisinforma.com\",\"description\":\"Periodico San Luis Informa\",\"publisher\":{\"@id\":\"https:\/\/sanluisinforma.com\/#organization\"},\"potentialAction\":[{\"@type\":\"SearchAction\",\"target\":{\"@type\":\"EntryPoint\",\"urlTemplate\":\"https:\/\/sanluisinforma.com\/?s={search_term_string}\"},\"query-input\":{\"@type\":\"PropertyValueSpecification\",\"valueRequired\":true,\"valueName\":\"search_term_string\"}}],\"inLanguage\":\"es\"},{\"@type\":\"Organization\",\"@id\":\"https:\/\/sanluisinforma.com\/#organization\",\"name\":\"sanluisinforma.com\",\"url\":\"https:\/\/sanluisinforma.com\/\",\"logo\":{\"@type\":\"ImageObject\",\"inLanguage\":\"es\",\"@id\":\"https:\/\/sanluisinforma.com\/#\/schema\/logo\/image\/\",\"url\":\"https:\/\/sanluisinforma.com\/wp-content\/uploads\/2026\/03\/sanluisinforma-V.jpg\",\"contentUrl\":\"https:\/\/sanluisinforma.com\/wp-content\/uploads\/2026\/03\/sanluisinforma-V.jpg\",\"width\":500,\"height\":156,\"caption\":\"sanluisinforma.com\"},\"image\":{\"@id\":\"https:\/\/sanluisinforma.com\/#\/schema\/logo\/image\/\"}},{\"@type\":\"Person\",\"@id\":\"https:\/\/sanluisinforma.com\/#\/schema\/person\/c30648f71476be533b6f59d092905c8b\",\"name\":\"sanluisinforma.com\",\"image\":{\"@type\":\"ImageObject\",\"inLanguage\":\"es\",\"@id\":\"https:\/\/sanluisinforma.com\/#\/schema\/person\/image\/\",\"url\":\"https:\/\/secure.gravatar.com\/avatar\/86e3114e34a1eecefb963e0a02f0093f93b092dddb2fe1517596343751081a87?s=96&d=mm&r=g\",\"contentUrl\":\"https:\/\/secure.gravatar.com\/avatar\/86e3114e34a1eecefb963e0a02f0093f93b092dddb2fe1517596343751081a87?s=96&d=mm&r=g\",\"caption\":\"sanluisinforma.com\"},\"url\":\"https:\/\/sanluisinforma.com\/?author=2\"}]}<\/script>\n<!-- \/ Yoast SEO plugin. -->","yoast_head_json":{"title":"\u00a0\u201cSi al Desarme, Si a la Paz\u201d Ense\u00f1a al Mundo que en M\u00e9xico Construimos Justicia y Paz: Presidenta Claudia Sheinbaum - sanluisinforma.com","robots":{"index":"index","follow":"follow","max-snippet":"max-snippet:-1","max-image-preview":"max-image-preview:large","max-video-preview":"max-video-preview:-1"},"canonical":"https:\/\/sanluisinforma.com\/?p=9682","og_locale":"es_MX","og_type":"article","og_title":"\u00a0\u201cSi al Desarme, Si a la Paz\u201d Ense\u00f1a al Mundo que en M\u00e9xico Construimos Justicia y Paz: Presidenta Claudia Sheinbaum - sanluisinforma.com","og_description":"Con este programa las personas podr\u00e1n entregar sus armas en los atrios de las iglesias, sin investigaciones y a cambio","og_url":"https:\/\/sanluisinforma.com\/?p=9682","og_site_name":"sanluisinforma.com","article_published_time":"2025-01-11T06:40:00+00:00","article_modified_time":"2025-01-11T04:47:13+00:00","og_image":[{"width":480,"height":319,"url":"https:\/\/sanluisinforma.com\/wp-content\/uploads\/2025\/01\/Presidenta-Claudia-1.jpg","type":"image\/jpeg"}],"author":"sanluisinforma.com","twitter_card":"summary_large_image","twitter_misc":{"Escrito por":"sanluisinforma.com","Tiempo de lectura":"5 minutos"},"schema":{"@context":"https:\/\/schema.org","@graph":[{"@type":"Article","@id":"https:\/\/sanluisinforma.com\/?p=9682#article","isPartOf":{"@id":"https:\/\/sanluisinforma.com\/?p=9682"},"author":{"name":"sanluisinforma.com","@id":"https:\/\/sanluisinforma.com\/#\/schema\/person\/c30648f71476be533b6f59d092905c8b"},"headline":"\u00a0\u201cSi al Desarme, Si a la Paz\u201d Ense\u00f1a al Mundo que en M\u00e9xico Construimos Justicia y Paz: Presidenta Claudia Sheinbaum","datePublished":"2025-01-11T06:40:00+00:00","dateModified":"2025-01-11T04:47:13+00:00","mainEntityOfPage":{"@id":"https:\/\/sanluisinforma.com\/?p=9682"},"wordCount":1150,"publisher":{"@id":"https:\/\/sanluisinforma.com\/#organization"},"image":{"@id":"https:\/\/sanluisinforma.com\/?p=9682#primaryimage"},"thumbnailUrl":"https:\/\/sanluisinforma.com\/wp-content\/uploads\/2025\/01\/Presidenta-Claudia-1.jpg","articleSection":["Nacional"],"inLanguage":"es"},{"@type":"WebPage","@id":"https:\/\/sanluisinforma.com\/?p=9682","url":"https:\/\/sanluisinforma.com\/?p=9682","name":"\u00a0\u201cSi al Desarme, Si a la Paz\u201d Ense\u00f1a al Mundo que en M\u00e9xico Construimos Justicia y Paz: Presidenta Claudia Sheinbaum - sanluisinforma.com","isPartOf":{"@id":"https:\/\/sanluisinforma.com\/#website"},"primaryImageOfPage":{"@id":"https:\/\/sanluisinforma.com\/?p=9682#primaryimage"},"image":{"@id":"https:\/\/sanluisinforma.com\/?p=9682#primaryimage"},"thumbnailUrl":"https:\/\/sanluisinforma.com\/wp-content\/uploads\/2025\/01\/Presidenta-Claudia-1.jpg","datePublished":"2025-01-11T06:40:00+00:00","dateModified":"2025-01-11T04:47:13+00:00","breadcrumb":{"@id":"https:\/\/sanluisinforma.com\/?p=9682#breadcrumb"},"inLanguage":"es","potentialAction":[{"@type":"ReadAction","target":["https:\/\/sanluisinforma.com\/?p=9682"]}]},{"@type":"ImageObject","inLanguage":"es","@id":"https:\/\/sanluisinforma.com\/?p=9682#primaryimage","url":"https:\/\/sanluisinforma.com\/wp-content\/uploads\/2025\/01\/Presidenta-Claudia-1.jpg","contentUrl":"https:\/\/sanluisinforma.com\/wp-content\/uploads\/2025\/01\/Presidenta-Claudia-1.jpg","width":480,"height":319},{"@type":"BreadcrumbList","@id":"https:\/\/sanluisinforma.com\/?p=9682#breadcrumb","itemListElement":[{"@type":"ListItem","position":1,"name":"Inicio","item":"https:\/\/sanluisinforma.com\/"},{"@type":"ListItem","position":2,"name":"\u00a0\u201cSi al Desarme, Si a la Paz\u201d Ense\u00f1a al Mundo que en M\u00e9xico Construimos Justicia y Paz: Presidenta Claudia Sheinbaum"}]},{"@type":"WebSite","@id":"https:\/\/sanluisinforma.com\/#website","url":"https:\/\/sanluisinforma.com\/","name":"sanluisinforma.com","description":"Periodico San Luis Informa","publisher":{"@id":"https:\/\/sanluisinforma.com\/#organization"},"potentialAction":[{"@type":"SearchAction","target":{"@type":"EntryPoint","urlTemplate":"https:\/\/sanluisinforma.com\/?s={search_term_string}"},"query-input":{"@type":"PropertyValueSpecification","valueRequired":true,"valueName":"search_term_string"}}],"inLanguage":"es"},{"@type":"Organization","@id":"https:\/\/sanluisinforma.com\/#organization","name":"sanluisinforma.com","url":"https:\/\/sanluisinforma.com\/","logo":{"@type":"ImageObject","inLanguage":"es","@id":"https:\/\/sanluisinforma.com\/#\/schema\/logo\/image\/","url":"https:\/\/sanluisinforma.com\/wp-content\/uploads\/2026\/03\/sanluisinforma-V.jpg","contentUrl":"https:\/\/sanluisinforma.com\/wp-content\/uploads\/2026\/03\/sanluisinforma-V.jpg","width":500,"height":156,"caption":"sanluisinforma.com"},"image":{"@id":"https:\/\/sanluisinforma.com\/#\/schema\/logo\/image\/"}},{"@type":"Person","@id":"https:\/\/sanluisinforma.com\/#\/schema\/person\/c30648f71476be533b6f59d092905c8b","name":"sanluisinforma.com","image":{"@type":"ImageObject","inLanguage":"es","@id":"https:\/\/sanluisinforma.com\/#\/schema\/person\/image\/","url":"https:\/\/secure.gravatar.com\/avatar\/86e3114e34a1eecefb963e0a02f0093f93b092dddb2fe1517596343751081a87?s=96&d=mm&r=g","contentUrl":"https:\/\/secure.gravatar.com\/avatar\/86e3114e34a1eecefb963e0a02f0093f93b092dddb2fe1517596343751081a87?s=96&d=mm&r=g","caption":"sanluisinforma.com"},"url":"https:\/\/sanluisinforma.com\/?author=2"}]}},"_links":{"self":[{"href":"https:\/\/sanluisinforma.com\/index.php?rest_route=\/wp\/v2\/posts\/9682","targetHints":{"allow":["GET"]}}],"collection":[{"href":"https:\/\/sanluisinforma.com\/index.php?rest_route=\/wp\/v2\/posts"}],"about":[{"href":"https:\/\/sanluisinforma.com\/index.php?rest_route=\/wp\/v2\/types\/post"}],"author":[{"embeddable":true,"href":"https:\/\/sanluisinforma.com\/index.php?rest_route=\/wp\/v2\/users\/2"}],"replies":[{"embeddable":true,"href":"https:\/\/sanluisinforma.com\/index.php?rest_route=%2Fwp%2Fv2%2Fcomments&post=9682"}],"version-history":[{"count":1,"href":"https:\/\/sanluisinforma.com\/index.php?rest_route=\/wp\/v2\/posts\/9682\/revisions"}],"predecessor-version":[{"id":9684,"href":"https:\/\/sanluisinforma.com\/index.php?rest_route=\/wp\/v2\/posts\/9682\/revisions\/9684"}],"wp:featuredmedia":[{"embeddable":true,"href":"https:\/\/sanluisinforma.com\/index.php?rest_route=\/wp\/v2\/media\/9683"}],"wp:attachment":[{"href":"https:\/\/sanluisinforma.com\/index.php?rest_route=%2Fwp%2Fv2%2Fmedia&parent=9682"}],"wp:term":[{"taxonomy":"category","embeddable":true,"href":"https:\/\/sanluisinforma.com\/index.php?rest_route=%2Fwp%2Fv2%2Fcategories&post=9682"},{"taxonomy":"post_tag","embeddable":true,"href":"https:\/\/sanluisinforma.com\/index.php?rest_route=%2Fwp%2Fv2%2Ftags&post=9682"}],"curies":[{"name":"wp","href":"https:\/\/api.w.org\/{rel}","templated":true}]}}