{"id":9710,"date":"2025-01-13T00:50:00","date_gmt":"2025-01-13T06:50:00","guid":{"rendered":"https:\/\/sanluisinforma.com\/?p=9710"},"modified":"2025-01-12T18:34:47","modified_gmt":"2025-01-13T00:34:47","slug":"rehabilitacion-y-seguridad-en-espacios-comunitarios-de-fovissste-de-la-mano-del-alcalde-galindo","status":"publish","type":"post","link":"https:\/\/sanluisinforma.com\/?p=9710","title":{"rendered":"Rehabilitaci\u00f3n y seguridad en espacios comunitarios de Fovissste, de la mano del Alcalde Galindo"},"content":{"rendered":"\n<p>El Ayuntamiento de San Luis Potos\u00ed rehabilit\u00f3 el \u00e1rea verde de la colonia, para disfrute de sus habitantes, principalmente maestras y maestros jubilados, lo que mejora seguridad y convivencia en la zona.<\/p>\n\n\n\n<p><\/p>\n\n\n\n<p>El Presidente Municipal de San Luis Capital, Enrique Galindo Ceballos, encabez\u00f3 el Domingo de Pilas n\u00famero 161 y el 97 D\u00eda de Talacha en la colonia Fovissste, donde el \u00e1rea verde ubicada entre las calles 8, 10, 11 y 12 fue rehabilitada para el disfrute de la comunidad, especialmente de maestras y maestros jubilados.<\/p>\n\n\n\n<p>Acompa\u00f1ado por la Presidenta del DIF Municipal, Estela Arriaga M\u00e1rquez, y miembros de su equipo de trabajo, el Alcalde expres\u00f3 su reconocimiento a la comunidad docente que habita en la zona. \u201cNuestro cari\u00f1o, admiraci\u00f3n y respeto por ustedes se manifiestan en estas acciones. Es nuestra obligaci\u00f3n, pero lo hacemos de coraz\u00f3n\u201d, se\u00f1al\u00f3.<\/p>\n\n\n\n<p>Durante la jornada, el Primer Edil destac\u00f3 que las acciones de rescate urbano incluyen un enfoque cercano, con funcionarios y personal operativo recorriendo las colonias para atender las necesidades de manera directa. &#8220;No es lo mismo trabajar desde un escritorio que en el terreno, y aqu\u00ed hay un equipo muy comprometido&#8221;, enfatiz\u00f3 el Alcalde Enrique Galindo.<\/p>\n\n\n\n<p>El Director de Servicios Municipales, Christian Azuara Azuara, inform\u00f3 que las labores realizadas incluyeron el retiro de \u00e1rboles secos, poda y limpieza general, adem\u00e1s de la instalaci\u00f3n de un reflector para mejorar la iluminaci\u00f3n y la seguridad. Tambi\u00e9n participaron otras \u00e1reas municipales, como Puerta Violeta, Bienestar Animal y el Interapas, que ofreci\u00f3 m\u00f3dulos de atenci\u00f3n con descuentos del programa Acaba tu Deuda de una Vez.<\/p>\n","protected":false},"excerpt":{"rendered":"<p>El Ayuntamiento de San Luis Potos\u00ed rehabilit\u00f3 el \u00e1rea verde de la colonia, para disfrute de sus habitantes, principalmente maestras<\/p>\n","protected":false},"author":2,"featured_media":9711,"comment_status":"closed","ping_status":"closed","sticky":false,"template":"","format":"standard","meta":{"footnotes":""},"categories":[25,30],"tags":[],"class_list":["post-9710","post","type-post","status-publish","format-standard","has-post-thumbnail","hentry","category-local","category-portada"],"yoast_head":"<!-- This site is optimized with the Yoast SEO plugin v24.1 - https:\/\/yoast.com\/wordpress\/plugins\/seo\/ -->\n<title>Rehabilitaci\u00f3n y seguridad en espacios comunitarios de Fovissste, de la mano del Alcalde Galindo - sanluisinforma.com<\/title>\n<meta name=\"robots\" content=\"index, follow, max-snippet:-1, max-image-preview:large, max-video-preview:-1\" \/>\n<link rel=\"canonical\" href=\"https:\/\/sanluisinforma.com\/?p=9710\" \/>\n<meta property=\"og:locale\" content=\"es_MX\" \/>\n<meta property=\"og:type\" content=\"article\" \/>\n<meta property=\"og:title\" content=\"Rehabilitaci\u00f3n y seguridad en espacios comunitarios de Fovissste, de la mano del Alcalde Galindo - sanluisinforma.com\" \/>\n<meta property=\"og:description\" content=\"El Ayuntamiento de San Luis Potos\u00ed rehabilit\u00f3 el \u00e1rea verde de la colonia, para disfrute de sus habitantes, principalmente maestras\" \/>\n<meta property=\"og:url\" content=\"https:\/\/sanluisinforma.com\/?p=9710\" \/>\n<meta property=\"og:site_name\" content=\"sanluisinforma.com\" \/>\n<meta property=\"article:published_time\" content=\"2025-01-13T06:50:00+00:00\" \/>\n<meta property=\"article:modified_time\" content=\"2025-01-13T00:34:47+00:00\" \/>\n<meta property=\"og:image\" content=\"https:\/\/sanluisinforma.com\/wp-content\/uploads\/2025\/01\/8d9b21ce-9498-480e-972f-9de0a48b1966.jpg\" \/>\n\t<meta property=\"og:image:width\" content=\"480\" \/>\n\t<meta property=\"og:image:height\" content=\"319\" \/>\n\t<meta property=\"og:image:type\" content=\"image\/jpeg\" \/>\n<meta name=\"author\" content=\"sanluisinforma.com\" \/>\n<meta name=\"twitter:card\" content=\"summary_large_image\" \/>\n<meta name=\"twitter:label1\" content=\"Escrito por\" \/>\n\t<meta name=\"twitter:data1\" content=\"sanluisinforma.com\" \/>\n\t<meta name=\"twitter:label2\" content=\"Tiempo de lectura\" \/>\n\t<meta name=\"twitter:data2\" content=\"2 minutos\" \/>\n<script type=\"application\/ld+json\" class=\"yoast-schema-graph\">{\"@context\":\"https:\/\/schema.org\",\"@graph\":[{\"@type\":\"Article\",\"@id\":\"https:\/\/sanluisinforma.com\/?p=9710#article\",\"isPartOf\":{\"@id\":\"https:\/\/sanluisinforma.com\/?p=9710\"},\"author\":{\"name\":\"sanluisinforma.com\",\"@id\":\"https:\/\/sanluisinforma.com\/#\/schema\/person\/c30648f71476be533b6f59d092905c8b\"},\"headline\":\"Rehabilitaci\u00f3n y seguridad en espacios comunitarios de Fovissste, de la mano del Alcalde Galindo\",\"datePublished\":\"2025-01-13T06:50:00+00:00\",\"dateModified\":\"2025-01-13T00:34:47+00:00\",\"mainEntityOfPage\":{\"@id\":\"https:\/\/sanluisinforma.com\/?p=9710\"},\"wordCount\":283,\"publisher\":{\"@id\":\"https:\/\/sanluisinforma.com\/#organization\"},\"image\":{\"@id\":\"https:\/\/sanluisinforma.com\/?p=9710#primaryimage\"},\"thumbnailUrl\":\"https:\/\/sanluisinforma.com\/wp-content\/uploads\/2025\/01\/8d9b21ce-9498-480e-972f-9de0a48b1966.jpg\",\"articleSection\":[\"Local\",\"Portada\"],\"inLanguage\":\"es\"},{\"@type\":\"WebPage\",\"@id\":\"https:\/\/sanluisinforma.com\/?p=9710\",\"url\":\"https:\/\/sanluisinforma.com\/?p=9710\",\"name\":\"Rehabilitaci\u00f3n y seguridad en espacios comunitarios de Fovissste, de la mano del Alcalde Galindo - sanluisinforma.com\",\"isPartOf\":{\"@id\":\"https:\/\/sanluisinforma.com\/#website\"},\"primaryImageOfPage\":{\"@id\":\"https:\/\/sanluisinforma.com\/?p=9710#primaryimage\"},\"image\":{\"@id\":\"https:\/\/sanluisinforma.com\/?p=9710#primaryimage\"},\"thumbnailUrl\":\"https:\/\/sanluisinforma.com\/wp-content\/uploads\/2025\/01\/8d9b21ce-9498-480e-972f-9de0a48b1966.jpg\",\"datePublished\":\"2025-01-13T06:50:00+00:00\",\"dateModified\":\"2025-01-13T00:34:47+00:00\",\"breadcrumb\":{\"@id\":\"https:\/\/sanluisinforma.com\/?p=9710#breadcrumb\"},\"inLanguage\":\"es\",\"potentialAction\":[{\"@type\":\"ReadAction\",\"target\":[\"https:\/\/sanluisinforma.com\/?p=9710\"]}]},{\"@type\":\"ImageObject\",\"inLanguage\":\"es\",\"@id\":\"https:\/\/sanluisinforma.com\/?p=9710#primaryimage\",\"url\":\"https:\/\/sanluisinforma.com\/wp-content\/uploads\/2025\/01\/8d9b21ce-9498-480e-972f-9de0a48b1966.jpg\",\"contentUrl\":\"https:\/\/sanluisinforma.com\/wp-content\/uploads\/2025\/01\/8d9b21ce-9498-480e-972f-9de0a48b1966.jpg\",\"width\":480,\"height\":319},{\"@type\":\"BreadcrumbList\",\"@id\":\"https:\/\/sanluisinforma.com\/?p=9710#breadcrumb\",\"itemListElement\":[{\"@type\":\"ListItem\",\"position\":1,\"name\":\"Inicio\",\"item\":\"https:\/\/sanluisinforma.com\/\"},{\"@type\":\"ListItem\",\"position\":2,\"name\":\"Rehabilitaci\u00f3n y seguridad en espacios comunitarios de Fovissste, de la mano del Alcalde Galindo\"}]},{\"@type\":\"WebSite\",\"@id\":\"https:\/\/sanluisinforma.com\/#website\",\"url\":\"https:\/\/sanluisinforma.com\/\",\"name\":\"sanluisinforma.com\",\"description\":\"Periodico San Luis Informa\",\"publisher\":{\"@id\":\"https:\/\/sanluisinforma.com\/#organization\"},\"potentialAction\":[{\"@type\":\"SearchAction\",\"target\":{\"@type\":\"EntryPoint\",\"urlTemplate\":\"https:\/\/sanluisinforma.com\/?s={search_term_string}\"},\"query-input\":{\"@type\":\"PropertyValueSpecification\",\"valueRequired\":true,\"valueName\":\"search_term_string\"}}],\"inLanguage\":\"es\"},{\"@type\":\"Organization\",\"@id\":\"https:\/\/sanluisinforma.com\/#organization\",\"name\":\"sanluisinforma.com\",\"url\":\"https:\/\/sanluisinforma.com\/\",\"logo\":{\"@type\":\"ImageObject\",\"inLanguage\":\"es\",\"@id\":\"https:\/\/sanluisinforma.com\/#\/schema\/logo\/image\/\",\"url\":\"https:\/\/sanluisinforma.com\/wp-content\/uploads\/2026\/03\/sanluisinforma-V.jpg\",\"contentUrl\":\"https:\/\/sanluisinforma.com\/wp-content\/uploads\/2026\/03\/sanluisinforma-V.jpg\",\"width\":500,\"height\":156,\"caption\":\"sanluisinforma.com\"},\"image\":{\"@id\":\"https:\/\/sanluisinforma.com\/#\/schema\/logo\/image\/\"}},{\"@type\":\"Person\",\"@id\":\"https:\/\/sanluisinforma.com\/#\/schema\/person\/c30648f71476be533b6f59d092905c8b\",\"name\":\"sanluisinforma.com\",\"image\":{\"@type\":\"ImageObject\",\"inLanguage\":\"es\",\"@id\":\"https:\/\/sanluisinforma.com\/#\/schema\/person\/image\/\",\"url\":\"https:\/\/secure.gravatar.com\/avatar\/86e3114e34a1eecefb963e0a02f0093f93b092dddb2fe1517596343751081a87?s=96&d=mm&r=g\",\"contentUrl\":\"https:\/\/secure.gravatar.com\/avatar\/86e3114e34a1eecefb963e0a02f0093f93b092dddb2fe1517596343751081a87?s=96&d=mm&r=g\",\"caption\":\"sanluisinforma.com\"},\"url\":\"https:\/\/sanluisinforma.com\/?author=2\"}]}<\/script>\n<!-- \/ Yoast SEO plugin. -->","yoast_head_json":{"title":"Rehabilitaci\u00f3n y seguridad en espacios comunitarios de Fovissste, de la mano del Alcalde Galindo - sanluisinforma.com","robots":{"index":"index","follow":"follow","max-snippet":"max-snippet:-1","max-image-preview":"max-image-preview:large","max-video-preview":"max-video-preview:-1"},"canonical":"https:\/\/sanluisinforma.com\/?p=9710","og_locale":"es_MX","og_type":"article","og_title":"Rehabilitaci\u00f3n y seguridad en espacios comunitarios de Fovissste, de la mano del Alcalde Galindo - sanluisinforma.com","og_description":"El Ayuntamiento de San Luis Potos\u00ed rehabilit\u00f3 el \u00e1rea verde de la colonia, para disfrute de sus habitantes, principalmente maestras","og_url":"https:\/\/sanluisinforma.com\/?p=9710","og_site_name":"sanluisinforma.com","article_published_time":"2025-01-13T06:50:00+00:00","article_modified_time":"2025-01-13T00:34:47+00:00","og_image":[{"width":480,"height":319,"url":"https:\/\/sanluisinforma.com\/wp-content\/uploads\/2025\/01\/8d9b21ce-9498-480e-972f-9de0a48b1966.jpg","type":"image\/jpeg"}],"author":"sanluisinforma.com","twitter_card":"summary_large_image","twitter_misc":{"Escrito por":"sanluisinforma.com","Tiempo de lectura":"2 minutos"},"schema":{"@context":"https:\/\/schema.org","@graph":[{"@type":"Article","@id":"https:\/\/sanluisinforma.com\/?p=9710#article","isPartOf":{"@id":"https:\/\/sanluisinforma.com\/?p=9710"},"author":{"name":"sanluisinforma.com","@id":"https:\/\/sanluisinforma.com\/#\/schema\/person\/c30648f71476be533b6f59d092905c8b"},"headline":"Rehabilitaci\u00f3n y seguridad en espacios comunitarios de Fovissste, de la mano del Alcalde Galindo","datePublished":"2025-01-13T06:50:00+00:00","dateModified":"2025-01-13T00:34:47+00:00","mainEntityOfPage":{"@id":"https:\/\/sanluisinforma.com\/?p=9710"},"wordCount":283,"publisher":{"@id":"https:\/\/sanluisinforma.com\/#organization"},"image":{"@id":"https:\/\/sanluisinforma.com\/?p=9710#primaryimage"},"thumbnailUrl":"https:\/\/sanluisinforma.com\/wp-content\/uploads\/2025\/01\/8d9b21ce-9498-480e-972f-9de0a48b1966.jpg","articleSection":["Local","Portada"],"inLanguage":"es"},{"@type":"WebPage","@id":"https:\/\/sanluisinforma.com\/?p=9710","url":"https:\/\/sanluisinforma.com\/?p=9710","name":"Rehabilitaci\u00f3n y seguridad en espacios comunitarios de Fovissste, de la mano del Alcalde Galindo - sanluisinforma.com","isPartOf":{"@id":"https:\/\/sanluisinforma.com\/#website"},"primaryImageOfPage":{"@id":"https:\/\/sanluisinforma.com\/?p=9710#primaryimage"},"image":{"@id":"https:\/\/sanluisinforma.com\/?p=9710#primaryimage"},"thumbnailUrl":"https:\/\/sanluisinforma.com\/wp-content\/uploads\/2025\/01\/8d9b21ce-9498-480e-972f-9de0a48b1966.jpg","datePublished":"2025-01-13T06:50:00+00:00","dateModified":"2025-01-13T00:34:47+00:00","breadcrumb":{"@id":"https:\/\/sanluisinforma.com\/?p=9710#breadcrumb"},"inLanguage":"es","potentialAction":[{"@type":"ReadAction","target":["https:\/\/sanluisinforma.com\/?p=9710"]}]},{"@type":"ImageObject","inLanguage":"es","@id":"https:\/\/sanluisinforma.com\/?p=9710#primaryimage","url":"https:\/\/sanluisinforma.com\/wp-content\/uploads\/2025\/01\/8d9b21ce-9498-480e-972f-9de0a48b1966.jpg","contentUrl":"https:\/\/sanluisinforma.com\/wp-content\/uploads\/2025\/01\/8d9b21ce-9498-480e-972f-9de0a48b1966.jpg","width":480,"height":319},{"@type":"BreadcrumbList","@id":"https:\/\/sanluisinforma.com\/?p=9710#breadcrumb","itemListElement":[{"@type":"ListItem","position":1,"name":"Inicio","item":"https:\/\/sanluisinforma.com\/"},{"@type":"ListItem","position":2,"name":"Rehabilitaci\u00f3n y seguridad en espacios comunitarios de Fovissste, de la mano del Alcalde Galindo"}]},{"@type":"WebSite","@id":"https:\/\/sanluisinforma.com\/#website","url":"https:\/\/sanluisinforma.com\/","name":"sanluisinforma.com","description":"Periodico San Luis Informa","publisher":{"@id":"https:\/\/sanluisinforma.com\/#organization"},"potentialAction":[{"@type":"SearchAction","target":{"@type":"EntryPoint","urlTemplate":"https:\/\/sanluisinforma.com\/?s={search_term_string}"},"query-input":{"@type":"PropertyValueSpecification","valueRequired":true,"valueName":"search_term_string"}}],"inLanguage":"es"},{"@type":"Organization","@id":"https:\/\/sanluisinforma.com\/#organization","name":"sanluisinforma.com","url":"https:\/\/sanluisinforma.com\/","logo":{"@type":"ImageObject","inLanguage":"es","@id":"https:\/\/sanluisinforma.com\/#\/schema\/logo\/image\/","url":"https:\/\/sanluisinforma.com\/wp-content\/uploads\/2026\/03\/sanluisinforma-V.jpg","contentUrl":"https:\/\/sanluisinforma.com\/wp-content\/uploads\/2026\/03\/sanluisinforma-V.jpg","width":500,"height":156,"caption":"sanluisinforma.com"},"image":{"@id":"https:\/\/sanluisinforma.com\/#\/schema\/logo\/image\/"}},{"@type":"Person","@id":"https:\/\/sanluisinforma.com\/#\/schema\/person\/c30648f71476be533b6f59d092905c8b","name":"sanluisinforma.com","image":{"@type":"ImageObject","inLanguage":"es","@id":"https:\/\/sanluisinforma.com\/#\/schema\/person\/image\/","url":"https:\/\/secure.gravatar.com\/avatar\/86e3114e34a1eecefb963e0a02f0093f93b092dddb2fe1517596343751081a87?s=96&d=mm&r=g","contentUrl":"https:\/\/secure.gravatar.com\/avatar\/86e3114e34a1eecefb963e0a02f0093f93b092dddb2fe1517596343751081a87?s=96&d=mm&r=g","caption":"sanluisinforma.com"},"url":"https:\/\/sanluisinforma.com\/?author=2"}]}},"_links":{"self":[{"href":"https:\/\/sanluisinforma.com\/index.php?rest_route=\/wp\/v2\/posts\/9710","targetHints":{"allow":["GET"]}}],"collection":[{"href":"https:\/\/sanluisinforma.com\/index.php?rest_route=\/wp\/v2\/posts"}],"about":[{"href":"https:\/\/sanluisinforma.com\/index.php?rest_route=\/wp\/v2\/types\/post"}],"author":[{"embeddable":true,"href":"https:\/\/sanluisinforma.com\/index.php?rest_route=\/wp\/v2\/users\/2"}],"replies":[{"embeddable":true,"href":"https:\/\/sanluisinforma.com\/index.php?rest_route=%2Fwp%2Fv2%2Fcomments&post=9710"}],"version-history":[{"count":1,"href":"https:\/\/sanluisinforma.com\/index.php?rest_route=\/wp\/v2\/posts\/9710\/revisions"}],"predecessor-version":[{"id":9712,"href":"https:\/\/sanluisinforma.com\/index.php?rest_route=\/wp\/v2\/posts\/9710\/revisions\/9712"}],"wp:featuredmedia":[{"embeddable":true,"href":"https:\/\/sanluisinforma.com\/index.php?rest_route=\/wp\/v2\/media\/9711"}],"wp:attachment":[{"href":"https:\/\/sanluisinforma.com\/index.php?rest_route=%2Fwp%2Fv2%2Fmedia&parent=9710"}],"wp:term":[{"taxonomy":"category","embeddable":true,"href":"https:\/\/sanluisinforma.com\/index.php?rest_route=%2Fwp%2Fv2%2Fcategories&post=9710"},{"taxonomy":"post_tag","embeddable":true,"href":"https:\/\/sanluisinforma.com\/index.php?rest_route=%2Fwp%2Fv2%2Ftags&post=9710"}],"curies":[{"name":"wp","href":"https:\/\/api.w.org\/{rel}","templated":true}]}}