{"id":9760,"date":"2025-01-16T00:50:00","date_gmt":"2025-01-16T06:50:00","guid":{"rendered":"https:\/\/sanluisinforma.com\/?p=9760"},"modified":"2025-01-15T22:55:00","modified_gmt":"2025-01-16T04:55:00","slug":"el-sistema-municipal-entrega-lentes-graduados-a-estudiantes-de-la-escuela-municipal-de-musica","status":"publish","type":"post","link":"https:\/\/sanluisinforma.com\/?p=9760","title":{"rendered":"El Sistema Municipal entrega lentes graduados a estudiantes de la Escuela Municipal de M\u00fasica"},"content":{"rendered":"\n<p>Ruta de la Salud visual beneficia a poblaci\u00f3n estudiantil de tres escuelas municipales.<\/p>\n\n\n\n<p><\/p>\n\n\n\n<p>SLP.- En un acto de compromiso con la salud y el bienestar de las y los estudiantes potosinos, la Directora del Sistema Municipal DIF, Jessica Albarr\u00e1n&nbsp; Ram\u00edtez, en representaci\u00f3n de la Presidenta Estela Arriaga M\u00e1rquez, entreg\u00f3 46 pares de lentes graduados a estudiantes de la Escuela Municipal de M\u00fasica.<\/p>\n\n\n\n<p>Esto forma parte de las acciones de inclusi\u00f3n y mejora de la calidad de vida de las familias potosinas, con el respaldo del Alcalde Enrique Galindo Ceballos.<\/p>\n\n\n\n<p>\u201cEstos lentes permitir\u00e1n que las y los alumnos mejoren su salud visual, una herramienta fundamental para continuar con su educaci\u00f3n y formaci\u00f3n musical\u201d, dijo la Directora del DIF Capitalino, Jessica Albarr\u00e1n.<\/p>\n\n\n\n<p>Agreg\u00f3 que la salud visual es un derecho que debe estar al alcance de todos: \u201cDe ah\u00ed que este gobierno municipal sigue trabajando para garantizar que nuestros j\u00f3venes cuenten con las herramientas necesarias para su crecimiento y bienestar&#8221;.<\/p>\n\n\n\n<p>Por su parte, Joel Ram\u00edrez D\u00edaz, Director de Educaci\u00f3n Municipal agradeci\u00f3 que se favorezca a las y los estudiantes de este sistema:&nbsp; &#8220;Apreciamos este trabajo de revisi\u00f3n oftalmol\u00f3gica para reconocer qui\u00e9nes tienen necesidad de lentes y luego saber qui\u00e9nes son candidatos a recibirlos&#8221;.<\/p>\n\n\n\n<p>Las y los alumnos de m\u00fasica recibieron con gusto sus lentes y agradecieron a las autoridades el cambio que de inmediato notaron en su salud visual.<\/p>\n","protected":false},"excerpt":{"rendered":"<p>Ruta de la Salud visual beneficia a poblaci\u00f3n estudiantil de tres escuelas municipales. SLP.- En un acto de compromiso con<\/p>\n","protected":false},"author":2,"featured_media":9761,"comment_status":"closed","ping_status":"closed","sticky":false,"template":"","format":"standard","meta":{"footnotes":""},"categories":[25,30],"tags":[],"class_list":["post-9760","post","type-post","status-publish","format-standard","has-post-thumbnail","hentry","category-local","category-portada"],"yoast_head":"<!-- This site is optimized with the Yoast SEO plugin v24.1 - https:\/\/yoast.com\/wordpress\/plugins\/seo\/ -->\n<title>El Sistema Municipal entrega lentes graduados a estudiantes de la Escuela Municipal de M\u00fasica - sanluisinforma.com<\/title>\n<meta name=\"robots\" content=\"index, follow, max-snippet:-1, max-image-preview:large, max-video-preview:-1\" \/>\n<link rel=\"canonical\" href=\"https:\/\/sanluisinforma.com\/?p=9760\" \/>\n<meta property=\"og:locale\" content=\"es_MX\" \/>\n<meta property=\"og:type\" content=\"article\" \/>\n<meta property=\"og:title\" content=\"El Sistema Municipal entrega lentes graduados a estudiantes de la Escuela Municipal de M\u00fasica - sanluisinforma.com\" \/>\n<meta property=\"og:description\" content=\"Ruta de la Salud visual beneficia a poblaci\u00f3n estudiantil de tres escuelas municipales. SLP.- En un acto de compromiso con\" \/>\n<meta property=\"og:url\" content=\"https:\/\/sanluisinforma.com\/?p=9760\" \/>\n<meta property=\"og:site_name\" content=\"sanluisinforma.com\" \/>\n<meta property=\"article:published_time\" content=\"2025-01-16T06:50:00+00:00\" \/>\n<meta property=\"article:modified_time\" content=\"2025-01-16T04:55:00+00:00\" \/>\n<meta property=\"og:image\" content=\"https:\/\/sanluisinforma.com\/wp-content\/uploads\/2025\/01\/4fa253d7-18af-448e-bc62-fa424e1410d3.jpg\" \/>\n\t<meta property=\"og:image:width\" content=\"480\" \/>\n\t<meta property=\"og:image:height\" content=\"360\" \/>\n\t<meta property=\"og:image:type\" content=\"image\/jpeg\" \/>\n<meta name=\"author\" content=\"sanluisinforma.com\" \/>\n<meta name=\"twitter:card\" content=\"summary_large_image\" \/>\n<meta name=\"twitter:label1\" content=\"Escrito por\" \/>\n\t<meta name=\"twitter:data1\" content=\"sanluisinforma.com\" \/>\n\t<meta name=\"twitter:label2\" content=\"Tiempo de lectura\" \/>\n\t<meta name=\"twitter:data2\" content=\"2 minutos\" \/>\n<script type=\"application\/ld+json\" class=\"yoast-schema-graph\">{\"@context\":\"https:\/\/schema.org\",\"@graph\":[{\"@type\":\"Article\",\"@id\":\"https:\/\/sanluisinforma.com\/?p=9760#article\",\"isPartOf\":{\"@id\":\"https:\/\/sanluisinforma.com\/?p=9760\"},\"author\":{\"name\":\"sanluisinforma.com\",\"@id\":\"https:\/\/sanluisinforma.com\/#\/schema\/person\/c30648f71476be533b6f59d092905c8b\"},\"headline\":\"El Sistema Municipal entrega lentes graduados a estudiantes de la Escuela Municipal de M\u00fasica\",\"datePublished\":\"2025-01-16T06:50:00+00:00\",\"dateModified\":\"2025-01-16T04:55:00+00:00\",\"mainEntityOfPage\":{\"@id\":\"https:\/\/sanluisinforma.com\/?p=9760\"},\"wordCount\":264,\"publisher\":{\"@id\":\"https:\/\/sanluisinforma.com\/#organization\"},\"image\":{\"@id\":\"https:\/\/sanluisinforma.com\/?p=9760#primaryimage\"},\"thumbnailUrl\":\"https:\/\/sanluisinforma.com\/wp-content\/uploads\/2025\/01\/4fa253d7-18af-448e-bc62-fa424e1410d3.jpg\",\"articleSection\":[\"Local\",\"Portada\"],\"inLanguage\":\"es\"},{\"@type\":\"WebPage\",\"@id\":\"https:\/\/sanluisinforma.com\/?p=9760\",\"url\":\"https:\/\/sanluisinforma.com\/?p=9760\",\"name\":\"El Sistema Municipal entrega lentes graduados a estudiantes de la Escuela Municipal de M\u00fasica - sanluisinforma.com\",\"isPartOf\":{\"@id\":\"https:\/\/sanluisinforma.com\/#website\"},\"primaryImageOfPage\":{\"@id\":\"https:\/\/sanluisinforma.com\/?p=9760#primaryimage\"},\"image\":{\"@id\":\"https:\/\/sanluisinforma.com\/?p=9760#primaryimage\"},\"thumbnailUrl\":\"https:\/\/sanluisinforma.com\/wp-content\/uploads\/2025\/01\/4fa253d7-18af-448e-bc62-fa424e1410d3.jpg\",\"datePublished\":\"2025-01-16T06:50:00+00:00\",\"dateModified\":\"2025-01-16T04:55:00+00:00\",\"breadcrumb\":{\"@id\":\"https:\/\/sanluisinforma.com\/?p=9760#breadcrumb\"},\"inLanguage\":\"es\",\"potentialAction\":[{\"@type\":\"ReadAction\",\"target\":[\"https:\/\/sanluisinforma.com\/?p=9760\"]}]},{\"@type\":\"ImageObject\",\"inLanguage\":\"es\",\"@id\":\"https:\/\/sanluisinforma.com\/?p=9760#primaryimage\",\"url\":\"https:\/\/sanluisinforma.com\/wp-content\/uploads\/2025\/01\/4fa253d7-18af-448e-bc62-fa424e1410d3.jpg\",\"contentUrl\":\"https:\/\/sanluisinforma.com\/wp-content\/uploads\/2025\/01\/4fa253d7-18af-448e-bc62-fa424e1410d3.jpg\",\"width\":480,\"height\":360},{\"@type\":\"BreadcrumbList\",\"@id\":\"https:\/\/sanluisinforma.com\/?p=9760#breadcrumb\",\"itemListElement\":[{\"@type\":\"ListItem\",\"position\":1,\"name\":\"Inicio\",\"item\":\"https:\/\/sanluisinforma.com\/\"},{\"@type\":\"ListItem\",\"position\":2,\"name\":\"El Sistema Municipal entrega lentes graduados a estudiantes de la Escuela Municipal de M\u00fasica\"}]},{\"@type\":\"WebSite\",\"@id\":\"https:\/\/sanluisinforma.com\/#website\",\"url\":\"https:\/\/sanluisinforma.com\/\",\"name\":\"sanluisinforma.com\",\"description\":\"Periodico San Luis Informa\",\"publisher\":{\"@id\":\"https:\/\/sanluisinforma.com\/#organization\"},\"potentialAction\":[{\"@type\":\"SearchAction\",\"target\":{\"@type\":\"EntryPoint\",\"urlTemplate\":\"https:\/\/sanluisinforma.com\/?s={search_term_string}\"},\"query-input\":{\"@type\":\"PropertyValueSpecification\",\"valueRequired\":true,\"valueName\":\"search_term_string\"}}],\"inLanguage\":\"es\"},{\"@type\":\"Organization\",\"@id\":\"https:\/\/sanluisinforma.com\/#organization\",\"name\":\"sanluisinforma.com\",\"url\":\"https:\/\/sanluisinforma.com\/\",\"logo\":{\"@type\":\"ImageObject\",\"inLanguage\":\"es\",\"@id\":\"https:\/\/sanluisinforma.com\/#\/schema\/logo\/image\/\",\"url\":\"https:\/\/sanluisinforma.com\/wp-content\/uploads\/2026\/03\/sanluisinforma-V.jpg\",\"contentUrl\":\"https:\/\/sanluisinforma.com\/wp-content\/uploads\/2026\/03\/sanluisinforma-V.jpg\",\"width\":500,\"height\":156,\"caption\":\"sanluisinforma.com\"},\"image\":{\"@id\":\"https:\/\/sanluisinforma.com\/#\/schema\/logo\/image\/\"}},{\"@type\":\"Person\",\"@id\":\"https:\/\/sanluisinforma.com\/#\/schema\/person\/c30648f71476be533b6f59d092905c8b\",\"name\":\"sanluisinforma.com\",\"image\":{\"@type\":\"ImageObject\",\"inLanguage\":\"es\",\"@id\":\"https:\/\/sanluisinforma.com\/#\/schema\/person\/image\/\",\"url\":\"https:\/\/secure.gravatar.com\/avatar\/86e3114e34a1eecefb963e0a02f0093f93b092dddb2fe1517596343751081a87?s=96&d=mm&r=g\",\"contentUrl\":\"https:\/\/secure.gravatar.com\/avatar\/86e3114e34a1eecefb963e0a02f0093f93b092dddb2fe1517596343751081a87?s=96&d=mm&r=g\",\"caption\":\"sanluisinforma.com\"},\"url\":\"https:\/\/sanluisinforma.com\/?author=2\"}]}<\/script>\n<!-- \/ Yoast SEO plugin. -->","yoast_head_json":{"title":"El Sistema Municipal entrega lentes graduados a estudiantes de la Escuela Municipal de M\u00fasica - sanluisinforma.com","robots":{"index":"index","follow":"follow","max-snippet":"max-snippet:-1","max-image-preview":"max-image-preview:large","max-video-preview":"max-video-preview:-1"},"canonical":"https:\/\/sanluisinforma.com\/?p=9760","og_locale":"es_MX","og_type":"article","og_title":"El Sistema Municipal entrega lentes graduados a estudiantes de la Escuela Municipal de M\u00fasica - sanluisinforma.com","og_description":"Ruta de la Salud visual beneficia a poblaci\u00f3n estudiantil de tres escuelas municipales. SLP.- En un acto de compromiso con","og_url":"https:\/\/sanluisinforma.com\/?p=9760","og_site_name":"sanluisinforma.com","article_published_time":"2025-01-16T06:50:00+00:00","article_modified_time":"2025-01-16T04:55:00+00:00","og_image":[{"width":480,"height":360,"url":"https:\/\/sanluisinforma.com\/wp-content\/uploads\/2025\/01\/4fa253d7-18af-448e-bc62-fa424e1410d3.jpg","type":"image\/jpeg"}],"author":"sanluisinforma.com","twitter_card":"summary_large_image","twitter_misc":{"Escrito por":"sanluisinforma.com","Tiempo de lectura":"2 minutos"},"schema":{"@context":"https:\/\/schema.org","@graph":[{"@type":"Article","@id":"https:\/\/sanluisinforma.com\/?p=9760#article","isPartOf":{"@id":"https:\/\/sanluisinforma.com\/?p=9760"},"author":{"name":"sanluisinforma.com","@id":"https:\/\/sanluisinforma.com\/#\/schema\/person\/c30648f71476be533b6f59d092905c8b"},"headline":"El Sistema Municipal entrega lentes graduados a estudiantes de la Escuela Municipal de M\u00fasica","datePublished":"2025-01-16T06:50:00+00:00","dateModified":"2025-01-16T04:55:00+00:00","mainEntityOfPage":{"@id":"https:\/\/sanluisinforma.com\/?p=9760"},"wordCount":264,"publisher":{"@id":"https:\/\/sanluisinforma.com\/#organization"},"image":{"@id":"https:\/\/sanluisinforma.com\/?p=9760#primaryimage"},"thumbnailUrl":"https:\/\/sanluisinforma.com\/wp-content\/uploads\/2025\/01\/4fa253d7-18af-448e-bc62-fa424e1410d3.jpg","articleSection":["Local","Portada"],"inLanguage":"es"},{"@type":"WebPage","@id":"https:\/\/sanluisinforma.com\/?p=9760","url":"https:\/\/sanluisinforma.com\/?p=9760","name":"El Sistema Municipal entrega lentes graduados a estudiantes de la Escuela Municipal de M\u00fasica - sanluisinforma.com","isPartOf":{"@id":"https:\/\/sanluisinforma.com\/#website"},"primaryImageOfPage":{"@id":"https:\/\/sanluisinforma.com\/?p=9760#primaryimage"},"image":{"@id":"https:\/\/sanluisinforma.com\/?p=9760#primaryimage"},"thumbnailUrl":"https:\/\/sanluisinforma.com\/wp-content\/uploads\/2025\/01\/4fa253d7-18af-448e-bc62-fa424e1410d3.jpg","datePublished":"2025-01-16T06:50:00+00:00","dateModified":"2025-01-16T04:55:00+00:00","breadcrumb":{"@id":"https:\/\/sanluisinforma.com\/?p=9760#breadcrumb"},"inLanguage":"es","potentialAction":[{"@type":"ReadAction","target":["https:\/\/sanluisinforma.com\/?p=9760"]}]},{"@type":"ImageObject","inLanguage":"es","@id":"https:\/\/sanluisinforma.com\/?p=9760#primaryimage","url":"https:\/\/sanluisinforma.com\/wp-content\/uploads\/2025\/01\/4fa253d7-18af-448e-bc62-fa424e1410d3.jpg","contentUrl":"https:\/\/sanluisinforma.com\/wp-content\/uploads\/2025\/01\/4fa253d7-18af-448e-bc62-fa424e1410d3.jpg","width":480,"height":360},{"@type":"BreadcrumbList","@id":"https:\/\/sanluisinforma.com\/?p=9760#breadcrumb","itemListElement":[{"@type":"ListItem","position":1,"name":"Inicio","item":"https:\/\/sanluisinforma.com\/"},{"@type":"ListItem","position":2,"name":"El Sistema Municipal entrega lentes graduados a estudiantes de la Escuela Municipal de M\u00fasica"}]},{"@type":"WebSite","@id":"https:\/\/sanluisinforma.com\/#website","url":"https:\/\/sanluisinforma.com\/","name":"sanluisinforma.com","description":"Periodico San Luis Informa","publisher":{"@id":"https:\/\/sanluisinforma.com\/#organization"},"potentialAction":[{"@type":"SearchAction","target":{"@type":"EntryPoint","urlTemplate":"https:\/\/sanluisinforma.com\/?s={search_term_string}"},"query-input":{"@type":"PropertyValueSpecification","valueRequired":true,"valueName":"search_term_string"}}],"inLanguage":"es"},{"@type":"Organization","@id":"https:\/\/sanluisinforma.com\/#organization","name":"sanluisinforma.com","url":"https:\/\/sanluisinforma.com\/","logo":{"@type":"ImageObject","inLanguage":"es","@id":"https:\/\/sanluisinforma.com\/#\/schema\/logo\/image\/","url":"https:\/\/sanluisinforma.com\/wp-content\/uploads\/2026\/03\/sanluisinforma-V.jpg","contentUrl":"https:\/\/sanluisinforma.com\/wp-content\/uploads\/2026\/03\/sanluisinforma-V.jpg","width":500,"height":156,"caption":"sanluisinforma.com"},"image":{"@id":"https:\/\/sanluisinforma.com\/#\/schema\/logo\/image\/"}},{"@type":"Person","@id":"https:\/\/sanluisinforma.com\/#\/schema\/person\/c30648f71476be533b6f59d092905c8b","name":"sanluisinforma.com","image":{"@type":"ImageObject","inLanguage":"es","@id":"https:\/\/sanluisinforma.com\/#\/schema\/person\/image\/","url":"https:\/\/secure.gravatar.com\/avatar\/86e3114e34a1eecefb963e0a02f0093f93b092dddb2fe1517596343751081a87?s=96&d=mm&r=g","contentUrl":"https:\/\/secure.gravatar.com\/avatar\/86e3114e34a1eecefb963e0a02f0093f93b092dddb2fe1517596343751081a87?s=96&d=mm&r=g","caption":"sanluisinforma.com"},"url":"https:\/\/sanluisinforma.com\/?author=2"}]}},"_links":{"self":[{"href":"https:\/\/sanluisinforma.com\/index.php?rest_route=\/wp\/v2\/posts\/9760","targetHints":{"allow":["GET"]}}],"collection":[{"href":"https:\/\/sanluisinforma.com\/index.php?rest_route=\/wp\/v2\/posts"}],"about":[{"href":"https:\/\/sanluisinforma.com\/index.php?rest_route=\/wp\/v2\/types\/post"}],"author":[{"embeddable":true,"href":"https:\/\/sanluisinforma.com\/index.php?rest_route=\/wp\/v2\/users\/2"}],"replies":[{"embeddable":true,"href":"https:\/\/sanluisinforma.com\/index.php?rest_route=%2Fwp%2Fv2%2Fcomments&post=9760"}],"version-history":[{"count":1,"href":"https:\/\/sanluisinforma.com\/index.php?rest_route=\/wp\/v2\/posts\/9760\/revisions"}],"predecessor-version":[{"id":9762,"href":"https:\/\/sanluisinforma.com\/index.php?rest_route=\/wp\/v2\/posts\/9760\/revisions\/9762"}],"wp:featuredmedia":[{"embeddable":true,"href":"https:\/\/sanluisinforma.com\/index.php?rest_route=\/wp\/v2\/media\/9761"}],"wp:attachment":[{"href":"https:\/\/sanluisinforma.com\/index.php?rest_route=%2Fwp%2Fv2%2Fmedia&parent=9760"}],"wp:term":[{"taxonomy":"category","embeddable":true,"href":"https:\/\/sanluisinforma.com\/index.php?rest_route=%2Fwp%2Fv2%2Fcategories&post=9760"},{"taxonomy":"post_tag","embeddable":true,"href":"https:\/\/sanluisinforma.com\/index.php?rest_route=%2Fwp%2Fv2%2Ftags&post=9760"}],"curies":[{"name":"wp","href":"https:\/\/api.w.org\/{rel}","templated":true}]}}