{"id":9773,"date":"2025-01-17T00:57:00","date_gmt":"2025-01-17T06:57:00","guid":{"rendered":"https:\/\/sanluisinforma.com\/?p=9773"},"modified":"2025-01-16T18:13:55","modified_gmt":"2025-01-17T00:13:55","slug":"respalda-ricardo-gallardo-llamado-de-claudia-sheinbaum-a-la-unidad-nacional","status":"publish","type":"post","link":"https:\/\/sanluisinforma.com\/?p=9773","title":{"rendered":"Respalda Ricardo Gallardo llamado de Claudia Sheinbaum a la Unidad Nacional"},"content":{"rendered":"\n<p><\/p>\n\n\n\n<p>El Gobernador firm\u00f3 el convenio para el componente ind\u00edgena del Fondo de Aportaciones para la Infraestructura Social<\/p>\n\n\n\n<p>En la b\u00fasqueda de m\u00e1s apoyo y bienestar para las y los potosinos, el Gobernador de San Luis Potos\u00ed Ricardo Gallardo Cardona, particip\u00f3 en el Encuentro Nacional Municipal, que encabez\u00f3 la Presidenta de M\u00e9xico, Claudia Sheinbaum Pardo, en el que firmaron el convenio para la creaci\u00f3n del componente ind\u00edgena del Fondo de Aportaci\u00f3n para la Infraestructura Social (FAIS) y donde respald\u00f3 el llamado a la unidad nacional del Gobierno Federal.<\/p>\n\n\n\n<p>Tras la reuni\u00f3n, el Jefe de Gobierno del Estado, coincidi\u00f3 en el exhorto de la Presidenta de M\u00e9xico para continuar trabajando a favor del bienestar de la poblaci\u00f3n, y respald\u00f3 la cohesi\u00f3n de recursos federales, estatales y municipales para adelantar la estrategia del Gobierno en seguridad, desarrollo de pueblos y comunidades ind\u00edgenas, y abasto y distribuci\u00f3n de agua.<\/p>\n\n\n\n<p>Asimismo, destac\u00f3 la firma del convenio para unir recursos federales, estatales y municipales para el desarrollo de los pueblos y comunidades ind\u00edgenas y afromexicanas, que deber\u00e1n realizar sus propias asambleas, para decidir en qu\u00e9 se invertir\u00e1n los recursos, con honestidad y eficacia.<\/p>\n\n\n\n<p>Gallardo Cardona apoy\u00f3 la estrategia nacional de seguridad, con el proyecto de construcci\u00f3n de paz, que consolida caminos de paz, con iluminaci\u00f3n, pavimentaci\u00f3n y entornos seguros, para que mujeres y ni\u00f1as se sientan m\u00e1s seguras en sus comunidades, as\u00ed como la atenci\u00f3n a las causas generadoras de violencia y sobre todo la coordinaci\u00f3n para incrementar los niveles de seguridad en el Estado.<\/p>\n\n\n\n<p>Las y los m\u00e1s de dos mil 470 presidentes municipales del pa\u00eds fueron convocados por la Secretar\u00eda de Gobernaci\u00f3n y la Secretar\u00eda del Bienestar, al igual que las y los Gobernadores, para darle continuidad a la coordinaci\u00f3n de los tres niveles de Gobierno, en la aplicaci\u00f3n de presupuestos de manera eficiente y a favor del desarrollo y el bienestar de la poblaci\u00f3n de pueblos y comunidades ind\u00edgenas, as\u00ed como de la seguridad p\u00fablica del pa\u00eds y la garant\u00eda del agua como un derecho humano.<\/p>\n","protected":false},"excerpt":{"rendered":"<p>El Gobernador firm\u00f3 el convenio para el componente ind\u00edgena del Fondo de Aportaciones para la Infraestructura Social En la b\u00fasqueda<\/p>\n","protected":false},"author":2,"featured_media":9774,"comment_status":"closed","ping_status":"closed","sticky":false,"template":"","format":"standard","meta":{"footnotes":""},"categories":[25,30],"tags":[],"class_list":["post-9773","post","type-post","status-publish","format-standard","has-post-thumbnail","hentry","category-local","category-portada"],"yoast_head":"<!-- This site is optimized with the Yoast SEO plugin v24.1 - https:\/\/yoast.com\/wordpress\/plugins\/seo\/ -->\n<title>Respalda Ricardo Gallardo llamado de Claudia Sheinbaum a la Unidad Nacional - sanluisinforma.com<\/title>\n<meta name=\"robots\" content=\"index, follow, max-snippet:-1, max-image-preview:large, max-video-preview:-1\" \/>\n<link rel=\"canonical\" href=\"https:\/\/sanluisinforma.com\/?p=9773\" \/>\n<meta property=\"og:locale\" content=\"es_MX\" \/>\n<meta property=\"og:type\" content=\"article\" \/>\n<meta property=\"og:title\" content=\"Respalda Ricardo Gallardo llamado de Claudia Sheinbaum a la Unidad Nacional - sanluisinforma.com\" \/>\n<meta property=\"og:description\" content=\"El Gobernador firm\u00f3 el convenio para el componente ind\u00edgena del Fondo de Aportaciones para la Infraestructura Social En la b\u00fasqueda\" \/>\n<meta property=\"og:url\" content=\"https:\/\/sanluisinforma.com\/?p=9773\" \/>\n<meta property=\"og:site_name\" content=\"sanluisinforma.com\" \/>\n<meta property=\"article:published_time\" content=\"2025-01-17T06:57:00+00:00\" \/>\n<meta property=\"article:modified_time\" content=\"2025-01-17T00:13:55+00:00\" \/>\n<meta property=\"og:image\" content=\"https:\/\/sanluisinforma.com\/wp-content\/uploads\/2025\/01\/2ca85b96-a4a6-4634-903f-c02cdb9130b6.jpg\" \/>\n\t<meta property=\"og:image:width\" content=\"480\" \/>\n\t<meta property=\"og:image:height\" content=\"319\" \/>\n\t<meta property=\"og:image:type\" content=\"image\/jpeg\" \/>\n<meta name=\"author\" content=\"sanluisinforma.com\" \/>\n<meta name=\"twitter:card\" content=\"summary_large_image\" \/>\n<meta name=\"twitter:label1\" content=\"Escrito por\" \/>\n\t<meta name=\"twitter:data1\" content=\"sanluisinforma.com\" \/>\n\t<meta name=\"twitter:label2\" content=\"Tiempo de lectura\" \/>\n\t<meta name=\"twitter:data2\" content=\"1 minuto\" \/>\n<script type=\"application\/ld+json\" class=\"yoast-schema-graph\">{\"@context\":\"https:\/\/schema.org\",\"@graph\":[{\"@type\":\"Article\",\"@id\":\"https:\/\/sanluisinforma.com\/?p=9773#article\",\"isPartOf\":{\"@id\":\"https:\/\/sanluisinforma.com\/?p=9773\"},\"author\":{\"name\":\"sanluisinforma.com\",\"@id\":\"https:\/\/sanluisinforma.com\/#\/schema\/person\/c30648f71476be533b6f59d092905c8b\"},\"headline\":\"Respalda Ricardo Gallardo llamado de Claudia Sheinbaum a la Unidad Nacional\",\"datePublished\":\"2025-01-17T06:57:00+00:00\",\"dateModified\":\"2025-01-17T00:13:55+00:00\",\"mainEntityOfPage\":{\"@id\":\"https:\/\/sanluisinforma.com\/?p=9773\"},\"wordCount\":378,\"publisher\":{\"@id\":\"https:\/\/sanluisinforma.com\/#organization\"},\"image\":{\"@id\":\"https:\/\/sanluisinforma.com\/?p=9773#primaryimage\"},\"thumbnailUrl\":\"https:\/\/sanluisinforma.com\/wp-content\/uploads\/2025\/01\/2ca85b96-a4a6-4634-903f-c02cdb9130b6.jpg\",\"articleSection\":[\"Local\",\"Portada\"],\"inLanguage\":\"es\"},{\"@type\":\"WebPage\",\"@id\":\"https:\/\/sanluisinforma.com\/?p=9773\",\"url\":\"https:\/\/sanluisinforma.com\/?p=9773\",\"name\":\"Respalda Ricardo Gallardo llamado de Claudia Sheinbaum a la Unidad Nacional - sanluisinforma.com\",\"isPartOf\":{\"@id\":\"https:\/\/sanluisinforma.com\/#website\"},\"primaryImageOfPage\":{\"@id\":\"https:\/\/sanluisinforma.com\/?p=9773#primaryimage\"},\"image\":{\"@id\":\"https:\/\/sanluisinforma.com\/?p=9773#primaryimage\"},\"thumbnailUrl\":\"https:\/\/sanluisinforma.com\/wp-content\/uploads\/2025\/01\/2ca85b96-a4a6-4634-903f-c02cdb9130b6.jpg\",\"datePublished\":\"2025-01-17T06:57:00+00:00\",\"dateModified\":\"2025-01-17T00:13:55+00:00\",\"breadcrumb\":{\"@id\":\"https:\/\/sanluisinforma.com\/?p=9773#breadcrumb\"},\"inLanguage\":\"es\",\"potentialAction\":[{\"@type\":\"ReadAction\",\"target\":[\"https:\/\/sanluisinforma.com\/?p=9773\"]}]},{\"@type\":\"ImageObject\",\"inLanguage\":\"es\",\"@id\":\"https:\/\/sanluisinforma.com\/?p=9773#primaryimage\",\"url\":\"https:\/\/sanluisinforma.com\/wp-content\/uploads\/2025\/01\/2ca85b96-a4a6-4634-903f-c02cdb9130b6.jpg\",\"contentUrl\":\"https:\/\/sanluisinforma.com\/wp-content\/uploads\/2025\/01\/2ca85b96-a4a6-4634-903f-c02cdb9130b6.jpg\",\"width\":480,\"height\":319},{\"@type\":\"BreadcrumbList\",\"@id\":\"https:\/\/sanluisinforma.com\/?p=9773#breadcrumb\",\"itemListElement\":[{\"@type\":\"ListItem\",\"position\":1,\"name\":\"Inicio\",\"item\":\"https:\/\/sanluisinforma.com\/\"},{\"@type\":\"ListItem\",\"position\":2,\"name\":\"Respalda Ricardo Gallardo llamado de Claudia Sheinbaum a la Unidad Nacional\"}]},{\"@type\":\"WebSite\",\"@id\":\"https:\/\/sanluisinforma.com\/#website\",\"url\":\"https:\/\/sanluisinforma.com\/\",\"name\":\"sanluisinforma.com\",\"description\":\"Periodico San Luis Informa\",\"publisher\":{\"@id\":\"https:\/\/sanluisinforma.com\/#organization\"},\"potentialAction\":[{\"@type\":\"SearchAction\",\"target\":{\"@type\":\"EntryPoint\",\"urlTemplate\":\"https:\/\/sanluisinforma.com\/?s={search_term_string}\"},\"query-input\":{\"@type\":\"PropertyValueSpecification\",\"valueRequired\":true,\"valueName\":\"search_term_string\"}}],\"inLanguage\":\"es\"},{\"@type\":\"Organization\",\"@id\":\"https:\/\/sanluisinforma.com\/#organization\",\"name\":\"sanluisinforma.com\",\"url\":\"https:\/\/sanluisinforma.com\/\",\"logo\":{\"@type\":\"ImageObject\",\"inLanguage\":\"es\",\"@id\":\"https:\/\/sanluisinforma.com\/#\/schema\/logo\/image\/\",\"url\":\"https:\/\/sanluisinforma.com\/wp-content\/uploads\/2026\/03\/sanluisinforma-V.jpg\",\"contentUrl\":\"https:\/\/sanluisinforma.com\/wp-content\/uploads\/2026\/03\/sanluisinforma-V.jpg\",\"width\":500,\"height\":156,\"caption\":\"sanluisinforma.com\"},\"image\":{\"@id\":\"https:\/\/sanluisinforma.com\/#\/schema\/logo\/image\/\"}},{\"@type\":\"Person\",\"@id\":\"https:\/\/sanluisinforma.com\/#\/schema\/person\/c30648f71476be533b6f59d092905c8b\",\"name\":\"sanluisinforma.com\",\"image\":{\"@type\":\"ImageObject\",\"inLanguage\":\"es\",\"@id\":\"https:\/\/sanluisinforma.com\/#\/schema\/person\/image\/\",\"url\":\"https:\/\/secure.gravatar.com\/avatar\/86e3114e34a1eecefb963e0a02f0093f93b092dddb2fe1517596343751081a87?s=96&d=mm&r=g\",\"contentUrl\":\"https:\/\/secure.gravatar.com\/avatar\/86e3114e34a1eecefb963e0a02f0093f93b092dddb2fe1517596343751081a87?s=96&d=mm&r=g\",\"caption\":\"sanluisinforma.com\"},\"url\":\"https:\/\/sanluisinforma.com\/?author=2\"}]}<\/script>\n<!-- \/ Yoast SEO plugin. -->","yoast_head_json":{"title":"Respalda Ricardo Gallardo llamado de Claudia Sheinbaum a la Unidad Nacional - sanluisinforma.com","robots":{"index":"index","follow":"follow","max-snippet":"max-snippet:-1","max-image-preview":"max-image-preview:large","max-video-preview":"max-video-preview:-1"},"canonical":"https:\/\/sanluisinforma.com\/?p=9773","og_locale":"es_MX","og_type":"article","og_title":"Respalda Ricardo Gallardo llamado de Claudia Sheinbaum a la Unidad Nacional - sanluisinforma.com","og_description":"El Gobernador firm\u00f3 el convenio para el componente ind\u00edgena del Fondo de Aportaciones para la Infraestructura Social En la b\u00fasqueda","og_url":"https:\/\/sanluisinforma.com\/?p=9773","og_site_name":"sanluisinforma.com","article_published_time":"2025-01-17T06:57:00+00:00","article_modified_time":"2025-01-17T00:13:55+00:00","og_image":[{"width":480,"height":319,"url":"https:\/\/sanluisinforma.com\/wp-content\/uploads\/2025\/01\/2ca85b96-a4a6-4634-903f-c02cdb9130b6.jpg","type":"image\/jpeg"}],"author":"sanluisinforma.com","twitter_card":"summary_large_image","twitter_misc":{"Escrito por":"sanluisinforma.com","Tiempo de lectura":"1 minuto"},"schema":{"@context":"https:\/\/schema.org","@graph":[{"@type":"Article","@id":"https:\/\/sanluisinforma.com\/?p=9773#article","isPartOf":{"@id":"https:\/\/sanluisinforma.com\/?p=9773"},"author":{"name":"sanluisinforma.com","@id":"https:\/\/sanluisinforma.com\/#\/schema\/person\/c30648f71476be533b6f59d092905c8b"},"headline":"Respalda Ricardo Gallardo llamado de Claudia Sheinbaum a la Unidad Nacional","datePublished":"2025-01-17T06:57:00+00:00","dateModified":"2025-01-17T00:13:55+00:00","mainEntityOfPage":{"@id":"https:\/\/sanluisinforma.com\/?p=9773"},"wordCount":378,"publisher":{"@id":"https:\/\/sanluisinforma.com\/#organization"},"image":{"@id":"https:\/\/sanluisinforma.com\/?p=9773#primaryimage"},"thumbnailUrl":"https:\/\/sanluisinforma.com\/wp-content\/uploads\/2025\/01\/2ca85b96-a4a6-4634-903f-c02cdb9130b6.jpg","articleSection":["Local","Portada"],"inLanguage":"es"},{"@type":"WebPage","@id":"https:\/\/sanluisinforma.com\/?p=9773","url":"https:\/\/sanluisinforma.com\/?p=9773","name":"Respalda Ricardo Gallardo llamado de Claudia Sheinbaum a la Unidad Nacional - sanluisinforma.com","isPartOf":{"@id":"https:\/\/sanluisinforma.com\/#website"},"primaryImageOfPage":{"@id":"https:\/\/sanluisinforma.com\/?p=9773#primaryimage"},"image":{"@id":"https:\/\/sanluisinforma.com\/?p=9773#primaryimage"},"thumbnailUrl":"https:\/\/sanluisinforma.com\/wp-content\/uploads\/2025\/01\/2ca85b96-a4a6-4634-903f-c02cdb9130b6.jpg","datePublished":"2025-01-17T06:57:00+00:00","dateModified":"2025-01-17T00:13:55+00:00","breadcrumb":{"@id":"https:\/\/sanluisinforma.com\/?p=9773#breadcrumb"},"inLanguage":"es","potentialAction":[{"@type":"ReadAction","target":["https:\/\/sanluisinforma.com\/?p=9773"]}]},{"@type":"ImageObject","inLanguage":"es","@id":"https:\/\/sanluisinforma.com\/?p=9773#primaryimage","url":"https:\/\/sanluisinforma.com\/wp-content\/uploads\/2025\/01\/2ca85b96-a4a6-4634-903f-c02cdb9130b6.jpg","contentUrl":"https:\/\/sanluisinforma.com\/wp-content\/uploads\/2025\/01\/2ca85b96-a4a6-4634-903f-c02cdb9130b6.jpg","width":480,"height":319},{"@type":"BreadcrumbList","@id":"https:\/\/sanluisinforma.com\/?p=9773#breadcrumb","itemListElement":[{"@type":"ListItem","position":1,"name":"Inicio","item":"https:\/\/sanluisinforma.com\/"},{"@type":"ListItem","position":2,"name":"Respalda Ricardo Gallardo llamado de Claudia Sheinbaum a la Unidad Nacional"}]},{"@type":"WebSite","@id":"https:\/\/sanluisinforma.com\/#website","url":"https:\/\/sanluisinforma.com\/","name":"sanluisinforma.com","description":"Periodico San Luis Informa","publisher":{"@id":"https:\/\/sanluisinforma.com\/#organization"},"potentialAction":[{"@type":"SearchAction","target":{"@type":"EntryPoint","urlTemplate":"https:\/\/sanluisinforma.com\/?s={search_term_string}"},"query-input":{"@type":"PropertyValueSpecification","valueRequired":true,"valueName":"search_term_string"}}],"inLanguage":"es"},{"@type":"Organization","@id":"https:\/\/sanluisinforma.com\/#organization","name":"sanluisinforma.com","url":"https:\/\/sanluisinforma.com\/","logo":{"@type":"ImageObject","inLanguage":"es","@id":"https:\/\/sanluisinforma.com\/#\/schema\/logo\/image\/","url":"https:\/\/sanluisinforma.com\/wp-content\/uploads\/2026\/03\/sanluisinforma-V.jpg","contentUrl":"https:\/\/sanluisinforma.com\/wp-content\/uploads\/2026\/03\/sanluisinforma-V.jpg","width":500,"height":156,"caption":"sanluisinforma.com"},"image":{"@id":"https:\/\/sanluisinforma.com\/#\/schema\/logo\/image\/"}},{"@type":"Person","@id":"https:\/\/sanluisinforma.com\/#\/schema\/person\/c30648f71476be533b6f59d092905c8b","name":"sanluisinforma.com","image":{"@type":"ImageObject","inLanguage":"es","@id":"https:\/\/sanluisinforma.com\/#\/schema\/person\/image\/","url":"https:\/\/secure.gravatar.com\/avatar\/86e3114e34a1eecefb963e0a02f0093f93b092dddb2fe1517596343751081a87?s=96&d=mm&r=g","contentUrl":"https:\/\/secure.gravatar.com\/avatar\/86e3114e34a1eecefb963e0a02f0093f93b092dddb2fe1517596343751081a87?s=96&d=mm&r=g","caption":"sanluisinforma.com"},"url":"https:\/\/sanluisinforma.com\/?author=2"}]}},"_links":{"self":[{"href":"https:\/\/sanluisinforma.com\/index.php?rest_route=\/wp\/v2\/posts\/9773","targetHints":{"allow":["GET"]}}],"collection":[{"href":"https:\/\/sanluisinforma.com\/index.php?rest_route=\/wp\/v2\/posts"}],"about":[{"href":"https:\/\/sanluisinforma.com\/index.php?rest_route=\/wp\/v2\/types\/post"}],"author":[{"embeddable":true,"href":"https:\/\/sanluisinforma.com\/index.php?rest_route=\/wp\/v2\/users\/2"}],"replies":[{"embeddable":true,"href":"https:\/\/sanluisinforma.com\/index.php?rest_route=%2Fwp%2Fv2%2Fcomments&post=9773"}],"version-history":[{"count":1,"href":"https:\/\/sanluisinforma.com\/index.php?rest_route=\/wp\/v2\/posts\/9773\/revisions"}],"predecessor-version":[{"id":9775,"href":"https:\/\/sanluisinforma.com\/index.php?rest_route=\/wp\/v2\/posts\/9773\/revisions\/9775"}],"wp:featuredmedia":[{"embeddable":true,"href":"https:\/\/sanluisinforma.com\/index.php?rest_route=\/wp\/v2\/media\/9774"}],"wp:attachment":[{"href":"https:\/\/sanluisinforma.com\/index.php?rest_route=%2Fwp%2Fv2%2Fmedia&parent=9773"}],"wp:term":[{"taxonomy":"category","embeddable":true,"href":"https:\/\/sanluisinforma.com\/index.php?rest_route=%2Fwp%2Fv2%2Fcategories&post=9773"},{"taxonomy":"post_tag","embeddable":true,"href":"https:\/\/sanluisinforma.com\/index.php?rest_route=%2Fwp%2Fv2%2Ftags&post=9773"}],"curies":[{"name":"wp","href":"https:\/\/api.w.org\/{rel}","templated":true}]}}