{"id":9788,"date":"2025-01-18T00:55:00","date_gmt":"2025-01-18T06:55:00","guid":{"rendered":"https:\/\/sanluisinforma.com\/?p=9788"},"modified":"2025-01-17T18:14:09","modified_gmt":"2025-01-18T00:14:09","slug":"fenapo-2025-abre-espacios-para-emprendedores-locales","status":"publish","type":"post","link":"https:\/\/sanluisinforma.com\/?p=9788","title":{"rendered":"FENAPO 2025 Abre\u00a0 espacios para Emprendedores Locales"},"content":{"rendered":"\n<p><\/p>\n\n\n\n<p>Comienza la comercializaci\u00f3n de espacios para la edici\u00f3n 2025 de la mejor feria de M\u00e9xico, en diversas plataformas<\/p>\n\n\n\n<p>El patronato para la Feria Nacional Potosina (Fenapo), inici\u00f3 la comercializaci\u00f3n de espacios en plataformas para la edici\u00f3n 2025, dirigidos a emprendedores y comerciantes interesados en dar a conocer sus productos o servicios, reafirmando el compromiso de la actual administraci\u00f3n de brindar m\u00e1s apoyo a las familias a trav\u00e9s de la generaci\u00f3n de empleo y econom\u00eda.<\/p>\n\n\n\n<p>Estos espacios, que ofertan a peque\u00f1os y medianos comercios, est\u00e1n enfocados en ofrecer a las y los emprendedores un \u00e1rea estrat\u00e9gica dentro del evento, permiti\u00e9ndoles conectar con una audiencia masiva que superar\u00e1 los 8.5 millones de visitantes.<\/p>\n\n\n\n<p>Estas plataformas comerciales est\u00e1n dise\u00f1adas para potenciar la visibilidad y el crecimiento de negocios locales, fortaleciendo la proyecci\u00f3n y consumo de productos potosinos, adem\u00e1s de contribuir al desarrollo econ\u00f3mico de las cuatro regiones.<\/p>\n\n\n\n<p>Las y los interesados en adquirir un espacio pueden contactar al \u00e1rea de ventas mediante WhatsApp al 444 537 3446, por tel\u00e9fono al 444 129 0999 ext. 313 y 314, o asistir directamente a las oficinas del Patronato en el recinto ferial, en un horario de atenci\u00f3n de 8:00 a 16:00 horas, de lunes a viernes.<\/p>\n","protected":false},"excerpt":{"rendered":"<p>Comienza la comercializaci\u00f3n de espacios para la edici\u00f3n 2025 de la mejor feria de M\u00e9xico, en diversas plataformas El patronato<\/p>\n","protected":false},"author":2,"featured_media":9789,"comment_status":"closed","ping_status":"closed","sticky":false,"template":"","format":"standard","meta":{"footnotes":""},"categories":[25,30],"tags":[],"class_list":["post-9788","post","type-post","status-publish","format-standard","has-post-thumbnail","hentry","category-local","category-portada"],"yoast_head":"<!-- This site is optimized with the Yoast SEO plugin v24.1 - https:\/\/yoast.com\/wordpress\/plugins\/seo\/ -->\n<title>FENAPO 2025 Abre\u00a0 espacios para Emprendedores Locales - sanluisinforma.com<\/title>\n<meta name=\"robots\" content=\"index, follow, max-snippet:-1, max-image-preview:large, max-video-preview:-1\" \/>\n<link rel=\"canonical\" href=\"https:\/\/sanluisinforma.com\/?p=9788\" \/>\n<meta property=\"og:locale\" content=\"es_MX\" \/>\n<meta property=\"og:type\" content=\"article\" \/>\n<meta property=\"og:title\" content=\"FENAPO 2025 Abre\u00a0 espacios para Emprendedores Locales - sanluisinforma.com\" \/>\n<meta property=\"og:description\" content=\"Comienza la comercializaci\u00f3n de espacios para la edici\u00f3n 2025 de la mejor feria de M\u00e9xico, en diversas plataformas El patronato\" \/>\n<meta property=\"og:url\" content=\"https:\/\/sanluisinforma.com\/?p=9788\" \/>\n<meta property=\"og:site_name\" content=\"sanluisinforma.com\" \/>\n<meta property=\"article:published_time\" content=\"2025-01-18T06:55:00+00:00\" \/>\n<meta property=\"article:modified_time\" content=\"2025-01-18T00:14:09+00:00\" \/>\n<meta property=\"og:image\" content=\"https:\/\/sanluisinforma.com\/wp-content\/uploads\/2025\/01\/75008f4c-1ef7-4430-ba3e-ead2d53fb34c.jpg\" \/>\n\t<meta property=\"og:image:width\" content=\"480\" \/>\n\t<meta property=\"og:image:height\" content=\"342\" \/>\n\t<meta property=\"og:image:type\" content=\"image\/jpeg\" \/>\n<meta name=\"author\" content=\"sanluisinforma.com\" \/>\n<meta name=\"twitter:card\" content=\"summary_large_image\" \/>\n<meta name=\"twitter:label1\" content=\"Escrito por\" \/>\n\t<meta name=\"twitter:data1\" content=\"sanluisinforma.com\" \/>\n\t<meta name=\"twitter:label2\" content=\"Tiempo de lectura\" \/>\n\t<meta name=\"twitter:data2\" content=\"2 minutos\" \/>\n<script type=\"application\/ld+json\" class=\"yoast-schema-graph\">{\"@context\":\"https:\/\/schema.org\",\"@graph\":[{\"@type\":\"Article\",\"@id\":\"https:\/\/sanluisinforma.com\/?p=9788#article\",\"isPartOf\":{\"@id\":\"https:\/\/sanluisinforma.com\/?p=9788\"},\"author\":{\"name\":\"sanluisinforma.com\",\"@id\":\"https:\/\/sanluisinforma.com\/#\/schema\/person\/c30648f71476be533b6f59d092905c8b\"},\"headline\":\"FENAPO 2025 Abre\u00a0 espacios para Emprendedores Locales\",\"datePublished\":\"2025-01-18T06:55:00+00:00\",\"dateModified\":\"2025-01-18T00:14:09+00:00\",\"mainEntityOfPage\":{\"@id\":\"https:\/\/sanluisinforma.com\/?p=9788\"},\"wordCount\":214,\"publisher\":{\"@id\":\"https:\/\/sanluisinforma.com\/#organization\"},\"image\":{\"@id\":\"https:\/\/sanluisinforma.com\/?p=9788#primaryimage\"},\"thumbnailUrl\":\"https:\/\/sanluisinforma.com\/wp-content\/uploads\/2025\/01\/75008f4c-1ef7-4430-ba3e-ead2d53fb34c.jpg\",\"articleSection\":[\"Local\",\"Portada\"],\"inLanguage\":\"es\"},{\"@type\":\"WebPage\",\"@id\":\"https:\/\/sanluisinforma.com\/?p=9788\",\"url\":\"https:\/\/sanluisinforma.com\/?p=9788\",\"name\":\"FENAPO 2025 Abre\u00a0 espacios para Emprendedores Locales - sanluisinforma.com\",\"isPartOf\":{\"@id\":\"https:\/\/sanluisinforma.com\/#website\"},\"primaryImageOfPage\":{\"@id\":\"https:\/\/sanluisinforma.com\/?p=9788#primaryimage\"},\"image\":{\"@id\":\"https:\/\/sanluisinforma.com\/?p=9788#primaryimage\"},\"thumbnailUrl\":\"https:\/\/sanluisinforma.com\/wp-content\/uploads\/2025\/01\/75008f4c-1ef7-4430-ba3e-ead2d53fb34c.jpg\",\"datePublished\":\"2025-01-18T06:55:00+00:00\",\"dateModified\":\"2025-01-18T00:14:09+00:00\",\"breadcrumb\":{\"@id\":\"https:\/\/sanluisinforma.com\/?p=9788#breadcrumb\"},\"inLanguage\":\"es\",\"potentialAction\":[{\"@type\":\"ReadAction\",\"target\":[\"https:\/\/sanluisinforma.com\/?p=9788\"]}]},{\"@type\":\"ImageObject\",\"inLanguage\":\"es\",\"@id\":\"https:\/\/sanluisinforma.com\/?p=9788#primaryimage\",\"url\":\"https:\/\/sanluisinforma.com\/wp-content\/uploads\/2025\/01\/75008f4c-1ef7-4430-ba3e-ead2d53fb34c.jpg\",\"contentUrl\":\"https:\/\/sanluisinforma.com\/wp-content\/uploads\/2025\/01\/75008f4c-1ef7-4430-ba3e-ead2d53fb34c.jpg\",\"width\":480,\"height\":342},{\"@type\":\"BreadcrumbList\",\"@id\":\"https:\/\/sanluisinforma.com\/?p=9788#breadcrumb\",\"itemListElement\":[{\"@type\":\"ListItem\",\"position\":1,\"name\":\"Inicio\",\"item\":\"https:\/\/sanluisinforma.com\/\"},{\"@type\":\"ListItem\",\"position\":2,\"name\":\"FENAPO 2025 Abre\u00a0 espacios para Emprendedores Locales\"}]},{\"@type\":\"WebSite\",\"@id\":\"https:\/\/sanluisinforma.com\/#website\",\"url\":\"https:\/\/sanluisinforma.com\/\",\"name\":\"sanluisinforma.com\",\"description\":\"Periodico San Luis Informa\",\"publisher\":{\"@id\":\"https:\/\/sanluisinforma.com\/#organization\"},\"potentialAction\":[{\"@type\":\"SearchAction\",\"target\":{\"@type\":\"EntryPoint\",\"urlTemplate\":\"https:\/\/sanluisinforma.com\/?s={search_term_string}\"},\"query-input\":{\"@type\":\"PropertyValueSpecification\",\"valueRequired\":true,\"valueName\":\"search_term_string\"}}],\"inLanguage\":\"es\"},{\"@type\":\"Organization\",\"@id\":\"https:\/\/sanluisinforma.com\/#organization\",\"name\":\"sanluisinforma.com\",\"url\":\"https:\/\/sanluisinforma.com\/\",\"logo\":{\"@type\":\"ImageObject\",\"inLanguage\":\"es\",\"@id\":\"https:\/\/sanluisinforma.com\/#\/schema\/logo\/image\/\",\"url\":\"https:\/\/sanluisinforma.com\/wp-content\/uploads\/2026\/03\/sanluisinforma-V.jpg\",\"contentUrl\":\"https:\/\/sanluisinforma.com\/wp-content\/uploads\/2026\/03\/sanluisinforma-V.jpg\",\"width\":500,\"height\":156,\"caption\":\"sanluisinforma.com\"},\"image\":{\"@id\":\"https:\/\/sanluisinforma.com\/#\/schema\/logo\/image\/\"}},{\"@type\":\"Person\",\"@id\":\"https:\/\/sanluisinforma.com\/#\/schema\/person\/c30648f71476be533b6f59d092905c8b\",\"name\":\"sanluisinforma.com\",\"image\":{\"@type\":\"ImageObject\",\"inLanguage\":\"es\",\"@id\":\"https:\/\/sanluisinforma.com\/#\/schema\/person\/image\/\",\"url\":\"https:\/\/secure.gravatar.com\/avatar\/86e3114e34a1eecefb963e0a02f0093f93b092dddb2fe1517596343751081a87?s=96&d=mm&r=g\",\"contentUrl\":\"https:\/\/secure.gravatar.com\/avatar\/86e3114e34a1eecefb963e0a02f0093f93b092dddb2fe1517596343751081a87?s=96&d=mm&r=g\",\"caption\":\"sanluisinforma.com\"},\"url\":\"https:\/\/sanluisinforma.com\/?author=2\"}]}<\/script>\n<!-- \/ Yoast SEO plugin. -->","yoast_head_json":{"title":"FENAPO 2025 Abre\u00a0 espacios para Emprendedores Locales - sanluisinforma.com","robots":{"index":"index","follow":"follow","max-snippet":"max-snippet:-1","max-image-preview":"max-image-preview:large","max-video-preview":"max-video-preview:-1"},"canonical":"https:\/\/sanluisinforma.com\/?p=9788","og_locale":"es_MX","og_type":"article","og_title":"FENAPO 2025 Abre\u00a0 espacios para Emprendedores Locales - sanluisinforma.com","og_description":"Comienza la comercializaci\u00f3n de espacios para la edici\u00f3n 2025 de la mejor feria de M\u00e9xico, en diversas plataformas El patronato","og_url":"https:\/\/sanluisinforma.com\/?p=9788","og_site_name":"sanluisinforma.com","article_published_time":"2025-01-18T06:55:00+00:00","article_modified_time":"2025-01-18T00:14:09+00:00","og_image":[{"width":480,"height":342,"url":"https:\/\/sanluisinforma.com\/wp-content\/uploads\/2025\/01\/75008f4c-1ef7-4430-ba3e-ead2d53fb34c.jpg","type":"image\/jpeg"}],"author":"sanluisinforma.com","twitter_card":"summary_large_image","twitter_misc":{"Escrito por":"sanluisinforma.com","Tiempo de lectura":"2 minutos"},"schema":{"@context":"https:\/\/schema.org","@graph":[{"@type":"Article","@id":"https:\/\/sanluisinforma.com\/?p=9788#article","isPartOf":{"@id":"https:\/\/sanluisinforma.com\/?p=9788"},"author":{"name":"sanluisinforma.com","@id":"https:\/\/sanluisinforma.com\/#\/schema\/person\/c30648f71476be533b6f59d092905c8b"},"headline":"FENAPO 2025 Abre\u00a0 espacios para Emprendedores Locales","datePublished":"2025-01-18T06:55:00+00:00","dateModified":"2025-01-18T00:14:09+00:00","mainEntityOfPage":{"@id":"https:\/\/sanluisinforma.com\/?p=9788"},"wordCount":214,"publisher":{"@id":"https:\/\/sanluisinforma.com\/#organization"},"image":{"@id":"https:\/\/sanluisinforma.com\/?p=9788#primaryimage"},"thumbnailUrl":"https:\/\/sanluisinforma.com\/wp-content\/uploads\/2025\/01\/75008f4c-1ef7-4430-ba3e-ead2d53fb34c.jpg","articleSection":["Local","Portada"],"inLanguage":"es"},{"@type":"WebPage","@id":"https:\/\/sanluisinforma.com\/?p=9788","url":"https:\/\/sanluisinforma.com\/?p=9788","name":"FENAPO 2025 Abre\u00a0 espacios para Emprendedores Locales - sanluisinforma.com","isPartOf":{"@id":"https:\/\/sanluisinforma.com\/#website"},"primaryImageOfPage":{"@id":"https:\/\/sanluisinforma.com\/?p=9788#primaryimage"},"image":{"@id":"https:\/\/sanluisinforma.com\/?p=9788#primaryimage"},"thumbnailUrl":"https:\/\/sanluisinforma.com\/wp-content\/uploads\/2025\/01\/75008f4c-1ef7-4430-ba3e-ead2d53fb34c.jpg","datePublished":"2025-01-18T06:55:00+00:00","dateModified":"2025-01-18T00:14:09+00:00","breadcrumb":{"@id":"https:\/\/sanluisinforma.com\/?p=9788#breadcrumb"},"inLanguage":"es","potentialAction":[{"@type":"ReadAction","target":["https:\/\/sanluisinforma.com\/?p=9788"]}]},{"@type":"ImageObject","inLanguage":"es","@id":"https:\/\/sanluisinforma.com\/?p=9788#primaryimage","url":"https:\/\/sanluisinforma.com\/wp-content\/uploads\/2025\/01\/75008f4c-1ef7-4430-ba3e-ead2d53fb34c.jpg","contentUrl":"https:\/\/sanluisinforma.com\/wp-content\/uploads\/2025\/01\/75008f4c-1ef7-4430-ba3e-ead2d53fb34c.jpg","width":480,"height":342},{"@type":"BreadcrumbList","@id":"https:\/\/sanluisinforma.com\/?p=9788#breadcrumb","itemListElement":[{"@type":"ListItem","position":1,"name":"Inicio","item":"https:\/\/sanluisinforma.com\/"},{"@type":"ListItem","position":2,"name":"FENAPO 2025 Abre\u00a0 espacios para Emprendedores Locales"}]},{"@type":"WebSite","@id":"https:\/\/sanluisinforma.com\/#website","url":"https:\/\/sanluisinforma.com\/","name":"sanluisinforma.com","description":"Periodico San Luis Informa","publisher":{"@id":"https:\/\/sanluisinforma.com\/#organization"},"potentialAction":[{"@type":"SearchAction","target":{"@type":"EntryPoint","urlTemplate":"https:\/\/sanluisinforma.com\/?s={search_term_string}"},"query-input":{"@type":"PropertyValueSpecification","valueRequired":true,"valueName":"search_term_string"}}],"inLanguage":"es"},{"@type":"Organization","@id":"https:\/\/sanluisinforma.com\/#organization","name":"sanluisinforma.com","url":"https:\/\/sanluisinforma.com\/","logo":{"@type":"ImageObject","inLanguage":"es","@id":"https:\/\/sanluisinforma.com\/#\/schema\/logo\/image\/","url":"https:\/\/sanluisinforma.com\/wp-content\/uploads\/2026\/03\/sanluisinforma-V.jpg","contentUrl":"https:\/\/sanluisinforma.com\/wp-content\/uploads\/2026\/03\/sanluisinforma-V.jpg","width":500,"height":156,"caption":"sanluisinforma.com"},"image":{"@id":"https:\/\/sanluisinforma.com\/#\/schema\/logo\/image\/"}},{"@type":"Person","@id":"https:\/\/sanluisinforma.com\/#\/schema\/person\/c30648f71476be533b6f59d092905c8b","name":"sanluisinforma.com","image":{"@type":"ImageObject","inLanguage":"es","@id":"https:\/\/sanluisinforma.com\/#\/schema\/person\/image\/","url":"https:\/\/secure.gravatar.com\/avatar\/86e3114e34a1eecefb963e0a02f0093f93b092dddb2fe1517596343751081a87?s=96&d=mm&r=g","contentUrl":"https:\/\/secure.gravatar.com\/avatar\/86e3114e34a1eecefb963e0a02f0093f93b092dddb2fe1517596343751081a87?s=96&d=mm&r=g","caption":"sanluisinforma.com"},"url":"https:\/\/sanluisinforma.com\/?author=2"}]}},"_links":{"self":[{"href":"https:\/\/sanluisinforma.com\/index.php?rest_route=\/wp\/v2\/posts\/9788","targetHints":{"allow":["GET"]}}],"collection":[{"href":"https:\/\/sanluisinforma.com\/index.php?rest_route=\/wp\/v2\/posts"}],"about":[{"href":"https:\/\/sanluisinforma.com\/index.php?rest_route=\/wp\/v2\/types\/post"}],"author":[{"embeddable":true,"href":"https:\/\/sanluisinforma.com\/index.php?rest_route=\/wp\/v2\/users\/2"}],"replies":[{"embeddable":true,"href":"https:\/\/sanluisinforma.com\/index.php?rest_route=%2Fwp%2Fv2%2Fcomments&post=9788"}],"version-history":[{"count":1,"href":"https:\/\/sanluisinforma.com\/index.php?rest_route=\/wp\/v2\/posts\/9788\/revisions"}],"predecessor-version":[{"id":9790,"href":"https:\/\/sanluisinforma.com\/index.php?rest_route=\/wp\/v2\/posts\/9788\/revisions\/9790"}],"wp:featuredmedia":[{"embeddable":true,"href":"https:\/\/sanluisinforma.com\/index.php?rest_route=\/wp\/v2\/media\/9789"}],"wp:attachment":[{"href":"https:\/\/sanluisinforma.com\/index.php?rest_route=%2Fwp%2Fv2%2Fmedia&parent=9788"}],"wp:term":[{"taxonomy":"category","embeddable":true,"href":"https:\/\/sanluisinforma.com\/index.php?rest_route=%2Fwp%2Fv2%2Fcategories&post=9788"},{"taxonomy":"post_tag","embeddable":true,"href":"https:\/\/sanluisinforma.com\/index.php?rest_route=%2Fwp%2Fv2%2Ftags&post=9788"}],"curies":[{"name":"wp","href":"https:\/\/api.w.org\/{rel}","templated":true}]}}