{"id":9799,"date":"2025-01-19T00:40:00","date_gmt":"2025-01-19T06:40:00","guid":{"rendered":"https:\/\/sanluisinforma.com\/?p=9799"},"modified":"2025-01-18T23:29:00","modified_gmt":"2025-01-19T05:29:00","slug":"gobierno-estatal-inicio-construccion-de-abrevaderos-en-la-huasteca","status":"publish","type":"post","link":"https:\/\/sanluisinforma.com\/?p=9799","title":{"rendered":"\u00a0Gobierno Estatal inicio construcci\u00f3n de Abrevaderos en la Huasteca"},"content":{"rendered":"\n<p><\/p>\n\n\n\n<p>Las y los productores agropecuarios reciben m\u00e1s apoyo para captar agua de lluvia<\/p>\n\n\n\n<p>Con la intenci\u00f3n de captar y almacenar el agua de lluvia, la Secretar\u00eda de Desarrollo Agropecuario y Recursos Hidr\u00e1ulicos (Sedarh) y ayuntamientos de la regi\u00f3n Huasteca, iniciaron el programa de Rehabilitaci\u00f3n de bordos y ollas de abrevadero, para acercar m\u00e1s apoyo a las y los productores del campo.<\/p>\n\n\n\n<p>En El Naranjo, el titular de la Sedarh, Jorge Luis D\u00edaz Salinas, en coordinaci\u00f3n con el ayuntamiento, reactivaron el plan para beneficiar a m\u00e1s de 640 familias de ocho localidades, con una m\u00e1quina bulldozer D6 que trabajar\u00e1 400 horas en las represas que estaban da\u00f1adas, en cumplimiento con la instrucci\u00f3n del Gobernador Ricardo Gallardo Cardona, para seguir impulsando al campo potosino.<\/p>\n\n\n\n<p>Los trabajos iniciaron el pasado 10 de enero, con representantes de las y los agricultores y ganaderos, quienes continuar\u00e1n en las pr\u00f3ximas semanas para preparar las represas antes del inicio de la temporada de lluvias, para captar m\u00e1s de 22 mil metros c\u00fabicos del elemento h\u00eddrico, en atenci\u00f3n de m\u00e1s de mil unidades animal.<\/p>\n\n\n\n<p>Con este programa de la Sedarh, el Gobierno Estatal reafirma su compromiso de atender e impulsar beneficios para el campo potosino.<\/p>\n","protected":false},"excerpt":{"rendered":"<p>Las y los productores agropecuarios reciben m\u00e1s apoyo para captar agua de lluvia Con la intenci\u00f3n de captar y almacenar<\/p>\n","protected":false},"author":2,"featured_media":9800,"comment_status":"closed","ping_status":"closed","sticky":false,"template":"","format":"standard","meta":{"footnotes":""},"categories":[25],"tags":[],"class_list":["post-9799","post","type-post","status-publish","format-standard","has-post-thumbnail","hentry","category-local"],"yoast_head":"<!-- This site is optimized with the Yoast SEO plugin v24.1 - https:\/\/yoast.com\/wordpress\/plugins\/seo\/ -->\n<title>\u00a0Gobierno Estatal inicio construcci\u00f3n de Abrevaderos en la Huasteca - sanluisinforma.com<\/title>\n<meta name=\"robots\" content=\"index, follow, max-snippet:-1, max-image-preview:large, max-video-preview:-1\" \/>\n<link rel=\"canonical\" href=\"https:\/\/sanluisinforma.com\/?p=9799\" \/>\n<meta property=\"og:locale\" content=\"es_MX\" \/>\n<meta property=\"og:type\" content=\"article\" \/>\n<meta property=\"og:title\" content=\"\u00a0Gobierno Estatal inicio construcci\u00f3n de Abrevaderos en la Huasteca - sanluisinforma.com\" \/>\n<meta property=\"og:description\" content=\"Las y los productores agropecuarios reciben m\u00e1s apoyo para captar agua de lluvia Con la intenci\u00f3n de captar y almacenar\" \/>\n<meta property=\"og:url\" content=\"https:\/\/sanluisinforma.com\/?p=9799\" \/>\n<meta property=\"og:site_name\" content=\"sanluisinforma.com\" \/>\n<meta property=\"article:published_time\" content=\"2025-01-19T06:40:00+00:00\" \/>\n<meta property=\"article:modified_time\" content=\"2025-01-19T05:29:00+00:00\" \/>\n<meta property=\"og:image\" content=\"https:\/\/sanluisinforma.com\/wp-content\/uploads\/2025\/01\/e60054d3-7ee9-45d8-bfeb-728b42e41b78.jpg\" \/>\n\t<meta property=\"og:image:width\" content=\"480\" \/>\n\t<meta property=\"og:image:height\" content=\"360\" \/>\n\t<meta property=\"og:image:type\" content=\"image\/jpeg\" \/>\n<meta name=\"author\" content=\"sanluisinforma.com\" \/>\n<meta name=\"twitter:card\" content=\"summary_large_image\" \/>\n<meta name=\"twitter:label1\" content=\"Escrito por\" \/>\n\t<meta name=\"twitter:data1\" content=\"sanluisinforma.com\" \/>\n\t<meta name=\"twitter:label2\" content=\"Tiempo de lectura\" \/>\n\t<meta name=\"twitter:data2\" content=\"2 minutos\" \/>\n<script type=\"application\/ld+json\" class=\"yoast-schema-graph\">{\"@context\":\"https:\/\/schema.org\",\"@graph\":[{\"@type\":\"Article\",\"@id\":\"https:\/\/sanluisinforma.com\/?p=9799#article\",\"isPartOf\":{\"@id\":\"https:\/\/sanluisinforma.com\/?p=9799\"},\"author\":{\"name\":\"sanluisinforma.com\",\"@id\":\"https:\/\/sanluisinforma.com\/#\/schema\/person\/c30648f71476be533b6f59d092905c8b\"},\"headline\":\"\u00a0Gobierno Estatal inicio construcci\u00f3n de Abrevaderos en la Huasteca\",\"datePublished\":\"2025-01-19T06:40:00+00:00\",\"dateModified\":\"2025-01-19T05:29:00+00:00\",\"mainEntityOfPage\":{\"@id\":\"https:\/\/sanluisinforma.com\/?p=9799\"},\"wordCount\":223,\"publisher\":{\"@id\":\"https:\/\/sanluisinforma.com\/#organization\"},\"image\":{\"@id\":\"https:\/\/sanluisinforma.com\/?p=9799#primaryimage\"},\"thumbnailUrl\":\"https:\/\/sanluisinforma.com\/wp-content\/uploads\/2025\/01\/e60054d3-7ee9-45d8-bfeb-728b42e41b78.jpg\",\"articleSection\":[\"Local\"],\"inLanguage\":\"es\"},{\"@type\":\"WebPage\",\"@id\":\"https:\/\/sanluisinforma.com\/?p=9799\",\"url\":\"https:\/\/sanluisinforma.com\/?p=9799\",\"name\":\"\u00a0Gobierno Estatal inicio construcci\u00f3n de Abrevaderos en la Huasteca - sanluisinforma.com\",\"isPartOf\":{\"@id\":\"https:\/\/sanluisinforma.com\/#website\"},\"primaryImageOfPage\":{\"@id\":\"https:\/\/sanluisinforma.com\/?p=9799#primaryimage\"},\"image\":{\"@id\":\"https:\/\/sanluisinforma.com\/?p=9799#primaryimage\"},\"thumbnailUrl\":\"https:\/\/sanluisinforma.com\/wp-content\/uploads\/2025\/01\/e60054d3-7ee9-45d8-bfeb-728b42e41b78.jpg\",\"datePublished\":\"2025-01-19T06:40:00+00:00\",\"dateModified\":\"2025-01-19T05:29:00+00:00\",\"breadcrumb\":{\"@id\":\"https:\/\/sanluisinforma.com\/?p=9799#breadcrumb\"},\"inLanguage\":\"es\",\"potentialAction\":[{\"@type\":\"ReadAction\",\"target\":[\"https:\/\/sanluisinforma.com\/?p=9799\"]}]},{\"@type\":\"ImageObject\",\"inLanguage\":\"es\",\"@id\":\"https:\/\/sanluisinforma.com\/?p=9799#primaryimage\",\"url\":\"https:\/\/sanluisinforma.com\/wp-content\/uploads\/2025\/01\/e60054d3-7ee9-45d8-bfeb-728b42e41b78.jpg\",\"contentUrl\":\"https:\/\/sanluisinforma.com\/wp-content\/uploads\/2025\/01\/e60054d3-7ee9-45d8-bfeb-728b42e41b78.jpg\",\"width\":480,\"height\":360},{\"@type\":\"BreadcrumbList\",\"@id\":\"https:\/\/sanluisinforma.com\/?p=9799#breadcrumb\",\"itemListElement\":[{\"@type\":\"ListItem\",\"position\":1,\"name\":\"Inicio\",\"item\":\"https:\/\/sanluisinforma.com\/\"},{\"@type\":\"ListItem\",\"position\":2,\"name\":\"\u00a0Gobierno Estatal inicio construcci\u00f3n de Abrevaderos en la Huasteca\"}]},{\"@type\":\"WebSite\",\"@id\":\"https:\/\/sanluisinforma.com\/#website\",\"url\":\"https:\/\/sanluisinforma.com\/\",\"name\":\"sanluisinforma.com\",\"description\":\"Periodico San Luis Informa\",\"publisher\":{\"@id\":\"https:\/\/sanluisinforma.com\/#organization\"},\"potentialAction\":[{\"@type\":\"SearchAction\",\"target\":{\"@type\":\"EntryPoint\",\"urlTemplate\":\"https:\/\/sanluisinforma.com\/?s={search_term_string}\"},\"query-input\":{\"@type\":\"PropertyValueSpecification\",\"valueRequired\":true,\"valueName\":\"search_term_string\"}}],\"inLanguage\":\"es\"},{\"@type\":\"Organization\",\"@id\":\"https:\/\/sanluisinforma.com\/#organization\",\"name\":\"sanluisinforma.com\",\"url\":\"https:\/\/sanluisinforma.com\/\",\"logo\":{\"@type\":\"ImageObject\",\"inLanguage\":\"es\",\"@id\":\"https:\/\/sanluisinforma.com\/#\/schema\/logo\/image\/\",\"url\":\"https:\/\/sanluisinforma.com\/wp-content\/uploads\/2026\/03\/sanluisinforma-V.jpg\",\"contentUrl\":\"https:\/\/sanluisinforma.com\/wp-content\/uploads\/2026\/03\/sanluisinforma-V.jpg\",\"width\":500,\"height\":156,\"caption\":\"sanluisinforma.com\"},\"image\":{\"@id\":\"https:\/\/sanluisinforma.com\/#\/schema\/logo\/image\/\"}},{\"@type\":\"Person\",\"@id\":\"https:\/\/sanluisinforma.com\/#\/schema\/person\/c30648f71476be533b6f59d092905c8b\",\"name\":\"sanluisinforma.com\",\"image\":{\"@type\":\"ImageObject\",\"inLanguage\":\"es\",\"@id\":\"https:\/\/sanluisinforma.com\/#\/schema\/person\/image\/\",\"url\":\"https:\/\/secure.gravatar.com\/avatar\/86e3114e34a1eecefb963e0a02f0093f93b092dddb2fe1517596343751081a87?s=96&d=mm&r=g\",\"contentUrl\":\"https:\/\/secure.gravatar.com\/avatar\/86e3114e34a1eecefb963e0a02f0093f93b092dddb2fe1517596343751081a87?s=96&d=mm&r=g\",\"caption\":\"sanluisinforma.com\"},\"url\":\"https:\/\/sanluisinforma.com\/?author=2\"}]}<\/script>\n<!-- \/ Yoast SEO plugin. -->","yoast_head_json":{"title":"\u00a0Gobierno Estatal inicio construcci\u00f3n de Abrevaderos en la Huasteca - sanluisinforma.com","robots":{"index":"index","follow":"follow","max-snippet":"max-snippet:-1","max-image-preview":"max-image-preview:large","max-video-preview":"max-video-preview:-1"},"canonical":"https:\/\/sanluisinforma.com\/?p=9799","og_locale":"es_MX","og_type":"article","og_title":"\u00a0Gobierno Estatal inicio construcci\u00f3n de Abrevaderos en la Huasteca - sanluisinforma.com","og_description":"Las y los productores agropecuarios reciben m\u00e1s apoyo para captar agua de lluvia Con la intenci\u00f3n de captar y almacenar","og_url":"https:\/\/sanluisinforma.com\/?p=9799","og_site_name":"sanluisinforma.com","article_published_time":"2025-01-19T06:40:00+00:00","article_modified_time":"2025-01-19T05:29:00+00:00","og_image":[{"width":480,"height":360,"url":"https:\/\/sanluisinforma.com\/wp-content\/uploads\/2025\/01\/e60054d3-7ee9-45d8-bfeb-728b42e41b78.jpg","type":"image\/jpeg"}],"author":"sanluisinforma.com","twitter_card":"summary_large_image","twitter_misc":{"Escrito por":"sanluisinforma.com","Tiempo de lectura":"2 minutos"},"schema":{"@context":"https:\/\/schema.org","@graph":[{"@type":"Article","@id":"https:\/\/sanluisinforma.com\/?p=9799#article","isPartOf":{"@id":"https:\/\/sanluisinforma.com\/?p=9799"},"author":{"name":"sanluisinforma.com","@id":"https:\/\/sanluisinforma.com\/#\/schema\/person\/c30648f71476be533b6f59d092905c8b"},"headline":"\u00a0Gobierno Estatal inicio construcci\u00f3n de Abrevaderos en la Huasteca","datePublished":"2025-01-19T06:40:00+00:00","dateModified":"2025-01-19T05:29:00+00:00","mainEntityOfPage":{"@id":"https:\/\/sanluisinforma.com\/?p=9799"},"wordCount":223,"publisher":{"@id":"https:\/\/sanluisinforma.com\/#organization"},"image":{"@id":"https:\/\/sanluisinforma.com\/?p=9799#primaryimage"},"thumbnailUrl":"https:\/\/sanluisinforma.com\/wp-content\/uploads\/2025\/01\/e60054d3-7ee9-45d8-bfeb-728b42e41b78.jpg","articleSection":["Local"],"inLanguage":"es"},{"@type":"WebPage","@id":"https:\/\/sanluisinforma.com\/?p=9799","url":"https:\/\/sanluisinforma.com\/?p=9799","name":"\u00a0Gobierno Estatal inicio construcci\u00f3n de Abrevaderos en la Huasteca - sanluisinforma.com","isPartOf":{"@id":"https:\/\/sanluisinforma.com\/#website"},"primaryImageOfPage":{"@id":"https:\/\/sanluisinforma.com\/?p=9799#primaryimage"},"image":{"@id":"https:\/\/sanluisinforma.com\/?p=9799#primaryimage"},"thumbnailUrl":"https:\/\/sanluisinforma.com\/wp-content\/uploads\/2025\/01\/e60054d3-7ee9-45d8-bfeb-728b42e41b78.jpg","datePublished":"2025-01-19T06:40:00+00:00","dateModified":"2025-01-19T05:29:00+00:00","breadcrumb":{"@id":"https:\/\/sanluisinforma.com\/?p=9799#breadcrumb"},"inLanguage":"es","potentialAction":[{"@type":"ReadAction","target":["https:\/\/sanluisinforma.com\/?p=9799"]}]},{"@type":"ImageObject","inLanguage":"es","@id":"https:\/\/sanluisinforma.com\/?p=9799#primaryimage","url":"https:\/\/sanluisinforma.com\/wp-content\/uploads\/2025\/01\/e60054d3-7ee9-45d8-bfeb-728b42e41b78.jpg","contentUrl":"https:\/\/sanluisinforma.com\/wp-content\/uploads\/2025\/01\/e60054d3-7ee9-45d8-bfeb-728b42e41b78.jpg","width":480,"height":360},{"@type":"BreadcrumbList","@id":"https:\/\/sanluisinforma.com\/?p=9799#breadcrumb","itemListElement":[{"@type":"ListItem","position":1,"name":"Inicio","item":"https:\/\/sanluisinforma.com\/"},{"@type":"ListItem","position":2,"name":"\u00a0Gobierno Estatal inicio construcci\u00f3n de Abrevaderos en la Huasteca"}]},{"@type":"WebSite","@id":"https:\/\/sanluisinforma.com\/#website","url":"https:\/\/sanluisinforma.com\/","name":"sanluisinforma.com","description":"Periodico San Luis Informa","publisher":{"@id":"https:\/\/sanluisinforma.com\/#organization"},"potentialAction":[{"@type":"SearchAction","target":{"@type":"EntryPoint","urlTemplate":"https:\/\/sanluisinforma.com\/?s={search_term_string}"},"query-input":{"@type":"PropertyValueSpecification","valueRequired":true,"valueName":"search_term_string"}}],"inLanguage":"es"},{"@type":"Organization","@id":"https:\/\/sanluisinforma.com\/#organization","name":"sanluisinforma.com","url":"https:\/\/sanluisinforma.com\/","logo":{"@type":"ImageObject","inLanguage":"es","@id":"https:\/\/sanluisinforma.com\/#\/schema\/logo\/image\/","url":"https:\/\/sanluisinforma.com\/wp-content\/uploads\/2026\/03\/sanluisinforma-V.jpg","contentUrl":"https:\/\/sanluisinforma.com\/wp-content\/uploads\/2026\/03\/sanluisinforma-V.jpg","width":500,"height":156,"caption":"sanluisinforma.com"},"image":{"@id":"https:\/\/sanluisinforma.com\/#\/schema\/logo\/image\/"}},{"@type":"Person","@id":"https:\/\/sanluisinforma.com\/#\/schema\/person\/c30648f71476be533b6f59d092905c8b","name":"sanluisinforma.com","image":{"@type":"ImageObject","inLanguage":"es","@id":"https:\/\/sanluisinforma.com\/#\/schema\/person\/image\/","url":"https:\/\/secure.gravatar.com\/avatar\/86e3114e34a1eecefb963e0a02f0093f93b092dddb2fe1517596343751081a87?s=96&d=mm&r=g","contentUrl":"https:\/\/secure.gravatar.com\/avatar\/86e3114e34a1eecefb963e0a02f0093f93b092dddb2fe1517596343751081a87?s=96&d=mm&r=g","caption":"sanluisinforma.com"},"url":"https:\/\/sanluisinforma.com\/?author=2"}]}},"_links":{"self":[{"href":"https:\/\/sanluisinforma.com\/index.php?rest_route=\/wp\/v2\/posts\/9799","targetHints":{"allow":["GET"]}}],"collection":[{"href":"https:\/\/sanluisinforma.com\/index.php?rest_route=\/wp\/v2\/posts"}],"about":[{"href":"https:\/\/sanluisinforma.com\/index.php?rest_route=\/wp\/v2\/types\/post"}],"author":[{"embeddable":true,"href":"https:\/\/sanluisinforma.com\/index.php?rest_route=\/wp\/v2\/users\/2"}],"replies":[{"embeddable":true,"href":"https:\/\/sanluisinforma.com\/index.php?rest_route=%2Fwp%2Fv2%2Fcomments&post=9799"}],"version-history":[{"count":1,"href":"https:\/\/sanluisinforma.com\/index.php?rest_route=\/wp\/v2\/posts\/9799\/revisions"}],"predecessor-version":[{"id":9801,"href":"https:\/\/sanluisinforma.com\/index.php?rest_route=\/wp\/v2\/posts\/9799\/revisions\/9801"}],"wp:featuredmedia":[{"embeddable":true,"href":"https:\/\/sanluisinforma.com\/index.php?rest_route=\/wp\/v2\/media\/9800"}],"wp:attachment":[{"href":"https:\/\/sanluisinforma.com\/index.php?rest_route=%2Fwp%2Fv2%2Fmedia&parent=9799"}],"wp:term":[{"taxonomy":"category","embeddable":true,"href":"https:\/\/sanluisinforma.com\/index.php?rest_route=%2Fwp%2Fv2%2Fcategories&post=9799"},{"taxonomy":"post_tag","embeddable":true,"href":"https:\/\/sanluisinforma.com\/index.php?rest_route=%2Fwp%2Fv2%2Ftags&post=9799"}],"curies":[{"name":"wp","href":"https:\/\/api.w.org\/{rel}","templated":true}]}}