{"id":9804,"date":"2025-01-19T00:50:00","date_gmt":"2025-01-19T06:50:00","guid":{"rendered":"https:\/\/sanluisinforma.com\/?p=9804"},"modified":"2025-01-18T23:33:07","modified_gmt":"2025-01-19T05:33:07","slug":"convocan-a-jovenes-para-integrar-el-consejo-municipal-de-la-juventud-en-slp","status":"publish","type":"post","link":"https:\/\/sanluisinforma.com\/?p=9804","title":{"rendered":"Convocan a J\u00f3venes para Integrar el Consejo Municipal de la Juventud en SLP"},"content":{"rendered":"\n<ul class=\"wp-block-list\">\n<li>A trav\u00e9s del Consejo Municipal de la Juventud, se fomenta la inclusi\u00f3n y la participaci\u00f3n juvenil en la toma de decisiones, apunt\u00f3 el Director de Atenci\u00f3n a la Juventud, Guillermo Rivera.<\/li>\n\n\n\n<li>Es as\u00ed como el Gobierno Municipal que encabeza el Alcalde Enrique Galindo Ceballos, reafirma su compromiso con las juventudes potosinas, complet\u00f3.<\/li>\n<\/ul>\n\n\n\n<p><\/p>\n\n\n\n<p>El Director de Atenci\u00f3n a la Juventud, Guillermo Rivera Morales, llam\u00f3 a las y los j\u00f3venes de San Luis Potos\u00ed a participar en el proceso de renovaci\u00f3n del Consejo Municipal de la Juventud. Esta convocatoria, aprobada por el Cabildo de la Capital, es un esfuerzo encabezado por el Alcalde Enrique Galindo Ceballos para fomentar la inclusi\u00f3n y la participaci\u00f3n juvenil en la toma de decisiones.<\/p>\n\n\n\n<p>El Consejo Municipal de la Juventud se presenta como un espacio donde las voces de los j\u00f3venes potosinos ser\u00e1n escuchadas, y a trav\u00e9s de sus propuestas, emergen las pol\u00edticas p\u00fablicas que el Gobierno Municipal implementar\u00e1 para atender sus principales anhelos y necesidades. Con esta iniciativa, la administraci\u00f3n municipal ratifica su compromiso con la juventud y refuerza la importancia de su rol en la construcci\u00f3n de un mejor San Luis Capital.<\/p>\n\n\n\n<p>Rivera Morales enfatiz\u00f3 la importancia de que los j\u00f3venes se involucren activamente en este proceso, subrayando que su participaci\u00f3n es crucial para asegurar que las pol\u00edticas p\u00fablicas sean representativas y respondan a las realidades que enfrentan d\u00eda a d\u00eda.<\/p>\n\n\n\n<p>El Alcalde Enrique Galindo Ceballos ha resaltado tambi\u00e9n la relevancia de esta convocatoria, apuntando que el esfuerzo por incluir a los j\u00f3venes en la toma de decisiones es una muestra de la visi\u00f3n progresista de su administraci\u00f3n, buscando siempre mejorar las condiciones de vida de todos los ciudadanos, complet\u00f3 el director de Atenci\u00f3n a la Juventud.<\/p>\n\n\n\n<p>Finalmente, Rivera Morales destac\u00f3 que la convocatoria est\u00e1 abierta y se invita a todos los j\u00f3venes de entre 18 y 29 a\u00f1os a conocer la convocatoria en sanluis.gob.mx o en las redes sociales de Atenci\u00f3n a la Juventud, presentar sus candidaturas y participar en este proceso que promete ser un pilar fundamental para el desarrollo y bienestar de la juventud potosina.<\/p>\n","protected":false},"excerpt":{"rendered":"<p>El Director de Atenci\u00f3n a la Juventud, Guillermo Rivera Morales, llam\u00f3 a las y los j\u00f3venes de San Luis Potos\u00ed<\/p>\n","protected":false},"author":2,"featured_media":9805,"comment_status":"closed","ping_status":"closed","sticky":false,"template":"","format":"standard","meta":{"footnotes":""},"categories":[25,30],"tags":[],"class_list":["post-9804","post","type-post","status-publish","format-standard","has-post-thumbnail","hentry","category-local","category-portada"],"yoast_head":"<!-- This site is optimized with the Yoast SEO plugin v24.1 - https:\/\/yoast.com\/wordpress\/plugins\/seo\/ -->\n<title>Convocan a J\u00f3venes para Integrar el Consejo Municipal de la Juventud en SLP - sanluisinforma.com<\/title>\n<meta name=\"robots\" content=\"index, follow, max-snippet:-1, max-image-preview:large, max-video-preview:-1\" \/>\n<link rel=\"canonical\" href=\"https:\/\/sanluisinforma.com\/?p=9804\" \/>\n<meta property=\"og:locale\" content=\"es_MX\" \/>\n<meta property=\"og:type\" content=\"article\" \/>\n<meta property=\"og:title\" content=\"Convocan a J\u00f3venes para Integrar el Consejo Municipal de la Juventud en SLP - sanluisinforma.com\" \/>\n<meta property=\"og:description\" content=\"El Director de Atenci\u00f3n a la Juventud, Guillermo Rivera Morales, llam\u00f3 a las y los j\u00f3venes de San Luis Potos\u00ed\" \/>\n<meta property=\"og:url\" content=\"https:\/\/sanluisinforma.com\/?p=9804\" \/>\n<meta property=\"og:site_name\" content=\"sanluisinforma.com\" \/>\n<meta property=\"article:published_time\" content=\"2025-01-19T06:50:00+00:00\" \/>\n<meta property=\"article:modified_time\" content=\"2025-01-19T05:33:07+00:00\" \/>\n<meta property=\"og:image\" content=\"https:\/\/sanluisinforma.com\/wp-content\/uploads\/2025\/01\/c8f1b355-8370-4bbb-808d-0fdd5d2025fc.jpg\" \/>\n\t<meta property=\"og:image:width\" content=\"480\" \/>\n\t<meta property=\"og:image:height\" content=\"319\" \/>\n\t<meta property=\"og:image:type\" content=\"image\/jpeg\" \/>\n<meta name=\"author\" content=\"sanluisinforma.com\" \/>\n<meta name=\"twitter:card\" content=\"summary_large_image\" \/>\n<meta name=\"twitter:label1\" content=\"Escrito por\" \/>\n\t<meta name=\"twitter:data1\" content=\"sanluisinforma.com\" \/>\n\t<meta name=\"twitter:label2\" content=\"Tiempo de lectura\" \/>\n\t<meta name=\"twitter:data2\" content=\"2 minutos\" \/>\n<script type=\"application\/ld+json\" class=\"yoast-schema-graph\">{\"@context\":\"https:\/\/schema.org\",\"@graph\":[{\"@type\":\"Article\",\"@id\":\"https:\/\/sanluisinforma.com\/?p=9804#article\",\"isPartOf\":{\"@id\":\"https:\/\/sanluisinforma.com\/?p=9804\"},\"author\":{\"name\":\"sanluisinforma.com\",\"@id\":\"https:\/\/sanluisinforma.com\/#\/schema\/person\/c30648f71476be533b6f59d092905c8b\"},\"headline\":\"Convocan a J\u00f3venes para Integrar el Consejo Municipal de la Juventud en SLP\",\"datePublished\":\"2025-01-19T06:50:00+00:00\",\"dateModified\":\"2025-01-19T05:33:07+00:00\",\"mainEntityOfPage\":{\"@id\":\"https:\/\/sanluisinforma.com\/?p=9804\"},\"wordCount\":387,\"publisher\":{\"@id\":\"https:\/\/sanluisinforma.com\/#organization\"},\"image\":{\"@id\":\"https:\/\/sanluisinforma.com\/?p=9804#primaryimage\"},\"thumbnailUrl\":\"https:\/\/sanluisinforma.com\/wp-content\/uploads\/2025\/01\/c8f1b355-8370-4bbb-808d-0fdd5d2025fc.jpg\",\"articleSection\":[\"Local\",\"Portada\"],\"inLanguage\":\"es\"},{\"@type\":\"WebPage\",\"@id\":\"https:\/\/sanluisinforma.com\/?p=9804\",\"url\":\"https:\/\/sanluisinforma.com\/?p=9804\",\"name\":\"Convocan a J\u00f3venes para Integrar el Consejo Municipal de la Juventud en SLP - sanluisinforma.com\",\"isPartOf\":{\"@id\":\"https:\/\/sanluisinforma.com\/#website\"},\"primaryImageOfPage\":{\"@id\":\"https:\/\/sanluisinforma.com\/?p=9804#primaryimage\"},\"image\":{\"@id\":\"https:\/\/sanluisinforma.com\/?p=9804#primaryimage\"},\"thumbnailUrl\":\"https:\/\/sanluisinforma.com\/wp-content\/uploads\/2025\/01\/c8f1b355-8370-4bbb-808d-0fdd5d2025fc.jpg\",\"datePublished\":\"2025-01-19T06:50:00+00:00\",\"dateModified\":\"2025-01-19T05:33:07+00:00\",\"breadcrumb\":{\"@id\":\"https:\/\/sanluisinforma.com\/?p=9804#breadcrumb\"},\"inLanguage\":\"es\",\"potentialAction\":[{\"@type\":\"ReadAction\",\"target\":[\"https:\/\/sanluisinforma.com\/?p=9804\"]}]},{\"@type\":\"ImageObject\",\"inLanguage\":\"es\",\"@id\":\"https:\/\/sanluisinforma.com\/?p=9804#primaryimage\",\"url\":\"https:\/\/sanluisinforma.com\/wp-content\/uploads\/2025\/01\/c8f1b355-8370-4bbb-808d-0fdd5d2025fc.jpg\",\"contentUrl\":\"https:\/\/sanluisinforma.com\/wp-content\/uploads\/2025\/01\/c8f1b355-8370-4bbb-808d-0fdd5d2025fc.jpg\",\"width\":480,\"height\":319},{\"@type\":\"BreadcrumbList\",\"@id\":\"https:\/\/sanluisinforma.com\/?p=9804#breadcrumb\",\"itemListElement\":[{\"@type\":\"ListItem\",\"position\":1,\"name\":\"Inicio\",\"item\":\"https:\/\/sanluisinforma.com\/\"},{\"@type\":\"ListItem\",\"position\":2,\"name\":\"Convocan a J\u00f3venes para Integrar el Consejo Municipal de la Juventud en SLP\"}]},{\"@type\":\"WebSite\",\"@id\":\"https:\/\/sanluisinforma.com\/#website\",\"url\":\"https:\/\/sanluisinforma.com\/\",\"name\":\"sanluisinforma.com\",\"description\":\"Periodico San Luis Informa\",\"publisher\":{\"@id\":\"https:\/\/sanluisinforma.com\/#organization\"},\"potentialAction\":[{\"@type\":\"SearchAction\",\"target\":{\"@type\":\"EntryPoint\",\"urlTemplate\":\"https:\/\/sanluisinforma.com\/?s={search_term_string}\"},\"query-input\":{\"@type\":\"PropertyValueSpecification\",\"valueRequired\":true,\"valueName\":\"search_term_string\"}}],\"inLanguage\":\"es\"},{\"@type\":\"Organization\",\"@id\":\"https:\/\/sanluisinforma.com\/#organization\",\"name\":\"sanluisinforma.com\",\"url\":\"https:\/\/sanluisinforma.com\/\",\"logo\":{\"@type\":\"ImageObject\",\"inLanguage\":\"es\",\"@id\":\"https:\/\/sanluisinforma.com\/#\/schema\/logo\/image\/\",\"url\":\"https:\/\/sanluisinforma.com\/wp-content\/uploads\/2026\/03\/sanluisinforma-V.jpg\",\"contentUrl\":\"https:\/\/sanluisinforma.com\/wp-content\/uploads\/2026\/03\/sanluisinforma-V.jpg\",\"width\":500,\"height\":156,\"caption\":\"sanluisinforma.com\"},\"image\":{\"@id\":\"https:\/\/sanluisinforma.com\/#\/schema\/logo\/image\/\"}},{\"@type\":\"Person\",\"@id\":\"https:\/\/sanluisinforma.com\/#\/schema\/person\/c30648f71476be533b6f59d092905c8b\",\"name\":\"sanluisinforma.com\",\"image\":{\"@type\":\"ImageObject\",\"inLanguage\":\"es\",\"@id\":\"https:\/\/sanluisinforma.com\/#\/schema\/person\/image\/\",\"url\":\"https:\/\/secure.gravatar.com\/avatar\/86e3114e34a1eecefb963e0a02f0093f93b092dddb2fe1517596343751081a87?s=96&d=mm&r=g\",\"contentUrl\":\"https:\/\/secure.gravatar.com\/avatar\/86e3114e34a1eecefb963e0a02f0093f93b092dddb2fe1517596343751081a87?s=96&d=mm&r=g\",\"caption\":\"sanluisinforma.com\"},\"url\":\"https:\/\/sanluisinforma.com\/?author=2\"}]}<\/script>\n<!-- \/ Yoast SEO plugin. -->","yoast_head_json":{"title":"Convocan a J\u00f3venes para Integrar el Consejo Municipal de la Juventud en SLP - sanluisinforma.com","robots":{"index":"index","follow":"follow","max-snippet":"max-snippet:-1","max-image-preview":"max-image-preview:large","max-video-preview":"max-video-preview:-1"},"canonical":"https:\/\/sanluisinforma.com\/?p=9804","og_locale":"es_MX","og_type":"article","og_title":"Convocan a J\u00f3venes para Integrar el Consejo Municipal de la Juventud en SLP - sanluisinforma.com","og_description":"El Director de Atenci\u00f3n a la Juventud, Guillermo Rivera Morales, llam\u00f3 a las y los j\u00f3venes de San Luis Potos\u00ed","og_url":"https:\/\/sanluisinforma.com\/?p=9804","og_site_name":"sanluisinforma.com","article_published_time":"2025-01-19T06:50:00+00:00","article_modified_time":"2025-01-19T05:33:07+00:00","og_image":[{"width":480,"height":319,"url":"https:\/\/sanluisinforma.com\/wp-content\/uploads\/2025\/01\/c8f1b355-8370-4bbb-808d-0fdd5d2025fc.jpg","type":"image\/jpeg"}],"author":"sanluisinforma.com","twitter_card":"summary_large_image","twitter_misc":{"Escrito por":"sanluisinforma.com","Tiempo de lectura":"2 minutos"},"schema":{"@context":"https:\/\/schema.org","@graph":[{"@type":"Article","@id":"https:\/\/sanluisinforma.com\/?p=9804#article","isPartOf":{"@id":"https:\/\/sanluisinforma.com\/?p=9804"},"author":{"name":"sanluisinforma.com","@id":"https:\/\/sanluisinforma.com\/#\/schema\/person\/c30648f71476be533b6f59d092905c8b"},"headline":"Convocan a J\u00f3venes para Integrar el Consejo Municipal de la Juventud en SLP","datePublished":"2025-01-19T06:50:00+00:00","dateModified":"2025-01-19T05:33:07+00:00","mainEntityOfPage":{"@id":"https:\/\/sanluisinforma.com\/?p=9804"},"wordCount":387,"publisher":{"@id":"https:\/\/sanluisinforma.com\/#organization"},"image":{"@id":"https:\/\/sanluisinforma.com\/?p=9804#primaryimage"},"thumbnailUrl":"https:\/\/sanluisinforma.com\/wp-content\/uploads\/2025\/01\/c8f1b355-8370-4bbb-808d-0fdd5d2025fc.jpg","articleSection":["Local","Portada"],"inLanguage":"es"},{"@type":"WebPage","@id":"https:\/\/sanluisinforma.com\/?p=9804","url":"https:\/\/sanluisinforma.com\/?p=9804","name":"Convocan a J\u00f3venes para Integrar el Consejo Municipal de la Juventud en SLP - sanluisinforma.com","isPartOf":{"@id":"https:\/\/sanluisinforma.com\/#website"},"primaryImageOfPage":{"@id":"https:\/\/sanluisinforma.com\/?p=9804#primaryimage"},"image":{"@id":"https:\/\/sanluisinforma.com\/?p=9804#primaryimage"},"thumbnailUrl":"https:\/\/sanluisinforma.com\/wp-content\/uploads\/2025\/01\/c8f1b355-8370-4bbb-808d-0fdd5d2025fc.jpg","datePublished":"2025-01-19T06:50:00+00:00","dateModified":"2025-01-19T05:33:07+00:00","breadcrumb":{"@id":"https:\/\/sanluisinforma.com\/?p=9804#breadcrumb"},"inLanguage":"es","potentialAction":[{"@type":"ReadAction","target":["https:\/\/sanluisinforma.com\/?p=9804"]}]},{"@type":"ImageObject","inLanguage":"es","@id":"https:\/\/sanluisinforma.com\/?p=9804#primaryimage","url":"https:\/\/sanluisinforma.com\/wp-content\/uploads\/2025\/01\/c8f1b355-8370-4bbb-808d-0fdd5d2025fc.jpg","contentUrl":"https:\/\/sanluisinforma.com\/wp-content\/uploads\/2025\/01\/c8f1b355-8370-4bbb-808d-0fdd5d2025fc.jpg","width":480,"height":319},{"@type":"BreadcrumbList","@id":"https:\/\/sanluisinforma.com\/?p=9804#breadcrumb","itemListElement":[{"@type":"ListItem","position":1,"name":"Inicio","item":"https:\/\/sanluisinforma.com\/"},{"@type":"ListItem","position":2,"name":"Convocan a J\u00f3venes para Integrar el Consejo Municipal de la Juventud en SLP"}]},{"@type":"WebSite","@id":"https:\/\/sanluisinforma.com\/#website","url":"https:\/\/sanluisinforma.com\/","name":"sanluisinforma.com","description":"Periodico San Luis Informa","publisher":{"@id":"https:\/\/sanluisinforma.com\/#organization"},"potentialAction":[{"@type":"SearchAction","target":{"@type":"EntryPoint","urlTemplate":"https:\/\/sanluisinforma.com\/?s={search_term_string}"},"query-input":{"@type":"PropertyValueSpecification","valueRequired":true,"valueName":"search_term_string"}}],"inLanguage":"es"},{"@type":"Organization","@id":"https:\/\/sanluisinforma.com\/#organization","name":"sanluisinforma.com","url":"https:\/\/sanluisinforma.com\/","logo":{"@type":"ImageObject","inLanguage":"es","@id":"https:\/\/sanluisinforma.com\/#\/schema\/logo\/image\/","url":"https:\/\/sanluisinforma.com\/wp-content\/uploads\/2026\/03\/sanluisinforma-V.jpg","contentUrl":"https:\/\/sanluisinforma.com\/wp-content\/uploads\/2026\/03\/sanluisinforma-V.jpg","width":500,"height":156,"caption":"sanluisinforma.com"},"image":{"@id":"https:\/\/sanluisinforma.com\/#\/schema\/logo\/image\/"}},{"@type":"Person","@id":"https:\/\/sanluisinforma.com\/#\/schema\/person\/c30648f71476be533b6f59d092905c8b","name":"sanluisinforma.com","image":{"@type":"ImageObject","inLanguage":"es","@id":"https:\/\/sanluisinforma.com\/#\/schema\/person\/image\/","url":"https:\/\/secure.gravatar.com\/avatar\/86e3114e34a1eecefb963e0a02f0093f93b092dddb2fe1517596343751081a87?s=96&d=mm&r=g","contentUrl":"https:\/\/secure.gravatar.com\/avatar\/86e3114e34a1eecefb963e0a02f0093f93b092dddb2fe1517596343751081a87?s=96&d=mm&r=g","caption":"sanluisinforma.com"},"url":"https:\/\/sanluisinforma.com\/?author=2"}]}},"_links":{"self":[{"href":"https:\/\/sanluisinforma.com\/index.php?rest_route=\/wp\/v2\/posts\/9804","targetHints":{"allow":["GET"]}}],"collection":[{"href":"https:\/\/sanluisinforma.com\/index.php?rest_route=\/wp\/v2\/posts"}],"about":[{"href":"https:\/\/sanluisinforma.com\/index.php?rest_route=\/wp\/v2\/types\/post"}],"author":[{"embeddable":true,"href":"https:\/\/sanluisinforma.com\/index.php?rest_route=\/wp\/v2\/users\/2"}],"replies":[{"embeddable":true,"href":"https:\/\/sanluisinforma.com\/index.php?rest_route=%2Fwp%2Fv2%2Fcomments&post=9804"}],"version-history":[{"count":1,"href":"https:\/\/sanluisinforma.com\/index.php?rest_route=\/wp\/v2\/posts\/9804\/revisions"}],"predecessor-version":[{"id":9806,"href":"https:\/\/sanluisinforma.com\/index.php?rest_route=\/wp\/v2\/posts\/9804\/revisions\/9806"}],"wp:featuredmedia":[{"embeddable":true,"href":"https:\/\/sanluisinforma.com\/index.php?rest_route=\/wp\/v2\/media\/9805"}],"wp:attachment":[{"href":"https:\/\/sanluisinforma.com\/index.php?rest_route=%2Fwp%2Fv2%2Fmedia&parent=9804"}],"wp:term":[{"taxonomy":"category","embeddable":true,"href":"https:\/\/sanluisinforma.com\/index.php?rest_route=%2Fwp%2Fv2%2Fcategories&post=9804"},{"taxonomy":"post_tag","embeddable":true,"href":"https:\/\/sanluisinforma.com\/index.php?rest_route=%2Fwp%2Fv2%2Ftags&post=9804"}],"curies":[{"name":"wp","href":"https:\/\/api.w.org\/{rel}","templated":true}]}}