{"id":9807,"date":"2025-01-19T00:45:00","date_gmt":"2025-01-19T06:45:00","guid":{"rendered":"https:\/\/sanluisinforma.com\/?p=9807"},"modified":"2025-01-18T23:38:48","modified_gmt":"2025-01-19T05:38:48","slug":"seguimiento-puntual-a-beneficios-de-huertos-comunitarios-del-dif-capitalino-en-bocas","status":"publish","type":"post","link":"https:\/\/sanluisinforma.com\/?p=9807","title":{"rendered":"Seguimiento puntual a beneficios de \u201cHuertos Comunitarios\u201d del DIF Capitalino en Bocas"},"content":{"rendered":"\n<ul class=\"wp-block-list\">\n<li>Recorre Delegado Jaime Waldo Luna varias comunidades rurales para conocer su producci\u00f3n y verificar su funcionamiento<\/li>\n\n\n\n<li>Reconoce el apoyo de la Presidenta del DIF Municipal, Estela Arriaga, mediante este programa a favor de familias de la zona rural<\/li>\n<\/ul>\n\n\n\n<p><\/p>\n\n\n\n<p>A fin de coadyuvar con la poblaci\u00f3n para que tengan una mejor alimentaci\u00f3n, el DIF de la Capital, junto con la autoridad delegacional de Bocas dan seguimiento al programa de \u201cHuertos Comunitarios\u201d que benefician principalmente a familias de la zona rural de San Luis Potos\u00ed.<\/p>\n\n\n\n<p>En este aspecto, el responsable de dicha demarcaci\u00f3n, Jaime Waldo Luna, reconoci\u00f3 el respaldo de la Presidenta del DIF Municipal, Estela Arriaga M\u00e1rquez para que este programa se mantenga en esta zona en beneficio de las potosinas y potosinos. Asimismo, destac\u00f3 que en el recorrido que recientemente se llev\u00f3 a cabo en varias localidades, adem\u00e1s de evaluar su progreso y producci\u00f3n, se llegaron a acuerdos con personas involucradas para reforzar el apoyo institucional.<\/p>\n\n\n\n<p>En las comunidades de La Manta y Zamorilla, se inform\u00f3 que la cosecha ha sido favorable, en particular destacan los cultivos de cilantro y cebolla cuyo crecimiento es satisfactorio, \u201clo que refleja el manejo adecuado y la dedicaci\u00f3n de quienes son sus responsables\u201d, subray\u00f3 el Delegado de Bocas.<\/p>\n\n\n\n<p>En el poblado de San Rafael 2, el funcionario delegacional, la representante del DIF en Bocas y habitantes identificaron \u00e1reas de oportunidad que ser\u00e1n atendidas, por lo que se les apoyar\u00e1 con t\u00e9cnicas y acompa\u00f1amiento profesional, con el prop\u00f3sito de aumentar los rendimientos en las pr\u00f3ximas cosechas.<\/p>\n\n\n\n<p>Waldo Luna a\u00f1adi\u00f3 que de esta manera se da cumplimiento a la instrucci\u00f3n del Alcalde Enrique Galindo Ceballos de incorporar a m\u00e1s familias potosinas a programas institucionales, con los cuales, se busca que se involucren en la producci\u00f3n de vegetales para el autoconsumo, y de esta manera mejorar su alimentaci\u00f3n.<\/p>\n","protected":false},"excerpt":{"rendered":"<p>A fin de coadyuvar con la poblaci\u00f3n para que tengan una mejor alimentaci\u00f3n, el DIF de la Capital, junto con<\/p>\n","protected":false},"author":2,"featured_media":9808,"comment_status":"closed","ping_status":"closed","sticky":false,"template":"","format":"standard","meta":{"footnotes":""},"categories":[25,30],"tags":[],"class_list":["post-9807","post","type-post","status-publish","format-standard","has-post-thumbnail","hentry","category-local","category-portada"],"yoast_head":"<!-- This site is optimized with the Yoast SEO plugin v24.1 - https:\/\/yoast.com\/wordpress\/plugins\/seo\/ -->\n<title>Seguimiento puntual a beneficios de \u201cHuertos Comunitarios\u201d del DIF Capitalino en Bocas - sanluisinforma.com<\/title>\n<meta name=\"robots\" content=\"index, follow, max-snippet:-1, max-image-preview:large, max-video-preview:-1\" \/>\n<link rel=\"canonical\" href=\"https:\/\/sanluisinforma.com\/?p=9807\" \/>\n<meta property=\"og:locale\" content=\"es_MX\" \/>\n<meta property=\"og:type\" content=\"article\" \/>\n<meta property=\"og:title\" content=\"Seguimiento puntual a beneficios de \u201cHuertos Comunitarios\u201d del DIF Capitalino en Bocas - sanluisinforma.com\" \/>\n<meta property=\"og:description\" content=\"A fin de coadyuvar con la poblaci\u00f3n para que tengan una mejor alimentaci\u00f3n, el DIF de la Capital, junto con\" \/>\n<meta property=\"og:url\" content=\"https:\/\/sanluisinforma.com\/?p=9807\" \/>\n<meta property=\"og:site_name\" content=\"sanluisinforma.com\" \/>\n<meta property=\"article:published_time\" content=\"2025-01-19T06:45:00+00:00\" \/>\n<meta property=\"article:modified_time\" content=\"2025-01-19T05:38:48+00:00\" \/>\n<meta property=\"og:image\" content=\"https:\/\/sanluisinforma.com\/wp-content\/uploads\/2025\/01\/742a8eae-5122-4dab-bc0e-446425be4ae4.jpg\" \/>\n\t<meta property=\"og:image:width\" content=\"480\" \/>\n\t<meta property=\"og:image:height\" content=\"640\" \/>\n\t<meta property=\"og:image:type\" content=\"image\/jpeg\" \/>\n<meta name=\"author\" content=\"sanluisinforma.com\" \/>\n<meta name=\"twitter:card\" content=\"summary_large_image\" \/>\n<meta name=\"twitter:label1\" content=\"Escrito por\" \/>\n\t<meta name=\"twitter:data1\" content=\"sanluisinforma.com\" \/>\n\t<meta name=\"twitter:label2\" content=\"Tiempo de lectura\" \/>\n\t<meta name=\"twitter:data2\" content=\"2 minutos\" \/>\n<script type=\"application\/ld+json\" class=\"yoast-schema-graph\">{\"@context\":\"https:\/\/schema.org\",\"@graph\":[{\"@type\":\"Article\",\"@id\":\"https:\/\/sanluisinforma.com\/?p=9807#article\",\"isPartOf\":{\"@id\":\"https:\/\/sanluisinforma.com\/?p=9807\"},\"author\":{\"name\":\"sanluisinforma.com\",\"@id\":\"https:\/\/sanluisinforma.com\/#\/schema\/person\/c30648f71476be533b6f59d092905c8b\"},\"headline\":\"Seguimiento puntual a beneficios de \u201cHuertos Comunitarios\u201d del DIF Capitalino en Bocas\",\"datePublished\":\"2025-01-19T06:45:00+00:00\",\"dateModified\":\"2025-01-19T05:38:48+00:00\",\"mainEntityOfPage\":{\"@id\":\"https:\/\/sanluisinforma.com\/?p=9807\"},\"wordCount\":330,\"publisher\":{\"@id\":\"https:\/\/sanluisinforma.com\/#organization\"},\"image\":{\"@id\":\"https:\/\/sanluisinforma.com\/?p=9807#primaryimage\"},\"thumbnailUrl\":\"https:\/\/sanluisinforma.com\/wp-content\/uploads\/2025\/01\/742a8eae-5122-4dab-bc0e-446425be4ae4.jpg\",\"articleSection\":[\"Local\",\"Portada\"],\"inLanguage\":\"es\"},{\"@type\":\"WebPage\",\"@id\":\"https:\/\/sanluisinforma.com\/?p=9807\",\"url\":\"https:\/\/sanluisinforma.com\/?p=9807\",\"name\":\"Seguimiento puntual a beneficios de \u201cHuertos Comunitarios\u201d del DIF Capitalino en Bocas - sanluisinforma.com\",\"isPartOf\":{\"@id\":\"https:\/\/sanluisinforma.com\/#website\"},\"primaryImageOfPage\":{\"@id\":\"https:\/\/sanluisinforma.com\/?p=9807#primaryimage\"},\"image\":{\"@id\":\"https:\/\/sanluisinforma.com\/?p=9807#primaryimage\"},\"thumbnailUrl\":\"https:\/\/sanluisinforma.com\/wp-content\/uploads\/2025\/01\/742a8eae-5122-4dab-bc0e-446425be4ae4.jpg\",\"datePublished\":\"2025-01-19T06:45:00+00:00\",\"dateModified\":\"2025-01-19T05:38:48+00:00\",\"breadcrumb\":{\"@id\":\"https:\/\/sanluisinforma.com\/?p=9807#breadcrumb\"},\"inLanguage\":\"es\",\"potentialAction\":[{\"@type\":\"ReadAction\",\"target\":[\"https:\/\/sanluisinforma.com\/?p=9807\"]}]},{\"@type\":\"ImageObject\",\"inLanguage\":\"es\",\"@id\":\"https:\/\/sanluisinforma.com\/?p=9807#primaryimage\",\"url\":\"https:\/\/sanluisinforma.com\/wp-content\/uploads\/2025\/01\/742a8eae-5122-4dab-bc0e-446425be4ae4.jpg\",\"contentUrl\":\"https:\/\/sanluisinforma.com\/wp-content\/uploads\/2025\/01\/742a8eae-5122-4dab-bc0e-446425be4ae4.jpg\",\"width\":480,\"height\":640},{\"@type\":\"BreadcrumbList\",\"@id\":\"https:\/\/sanluisinforma.com\/?p=9807#breadcrumb\",\"itemListElement\":[{\"@type\":\"ListItem\",\"position\":1,\"name\":\"Inicio\",\"item\":\"https:\/\/sanluisinforma.com\/\"},{\"@type\":\"ListItem\",\"position\":2,\"name\":\"Seguimiento puntual a beneficios de \u201cHuertos Comunitarios\u201d del DIF Capitalino en Bocas\"}]},{\"@type\":\"WebSite\",\"@id\":\"https:\/\/sanluisinforma.com\/#website\",\"url\":\"https:\/\/sanluisinforma.com\/\",\"name\":\"sanluisinforma.com\",\"description\":\"Periodico San Luis Informa\",\"publisher\":{\"@id\":\"https:\/\/sanluisinforma.com\/#organization\"},\"potentialAction\":[{\"@type\":\"SearchAction\",\"target\":{\"@type\":\"EntryPoint\",\"urlTemplate\":\"https:\/\/sanluisinforma.com\/?s={search_term_string}\"},\"query-input\":{\"@type\":\"PropertyValueSpecification\",\"valueRequired\":true,\"valueName\":\"search_term_string\"}}],\"inLanguage\":\"es\"},{\"@type\":\"Organization\",\"@id\":\"https:\/\/sanluisinforma.com\/#organization\",\"name\":\"sanluisinforma.com\",\"url\":\"https:\/\/sanluisinforma.com\/\",\"logo\":{\"@type\":\"ImageObject\",\"inLanguage\":\"es\",\"@id\":\"https:\/\/sanluisinforma.com\/#\/schema\/logo\/image\/\",\"url\":\"https:\/\/sanluisinforma.com\/wp-content\/uploads\/2026\/03\/sanluisinforma-V.jpg\",\"contentUrl\":\"https:\/\/sanluisinforma.com\/wp-content\/uploads\/2026\/03\/sanluisinforma-V.jpg\",\"width\":500,\"height\":156,\"caption\":\"sanluisinforma.com\"},\"image\":{\"@id\":\"https:\/\/sanluisinforma.com\/#\/schema\/logo\/image\/\"}},{\"@type\":\"Person\",\"@id\":\"https:\/\/sanluisinforma.com\/#\/schema\/person\/c30648f71476be533b6f59d092905c8b\",\"name\":\"sanluisinforma.com\",\"image\":{\"@type\":\"ImageObject\",\"inLanguage\":\"es\",\"@id\":\"https:\/\/sanluisinforma.com\/#\/schema\/person\/image\/\",\"url\":\"https:\/\/secure.gravatar.com\/avatar\/86e3114e34a1eecefb963e0a02f0093f93b092dddb2fe1517596343751081a87?s=96&d=mm&r=g\",\"contentUrl\":\"https:\/\/secure.gravatar.com\/avatar\/86e3114e34a1eecefb963e0a02f0093f93b092dddb2fe1517596343751081a87?s=96&d=mm&r=g\",\"caption\":\"sanluisinforma.com\"},\"url\":\"https:\/\/sanluisinforma.com\/?author=2\"}]}<\/script>\n<!-- \/ Yoast SEO plugin. -->","yoast_head_json":{"title":"Seguimiento puntual a beneficios de \u201cHuertos Comunitarios\u201d del DIF Capitalino en Bocas - sanluisinforma.com","robots":{"index":"index","follow":"follow","max-snippet":"max-snippet:-1","max-image-preview":"max-image-preview:large","max-video-preview":"max-video-preview:-1"},"canonical":"https:\/\/sanluisinforma.com\/?p=9807","og_locale":"es_MX","og_type":"article","og_title":"Seguimiento puntual a beneficios de \u201cHuertos Comunitarios\u201d del DIF Capitalino en Bocas - sanluisinforma.com","og_description":"A fin de coadyuvar con la poblaci\u00f3n para que tengan una mejor alimentaci\u00f3n, el DIF de la Capital, junto con","og_url":"https:\/\/sanluisinforma.com\/?p=9807","og_site_name":"sanluisinforma.com","article_published_time":"2025-01-19T06:45:00+00:00","article_modified_time":"2025-01-19T05:38:48+00:00","og_image":[{"width":480,"height":640,"url":"https:\/\/sanluisinforma.com\/wp-content\/uploads\/2025\/01\/742a8eae-5122-4dab-bc0e-446425be4ae4.jpg","type":"image\/jpeg"}],"author":"sanluisinforma.com","twitter_card":"summary_large_image","twitter_misc":{"Escrito por":"sanluisinforma.com","Tiempo de lectura":"2 minutos"},"schema":{"@context":"https:\/\/schema.org","@graph":[{"@type":"Article","@id":"https:\/\/sanluisinforma.com\/?p=9807#article","isPartOf":{"@id":"https:\/\/sanluisinforma.com\/?p=9807"},"author":{"name":"sanluisinforma.com","@id":"https:\/\/sanluisinforma.com\/#\/schema\/person\/c30648f71476be533b6f59d092905c8b"},"headline":"Seguimiento puntual a beneficios de \u201cHuertos Comunitarios\u201d del DIF Capitalino en Bocas","datePublished":"2025-01-19T06:45:00+00:00","dateModified":"2025-01-19T05:38:48+00:00","mainEntityOfPage":{"@id":"https:\/\/sanluisinforma.com\/?p=9807"},"wordCount":330,"publisher":{"@id":"https:\/\/sanluisinforma.com\/#organization"},"image":{"@id":"https:\/\/sanluisinforma.com\/?p=9807#primaryimage"},"thumbnailUrl":"https:\/\/sanluisinforma.com\/wp-content\/uploads\/2025\/01\/742a8eae-5122-4dab-bc0e-446425be4ae4.jpg","articleSection":["Local","Portada"],"inLanguage":"es"},{"@type":"WebPage","@id":"https:\/\/sanluisinforma.com\/?p=9807","url":"https:\/\/sanluisinforma.com\/?p=9807","name":"Seguimiento puntual a beneficios de \u201cHuertos Comunitarios\u201d del DIF Capitalino en Bocas - sanluisinforma.com","isPartOf":{"@id":"https:\/\/sanluisinforma.com\/#website"},"primaryImageOfPage":{"@id":"https:\/\/sanluisinforma.com\/?p=9807#primaryimage"},"image":{"@id":"https:\/\/sanluisinforma.com\/?p=9807#primaryimage"},"thumbnailUrl":"https:\/\/sanluisinforma.com\/wp-content\/uploads\/2025\/01\/742a8eae-5122-4dab-bc0e-446425be4ae4.jpg","datePublished":"2025-01-19T06:45:00+00:00","dateModified":"2025-01-19T05:38:48+00:00","breadcrumb":{"@id":"https:\/\/sanluisinforma.com\/?p=9807#breadcrumb"},"inLanguage":"es","potentialAction":[{"@type":"ReadAction","target":["https:\/\/sanluisinforma.com\/?p=9807"]}]},{"@type":"ImageObject","inLanguage":"es","@id":"https:\/\/sanluisinforma.com\/?p=9807#primaryimage","url":"https:\/\/sanluisinforma.com\/wp-content\/uploads\/2025\/01\/742a8eae-5122-4dab-bc0e-446425be4ae4.jpg","contentUrl":"https:\/\/sanluisinforma.com\/wp-content\/uploads\/2025\/01\/742a8eae-5122-4dab-bc0e-446425be4ae4.jpg","width":480,"height":640},{"@type":"BreadcrumbList","@id":"https:\/\/sanluisinforma.com\/?p=9807#breadcrumb","itemListElement":[{"@type":"ListItem","position":1,"name":"Inicio","item":"https:\/\/sanluisinforma.com\/"},{"@type":"ListItem","position":2,"name":"Seguimiento puntual a beneficios de \u201cHuertos Comunitarios\u201d del DIF Capitalino en Bocas"}]},{"@type":"WebSite","@id":"https:\/\/sanluisinforma.com\/#website","url":"https:\/\/sanluisinforma.com\/","name":"sanluisinforma.com","description":"Periodico San Luis Informa","publisher":{"@id":"https:\/\/sanluisinforma.com\/#organization"},"potentialAction":[{"@type":"SearchAction","target":{"@type":"EntryPoint","urlTemplate":"https:\/\/sanluisinforma.com\/?s={search_term_string}"},"query-input":{"@type":"PropertyValueSpecification","valueRequired":true,"valueName":"search_term_string"}}],"inLanguage":"es"},{"@type":"Organization","@id":"https:\/\/sanluisinforma.com\/#organization","name":"sanluisinforma.com","url":"https:\/\/sanluisinforma.com\/","logo":{"@type":"ImageObject","inLanguage":"es","@id":"https:\/\/sanluisinforma.com\/#\/schema\/logo\/image\/","url":"https:\/\/sanluisinforma.com\/wp-content\/uploads\/2026\/03\/sanluisinforma-V.jpg","contentUrl":"https:\/\/sanluisinforma.com\/wp-content\/uploads\/2026\/03\/sanluisinforma-V.jpg","width":500,"height":156,"caption":"sanluisinforma.com"},"image":{"@id":"https:\/\/sanluisinforma.com\/#\/schema\/logo\/image\/"}},{"@type":"Person","@id":"https:\/\/sanluisinforma.com\/#\/schema\/person\/c30648f71476be533b6f59d092905c8b","name":"sanluisinforma.com","image":{"@type":"ImageObject","inLanguage":"es","@id":"https:\/\/sanluisinforma.com\/#\/schema\/person\/image\/","url":"https:\/\/secure.gravatar.com\/avatar\/86e3114e34a1eecefb963e0a02f0093f93b092dddb2fe1517596343751081a87?s=96&d=mm&r=g","contentUrl":"https:\/\/secure.gravatar.com\/avatar\/86e3114e34a1eecefb963e0a02f0093f93b092dddb2fe1517596343751081a87?s=96&d=mm&r=g","caption":"sanluisinforma.com"},"url":"https:\/\/sanluisinforma.com\/?author=2"}]}},"_links":{"self":[{"href":"https:\/\/sanluisinforma.com\/index.php?rest_route=\/wp\/v2\/posts\/9807","targetHints":{"allow":["GET"]}}],"collection":[{"href":"https:\/\/sanluisinforma.com\/index.php?rest_route=\/wp\/v2\/posts"}],"about":[{"href":"https:\/\/sanluisinforma.com\/index.php?rest_route=\/wp\/v2\/types\/post"}],"author":[{"embeddable":true,"href":"https:\/\/sanluisinforma.com\/index.php?rest_route=\/wp\/v2\/users\/2"}],"replies":[{"embeddable":true,"href":"https:\/\/sanluisinforma.com\/index.php?rest_route=%2Fwp%2Fv2%2Fcomments&post=9807"}],"version-history":[{"count":1,"href":"https:\/\/sanluisinforma.com\/index.php?rest_route=\/wp\/v2\/posts\/9807\/revisions"}],"predecessor-version":[{"id":9809,"href":"https:\/\/sanluisinforma.com\/index.php?rest_route=\/wp\/v2\/posts\/9807\/revisions\/9809"}],"wp:featuredmedia":[{"embeddable":true,"href":"https:\/\/sanluisinforma.com\/index.php?rest_route=\/wp\/v2\/media\/9808"}],"wp:attachment":[{"href":"https:\/\/sanluisinforma.com\/index.php?rest_route=%2Fwp%2Fv2%2Fmedia&parent=9807"}],"wp:term":[{"taxonomy":"category","embeddable":true,"href":"https:\/\/sanluisinforma.com\/index.php?rest_route=%2Fwp%2Fv2%2Fcategories&post=9807"},{"taxonomy":"post_tag","embeddable":true,"href":"https:\/\/sanluisinforma.com\/index.php?rest_route=%2Fwp%2Fv2%2Ftags&post=9807"}],"curies":[{"name":"wp","href":"https:\/\/api.w.org\/{rel}","templated":true}]}}