{"id":9827,"date":"2025-01-20T00:45:00","date_gmt":"2025-01-20T06:45:00","guid":{"rendered":"https:\/\/sanluisinforma.com\/?p=9827"},"modified":"2025-01-19T20:50:23","modified_gmt":"2025-01-20T02:50:23","slug":"gobierno-de-la-capital-renueva-espacios-en-el-poniente-de-la-ciudad-en-el-162-domingo-de-pilas","status":"publish","type":"post","link":"https:\/\/sanluisinforma.com\/?p=9827","title":{"rendered":"Gobierno de la Capital renueva espacios en el poniente de la ciudad, en el 162 Domingo de Pilas"},"content":{"rendered":"\n<ul class=\"wp-block-list\">\n<li>El Ayuntamiento de San Luis Potos\u00ed intervino \u00e1reas verdes y espacios de convivencia en el fraccionamiento Lomas del Tecnol\u00f3gico, lo que refuerza el v\u00ednculo con la comunidad.<\/li>\n<\/ul>\n\n\n\n<p><\/p>\n\n\n\n<p>En el 162\u00b0 Domingo de Pilas, el Ayuntamiento de San Luis Potos\u00ed concentr\u00f3 sus brigadas de rescate de espacios p\u00fablicos en Circuito Berceo del fraccionamiento Lomas del Tec. Durante la jornada, se realizaron labores de limpieza, remozamiento de jardines comunitarios, corte de maleza y pintura de guarniciones. Tambi\u00e9n se instalaron reflectores para mejorar la iluminaci\u00f3n en calles cercanas.<\/p>\n\n\n\n<p>El Secretario General del Ayuntamiento, Fernando Ch\u00e1vez M\u00e9ndez, en representaci\u00f3n del Alcalde Enrique Galindo, dialog\u00f3 con vecinas y vecinos sobre temas prioritarios, como la circulaci\u00f3n en la zona. Anunci\u00f3 que la Secretar\u00eda de Seguridad y Protecci\u00f3n Ciudadana realizar\u00e1 un estudio de impacto vial para atender este problema.<\/p>\n\n\n\n<p>Lomas del Tecnol\u00f3gico tambi\u00e9n ha sido beneficiada con obras como la repavimentaci\u00f3n de la avenida Tercer Milenio, en reconocimiento a la puntualidad de sus habitantes en el pago del impuesto predial. Adem\u00e1s, el Director de Servicios Municipales, Christian Azuara, destac\u00f3 que estas acciones buscan mantener en \u00f3ptimas condiciones las \u00e1reas de convivencia y reforzar la seguridad en la zona.<\/p>\n","protected":false},"excerpt":{"rendered":"<p>En el 162\u00b0 Domingo de Pilas, el Ayuntamiento de San Luis Potos\u00ed concentr\u00f3 sus brigadas de rescate de espacios p\u00fablicos<\/p>\n","protected":false},"author":2,"featured_media":9828,"comment_status":"closed","ping_status":"closed","sticky":false,"template":"","format":"standard","meta":{"footnotes":""},"categories":[30],"tags":[],"class_list":["post-9827","post","type-post","status-publish","format-standard","has-post-thumbnail","hentry","category-portada"],"yoast_head":"<!-- This site is optimized with the Yoast SEO plugin v24.1 - https:\/\/yoast.com\/wordpress\/plugins\/seo\/ -->\n<title>Gobierno de la Capital renueva espacios en el poniente de la ciudad, en el 162 Domingo de Pilas - sanluisinforma.com<\/title>\n<meta name=\"robots\" content=\"index, follow, max-snippet:-1, max-image-preview:large, max-video-preview:-1\" \/>\n<link rel=\"canonical\" href=\"https:\/\/sanluisinforma.com\/?p=9827\" \/>\n<meta property=\"og:locale\" content=\"es_MX\" \/>\n<meta property=\"og:type\" content=\"article\" \/>\n<meta property=\"og:title\" content=\"Gobierno de la Capital renueva espacios en el poniente de la ciudad, en el 162 Domingo de Pilas - sanluisinforma.com\" \/>\n<meta property=\"og:description\" content=\"En el 162\u00b0 Domingo de Pilas, el Ayuntamiento de San Luis Potos\u00ed concentr\u00f3 sus brigadas de rescate de espacios p\u00fablicos\" \/>\n<meta property=\"og:url\" content=\"https:\/\/sanluisinforma.com\/?p=9827\" \/>\n<meta property=\"og:site_name\" content=\"sanluisinforma.com\" \/>\n<meta property=\"article:published_time\" content=\"2025-01-20T06:45:00+00:00\" \/>\n<meta property=\"article:modified_time\" content=\"2025-01-20T02:50:23+00:00\" \/>\n<meta property=\"og:image\" content=\"https:\/\/sanluisinforma.com\/wp-content\/uploads\/2025\/01\/69a5f5bc-792a-4da3-a4d2-820113cb0818.jpg\" \/>\n\t<meta property=\"og:image:width\" content=\"480\" \/>\n\t<meta property=\"og:image:height\" content=\"319\" \/>\n\t<meta property=\"og:image:type\" content=\"image\/jpeg\" \/>\n<meta name=\"author\" content=\"sanluisinforma.com\" \/>\n<meta name=\"twitter:card\" content=\"summary_large_image\" \/>\n<meta name=\"twitter:label1\" content=\"Escrito por\" \/>\n\t<meta name=\"twitter:data1\" content=\"sanluisinforma.com\" \/>\n\t<meta name=\"twitter:label2\" content=\"Tiempo de lectura\" \/>\n\t<meta name=\"twitter:data2\" content=\"2 minutos\" \/>\n<script type=\"application\/ld+json\" class=\"yoast-schema-graph\">{\"@context\":\"https:\/\/schema.org\",\"@graph\":[{\"@type\":\"Article\",\"@id\":\"https:\/\/sanluisinforma.com\/?p=9827#article\",\"isPartOf\":{\"@id\":\"https:\/\/sanluisinforma.com\/?p=9827\"},\"author\":{\"name\":\"sanluisinforma.com\",\"@id\":\"https:\/\/sanluisinforma.com\/#\/schema\/person\/c30648f71476be533b6f59d092905c8b\"},\"headline\":\"Gobierno de la Capital renueva espacios en el poniente de la ciudad, en el 162 Domingo de Pilas\",\"datePublished\":\"2025-01-20T06:45:00+00:00\",\"dateModified\":\"2025-01-20T02:50:23+00:00\",\"mainEntityOfPage\":{\"@id\":\"https:\/\/sanluisinforma.com\/?p=9827\"},\"wordCount\":222,\"publisher\":{\"@id\":\"https:\/\/sanluisinforma.com\/#organization\"},\"image\":{\"@id\":\"https:\/\/sanluisinforma.com\/?p=9827#primaryimage\"},\"thumbnailUrl\":\"https:\/\/sanluisinforma.com\/wp-content\/uploads\/2025\/01\/69a5f5bc-792a-4da3-a4d2-820113cb0818.jpg\",\"articleSection\":[\"Portada\"],\"inLanguage\":\"es\"},{\"@type\":\"WebPage\",\"@id\":\"https:\/\/sanluisinforma.com\/?p=9827\",\"url\":\"https:\/\/sanluisinforma.com\/?p=9827\",\"name\":\"Gobierno de la Capital renueva espacios en el poniente de la ciudad, en el 162 Domingo de Pilas - sanluisinforma.com\",\"isPartOf\":{\"@id\":\"https:\/\/sanluisinforma.com\/#website\"},\"primaryImageOfPage\":{\"@id\":\"https:\/\/sanluisinforma.com\/?p=9827#primaryimage\"},\"image\":{\"@id\":\"https:\/\/sanluisinforma.com\/?p=9827#primaryimage\"},\"thumbnailUrl\":\"https:\/\/sanluisinforma.com\/wp-content\/uploads\/2025\/01\/69a5f5bc-792a-4da3-a4d2-820113cb0818.jpg\",\"datePublished\":\"2025-01-20T06:45:00+00:00\",\"dateModified\":\"2025-01-20T02:50:23+00:00\",\"breadcrumb\":{\"@id\":\"https:\/\/sanluisinforma.com\/?p=9827#breadcrumb\"},\"inLanguage\":\"es\",\"potentialAction\":[{\"@type\":\"ReadAction\",\"target\":[\"https:\/\/sanluisinforma.com\/?p=9827\"]}]},{\"@type\":\"ImageObject\",\"inLanguage\":\"es\",\"@id\":\"https:\/\/sanluisinforma.com\/?p=9827#primaryimage\",\"url\":\"https:\/\/sanluisinforma.com\/wp-content\/uploads\/2025\/01\/69a5f5bc-792a-4da3-a4d2-820113cb0818.jpg\",\"contentUrl\":\"https:\/\/sanluisinforma.com\/wp-content\/uploads\/2025\/01\/69a5f5bc-792a-4da3-a4d2-820113cb0818.jpg\",\"width\":480,\"height\":319},{\"@type\":\"BreadcrumbList\",\"@id\":\"https:\/\/sanluisinforma.com\/?p=9827#breadcrumb\",\"itemListElement\":[{\"@type\":\"ListItem\",\"position\":1,\"name\":\"Inicio\",\"item\":\"https:\/\/sanluisinforma.com\/\"},{\"@type\":\"ListItem\",\"position\":2,\"name\":\"Gobierno de la Capital renueva espacios en el poniente de la ciudad, en el 162 Domingo de Pilas\"}]},{\"@type\":\"WebSite\",\"@id\":\"https:\/\/sanluisinforma.com\/#website\",\"url\":\"https:\/\/sanluisinforma.com\/\",\"name\":\"sanluisinforma.com\",\"description\":\"Periodico San Luis Informa\",\"publisher\":{\"@id\":\"https:\/\/sanluisinforma.com\/#organization\"},\"potentialAction\":[{\"@type\":\"SearchAction\",\"target\":{\"@type\":\"EntryPoint\",\"urlTemplate\":\"https:\/\/sanluisinforma.com\/?s={search_term_string}\"},\"query-input\":{\"@type\":\"PropertyValueSpecification\",\"valueRequired\":true,\"valueName\":\"search_term_string\"}}],\"inLanguage\":\"es\"},{\"@type\":\"Organization\",\"@id\":\"https:\/\/sanluisinforma.com\/#organization\",\"name\":\"sanluisinforma.com\",\"url\":\"https:\/\/sanluisinforma.com\/\",\"logo\":{\"@type\":\"ImageObject\",\"inLanguage\":\"es\",\"@id\":\"https:\/\/sanluisinforma.com\/#\/schema\/logo\/image\/\",\"url\":\"https:\/\/sanluisinforma.com\/wp-content\/uploads\/2026\/03\/sanluisinforma-V.jpg\",\"contentUrl\":\"https:\/\/sanluisinforma.com\/wp-content\/uploads\/2026\/03\/sanluisinforma-V.jpg\",\"width\":500,\"height\":156,\"caption\":\"sanluisinforma.com\"},\"image\":{\"@id\":\"https:\/\/sanluisinforma.com\/#\/schema\/logo\/image\/\"}},{\"@type\":\"Person\",\"@id\":\"https:\/\/sanluisinforma.com\/#\/schema\/person\/c30648f71476be533b6f59d092905c8b\",\"name\":\"sanluisinforma.com\",\"image\":{\"@type\":\"ImageObject\",\"inLanguage\":\"es\",\"@id\":\"https:\/\/sanluisinforma.com\/#\/schema\/person\/image\/\",\"url\":\"https:\/\/secure.gravatar.com\/avatar\/86e3114e34a1eecefb963e0a02f0093f93b092dddb2fe1517596343751081a87?s=96&d=mm&r=g\",\"contentUrl\":\"https:\/\/secure.gravatar.com\/avatar\/86e3114e34a1eecefb963e0a02f0093f93b092dddb2fe1517596343751081a87?s=96&d=mm&r=g\",\"caption\":\"sanluisinforma.com\"},\"url\":\"https:\/\/sanluisinforma.com\/?author=2\"}]}<\/script>\n<!-- \/ Yoast SEO plugin. -->","yoast_head_json":{"title":"Gobierno de la Capital renueva espacios en el poniente de la ciudad, en el 162 Domingo de Pilas - sanluisinforma.com","robots":{"index":"index","follow":"follow","max-snippet":"max-snippet:-1","max-image-preview":"max-image-preview:large","max-video-preview":"max-video-preview:-1"},"canonical":"https:\/\/sanluisinforma.com\/?p=9827","og_locale":"es_MX","og_type":"article","og_title":"Gobierno de la Capital renueva espacios en el poniente de la ciudad, en el 162 Domingo de Pilas - sanluisinforma.com","og_description":"En el 162\u00b0 Domingo de Pilas, el Ayuntamiento de San Luis Potos\u00ed concentr\u00f3 sus brigadas de rescate de espacios p\u00fablicos","og_url":"https:\/\/sanluisinforma.com\/?p=9827","og_site_name":"sanluisinforma.com","article_published_time":"2025-01-20T06:45:00+00:00","article_modified_time":"2025-01-20T02:50:23+00:00","og_image":[{"width":480,"height":319,"url":"https:\/\/sanluisinforma.com\/wp-content\/uploads\/2025\/01\/69a5f5bc-792a-4da3-a4d2-820113cb0818.jpg","type":"image\/jpeg"}],"author":"sanluisinforma.com","twitter_card":"summary_large_image","twitter_misc":{"Escrito por":"sanluisinforma.com","Tiempo de lectura":"2 minutos"},"schema":{"@context":"https:\/\/schema.org","@graph":[{"@type":"Article","@id":"https:\/\/sanluisinforma.com\/?p=9827#article","isPartOf":{"@id":"https:\/\/sanluisinforma.com\/?p=9827"},"author":{"name":"sanluisinforma.com","@id":"https:\/\/sanluisinforma.com\/#\/schema\/person\/c30648f71476be533b6f59d092905c8b"},"headline":"Gobierno de la Capital renueva espacios en el poniente de la ciudad, en el 162 Domingo de Pilas","datePublished":"2025-01-20T06:45:00+00:00","dateModified":"2025-01-20T02:50:23+00:00","mainEntityOfPage":{"@id":"https:\/\/sanluisinforma.com\/?p=9827"},"wordCount":222,"publisher":{"@id":"https:\/\/sanluisinforma.com\/#organization"},"image":{"@id":"https:\/\/sanluisinforma.com\/?p=9827#primaryimage"},"thumbnailUrl":"https:\/\/sanluisinforma.com\/wp-content\/uploads\/2025\/01\/69a5f5bc-792a-4da3-a4d2-820113cb0818.jpg","articleSection":["Portada"],"inLanguage":"es"},{"@type":"WebPage","@id":"https:\/\/sanluisinforma.com\/?p=9827","url":"https:\/\/sanluisinforma.com\/?p=9827","name":"Gobierno de la Capital renueva espacios en el poniente de la ciudad, en el 162 Domingo de Pilas - sanluisinforma.com","isPartOf":{"@id":"https:\/\/sanluisinforma.com\/#website"},"primaryImageOfPage":{"@id":"https:\/\/sanluisinforma.com\/?p=9827#primaryimage"},"image":{"@id":"https:\/\/sanluisinforma.com\/?p=9827#primaryimage"},"thumbnailUrl":"https:\/\/sanluisinforma.com\/wp-content\/uploads\/2025\/01\/69a5f5bc-792a-4da3-a4d2-820113cb0818.jpg","datePublished":"2025-01-20T06:45:00+00:00","dateModified":"2025-01-20T02:50:23+00:00","breadcrumb":{"@id":"https:\/\/sanluisinforma.com\/?p=9827#breadcrumb"},"inLanguage":"es","potentialAction":[{"@type":"ReadAction","target":["https:\/\/sanluisinforma.com\/?p=9827"]}]},{"@type":"ImageObject","inLanguage":"es","@id":"https:\/\/sanluisinforma.com\/?p=9827#primaryimage","url":"https:\/\/sanluisinforma.com\/wp-content\/uploads\/2025\/01\/69a5f5bc-792a-4da3-a4d2-820113cb0818.jpg","contentUrl":"https:\/\/sanluisinforma.com\/wp-content\/uploads\/2025\/01\/69a5f5bc-792a-4da3-a4d2-820113cb0818.jpg","width":480,"height":319},{"@type":"BreadcrumbList","@id":"https:\/\/sanluisinforma.com\/?p=9827#breadcrumb","itemListElement":[{"@type":"ListItem","position":1,"name":"Inicio","item":"https:\/\/sanluisinforma.com\/"},{"@type":"ListItem","position":2,"name":"Gobierno de la Capital renueva espacios en el poniente de la ciudad, en el 162 Domingo de Pilas"}]},{"@type":"WebSite","@id":"https:\/\/sanluisinforma.com\/#website","url":"https:\/\/sanluisinforma.com\/","name":"sanluisinforma.com","description":"Periodico San Luis Informa","publisher":{"@id":"https:\/\/sanluisinforma.com\/#organization"},"potentialAction":[{"@type":"SearchAction","target":{"@type":"EntryPoint","urlTemplate":"https:\/\/sanluisinforma.com\/?s={search_term_string}"},"query-input":{"@type":"PropertyValueSpecification","valueRequired":true,"valueName":"search_term_string"}}],"inLanguage":"es"},{"@type":"Organization","@id":"https:\/\/sanluisinforma.com\/#organization","name":"sanluisinforma.com","url":"https:\/\/sanluisinforma.com\/","logo":{"@type":"ImageObject","inLanguage":"es","@id":"https:\/\/sanluisinforma.com\/#\/schema\/logo\/image\/","url":"https:\/\/sanluisinforma.com\/wp-content\/uploads\/2026\/03\/sanluisinforma-V.jpg","contentUrl":"https:\/\/sanluisinforma.com\/wp-content\/uploads\/2026\/03\/sanluisinforma-V.jpg","width":500,"height":156,"caption":"sanluisinforma.com"},"image":{"@id":"https:\/\/sanluisinforma.com\/#\/schema\/logo\/image\/"}},{"@type":"Person","@id":"https:\/\/sanluisinforma.com\/#\/schema\/person\/c30648f71476be533b6f59d092905c8b","name":"sanluisinforma.com","image":{"@type":"ImageObject","inLanguage":"es","@id":"https:\/\/sanluisinforma.com\/#\/schema\/person\/image\/","url":"https:\/\/secure.gravatar.com\/avatar\/86e3114e34a1eecefb963e0a02f0093f93b092dddb2fe1517596343751081a87?s=96&d=mm&r=g","contentUrl":"https:\/\/secure.gravatar.com\/avatar\/86e3114e34a1eecefb963e0a02f0093f93b092dddb2fe1517596343751081a87?s=96&d=mm&r=g","caption":"sanluisinforma.com"},"url":"https:\/\/sanluisinforma.com\/?author=2"}]}},"_links":{"self":[{"href":"https:\/\/sanluisinforma.com\/index.php?rest_route=\/wp\/v2\/posts\/9827","targetHints":{"allow":["GET"]}}],"collection":[{"href":"https:\/\/sanluisinforma.com\/index.php?rest_route=\/wp\/v2\/posts"}],"about":[{"href":"https:\/\/sanluisinforma.com\/index.php?rest_route=\/wp\/v2\/types\/post"}],"author":[{"embeddable":true,"href":"https:\/\/sanluisinforma.com\/index.php?rest_route=\/wp\/v2\/users\/2"}],"replies":[{"embeddable":true,"href":"https:\/\/sanluisinforma.com\/index.php?rest_route=%2Fwp%2Fv2%2Fcomments&post=9827"}],"version-history":[{"count":1,"href":"https:\/\/sanluisinforma.com\/index.php?rest_route=\/wp\/v2\/posts\/9827\/revisions"}],"predecessor-version":[{"id":9829,"href":"https:\/\/sanluisinforma.com\/index.php?rest_route=\/wp\/v2\/posts\/9827\/revisions\/9829"}],"wp:featuredmedia":[{"embeddable":true,"href":"https:\/\/sanluisinforma.com\/index.php?rest_route=\/wp\/v2\/media\/9828"}],"wp:attachment":[{"href":"https:\/\/sanluisinforma.com\/index.php?rest_route=%2Fwp%2Fv2%2Fmedia&parent=9827"}],"wp:term":[{"taxonomy":"category","embeddable":true,"href":"https:\/\/sanluisinforma.com\/index.php?rest_route=%2Fwp%2Fv2%2Fcategories&post=9827"},{"taxonomy":"post_tag","embeddable":true,"href":"https:\/\/sanluisinforma.com\/index.php?rest_route=%2Fwp%2Fv2%2Ftags&post=9827"}],"curies":[{"name":"wp","href":"https:\/\/api.w.org\/{rel}","templated":true}]}}