{"id":9843,"date":"2025-01-21T00:50:00","date_gmt":"2025-01-21T06:50:00","guid":{"rendered":"https:\/\/sanluisinforma.com\/?p=9843"},"modified":"2025-01-20T16:14:11","modified_gmt":"2025-01-20T22:14:11","slug":"secretaria-de-turismo-y-alcalde-galindo-inauguran-presentacion-de-ciudades-patrimonio-mundial-en-fitur","status":"publish","type":"post","link":"https:\/\/sanluisinforma.com\/?p=9843","title":{"rendered":"Secretaria de Turismo y Alcalde Galindo inauguran Presentaci\u00f3n de Ciudades Patrimonio Mundial en Fitur"},"content":{"rendered":"\n<p><\/p>\n\n\n\n<ul class=\"wp-block-list\">\n<li>Como parte de las actividades previas a la Feria Internacional de Turismo, la Secretaria Federal, Josefina Rodr\u00edguez Zamora y el Primer Edil de SLP Enrique Galindo Ceballos, acompa\u00f1ados por el Embajador de M\u00e9xico en Espa\u00f1a, Quirino Ordaz; se comprometieron a posicionar las ciudades reconocidas por la Unesco como referentes culturales y tur\u00edsticos.<\/li>\n\n\n\n<li>El Alcalde Enrique Galindo recibi\u00f3 un reconocimiento de la Asociaci\u00f3n de Ciudades Patrimonio Mundial, por su destacada labor como promotor del turismo cultural.<\/li>\n<\/ul>\n\n\n\n<p>El Alcalde de San Luis Potos\u00ed, Enrique Galindo Ceballos, encabez\u00f3 la inauguraci\u00f3n de la Presentaci\u00f3n Internacional de las Ciudades Mexicanas del Patrimonio Mundial, en su calidad de Presidente de la Asociaci\u00f3n Nacional que agrupa a estas ciudades, como parte de las actividades previas a la Feria Internacional de Turismo 2025 (Fitur) en Madrid, con la presencia de la Secretar\u00eda de Turismo del Gobierno Federal, Josefina Rodr\u00edguez Zamora, y de Quirino Ordaz Coppel, Embajador de M\u00e9xico en Espa\u00f1a.<\/p>\n\n\n\n<p>El Alcalde Enrique Galindo subray\u00f3 que la participaci\u00f3n en Fitur es parte del compromiso de la Asociaci\u00f3n Nacional de Ciudades Mexicanas del Patrimonio Mundial (ANCMPM) de posicionar a las urbes reconocidas por la Unesco en el panorama internacional, lo que promueve su legado hist\u00f3rico y cultural ante nuevos mercados tur\u00edsticos. Por su destacada labor como promotor del turismo cultural&nbsp; de M\u00e9xico, el Presidente Municipal de San Luis Potos\u00ed recibi\u00f3 un reconocimiento.<\/p>\n\n\n\n<p>Ante diplom\u00e1ticos, turoperadores internacionales y medios especializados, con el objetivo de promover la riqueza cultural y tur\u00edstica de las Ciudades Patrimonio de M\u00e9xico, el Alcalde Enrique Galindo Ceballos destac\u00f3 que San Luis Potos\u00ed destaca como destino tur\u00edstico religioso, deportivo y de inclusi\u00f3n, con un importante programa para beneficiar a personas con discapacidad. El Primer Edil destac\u00f3 la importancia de estrechar lazos internacionales para fortalecer el turismo cultural.<\/p>\n\n\n\n<p>Como parte de esta presentaci\u00f3n, Elisa Carrillo, embajadora de las Ciudades Mexicanas Patrimonio y primera bailarina del Staatsballet de Berl\u00edn, ofreci\u00f3 una actuaci\u00f3n estelar que cautiv\u00f3 a los asistentes. Adem\u00e1s, se presentaron espect\u00e1culos de El Charro Gonz\u00e1lez, las Catrinas Contempor\u00e1neas y un mariachi, quienes compartieron una muestra vibrante de las tradiciones y el folclore mexicanos, llenando de color y m\u00fasica la Sala de las Columnas del C\u00edrculo de Bellas Artes de Madrid.<\/p>\n","protected":false},"excerpt":{"rendered":"<p>El Alcalde de San Luis Potos\u00ed, Enrique Galindo Ceballos, encabez\u00f3 la inauguraci\u00f3n de la Presentaci\u00f3n Internacional de las Ciudades Mexicanas<\/p>\n","protected":false},"author":2,"featured_media":9844,"comment_status":"closed","ping_status":"closed","sticky":false,"template":"","format":"standard","meta":{"footnotes":""},"categories":[25,30],"tags":[],"class_list":["post-9843","post","type-post","status-publish","format-standard","has-post-thumbnail","hentry","category-local","category-portada"],"yoast_head":"<!-- This site is optimized with the Yoast SEO plugin v24.1 - https:\/\/yoast.com\/wordpress\/plugins\/seo\/ -->\n<title>Secretaria de Turismo y Alcalde Galindo inauguran Presentaci\u00f3n de Ciudades Patrimonio Mundial en Fitur - sanluisinforma.com<\/title>\n<meta name=\"robots\" content=\"index, follow, max-snippet:-1, max-image-preview:large, max-video-preview:-1\" \/>\n<link rel=\"canonical\" href=\"https:\/\/sanluisinforma.com\/?p=9843\" \/>\n<meta property=\"og:locale\" content=\"es_MX\" \/>\n<meta property=\"og:type\" content=\"article\" \/>\n<meta property=\"og:title\" content=\"Secretaria de Turismo y Alcalde Galindo inauguran Presentaci\u00f3n de Ciudades Patrimonio Mundial en Fitur - sanluisinforma.com\" \/>\n<meta property=\"og:description\" content=\"El Alcalde de San Luis Potos\u00ed, Enrique Galindo Ceballos, encabez\u00f3 la inauguraci\u00f3n de la Presentaci\u00f3n Internacional de las Ciudades Mexicanas\" \/>\n<meta property=\"og:url\" content=\"https:\/\/sanluisinforma.com\/?p=9843\" \/>\n<meta property=\"og:site_name\" content=\"sanluisinforma.com\" \/>\n<meta property=\"article:published_time\" content=\"2025-01-21T06:50:00+00:00\" \/>\n<meta property=\"article:modified_time\" content=\"2025-01-20T22:14:11+00:00\" \/>\n<meta property=\"og:image\" content=\"https:\/\/sanluisinforma.com\/wp-content\/uploads\/2025\/01\/8218f5fa-b20d-4a90-b61c-3f462c6c4ec2.jpg\" \/>\n\t<meta property=\"og:image:width\" content=\"1600\" \/>\n\t<meta property=\"og:image:height\" content=\"1066\" \/>\n\t<meta property=\"og:image:type\" content=\"image\/jpeg\" \/>\n<meta name=\"author\" content=\"sanluisinforma.com\" \/>\n<meta name=\"twitter:card\" content=\"summary_large_image\" \/>\n<meta name=\"twitter:label1\" content=\"Escrito por\" \/>\n\t<meta name=\"twitter:data1\" content=\"sanluisinforma.com\" \/>\n\t<meta name=\"twitter:label2\" content=\"Tiempo de lectura\" \/>\n\t<meta name=\"twitter:data2\" content=\"2 minutos\" \/>\n<script type=\"application\/ld+json\" class=\"yoast-schema-graph\">{\"@context\":\"https:\/\/schema.org\",\"@graph\":[{\"@type\":\"Article\",\"@id\":\"https:\/\/sanluisinforma.com\/?p=9843#article\",\"isPartOf\":{\"@id\":\"https:\/\/sanluisinforma.com\/?p=9843\"},\"author\":{\"name\":\"sanluisinforma.com\",\"@id\":\"https:\/\/sanluisinforma.com\/#\/schema\/person\/c30648f71476be533b6f59d092905c8b\"},\"headline\":\"Secretaria de Turismo y Alcalde Galindo inauguran Presentaci\u00f3n de Ciudades Patrimonio Mundial en Fitur\",\"datePublished\":\"2025-01-21T06:50:00+00:00\",\"dateModified\":\"2025-01-20T22:14:11+00:00\",\"mainEntityOfPage\":{\"@id\":\"https:\/\/sanluisinforma.com\/?p=9843\"},\"wordCount\":409,\"publisher\":{\"@id\":\"https:\/\/sanluisinforma.com\/#organization\"},\"image\":{\"@id\":\"https:\/\/sanluisinforma.com\/?p=9843#primaryimage\"},\"thumbnailUrl\":\"https:\/\/sanluisinforma.com\/wp-content\/uploads\/2025\/01\/8218f5fa-b20d-4a90-b61c-3f462c6c4ec2.jpg\",\"articleSection\":[\"Local\",\"Portada\"],\"inLanguage\":\"es\"},{\"@type\":\"WebPage\",\"@id\":\"https:\/\/sanluisinforma.com\/?p=9843\",\"url\":\"https:\/\/sanluisinforma.com\/?p=9843\",\"name\":\"Secretaria de Turismo y Alcalde Galindo inauguran Presentaci\u00f3n de Ciudades Patrimonio Mundial en Fitur - sanluisinforma.com\",\"isPartOf\":{\"@id\":\"https:\/\/sanluisinforma.com\/#website\"},\"primaryImageOfPage\":{\"@id\":\"https:\/\/sanluisinforma.com\/?p=9843#primaryimage\"},\"image\":{\"@id\":\"https:\/\/sanluisinforma.com\/?p=9843#primaryimage\"},\"thumbnailUrl\":\"https:\/\/sanluisinforma.com\/wp-content\/uploads\/2025\/01\/8218f5fa-b20d-4a90-b61c-3f462c6c4ec2.jpg\",\"datePublished\":\"2025-01-21T06:50:00+00:00\",\"dateModified\":\"2025-01-20T22:14:11+00:00\",\"breadcrumb\":{\"@id\":\"https:\/\/sanluisinforma.com\/?p=9843#breadcrumb\"},\"inLanguage\":\"es\",\"potentialAction\":[{\"@type\":\"ReadAction\",\"target\":[\"https:\/\/sanluisinforma.com\/?p=9843\"]}]},{\"@type\":\"ImageObject\",\"inLanguage\":\"es\",\"@id\":\"https:\/\/sanluisinforma.com\/?p=9843#primaryimage\",\"url\":\"https:\/\/sanluisinforma.com\/wp-content\/uploads\/2025\/01\/8218f5fa-b20d-4a90-b61c-3f462c6c4ec2.jpg\",\"contentUrl\":\"https:\/\/sanluisinforma.com\/wp-content\/uploads\/2025\/01\/8218f5fa-b20d-4a90-b61c-3f462c6c4ec2.jpg\",\"width\":1600,\"height\":1066},{\"@type\":\"BreadcrumbList\",\"@id\":\"https:\/\/sanluisinforma.com\/?p=9843#breadcrumb\",\"itemListElement\":[{\"@type\":\"ListItem\",\"position\":1,\"name\":\"Inicio\",\"item\":\"https:\/\/sanluisinforma.com\/\"},{\"@type\":\"ListItem\",\"position\":2,\"name\":\"Secretaria de Turismo y Alcalde Galindo inauguran Presentaci\u00f3n de Ciudades Patrimonio Mundial en Fitur\"}]},{\"@type\":\"WebSite\",\"@id\":\"https:\/\/sanluisinforma.com\/#website\",\"url\":\"https:\/\/sanluisinforma.com\/\",\"name\":\"sanluisinforma.com\",\"description\":\"Periodico San Luis Informa\",\"publisher\":{\"@id\":\"https:\/\/sanluisinforma.com\/#organization\"},\"potentialAction\":[{\"@type\":\"SearchAction\",\"target\":{\"@type\":\"EntryPoint\",\"urlTemplate\":\"https:\/\/sanluisinforma.com\/?s={search_term_string}\"},\"query-input\":{\"@type\":\"PropertyValueSpecification\",\"valueRequired\":true,\"valueName\":\"search_term_string\"}}],\"inLanguage\":\"es\"},{\"@type\":\"Organization\",\"@id\":\"https:\/\/sanluisinforma.com\/#organization\",\"name\":\"sanluisinforma.com\",\"url\":\"https:\/\/sanluisinforma.com\/\",\"logo\":{\"@type\":\"ImageObject\",\"inLanguage\":\"es\",\"@id\":\"https:\/\/sanluisinforma.com\/#\/schema\/logo\/image\/\",\"url\":\"https:\/\/sanluisinforma.com\/wp-content\/uploads\/2026\/03\/sanluisinforma-V.jpg\",\"contentUrl\":\"https:\/\/sanluisinforma.com\/wp-content\/uploads\/2026\/03\/sanluisinforma-V.jpg\",\"width\":500,\"height\":156,\"caption\":\"sanluisinforma.com\"},\"image\":{\"@id\":\"https:\/\/sanluisinforma.com\/#\/schema\/logo\/image\/\"}},{\"@type\":\"Person\",\"@id\":\"https:\/\/sanluisinforma.com\/#\/schema\/person\/c30648f71476be533b6f59d092905c8b\",\"name\":\"sanluisinforma.com\",\"image\":{\"@type\":\"ImageObject\",\"inLanguage\":\"es\",\"@id\":\"https:\/\/sanluisinforma.com\/#\/schema\/person\/image\/\",\"url\":\"https:\/\/secure.gravatar.com\/avatar\/86e3114e34a1eecefb963e0a02f0093f93b092dddb2fe1517596343751081a87?s=96&d=mm&r=g\",\"contentUrl\":\"https:\/\/secure.gravatar.com\/avatar\/86e3114e34a1eecefb963e0a02f0093f93b092dddb2fe1517596343751081a87?s=96&d=mm&r=g\",\"caption\":\"sanluisinforma.com\"},\"url\":\"https:\/\/sanluisinforma.com\/?author=2\"}]}<\/script>\n<!-- \/ Yoast SEO plugin. -->","yoast_head_json":{"title":"Secretaria de Turismo y Alcalde Galindo inauguran Presentaci\u00f3n de Ciudades Patrimonio Mundial en Fitur - sanluisinforma.com","robots":{"index":"index","follow":"follow","max-snippet":"max-snippet:-1","max-image-preview":"max-image-preview:large","max-video-preview":"max-video-preview:-1"},"canonical":"https:\/\/sanluisinforma.com\/?p=9843","og_locale":"es_MX","og_type":"article","og_title":"Secretaria de Turismo y Alcalde Galindo inauguran Presentaci\u00f3n de Ciudades Patrimonio Mundial en Fitur - sanluisinforma.com","og_description":"El Alcalde de San Luis Potos\u00ed, Enrique Galindo Ceballos, encabez\u00f3 la inauguraci\u00f3n de la Presentaci\u00f3n Internacional de las Ciudades Mexicanas","og_url":"https:\/\/sanluisinforma.com\/?p=9843","og_site_name":"sanluisinforma.com","article_published_time":"2025-01-21T06:50:00+00:00","article_modified_time":"2025-01-20T22:14:11+00:00","og_image":[{"width":1600,"height":1066,"url":"https:\/\/sanluisinforma.com\/wp-content\/uploads\/2025\/01\/8218f5fa-b20d-4a90-b61c-3f462c6c4ec2.jpg","type":"image\/jpeg"}],"author":"sanluisinforma.com","twitter_card":"summary_large_image","twitter_misc":{"Escrito por":"sanluisinforma.com","Tiempo de lectura":"2 minutos"},"schema":{"@context":"https:\/\/schema.org","@graph":[{"@type":"Article","@id":"https:\/\/sanluisinforma.com\/?p=9843#article","isPartOf":{"@id":"https:\/\/sanluisinforma.com\/?p=9843"},"author":{"name":"sanluisinforma.com","@id":"https:\/\/sanluisinforma.com\/#\/schema\/person\/c30648f71476be533b6f59d092905c8b"},"headline":"Secretaria de Turismo y Alcalde Galindo inauguran Presentaci\u00f3n de Ciudades Patrimonio Mundial en Fitur","datePublished":"2025-01-21T06:50:00+00:00","dateModified":"2025-01-20T22:14:11+00:00","mainEntityOfPage":{"@id":"https:\/\/sanluisinforma.com\/?p=9843"},"wordCount":409,"publisher":{"@id":"https:\/\/sanluisinforma.com\/#organization"},"image":{"@id":"https:\/\/sanluisinforma.com\/?p=9843#primaryimage"},"thumbnailUrl":"https:\/\/sanluisinforma.com\/wp-content\/uploads\/2025\/01\/8218f5fa-b20d-4a90-b61c-3f462c6c4ec2.jpg","articleSection":["Local","Portada"],"inLanguage":"es"},{"@type":"WebPage","@id":"https:\/\/sanluisinforma.com\/?p=9843","url":"https:\/\/sanluisinforma.com\/?p=9843","name":"Secretaria de Turismo y Alcalde Galindo inauguran Presentaci\u00f3n de Ciudades Patrimonio Mundial en Fitur - sanluisinforma.com","isPartOf":{"@id":"https:\/\/sanluisinforma.com\/#website"},"primaryImageOfPage":{"@id":"https:\/\/sanluisinforma.com\/?p=9843#primaryimage"},"image":{"@id":"https:\/\/sanluisinforma.com\/?p=9843#primaryimage"},"thumbnailUrl":"https:\/\/sanluisinforma.com\/wp-content\/uploads\/2025\/01\/8218f5fa-b20d-4a90-b61c-3f462c6c4ec2.jpg","datePublished":"2025-01-21T06:50:00+00:00","dateModified":"2025-01-20T22:14:11+00:00","breadcrumb":{"@id":"https:\/\/sanluisinforma.com\/?p=9843#breadcrumb"},"inLanguage":"es","potentialAction":[{"@type":"ReadAction","target":["https:\/\/sanluisinforma.com\/?p=9843"]}]},{"@type":"ImageObject","inLanguage":"es","@id":"https:\/\/sanluisinforma.com\/?p=9843#primaryimage","url":"https:\/\/sanluisinforma.com\/wp-content\/uploads\/2025\/01\/8218f5fa-b20d-4a90-b61c-3f462c6c4ec2.jpg","contentUrl":"https:\/\/sanluisinforma.com\/wp-content\/uploads\/2025\/01\/8218f5fa-b20d-4a90-b61c-3f462c6c4ec2.jpg","width":1600,"height":1066},{"@type":"BreadcrumbList","@id":"https:\/\/sanluisinforma.com\/?p=9843#breadcrumb","itemListElement":[{"@type":"ListItem","position":1,"name":"Inicio","item":"https:\/\/sanluisinforma.com\/"},{"@type":"ListItem","position":2,"name":"Secretaria de Turismo y Alcalde Galindo inauguran Presentaci\u00f3n de Ciudades Patrimonio Mundial en Fitur"}]},{"@type":"WebSite","@id":"https:\/\/sanluisinforma.com\/#website","url":"https:\/\/sanluisinforma.com\/","name":"sanluisinforma.com","description":"Periodico San Luis Informa","publisher":{"@id":"https:\/\/sanluisinforma.com\/#organization"},"potentialAction":[{"@type":"SearchAction","target":{"@type":"EntryPoint","urlTemplate":"https:\/\/sanluisinforma.com\/?s={search_term_string}"},"query-input":{"@type":"PropertyValueSpecification","valueRequired":true,"valueName":"search_term_string"}}],"inLanguage":"es"},{"@type":"Organization","@id":"https:\/\/sanluisinforma.com\/#organization","name":"sanluisinforma.com","url":"https:\/\/sanluisinforma.com\/","logo":{"@type":"ImageObject","inLanguage":"es","@id":"https:\/\/sanluisinforma.com\/#\/schema\/logo\/image\/","url":"https:\/\/sanluisinforma.com\/wp-content\/uploads\/2026\/03\/sanluisinforma-V.jpg","contentUrl":"https:\/\/sanluisinforma.com\/wp-content\/uploads\/2026\/03\/sanluisinforma-V.jpg","width":500,"height":156,"caption":"sanluisinforma.com"},"image":{"@id":"https:\/\/sanluisinforma.com\/#\/schema\/logo\/image\/"}},{"@type":"Person","@id":"https:\/\/sanluisinforma.com\/#\/schema\/person\/c30648f71476be533b6f59d092905c8b","name":"sanluisinforma.com","image":{"@type":"ImageObject","inLanguage":"es","@id":"https:\/\/sanluisinforma.com\/#\/schema\/person\/image\/","url":"https:\/\/secure.gravatar.com\/avatar\/86e3114e34a1eecefb963e0a02f0093f93b092dddb2fe1517596343751081a87?s=96&d=mm&r=g","contentUrl":"https:\/\/secure.gravatar.com\/avatar\/86e3114e34a1eecefb963e0a02f0093f93b092dddb2fe1517596343751081a87?s=96&d=mm&r=g","caption":"sanluisinforma.com"},"url":"https:\/\/sanluisinforma.com\/?author=2"}]}},"_links":{"self":[{"href":"https:\/\/sanluisinforma.com\/index.php?rest_route=\/wp\/v2\/posts\/9843","targetHints":{"allow":["GET"]}}],"collection":[{"href":"https:\/\/sanluisinforma.com\/index.php?rest_route=\/wp\/v2\/posts"}],"about":[{"href":"https:\/\/sanluisinforma.com\/index.php?rest_route=\/wp\/v2\/types\/post"}],"author":[{"embeddable":true,"href":"https:\/\/sanluisinforma.com\/index.php?rest_route=\/wp\/v2\/users\/2"}],"replies":[{"embeddable":true,"href":"https:\/\/sanluisinforma.com\/index.php?rest_route=%2Fwp%2Fv2%2Fcomments&post=9843"}],"version-history":[{"count":1,"href":"https:\/\/sanluisinforma.com\/index.php?rest_route=\/wp\/v2\/posts\/9843\/revisions"}],"predecessor-version":[{"id":9845,"href":"https:\/\/sanluisinforma.com\/index.php?rest_route=\/wp\/v2\/posts\/9843\/revisions\/9845"}],"wp:featuredmedia":[{"embeddable":true,"href":"https:\/\/sanluisinforma.com\/index.php?rest_route=\/wp\/v2\/media\/9844"}],"wp:attachment":[{"href":"https:\/\/sanluisinforma.com\/index.php?rest_route=%2Fwp%2Fv2%2Fmedia&parent=9843"}],"wp:term":[{"taxonomy":"category","embeddable":true,"href":"https:\/\/sanluisinforma.com\/index.php?rest_route=%2Fwp%2Fv2%2Fcategories&post=9843"},{"taxonomy":"post_tag","embeddable":true,"href":"https:\/\/sanluisinforma.com\/index.php?rest_route=%2Fwp%2Fv2%2Ftags&post=9843"}],"curies":[{"name":"wp","href":"https:\/\/api.w.org\/{rel}","templated":true}]}}