{"id":9846,"date":"2025-01-21T00:45:00","date_gmt":"2025-01-21T06:45:00","guid":{"rendered":"https:\/\/sanluisinforma.com\/?p=9846"},"modified":"2025-01-20T16:13:56","modified_gmt":"2025-01-20T22:13:56","slug":"el-gobierno-de-la-capital-conmemorara-el-29-aniversario-de-la-delegacion-la-pila","status":"publish","type":"post","link":"https:\/\/sanluisinforma.com\/?p=9846","title":{"rendered":"El Gobierno de la Capital conmemorar\u00e1 el 29\u00b0 aniversario de la Delegaci\u00f3n La Pila"},"content":{"rendered":"\n<p><strong>Una celebraci\u00f3n por la historia y tradici\u00f3n de La Pila.<\/strong><\/p>\n\n\n\n<p><\/p>\n\n\n\n<p>El pr\u00f3ximo 24 de enero, el Gobierno de la Capital celebrar\u00e1 el vig\u00e9simo noveno aniversario de la institucionalizaci\u00f3n de la fundaci\u00f3n de La Pila como Delegaci\u00f3n, con un programa que resaltar\u00e1 el orgullo y la identidad de sus habitantes.<\/p>\n\n\n\n<p>En el marco de este aniversario, se llevar\u00e1n a cabo actividades que destacar\u00e1n las ra\u00edces y el talento de la comunidad. El programa incluir\u00e1:<\/p>\n\n\n\n<p>Reconocimiento a mujeres destacadas: Se homenajear\u00e1 a mujeres de la demarcaci\u00f3n, que han sobresalido en disciplinas deportivas, musicales y de emprendimiento.<\/p>\n\n\n\n<p>Acto c\u00edvico: Una ceremonia solemne que recordar\u00e1 la historia de la delegaci\u00f3n, as\u00ed como el significado de su escudo de armas.<\/p>\n\n\n\n<p>Presentaciones art\u00edsticas<\/p>\n\n\n\n<p>El Ensamble de la Escuela Municipal de M\u00fasica ofrecer\u00e1 un repertorio especial.<\/p>\n\n\n\n<p>Exposici\u00f3n de artesan\u00edas: En colaboraci\u00f3n con la Unidad de Atenci\u00f3n a los Pueblos y Comunidades Ind\u00edgenas, se instalar\u00e1 una muestra de artesan\u00edas.<\/p>\n\n\n\n<p>La Delegada municipal, Guadalupe Almaguer Pardo, destac\u00f3 que este evento se alinea con la visi\u00f3n del Alcalde Enrique Galindo Ceballos de fomentar el desarrollo de las familias de la Capital: \u201cQueremos que los habitantes de La Pila refuercen su identidad, se sientan orgullosos de sus ra\u00edces y que esta delegaci\u00f3n sea reconocida por su riqueza cultural y humana\u201d, expres\u00f3.<\/p>\n\n\n\n<p>El Gobierno de la Capital extiende una cordial invitaci\u00f3n a la ciudadan\u00eda para mantenerse atentos a las redes sociales oficiales de la Delegaci\u00f3n, donde se proporcionar\u00e1n detalles adicionales sobre el programa conmemorativo.<\/p>\n","protected":false},"excerpt":{"rendered":"<p>Una celebraci\u00f3n por la historia y tradici\u00f3n de La Pila. El pr\u00f3ximo 24 de enero, el Gobierno de la Capital<\/p>\n","protected":false},"author":2,"featured_media":9847,"comment_status":"closed","ping_status":"closed","sticky":false,"template":"","format":"standard","meta":{"footnotes":""},"categories":[25,30],"tags":[],"class_list":["post-9846","post","type-post","status-publish","format-standard","has-post-thumbnail","hentry","category-local","category-portada"],"yoast_head":"<!-- This site is optimized with the Yoast SEO plugin v24.1 - https:\/\/yoast.com\/wordpress\/plugins\/seo\/ -->\n<title>El Gobierno de la Capital conmemorar\u00e1 el 29\u00b0 aniversario de la Delegaci\u00f3n La Pila - sanluisinforma.com<\/title>\n<meta name=\"robots\" content=\"index, follow, max-snippet:-1, max-image-preview:large, max-video-preview:-1\" \/>\n<link rel=\"canonical\" href=\"https:\/\/sanluisinforma.com\/?p=9846\" \/>\n<meta property=\"og:locale\" content=\"es_MX\" \/>\n<meta property=\"og:type\" content=\"article\" \/>\n<meta property=\"og:title\" content=\"El Gobierno de la Capital conmemorar\u00e1 el 29\u00b0 aniversario de la Delegaci\u00f3n La Pila - sanluisinforma.com\" \/>\n<meta property=\"og:description\" content=\"Una celebraci\u00f3n por la historia y tradici\u00f3n de La Pila. El pr\u00f3ximo 24 de enero, el Gobierno de la Capital\" \/>\n<meta property=\"og:url\" content=\"https:\/\/sanluisinforma.com\/?p=9846\" \/>\n<meta property=\"og:site_name\" content=\"sanluisinforma.com\" \/>\n<meta property=\"article:published_time\" content=\"2025-01-21T06:45:00+00:00\" \/>\n<meta property=\"article:modified_time\" content=\"2025-01-20T22:13:56+00:00\" \/>\n<meta property=\"og:image\" content=\"https:\/\/sanluisinforma.com\/wp-content\/uploads\/2025\/01\/f0713fc7-f664-4f47-87f2-7a8142c718fe.jpg\" \/>\n\t<meta property=\"og:image:width\" content=\"480\" \/>\n\t<meta property=\"og:image:height\" content=\"479\" \/>\n\t<meta property=\"og:image:type\" content=\"image\/jpeg\" \/>\n<meta name=\"author\" content=\"sanluisinforma.com\" \/>\n<meta name=\"twitter:card\" content=\"summary_large_image\" \/>\n<meta name=\"twitter:label1\" content=\"Escrito por\" \/>\n\t<meta name=\"twitter:data1\" content=\"sanluisinforma.com\" \/>\n\t<meta name=\"twitter:label2\" content=\"Tiempo de lectura\" \/>\n\t<meta name=\"twitter:data2\" content=\"2 minutos\" \/>\n<script type=\"application\/ld+json\" class=\"yoast-schema-graph\">{\"@context\":\"https:\/\/schema.org\",\"@graph\":[{\"@type\":\"Article\",\"@id\":\"https:\/\/sanluisinforma.com\/?p=9846#article\",\"isPartOf\":{\"@id\":\"https:\/\/sanluisinforma.com\/?p=9846\"},\"author\":{\"name\":\"sanluisinforma.com\",\"@id\":\"https:\/\/sanluisinforma.com\/#\/schema\/person\/c30648f71476be533b6f59d092905c8b\"},\"headline\":\"El Gobierno de la Capital conmemorar\u00e1 el 29\u00b0 aniversario de la Delegaci\u00f3n La Pila\",\"datePublished\":\"2025-01-21T06:45:00+00:00\",\"dateModified\":\"2025-01-20T22:13:56+00:00\",\"mainEntityOfPage\":{\"@id\":\"https:\/\/sanluisinforma.com\/?p=9846\"},\"wordCount\":283,\"publisher\":{\"@id\":\"https:\/\/sanluisinforma.com\/#organization\"},\"image\":{\"@id\":\"https:\/\/sanluisinforma.com\/?p=9846#primaryimage\"},\"thumbnailUrl\":\"https:\/\/sanluisinforma.com\/wp-content\/uploads\/2025\/01\/f0713fc7-f664-4f47-87f2-7a8142c718fe.jpg\",\"articleSection\":[\"Local\",\"Portada\"],\"inLanguage\":\"es\"},{\"@type\":\"WebPage\",\"@id\":\"https:\/\/sanluisinforma.com\/?p=9846\",\"url\":\"https:\/\/sanluisinforma.com\/?p=9846\",\"name\":\"El Gobierno de la Capital conmemorar\u00e1 el 29\u00b0 aniversario de la Delegaci\u00f3n La Pila - sanluisinforma.com\",\"isPartOf\":{\"@id\":\"https:\/\/sanluisinforma.com\/#website\"},\"primaryImageOfPage\":{\"@id\":\"https:\/\/sanluisinforma.com\/?p=9846#primaryimage\"},\"image\":{\"@id\":\"https:\/\/sanluisinforma.com\/?p=9846#primaryimage\"},\"thumbnailUrl\":\"https:\/\/sanluisinforma.com\/wp-content\/uploads\/2025\/01\/f0713fc7-f664-4f47-87f2-7a8142c718fe.jpg\",\"datePublished\":\"2025-01-21T06:45:00+00:00\",\"dateModified\":\"2025-01-20T22:13:56+00:00\",\"breadcrumb\":{\"@id\":\"https:\/\/sanluisinforma.com\/?p=9846#breadcrumb\"},\"inLanguage\":\"es\",\"potentialAction\":[{\"@type\":\"ReadAction\",\"target\":[\"https:\/\/sanluisinforma.com\/?p=9846\"]}]},{\"@type\":\"ImageObject\",\"inLanguage\":\"es\",\"@id\":\"https:\/\/sanluisinforma.com\/?p=9846#primaryimage\",\"url\":\"https:\/\/sanluisinforma.com\/wp-content\/uploads\/2025\/01\/f0713fc7-f664-4f47-87f2-7a8142c718fe.jpg\",\"contentUrl\":\"https:\/\/sanluisinforma.com\/wp-content\/uploads\/2025\/01\/f0713fc7-f664-4f47-87f2-7a8142c718fe.jpg\",\"width\":480,\"height\":479},{\"@type\":\"BreadcrumbList\",\"@id\":\"https:\/\/sanluisinforma.com\/?p=9846#breadcrumb\",\"itemListElement\":[{\"@type\":\"ListItem\",\"position\":1,\"name\":\"Inicio\",\"item\":\"https:\/\/sanluisinforma.com\/\"},{\"@type\":\"ListItem\",\"position\":2,\"name\":\"El Gobierno de la Capital conmemorar\u00e1 el 29\u00b0 aniversario de la Delegaci\u00f3n La Pila\"}]},{\"@type\":\"WebSite\",\"@id\":\"https:\/\/sanluisinforma.com\/#website\",\"url\":\"https:\/\/sanluisinforma.com\/\",\"name\":\"sanluisinforma.com\",\"description\":\"Periodico San Luis Informa\",\"publisher\":{\"@id\":\"https:\/\/sanluisinforma.com\/#organization\"},\"potentialAction\":[{\"@type\":\"SearchAction\",\"target\":{\"@type\":\"EntryPoint\",\"urlTemplate\":\"https:\/\/sanluisinforma.com\/?s={search_term_string}\"},\"query-input\":{\"@type\":\"PropertyValueSpecification\",\"valueRequired\":true,\"valueName\":\"search_term_string\"}}],\"inLanguage\":\"es\"},{\"@type\":\"Organization\",\"@id\":\"https:\/\/sanluisinforma.com\/#organization\",\"name\":\"sanluisinforma.com\",\"url\":\"https:\/\/sanluisinforma.com\/\",\"logo\":{\"@type\":\"ImageObject\",\"inLanguage\":\"es\",\"@id\":\"https:\/\/sanluisinforma.com\/#\/schema\/logo\/image\/\",\"url\":\"https:\/\/sanluisinforma.com\/wp-content\/uploads\/2026\/03\/sanluisinforma-V.jpg\",\"contentUrl\":\"https:\/\/sanluisinforma.com\/wp-content\/uploads\/2026\/03\/sanluisinforma-V.jpg\",\"width\":500,\"height\":156,\"caption\":\"sanluisinforma.com\"},\"image\":{\"@id\":\"https:\/\/sanluisinforma.com\/#\/schema\/logo\/image\/\"}},{\"@type\":\"Person\",\"@id\":\"https:\/\/sanluisinforma.com\/#\/schema\/person\/c30648f71476be533b6f59d092905c8b\",\"name\":\"sanluisinforma.com\",\"image\":{\"@type\":\"ImageObject\",\"inLanguage\":\"es\",\"@id\":\"https:\/\/sanluisinforma.com\/#\/schema\/person\/image\/\",\"url\":\"https:\/\/secure.gravatar.com\/avatar\/86e3114e34a1eecefb963e0a02f0093f93b092dddb2fe1517596343751081a87?s=96&d=mm&r=g\",\"contentUrl\":\"https:\/\/secure.gravatar.com\/avatar\/86e3114e34a1eecefb963e0a02f0093f93b092dddb2fe1517596343751081a87?s=96&d=mm&r=g\",\"caption\":\"sanluisinforma.com\"},\"url\":\"https:\/\/sanluisinforma.com\/?author=2\"}]}<\/script>\n<!-- \/ Yoast SEO plugin. -->","yoast_head_json":{"title":"El Gobierno de la Capital conmemorar\u00e1 el 29\u00b0 aniversario de la Delegaci\u00f3n La Pila - sanluisinforma.com","robots":{"index":"index","follow":"follow","max-snippet":"max-snippet:-1","max-image-preview":"max-image-preview:large","max-video-preview":"max-video-preview:-1"},"canonical":"https:\/\/sanluisinforma.com\/?p=9846","og_locale":"es_MX","og_type":"article","og_title":"El Gobierno de la Capital conmemorar\u00e1 el 29\u00b0 aniversario de la Delegaci\u00f3n La Pila - sanluisinforma.com","og_description":"Una celebraci\u00f3n por la historia y tradici\u00f3n de La Pila. El pr\u00f3ximo 24 de enero, el Gobierno de la Capital","og_url":"https:\/\/sanluisinforma.com\/?p=9846","og_site_name":"sanluisinforma.com","article_published_time":"2025-01-21T06:45:00+00:00","article_modified_time":"2025-01-20T22:13:56+00:00","og_image":[{"width":480,"height":479,"url":"https:\/\/sanluisinforma.com\/wp-content\/uploads\/2025\/01\/f0713fc7-f664-4f47-87f2-7a8142c718fe.jpg","type":"image\/jpeg"}],"author":"sanluisinforma.com","twitter_card":"summary_large_image","twitter_misc":{"Escrito por":"sanluisinforma.com","Tiempo de lectura":"2 minutos"},"schema":{"@context":"https:\/\/schema.org","@graph":[{"@type":"Article","@id":"https:\/\/sanluisinforma.com\/?p=9846#article","isPartOf":{"@id":"https:\/\/sanluisinforma.com\/?p=9846"},"author":{"name":"sanluisinforma.com","@id":"https:\/\/sanluisinforma.com\/#\/schema\/person\/c30648f71476be533b6f59d092905c8b"},"headline":"El Gobierno de la Capital conmemorar\u00e1 el 29\u00b0 aniversario de la Delegaci\u00f3n La Pila","datePublished":"2025-01-21T06:45:00+00:00","dateModified":"2025-01-20T22:13:56+00:00","mainEntityOfPage":{"@id":"https:\/\/sanluisinforma.com\/?p=9846"},"wordCount":283,"publisher":{"@id":"https:\/\/sanluisinforma.com\/#organization"},"image":{"@id":"https:\/\/sanluisinforma.com\/?p=9846#primaryimage"},"thumbnailUrl":"https:\/\/sanluisinforma.com\/wp-content\/uploads\/2025\/01\/f0713fc7-f664-4f47-87f2-7a8142c718fe.jpg","articleSection":["Local","Portada"],"inLanguage":"es"},{"@type":"WebPage","@id":"https:\/\/sanluisinforma.com\/?p=9846","url":"https:\/\/sanluisinforma.com\/?p=9846","name":"El Gobierno de la Capital conmemorar\u00e1 el 29\u00b0 aniversario de la Delegaci\u00f3n La Pila - sanluisinforma.com","isPartOf":{"@id":"https:\/\/sanluisinforma.com\/#website"},"primaryImageOfPage":{"@id":"https:\/\/sanluisinforma.com\/?p=9846#primaryimage"},"image":{"@id":"https:\/\/sanluisinforma.com\/?p=9846#primaryimage"},"thumbnailUrl":"https:\/\/sanluisinforma.com\/wp-content\/uploads\/2025\/01\/f0713fc7-f664-4f47-87f2-7a8142c718fe.jpg","datePublished":"2025-01-21T06:45:00+00:00","dateModified":"2025-01-20T22:13:56+00:00","breadcrumb":{"@id":"https:\/\/sanluisinforma.com\/?p=9846#breadcrumb"},"inLanguage":"es","potentialAction":[{"@type":"ReadAction","target":["https:\/\/sanluisinforma.com\/?p=9846"]}]},{"@type":"ImageObject","inLanguage":"es","@id":"https:\/\/sanluisinforma.com\/?p=9846#primaryimage","url":"https:\/\/sanluisinforma.com\/wp-content\/uploads\/2025\/01\/f0713fc7-f664-4f47-87f2-7a8142c718fe.jpg","contentUrl":"https:\/\/sanluisinforma.com\/wp-content\/uploads\/2025\/01\/f0713fc7-f664-4f47-87f2-7a8142c718fe.jpg","width":480,"height":479},{"@type":"BreadcrumbList","@id":"https:\/\/sanluisinforma.com\/?p=9846#breadcrumb","itemListElement":[{"@type":"ListItem","position":1,"name":"Inicio","item":"https:\/\/sanluisinforma.com\/"},{"@type":"ListItem","position":2,"name":"El Gobierno de la Capital conmemorar\u00e1 el 29\u00b0 aniversario de la Delegaci\u00f3n La Pila"}]},{"@type":"WebSite","@id":"https:\/\/sanluisinforma.com\/#website","url":"https:\/\/sanluisinforma.com\/","name":"sanluisinforma.com","description":"Periodico San Luis Informa","publisher":{"@id":"https:\/\/sanluisinforma.com\/#organization"},"potentialAction":[{"@type":"SearchAction","target":{"@type":"EntryPoint","urlTemplate":"https:\/\/sanluisinforma.com\/?s={search_term_string}"},"query-input":{"@type":"PropertyValueSpecification","valueRequired":true,"valueName":"search_term_string"}}],"inLanguage":"es"},{"@type":"Organization","@id":"https:\/\/sanluisinforma.com\/#organization","name":"sanluisinforma.com","url":"https:\/\/sanluisinforma.com\/","logo":{"@type":"ImageObject","inLanguage":"es","@id":"https:\/\/sanluisinforma.com\/#\/schema\/logo\/image\/","url":"https:\/\/sanluisinforma.com\/wp-content\/uploads\/2026\/03\/sanluisinforma-V.jpg","contentUrl":"https:\/\/sanluisinforma.com\/wp-content\/uploads\/2026\/03\/sanluisinforma-V.jpg","width":500,"height":156,"caption":"sanluisinforma.com"},"image":{"@id":"https:\/\/sanluisinforma.com\/#\/schema\/logo\/image\/"}},{"@type":"Person","@id":"https:\/\/sanluisinforma.com\/#\/schema\/person\/c30648f71476be533b6f59d092905c8b","name":"sanluisinforma.com","image":{"@type":"ImageObject","inLanguage":"es","@id":"https:\/\/sanluisinforma.com\/#\/schema\/person\/image\/","url":"https:\/\/secure.gravatar.com\/avatar\/86e3114e34a1eecefb963e0a02f0093f93b092dddb2fe1517596343751081a87?s=96&d=mm&r=g","contentUrl":"https:\/\/secure.gravatar.com\/avatar\/86e3114e34a1eecefb963e0a02f0093f93b092dddb2fe1517596343751081a87?s=96&d=mm&r=g","caption":"sanluisinforma.com"},"url":"https:\/\/sanluisinforma.com\/?author=2"}]}},"_links":{"self":[{"href":"https:\/\/sanluisinforma.com\/index.php?rest_route=\/wp\/v2\/posts\/9846","targetHints":{"allow":["GET"]}}],"collection":[{"href":"https:\/\/sanluisinforma.com\/index.php?rest_route=\/wp\/v2\/posts"}],"about":[{"href":"https:\/\/sanluisinforma.com\/index.php?rest_route=\/wp\/v2\/types\/post"}],"author":[{"embeddable":true,"href":"https:\/\/sanluisinforma.com\/index.php?rest_route=\/wp\/v2\/users\/2"}],"replies":[{"embeddable":true,"href":"https:\/\/sanluisinforma.com\/index.php?rest_route=%2Fwp%2Fv2%2Fcomments&post=9846"}],"version-history":[{"count":1,"href":"https:\/\/sanluisinforma.com\/index.php?rest_route=\/wp\/v2\/posts\/9846\/revisions"}],"predecessor-version":[{"id":9848,"href":"https:\/\/sanluisinforma.com\/index.php?rest_route=\/wp\/v2\/posts\/9846\/revisions\/9848"}],"wp:featuredmedia":[{"embeddable":true,"href":"https:\/\/sanluisinforma.com\/index.php?rest_route=\/wp\/v2\/media\/9847"}],"wp:attachment":[{"href":"https:\/\/sanluisinforma.com\/index.php?rest_route=%2Fwp%2Fv2%2Fmedia&parent=9846"}],"wp:term":[{"taxonomy":"category","embeddable":true,"href":"https:\/\/sanluisinforma.com\/index.php?rest_route=%2Fwp%2Fv2%2Fcategories&post=9846"},{"taxonomy":"post_tag","embeddable":true,"href":"https:\/\/sanluisinforma.com\/index.php?rest_route=%2Fwp%2Fv2%2Ftags&post=9846"}],"curies":[{"name":"wp","href":"https:\/\/api.w.org\/{rel}","templated":true}]}}