{"id":9849,"date":"2025-01-21T00:58:00","date_gmt":"2025-01-21T06:58:00","guid":{"rendered":"https:\/\/sanluisinforma.com\/?p=9849"},"modified":"2025-01-20T22:06:09","modified_gmt":"2025-01-21T04:06:09","slug":"ricardo-gallardo-detonara-con-mas-obras-mejor-movilidad-en-el-altiplano","status":"publish","type":"post","link":"https:\/\/sanluisinforma.com\/?p=9849","title":{"rendered":"Ricardo Gallardo detonara con m\u00e1s Obras , mejor movilidad en el Altiplano"},"content":{"rendered":"\n<p><\/p>\n\n\n\n<p><\/p>\n\n\n\n<p>El Gobierno del Estado prioriza la conectividad \u00e1gil y segura para acercar m\u00e1s apoyo a las familias potosinas<\/p>\n\n\n\n<p>Para continuar la transformaci\u00f3n de las cuatro regiones, tras d\u00e9cadas de atraso de la herencia maldita en materia de movilidad y conectividad regional, el Gobernador de San Luis Potos\u00ed, Ricardo Gallardo Cardona, anunci\u00f3 que este 2025, la administraci\u00f3n estatal promover\u00e1 la renovaci\u00f3n y ampliaci\u00f3n de carreteras, la llegada de MetroRed al Altiplano, sumado a proyectos federales e inversiones que acortar\u00e1n tiempos de traslado, fomentando el turismo y la llegada de m\u00e1s empresas.<\/p>\n\n\n\n<p>El Mandatario Estatal detall\u00f3 que, a partir de marzo, iniciar\u00e1n los trabajos de la nueva autopista Matehuala-San Luis Potos\u00ed, con lo que habr\u00e1 una reducci\u00f3n de tiempos de traslado de hasta 20 minutos hasta la capital del Estado y destac\u00f3 que esta obra contar\u00e1 con una inversi\u00f3n de 20 mil millones de pesos, cuatro carriles para una mayor capacidad de flujo vehicular y se estima pueda entregarse a mediados del 2026.<\/p>\n\n\n\n<p>Adicionalmente, dijo que avanza la planeaci\u00f3n de la operatividad del Sistema MetroRed en Matehuala para el 2026, para acercar m\u00e1s apoyo a las y los potosinos con traslados m\u00e1s \u00e1giles en unidades modernas con amenidades de primer nivel, y adelant\u00f3 que se plantear\u00e1 posteriormente la viabilidad de una l\u00ednea que pase por municipios como Cedral y Vanegas en el Altiplano.<\/p>\n\n\n\n<p>Finalmente, Gallardo Cardona resalt\u00f3 que, entre los planes de movilidad, tambi\u00e9n est\u00e1 el tren de pasajeros, impulsado por el Gobierno de la Presidenta Claudia Sheinbaum, que conectar\u00e1 a San Luis Potos\u00ed a nivel nacional, ya que ir\u00e1 de la Ciudad de M\u00e9xico a la frontera norte, que pasar\u00e1 San Luis Potos\u00ed y Matehuala, con lo que crecer\u00e1 la actividad tur\u00edstica y econ\u00f3mica de la regi\u00f3n.<\/p>\n","protected":false},"excerpt":{"rendered":"<p>El Gobierno del Estado prioriza la conectividad \u00e1gil y segura para acercar m\u00e1s apoyo a las familias potosinas Para continuar<\/p>\n","protected":false},"author":2,"featured_media":9850,"comment_status":"closed","ping_status":"closed","sticky":false,"template":"","format":"standard","meta":{"footnotes":""},"categories":[25,30],"tags":[],"class_list":["post-9849","post","type-post","status-publish","format-standard","has-post-thumbnail","hentry","category-local","category-portada"],"yoast_head":"<!-- This site is optimized with the Yoast SEO plugin v24.1 - https:\/\/yoast.com\/wordpress\/plugins\/seo\/ -->\n<title>Ricardo Gallardo detonara con m\u00e1s Obras , mejor movilidad en el Altiplano - sanluisinforma.com<\/title>\n<meta name=\"robots\" content=\"index, follow, max-snippet:-1, max-image-preview:large, max-video-preview:-1\" \/>\n<link rel=\"canonical\" href=\"https:\/\/sanluisinforma.com\/?p=9849\" \/>\n<meta property=\"og:locale\" content=\"es_MX\" \/>\n<meta property=\"og:type\" content=\"article\" \/>\n<meta property=\"og:title\" content=\"Ricardo Gallardo detonara con m\u00e1s Obras , mejor movilidad en el Altiplano - sanluisinforma.com\" \/>\n<meta property=\"og:description\" content=\"El Gobierno del Estado prioriza la conectividad \u00e1gil y segura para acercar m\u00e1s apoyo a las familias potosinas Para continuar\" \/>\n<meta property=\"og:url\" content=\"https:\/\/sanluisinforma.com\/?p=9849\" \/>\n<meta property=\"og:site_name\" content=\"sanluisinforma.com\" \/>\n<meta property=\"article:published_time\" content=\"2025-01-21T06:58:00+00:00\" \/>\n<meta property=\"article:modified_time\" content=\"2025-01-21T04:06:09+00:00\" \/>\n<meta property=\"og:image\" content=\"https:\/\/sanluisinforma.com\/wp-content\/uploads\/2025\/01\/ce87b188-facf-4d34-ace0-a15a72db03fc.jpg\" \/>\n\t<meta property=\"og:image:width\" content=\"480\" \/>\n\t<meta property=\"og:image:height\" content=\"720\" \/>\n\t<meta property=\"og:image:type\" content=\"image\/jpeg\" \/>\n<meta name=\"author\" content=\"sanluisinforma.com\" \/>\n<meta name=\"twitter:card\" content=\"summary_large_image\" \/>\n<meta name=\"twitter:label1\" content=\"Escrito por\" \/>\n\t<meta name=\"twitter:data1\" content=\"sanluisinforma.com\" \/>\n\t<meta name=\"twitter:label2\" content=\"Tiempo de lectura\" \/>\n\t<meta name=\"twitter:data2\" content=\"2 minutos\" \/>\n<script type=\"application\/ld+json\" class=\"yoast-schema-graph\">{\"@context\":\"https:\/\/schema.org\",\"@graph\":[{\"@type\":\"Article\",\"@id\":\"https:\/\/sanluisinforma.com\/?p=9849#article\",\"isPartOf\":{\"@id\":\"https:\/\/sanluisinforma.com\/?p=9849\"},\"author\":{\"name\":\"sanluisinforma.com\",\"@id\":\"https:\/\/sanluisinforma.com\/#\/schema\/person\/c30648f71476be533b6f59d092905c8b\"},\"headline\":\"Ricardo Gallardo detonara con m\u00e1s Obras , mejor movilidad en el Altiplano\",\"datePublished\":\"2025-01-21T06:58:00+00:00\",\"dateModified\":\"2025-01-21T04:06:09+00:00\",\"mainEntityOfPage\":{\"@id\":\"https:\/\/sanluisinforma.com\/?p=9849\"},\"wordCount\":313,\"publisher\":{\"@id\":\"https:\/\/sanluisinforma.com\/#organization\"},\"image\":{\"@id\":\"https:\/\/sanluisinforma.com\/?p=9849#primaryimage\"},\"thumbnailUrl\":\"https:\/\/sanluisinforma.com\/wp-content\/uploads\/2025\/01\/ce87b188-facf-4d34-ace0-a15a72db03fc.jpg\",\"articleSection\":[\"Local\",\"Portada\"],\"inLanguage\":\"es\"},{\"@type\":\"WebPage\",\"@id\":\"https:\/\/sanluisinforma.com\/?p=9849\",\"url\":\"https:\/\/sanluisinforma.com\/?p=9849\",\"name\":\"Ricardo Gallardo detonara con m\u00e1s Obras , mejor movilidad en el Altiplano - sanluisinforma.com\",\"isPartOf\":{\"@id\":\"https:\/\/sanluisinforma.com\/#website\"},\"primaryImageOfPage\":{\"@id\":\"https:\/\/sanluisinforma.com\/?p=9849#primaryimage\"},\"image\":{\"@id\":\"https:\/\/sanluisinforma.com\/?p=9849#primaryimage\"},\"thumbnailUrl\":\"https:\/\/sanluisinforma.com\/wp-content\/uploads\/2025\/01\/ce87b188-facf-4d34-ace0-a15a72db03fc.jpg\",\"datePublished\":\"2025-01-21T06:58:00+00:00\",\"dateModified\":\"2025-01-21T04:06:09+00:00\",\"breadcrumb\":{\"@id\":\"https:\/\/sanluisinforma.com\/?p=9849#breadcrumb\"},\"inLanguage\":\"es\",\"potentialAction\":[{\"@type\":\"ReadAction\",\"target\":[\"https:\/\/sanluisinforma.com\/?p=9849\"]}]},{\"@type\":\"ImageObject\",\"inLanguage\":\"es\",\"@id\":\"https:\/\/sanluisinforma.com\/?p=9849#primaryimage\",\"url\":\"https:\/\/sanluisinforma.com\/wp-content\/uploads\/2025\/01\/ce87b188-facf-4d34-ace0-a15a72db03fc.jpg\",\"contentUrl\":\"https:\/\/sanluisinforma.com\/wp-content\/uploads\/2025\/01\/ce87b188-facf-4d34-ace0-a15a72db03fc.jpg\",\"width\":480,\"height\":720},{\"@type\":\"BreadcrumbList\",\"@id\":\"https:\/\/sanluisinforma.com\/?p=9849#breadcrumb\",\"itemListElement\":[{\"@type\":\"ListItem\",\"position\":1,\"name\":\"Inicio\",\"item\":\"https:\/\/sanluisinforma.com\/\"},{\"@type\":\"ListItem\",\"position\":2,\"name\":\"Ricardo Gallardo detonara con m\u00e1s Obras , mejor movilidad en el Altiplano\"}]},{\"@type\":\"WebSite\",\"@id\":\"https:\/\/sanluisinforma.com\/#website\",\"url\":\"https:\/\/sanluisinforma.com\/\",\"name\":\"sanluisinforma.com\",\"description\":\"Periodico San Luis Informa\",\"publisher\":{\"@id\":\"https:\/\/sanluisinforma.com\/#organization\"},\"potentialAction\":[{\"@type\":\"SearchAction\",\"target\":{\"@type\":\"EntryPoint\",\"urlTemplate\":\"https:\/\/sanluisinforma.com\/?s={search_term_string}\"},\"query-input\":{\"@type\":\"PropertyValueSpecification\",\"valueRequired\":true,\"valueName\":\"search_term_string\"}}],\"inLanguage\":\"es\"},{\"@type\":\"Organization\",\"@id\":\"https:\/\/sanluisinforma.com\/#organization\",\"name\":\"sanluisinforma.com\",\"url\":\"https:\/\/sanluisinforma.com\/\",\"logo\":{\"@type\":\"ImageObject\",\"inLanguage\":\"es\",\"@id\":\"https:\/\/sanluisinforma.com\/#\/schema\/logo\/image\/\",\"url\":\"https:\/\/sanluisinforma.com\/wp-content\/uploads\/2026\/03\/sanluisinforma-V.jpg\",\"contentUrl\":\"https:\/\/sanluisinforma.com\/wp-content\/uploads\/2026\/03\/sanluisinforma-V.jpg\",\"width\":500,\"height\":156,\"caption\":\"sanluisinforma.com\"},\"image\":{\"@id\":\"https:\/\/sanluisinforma.com\/#\/schema\/logo\/image\/\"}},{\"@type\":\"Person\",\"@id\":\"https:\/\/sanluisinforma.com\/#\/schema\/person\/c30648f71476be533b6f59d092905c8b\",\"name\":\"sanluisinforma.com\",\"image\":{\"@type\":\"ImageObject\",\"inLanguage\":\"es\",\"@id\":\"https:\/\/sanluisinforma.com\/#\/schema\/person\/image\/\",\"url\":\"https:\/\/secure.gravatar.com\/avatar\/86e3114e34a1eecefb963e0a02f0093f93b092dddb2fe1517596343751081a87?s=96&d=mm&r=g\",\"contentUrl\":\"https:\/\/secure.gravatar.com\/avatar\/86e3114e34a1eecefb963e0a02f0093f93b092dddb2fe1517596343751081a87?s=96&d=mm&r=g\",\"caption\":\"sanluisinforma.com\"},\"url\":\"https:\/\/sanluisinforma.com\/?author=2\"}]}<\/script>\n<!-- \/ Yoast SEO plugin. -->","yoast_head_json":{"title":"Ricardo Gallardo detonara con m\u00e1s Obras , mejor movilidad en el Altiplano - sanluisinforma.com","robots":{"index":"index","follow":"follow","max-snippet":"max-snippet:-1","max-image-preview":"max-image-preview:large","max-video-preview":"max-video-preview:-1"},"canonical":"https:\/\/sanluisinforma.com\/?p=9849","og_locale":"es_MX","og_type":"article","og_title":"Ricardo Gallardo detonara con m\u00e1s Obras , mejor movilidad en el Altiplano - sanluisinforma.com","og_description":"El Gobierno del Estado prioriza la conectividad \u00e1gil y segura para acercar m\u00e1s apoyo a las familias potosinas Para continuar","og_url":"https:\/\/sanluisinforma.com\/?p=9849","og_site_name":"sanluisinforma.com","article_published_time":"2025-01-21T06:58:00+00:00","article_modified_time":"2025-01-21T04:06:09+00:00","og_image":[{"width":480,"height":720,"url":"https:\/\/sanluisinforma.com\/wp-content\/uploads\/2025\/01\/ce87b188-facf-4d34-ace0-a15a72db03fc.jpg","type":"image\/jpeg"}],"author":"sanluisinforma.com","twitter_card":"summary_large_image","twitter_misc":{"Escrito por":"sanluisinforma.com","Tiempo de lectura":"2 minutos"},"schema":{"@context":"https:\/\/schema.org","@graph":[{"@type":"Article","@id":"https:\/\/sanluisinforma.com\/?p=9849#article","isPartOf":{"@id":"https:\/\/sanluisinforma.com\/?p=9849"},"author":{"name":"sanluisinforma.com","@id":"https:\/\/sanluisinforma.com\/#\/schema\/person\/c30648f71476be533b6f59d092905c8b"},"headline":"Ricardo Gallardo detonara con m\u00e1s Obras , mejor movilidad en el Altiplano","datePublished":"2025-01-21T06:58:00+00:00","dateModified":"2025-01-21T04:06:09+00:00","mainEntityOfPage":{"@id":"https:\/\/sanluisinforma.com\/?p=9849"},"wordCount":313,"publisher":{"@id":"https:\/\/sanluisinforma.com\/#organization"},"image":{"@id":"https:\/\/sanluisinforma.com\/?p=9849#primaryimage"},"thumbnailUrl":"https:\/\/sanluisinforma.com\/wp-content\/uploads\/2025\/01\/ce87b188-facf-4d34-ace0-a15a72db03fc.jpg","articleSection":["Local","Portada"],"inLanguage":"es"},{"@type":"WebPage","@id":"https:\/\/sanluisinforma.com\/?p=9849","url":"https:\/\/sanluisinforma.com\/?p=9849","name":"Ricardo Gallardo detonara con m\u00e1s Obras , mejor movilidad en el Altiplano - sanluisinforma.com","isPartOf":{"@id":"https:\/\/sanluisinforma.com\/#website"},"primaryImageOfPage":{"@id":"https:\/\/sanluisinforma.com\/?p=9849#primaryimage"},"image":{"@id":"https:\/\/sanluisinforma.com\/?p=9849#primaryimage"},"thumbnailUrl":"https:\/\/sanluisinforma.com\/wp-content\/uploads\/2025\/01\/ce87b188-facf-4d34-ace0-a15a72db03fc.jpg","datePublished":"2025-01-21T06:58:00+00:00","dateModified":"2025-01-21T04:06:09+00:00","breadcrumb":{"@id":"https:\/\/sanluisinforma.com\/?p=9849#breadcrumb"},"inLanguage":"es","potentialAction":[{"@type":"ReadAction","target":["https:\/\/sanluisinforma.com\/?p=9849"]}]},{"@type":"ImageObject","inLanguage":"es","@id":"https:\/\/sanluisinforma.com\/?p=9849#primaryimage","url":"https:\/\/sanluisinforma.com\/wp-content\/uploads\/2025\/01\/ce87b188-facf-4d34-ace0-a15a72db03fc.jpg","contentUrl":"https:\/\/sanluisinforma.com\/wp-content\/uploads\/2025\/01\/ce87b188-facf-4d34-ace0-a15a72db03fc.jpg","width":480,"height":720},{"@type":"BreadcrumbList","@id":"https:\/\/sanluisinforma.com\/?p=9849#breadcrumb","itemListElement":[{"@type":"ListItem","position":1,"name":"Inicio","item":"https:\/\/sanluisinforma.com\/"},{"@type":"ListItem","position":2,"name":"Ricardo Gallardo detonara con m\u00e1s Obras , mejor movilidad en el Altiplano"}]},{"@type":"WebSite","@id":"https:\/\/sanluisinforma.com\/#website","url":"https:\/\/sanluisinforma.com\/","name":"sanluisinforma.com","description":"Periodico San Luis Informa","publisher":{"@id":"https:\/\/sanluisinforma.com\/#organization"},"potentialAction":[{"@type":"SearchAction","target":{"@type":"EntryPoint","urlTemplate":"https:\/\/sanluisinforma.com\/?s={search_term_string}"},"query-input":{"@type":"PropertyValueSpecification","valueRequired":true,"valueName":"search_term_string"}}],"inLanguage":"es"},{"@type":"Organization","@id":"https:\/\/sanluisinforma.com\/#organization","name":"sanluisinforma.com","url":"https:\/\/sanluisinforma.com\/","logo":{"@type":"ImageObject","inLanguage":"es","@id":"https:\/\/sanluisinforma.com\/#\/schema\/logo\/image\/","url":"https:\/\/sanluisinforma.com\/wp-content\/uploads\/2026\/03\/sanluisinforma-V.jpg","contentUrl":"https:\/\/sanluisinforma.com\/wp-content\/uploads\/2026\/03\/sanluisinforma-V.jpg","width":500,"height":156,"caption":"sanluisinforma.com"},"image":{"@id":"https:\/\/sanluisinforma.com\/#\/schema\/logo\/image\/"}},{"@type":"Person","@id":"https:\/\/sanluisinforma.com\/#\/schema\/person\/c30648f71476be533b6f59d092905c8b","name":"sanluisinforma.com","image":{"@type":"ImageObject","inLanguage":"es","@id":"https:\/\/sanluisinforma.com\/#\/schema\/person\/image\/","url":"https:\/\/secure.gravatar.com\/avatar\/86e3114e34a1eecefb963e0a02f0093f93b092dddb2fe1517596343751081a87?s=96&d=mm&r=g","contentUrl":"https:\/\/secure.gravatar.com\/avatar\/86e3114e34a1eecefb963e0a02f0093f93b092dddb2fe1517596343751081a87?s=96&d=mm&r=g","caption":"sanluisinforma.com"},"url":"https:\/\/sanluisinforma.com\/?author=2"}]}},"_links":{"self":[{"href":"https:\/\/sanluisinforma.com\/index.php?rest_route=\/wp\/v2\/posts\/9849","targetHints":{"allow":["GET"]}}],"collection":[{"href":"https:\/\/sanluisinforma.com\/index.php?rest_route=\/wp\/v2\/posts"}],"about":[{"href":"https:\/\/sanluisinforma.com\/index.php?rest_route=\/wp\/v2\/types\/post"}],"author":[{"embeddable":true,"href":"https:\/\/sanluisinforma.com\/index.php?rest_route=\/wp\/v2\/users\/2"}],"replies":[{"embeddable":true,"href":"https:\/\/sanluisinforma.com\/index.php?rest_route=%2Fwp%2Fv2%2Fcomments&post=9849"}],"version-history":[{"count":1,"href":"https:\/\/sanluisinforma.com\/index.php?rest_route=\/wp\/v2\/posts\/9849\/revisions"}],"predecessor-version":[{"id":9851,"href":"https:\/\/sanluisinforma.com\/index.php?rest_route=\/wp\/v2\/posts\/9849\/revisions\/9851"}],"wp:featuredmedia":[{"embeddable":true,"href":"https:\/\/sanluisinforma.com\/index.php?rest_route=\/wp\/v2\/media\/9850"}],"wp:attachment":[{"href":"https:\/\/sanluisinforma.com\/index.php?rest_route=%2Fwp%2Fv2%2Fmedia&parent=9849"}],"wp:term":[{"taxonomy":"category","embeddable":true,"href":"https:\/\/sanluisinforma.com\/index.php?rest_route=%2Fwp%2Fv2%2Fcategories&post=9849"},{"taxonomy":"post_tag","embeddable":true,"href":"https:\/\/sanluisinforma.com\/index.php?rest_route=%2Fwp%2Fv2%2Ftags&post=9849"}],"curies":[{"name":"wp","href":"https:\/\/api.w.org\/{rel}","templated":true}]}}