{"id":9852,"date":"2025-01-21T00:55:00","date_gmt":"2025-01-21T06:55:00","guid":{"rendered":"https:\/\/sanluisinforma.com\/?p=9852"},"modified":"2025-01-20T22:12:02","modified_gmt":"2025-01-21T04:12:02","slug":"gobierno-del-estado-alerta-por-disminucion-de-temperaturas","status":"publish","type":"post","link":"https:\/\/sanluisinforma.com\/?p=9852","title":{"rendered":"Gobierno del Estado Alerta por disminuci\u00f3n de Temperaturas"},"content":{"rendered":"\n<p><\/p>\n\n\n\n<p>El frente fr\u00edo n\u00famero 24 traer\u00e1 bajas temperaturas en todo el Estado y nevadas en las sierras<\/p>\n\n\n\n<p>El Gobierno del Estado a trav\u00e9s de la Coordinaci\u00f3n Estatal de Protecci\u00f3n Civil (CEPC), alerta a la poblaci\u00f3n por la disminuci\u00f3n de las temperaturas en los pr\u00f3ximos d\u00edas, por el frente fr\u00edo 24 y una masa de aire polar, luego de reafirmar su compromiso con la prevenci\u00f3n y el apoyo a las y los potosinos, y al hacer un llamado a los 59 municipios a tener habilitados sus refugios temporales y hacer recorridos en sus municipios para auxiliar a las personas en situaci\u00f3n de calle o a quienes lo necesiten.&nbsp;<\/p>\n\n\n\n<p>Por instrucci\u00f3n del Gobernador del Estado, Ricardo Gallardo Cardona, el director de la dependencia Mauricio Ordaz Flores, inform\u00f3 que, existe la probabilidad de formaci\u00f3n de escarcha por la noche del martes y ma\u00f1ana del mi\u00e9rcoles en sierras del Estado como Xilitla, de Papagayos, de \u00c1lvarez, de Rioverde y expuso que habr\u00e1 un evento de norte en la Huasteca, principalmente a partir del mediod\u00eda de este lunes el cual traer\u00e1 rachas de viento de entre 60 a 100 kil\u00f3metros por hora.<\/p>\n\n\n\n<p>Coment\u00f3 que para la zona altiplano las temperaturas m\u00e1s bajas que pudiera registrarse ser\u00eda a -2 grados y en la zona huasteca esperan que la m\u00ednima llegue a los 7 grados y la m\u00e1xima a los 13 grados, por lo que recomend\u00f3 a la poblaci\u00f3n evitar usar anafres para calentarse, abrigarse bien, tomar alimentos ricos en vitamina C y evitar los cambios bruscos de temperaturas.<\/p>\n\n\n\n<p>Finalmente, dijo que la dependencia mantiene vigilancia permanente para auxiliar a la poblaci\u00f3n que lo necesite y record\u00f3 que hay una coordinaci\u00f3n con todos los ayuntamientos para resguardar a las y los potosinos.&nbsp;<\/p>\n","protected":false},"excerpt":{"rendered":"<p>El frente fr\u00edo n\u00famero 24 traer\u00e1 bajas temperaturas en todo el Estado y nevadas en las sierras El Gobierno del<\/p>\n","protected":false},"author":2,"featured_media":9853,"comment_status":"closed","ping_status":"closed","sticky":false,"template":"","format":"standard","meta":{"footnotes":""},"categories":[25,30],"tags":[],"class_list":["post-9852","post","type-post","status-publish","format-standard","has-post-thumbnail","hentry","category-local","category-portada"],"yoast_head":"<!-- This site is optimized with the Yoast SEO plugin v24.1 - https:\/\/yoast.com\/wordpress\/plugins\/seo\/ -->\n<title>Gobierno del Estado Alerta por disminuci\u00f3n de Temperaturas - sanluisinforma.com<\/title>\n<meta name=\"robots\" content=\"index, follow, max-snippet:-1, max-image-preview:large, max-video-preview:-1\" \/>\n<link rel=\"canonical\" href=\"https:\/\/sanluisinforma.com\/?p=9852\" \/>\n<meta property=\"og:locale\" content=\"es_MX\" \/>\n<meta property=\"og:type\" content=\"article\" \/>\n<meta property=\"og:title\" content=\"Gobierno del Estado Alerta por disminuci\u00f3n de Temperaturas - sanluisinforma.com\" \/>\n<meta property=\"og:description\" content=\"El frente fr\u00edo n\u00famero 24 traer\u00e1 bajas temperaturas en todo el Estado y nevadas en las sierras El Gobierno del\" \/>\n<meta property=\"og:url\" content=\"https:\/\/sanluisinforma.com\/?p=9852\" \/>\n<meta property=\"og:site_name\" content=\"sanluisinforma.com\" \/>\n<meta property=\"article:published_time\" content=\"2025-01-21T06:55:00+00:00\" \/>\n<meta property=\"article:modified_time\" content=\"2025-01-21T04:12:02+00:00\" \/>\n<meta property=\"og:image\" content=\"https:\/\/sanluisinforma.com\/wp-content\/uploads\/2025\/01\/93ce6c79-ef20-4507-a524-94ed6792b825.jpg\" \/>\n\t<meta property=\"og:image:width\" content=\"480\" \/>\n\t<meta property=\"og:image:height\" content=\"338\" \/>\n\t<meta property=\"og:image:type\" content=\"image\/jpeg\" \/>\n<meta name=\"author\" content=\"sanluisinforma.com\" \/>\n<meta name=\"twitter:card\" content=\"summary_large_image\" \/>\n<meta name=\"twitter:label1\" content=\"Escrito por\" \/>\n\t<meta name=\"twitter:data1\" content=\"sanluisinforma.com\" \/>\n\t<meta name=\"twitter:label2\" content=\"Tiempo de lectura\" \/>\n\t<meta name=\"twitter:data2\" content=\"2 minutos\" \/>\n<script type=\"application\/ld+json\" class=\"yoast-schema-graph\">{\"@context\":\"https:\/\/schema.org\",\"@graph\":[{\"@type\":\"Article\",\"@id\":\"https:\/\/sanluisinforma.com\/?p=9852#article\",\"isPartOf\":{\"@id\":\"https:\/\/sanluisinforma.com\/?p=9852\"},\"author\":{\"name\":\"sanluisinforma.com\",\"@id\":\"https:\/\/sanluisinforma.com\/#\/schema\/person\/c30648f71476be533b6f59d092905c8b\"},\"headline\":\"Gobierno del Estado Alerta por disminuci\u00f3n de Temperaturas\",\"datePublished\":\"2025-01-21T06:55:00+00:00\",\"dateModified\":\"2025-01-21T04:12:02+00:00\",\"mainEntityOfPage\":{\"@id\":\"https:\/\/sanluisinforma.com\/?p=9852\"},\"wordCount\":314,\"publisher\":{\"@id\":\"https:\/\/sanluisinforma.com\/#organization\"},\"image\":{\"@id\":\"https:\/\/sanluisinforma.com\/?p=9852#primaryimage\"},\"thumbnailUrl\":\"https:\/\/sanluisinforma.com\/wp-content\/uploads\/2025\/01\/93ce6c79-ef20-4507-a524-94ed6792b825.jpg\",\"articleSection\":[\"Local\",\"Portada\"],\"inLanguage\":\"es\"},{\"@type\":\"WebPage\",\"@id\":\"https:\/\/sanluisinforma.com\/?p=9852\",\"url\":\"https:\/\/sanluisinforma.com\/?p=9852\",\"name\":\"Gobierno del Estado Alerta por disminuci\u00f3n de Temperaturas - sanluisinforma.com\",\"isPartOf\":{\"@id\":\"https:\/\/sanluisinforma.com\/#website\"},\"primaryImageOfPage\":{\"@id\":\"https:\/\/sanluisinforma.com\/?p=9852#primaryimage\"},\"image\":{\"@id\":\"https:\/\/sanluisinforma.com\/?p=9852#primaryimage\"},\"thumbnailUrl\":\"https:\/\/sanluisinforma.com\/wp-content\/uploads\/2025\/01\/93ce6c79-ef20-4507-a524-94ed6792b825.jpg\",\"datePublished\":\"2025-01-21T06:55:00+00:00\",\"dateModified\":\"2025-01-21T04:12:02+00:00\",\"breadcrumb\":{\"@id\":\"https:\/\/sanluisinforma.com\/?p=9852#breadcrumb\"},\"inLanguage\":\"es\",\"potentialAction\":[{\"@type\":\"ReadAction\",\"target\":[\"https:\/\/sanluisinforma.com\/?p=9852\"]}]},{\"@type\":\"ImageObject\",\"inLanguage\":\"es\",\"@id\":\"https:\/\/sanluisinforma.com\/?p=9852#primaryimage\",\"url\":\"https:\/\/sanluisinforma.com\/wp-content\/uploads\/2025\/01\/93ce6c79-ef20-4507-a524-94ed6792b825.jpg\",\"contentUrl\":\"https:\/\/sanluisinforma.com\/wp-content\/uploads\/2025\/01\/93ce6c79-ef20-4507-a524-94ed6792b825.jpg\",\"width\":480,\"height\":338},{\"@type\":\"BreadcrumbList\",\"@id\":\"https:\/\/sanluisinforma.com\/?p=9852#breadcrumb\",\"itemListElement\":[{\"@type\":\"ListItem\",\"position\":1,\"name\":\"Inicio\",\"item\":\"https:\/\/sanluisinforma.com\/\"},{\"@type\":\"ListItem\",\"position\":2,\"name\":\"Gobierno del Estado Alerta por disminuci\u00f3n de Temperaturas\"}]},{\"@type\":\"WebSite\",\"@id\":\"https:\/\/sanluisinforma.com\/#website\",\"url\":\"https:\/\/sanluisinforma.com\/\",\"name\":\"sanluisinforma.com\",\"description\":\"Periodico San Luis Informa\",\"publisher\":{\"@id\":\"https:\/\/sanluisinforma.com\/#organization\"},\"potentialAction\":[{\"@type\":\"SearchAction\",\"target\":{\"@type\":\"EntryPoint\",\"urlTemplate\":\"https:\/\/sanluisinforma.com\/?s={search_term_string}\"},\"query-input\":{\"@type\":\"PropertyValueSpecification\",\"valueRequired\":true,\"valueName\":\"search_term_string\"}}],\"inLanguage\":\"es\"},{\"@type\":\"Organization\",\"@id\":\"https:\/\/sanluisinforma.com\/#organization\",\"name\":\"sanluisinforma.com\",\"url\":\"https:\/\/sanluisinforma.com\/\",\"logo\":{\"@type\":\"ImageObject\",\"inLanguage\":\"es\",\"@id\":\"https:\/\/sanluisinforma.com\/#\/schema\/logo\/image\/\",\"url\":\"https:\/\/sanluisinforma.com\/wp-content\/uploads\/2026\/03\/sanluisinforma-V.jpg\",\"contentUrl\":\"https:\/\/sanluisinforma.com\/wp-content\/uploads\/2026\/03\/sanluisinforma-V.jpg\",\"width\":500,\"height\":156,\"caption\":\"sanluisinforma.com\"},\"image\":{\"@id\":\"https:\/\/sanluisinforma.com\/#\/schema\/logo\/image\/\"}},{\"@type\":\"Person\",\"@id\":\"https:\/\/sanluisinforma.com\/#\/schema\/person\/c30648f71476be533b6f59d092905c8b\",\"name\":\"sanluisinforma.com\",\"image\":{\"@type\":\"ImageObject\",\"inLanguage\":\"es\",\"@id\":\"https:\/\/sanluisinforma.com\/#\/schema\/person\/image\/\",\"url\":\"https:\/\/secure.gravatar.com\/avatar\/86e3114e34a1eecefb963e0a02f0093f93b092dddb2fe1517596343751081a87?s=96&d=mm&r=g\",\"contentUrl\":\"https:\/\/secure.gravatar.com\/avatar\/86e3114e34a1eecefb963e0a02f0093f93b092dddb2fe1517596343751081a87?s=96&d=mm&r=g\",\"caption\":\"sanluisinforma.com\"},\"url\":\"https:\/\/sanluisinforma.com\/?author=2\"}]}<\/script>\n<!-- \/ Yoast SEO plugin. -->","yoast_head_json":{"title":"Gobierno del Estado Alerta por disminuci\u00f3n de Temperaturas - sanluisinforma.com","robots":{"index":"index","follow":"follow","max-snippet":"max-snippet:-1","max-image-preview":"max-image-preview:large","max-video-preview":"max-video-preview:-1"},"canonical":"https:\/\/sanluisinforma.com\/?p=9852","og_locale":"es_MX","og_type":"article","og_title":"Gobierno del Estado Alerta por disminuci\u00f3n de Temperaturas - sanluisinforma.com","og_description":"El frente fr\u00edo n\u00famero 24 traer\u00e1 bajas temperaturas en todo el Estado y nevadas en las sierras El Gobierno del","og_url":"https:\/\/sanluisinforma.com\/?p=9852","og_site_name":"sanluisinforma.com","article_published_time":"2025-01-21T06:55:00+00:00","article_modified_time":"2025-01-21T04:12:02+00:00","og_image":[{"width":480,"height":338,"url":"https:\/\/sanluisinforma.com\/wp-content\/uploads\/2025\/01\/93ce6c79-ef20-4507-a524-94ed6792b825.jpg","type":"image\/jpeg"}],"author":"sanluisinforma.com","twitter_card":"summary_large_image","twitter_misc":{"Escrito por":"sanluisinforma.com","Tiempo de lectura":"2 minutos"},"schema":{"@context":"https:\/\/schema.org","@graph":[{"@type":"Article","@id":"https:\/\/sanluisinforma.com\/?p=9852#article","isPartOf":{"@id":"https:\/\/sanluisinforma.com\/?p=9852"},"author":{"name":"sanluisinforma.com","@id":"https:\/\/sanluisinforma.com\/#\/schema\/person\/c30648f71476be533b6f59d092905c8b"},"headline":"Gobierno del Estado Alerta por disminuci\u00f3n de Temperaturas","datePublished":"2025-01-21T06:55:00+00:00","dateModified":"2025-01-21T04:12:02+00:00","mainEntityOfPage":{"@id":"https:\/\/sanluisinforma.com\/?p=9852"},"wordCount":314,"publisher":{"@id":"https:\/\/sanluisinforma.com\/#organization"},"image":{"@id":"https:\/\/sanluisinforma.com\/?p=9852#primaryimage"},"thumbnailUrl":"https:\/\/sanluisinforma.com\/wp-content\/uploads\/2025\/01\/93ce6c79-ef20-4507-a524-94ed6792b825.jpg","articleSection":["Local","Portada"],"inLanguage":"es"},{"@type":"WebPage","@id":"https:\/\/sanluisinforma.com\/?p=9852","url":"https:\/\/sanluisinforma.com\/?p=9852","name":"Gobierno del Estado Alerta por disminuci\u00f3n de Temperaturas - sanluisinforma.com","isPartOf":{"@id":"https:\/\/sanluisinforma.com\/#website"},"primaryImageOfPage":{"@id":"https:\/\/sanluisinforma.com\/?p=9852#primaryimage"},"image":{"@id":"https:\/\/sanluisinforma.com\/?p=9852#primaryimage"},"thumbnailUrl":"https:\/\/sanluisinforma.com\/wp-content\/uploads\/2025\/01\/93ce6c79-ef20-4507-a524-94ed6792b825.jpg","datePublished":"2025-01-21T06:55:00+00:00","dateModified":"2025-01-21T04:12:02+00:00","breadcrumb":{"@id":"https:\/\/sanluisinforma.com\/?p=9852#breadcrumb"},"inLanguage":"es","potentialAction":[{"@type":"ReadAction","target":["https:\/\/sanluisinforma.com\/?p=9852"]}]},{"@type":"ImageObject","inLanguage":"es","@id":"https:\/\/sanluisinforma.com\/?p=9852#primaryimage","url":"https:\/\/sanluisinforma.com\/wp-content\/uploads\/2025\/01\/93ce6c79-ef20-4507-a524-94ed6792b825.jpg","contentUrl":"https:\/\/sanluisinforma.com\/wp-content\/uploads\/2025\/01\/93ce6c79-ef20-4507-a524-94ed6792b825.jpg","width":480,"height":338},{"@type":"BreadcrumbList","@id":"https:\/\/sanluisinforma.com\/?p=9852#breadcrumb","itemListElement":[{"@type":"ListItem","position":1,"name":"Inicio","item":"https:\/\/sanluisinforma.com\/"},{"@type":"ListItem","position":2,"name":"Gobierno del Estado Alerta por disminuci\u00f3n de Temperaturas"}]},{"@type":"WebSite","@id":"https:\/\/sanluisinforma.com\/#website","url":"https:\/\/sanluisinforma.com\/","name":"sanluisinforma.com","description":"Periodico San Luis Informa","publisher":{"@id":"https:\/\/sanluisinforma.com\/#organization"},"potentialAction":[{"@type":"SearchAction","target":{"@type":"EntryPoint","urlTemplate":"https:\/\/sanluisinforma.com\/?s={search_term_string}"},"query-input":{"@type":"PropertyValueSpecification","valueRequired":true,"valueName":"search_term_string"}}],"inLanguage":"es"},{"@type":"Organization","@id":"https:\/\/sanluisinforma.com\/#organization","name":"sanluisinforma.com","url":"https:\/\/sanluisinforma.com\/","logo":{"@type":"ImageObject","inLanguage":"es","@id":"https:\/\/sanluisinforma.com\/#\/schema\/logo\/image\/","url":"https:\/\/sanluisinforma.com\/wp-content\/uploads\/2026\/03\/sanluisinforma-V.jpg","contentUrl":"https:\/\/sanluisinforma.com\/wp-content\/uploads\/2026\/03\/sanluisinforma-V.jpg","width":500,"height":156,"caption":"sanluisinforma.com"},"image":{"@id":"https:\/\/sanluisinforma.com\/#\/schema\/logo\/image\/"}},{"@type":"Person","@id":"https:\/\/sanluisinforma.com\/#\/schema\/person\/c30648f71476be533b6f59d092905c8b","name":"sanluisinforma.com","image":{"@type":"ImageObject","inLanguage":"es","@id":"https:\/\/sanluisinforma.com\/#\/schema\/person\/image\/","url":"https:\/\/secure.gravatar.com\/avatar\/86e3114e34a1eecefb963e0a02f0093f93b092dddb2fe1517596343751081a87?s=96&d=mm&r=g","contentUrl":"https:\/\/secure.gravatar.com\/avatar\/86e3114e34a1eecefb963e0a02f0093f93b092dddb2fe1517596343751081a87?s=96&d=mm&r=g","caption":"sanluisinforma.com"},"url":"https:\/\/sanluisinforma.com\/?author=2"}]}},"_links":{"self":[{"href":"https:\/\/sanluisinforma.com\/index.php?rest_route=\/wp\/v2\/posts\/9852","targetHints":{"allow":["GET"]}}],"collection":[{"href":"https:\/\/sanluisinforma.com\/index.php?rest_route=\/wp\/v2\/posts"}],"about":[{"href":"https:\/\/sanluisinforma.com\/index.php?rest_route=\/wp\/v2\/types\/post"}],"author":[{"embeddable":true,"href":"https:\/\/sanluisinforma.com\/index.php?rest_route=\/wp\/v2\/users\/2"}],"replies":[{"embeddable":true,"href":"https:\/\/sanluisinforma.com\/index.php?rest_route=%2Fwp%2Fv2%2Fcomments&post=9852"}],"version-history":[{"count":1,"href":"https:\/\/sanluisinforma.com\/index.php?rest_route=\/wp\/v2\/posts\/9852\/revisions"}],"predecessor-version":[{"id":9854,"href":"https:\/\/sanluisinforma.com\/index.php?rest_route=\/wp\/v2\/posts\/9852\/revisions\/9854"}],"wp:featuredmedia":[{"embeddable":true,"href":"https:\/\/sanluisinforma.com\/index.php?rest_route=\/wp\/v2\/media\/9853"}],"wp:attachment":[{"href":"https:\/\/sanluisinforma.com\/index.php?rest_route=%2Fwp%2Fv2%2Fmedia&parent=9852"}],"wp:term":[{"taxonomy":"category","embeddable":true,"href":"https:\/\/sanluisinforma.com\/index.php?rest_route=%2Fwp%2Fv2%2Fcategories&post=9852"},{"taxonomy":"post_tag","embeddable":true,"href":"https:\/\/sanluisinforma.com\/index.php?rest_route=%2Fwp%2Fv2%2Ftags&post=9852"}],"curies":[{"name":"wp","href":"https:\/\/api.w.org\/{rel}","templated":true}]}}