{"id":9861,"date":"2025-01-22T00:58:00","date_gmt":"2025-01-22T06:58:00","guid":{"rendered":"https:\/\/sanluisinforma.com\/?p=9861"},"modified":"2025-01-21T17:44:21","modified_gmt":"2025-01-21T23:44:21","slug":"ricardo-gallardo-lleva-mas-apoyo-en-movilidad-a-la-region-media","status":"publish","type":"post","link":"https:\/\/sanluisinforma.com\/?p=9861","title":{"rendered":"Ricardo Gallardo lleva m\u00e1s apoyo en Movilidad a la Regi\u00f3n Media"},"content":{"rendered":"\n<p><\/p>\n\n\n\n<p>El Gobernador del Estado, entreg\u00f3 8.4 kil\u00f3metros del camino Cerritos-San Pedro de los Hern\u00e1ndez y arranc\u00f3 la segunda etapa de esta v\u00eda<\/p>\n\n\n\n<p>Familias de la regi\u00f3n media reciben m\u00e1s apoyo en movilidad, con caminos seguros, c\u00f3modos y que acortan los tiempos de traslados, como el de Cerritos-San Pedro de los Hern\u00e1ndez, que entreg\u00f3 este martes el Gobernador de San Luis Potos\u00ed, Ricardo Gallardo Cardona en beneficio de m\u00e1s de 16 mil usuarios, con una inversi\u00f3n de 22.45 millones de pesos.<\/p>\n\n\n\n<p>En un ambiente de j\u00fabilo y ante cientos de habitantes de las diferentes comunidades del municipio, el Gobernador del Estado, tambi\u00e9n arranc\u00f3 la segunda etapa del proyecto; durante su discurso afirm\u00f3 que en el 2025 continuar\u00e1 la transformaci\u00f3n del Estado, pues se construir\u00e1n m\u00e1s obras de infraestructura acciones que sumadas a los programas sociales mejoran la calidad de vida de todas todos.<\/p>\n\n\n\n<p>Gallardo Cardona coment\u00f3 que ahora las familias podr\u00e1n trasladarse a sus centros de trabajo, a centros m\u00e9dicos y escuelas, as\u00ed como para proveerse y para el traslado de mercanc\u00edas, con el rescate de esta importante carretera, y anuncio que en breve se analizar\u00e1n m\u00e1s v\u00edas de comunicaci\u00f3n en el municipio para seguir reconstruy\u00e9ndolas.<\/p>\n\n\n\n<p>La obra de reconstrucci\u00f3n del camino, en su primera etapa, abarc\u00f3 una longitud total de ocho mil 400 metros lineales, la instalaci\u00f3n de infraestructura b\u00e1sica, se\u00f1al\u00e9tica horizontal y vertical en el tramo, mientras que la segunda etapa abarcar\u00e1 5 mil 400 metros lineales, adem\u00e1s de obras complementarias.<\/p>\n\n\n\n<p>}<\/p>\n","protected":false},"excerpt":{"rendered":"<p>El Gobernador del Estado, entreg\u00f3 8.4 kil\u00f3metros del camino Cerritos-San Pedro de los Hern\u00e1ndez y arranc\u00f3 la segunda etapa de<\/p>\n","protected":false},"author":2,"featured_media":9862,"comment_status":"closed","ping_status":"closed","sticky":false,"template":"","format":"standard","meta":{"footnotes":""},"categories":[25,30],"tags":[],"class_list":["post-9861","post","type-post","status-publish","format-standard","has-post-thumbnail","hentry","category-local","category-portada"],"yoast_head":"<!-- This site is optimized with the Yoast SEO plugin v24.1 - https:\/\/yoast.com\/wordpress\/plugins\/seo\/ -->\n<title>Ricardo Gallardo lleva m\u00e1s apoyo en Movilidad a la Regi\u00f3n Media - sanluisinforma.com<\/title>\n<meta name=\"robots\" content=\"index, follow, max-snippet:-1, max-image-preview:large, max-video-preview:-1\" \/>\n<link rel=\"canonical\" href=\"https:\/\/sanluisinforma.com\/?p=9861\" \/>\n<meta property=\"og:locale\" content=\"es_MX\" \/>\n<meta property=\"og:type\" content=\"article\" \/>\n<meta property=\"og:title\" content=\"Ricardo Gallardo lleva m\u00e1s apoyo en Movilidad a la Regi\u00f3n Media - sanluisinforma.com\" \/>\n<meta property=\"og:description\" content=\"El Gobernador del Estado, entreg\u00f3 8.4 kil\u00f3metros del camino Cerritos-San Pedro de los Hern\u00e1ndez y arranc\u00f3 la segunda etapa de\" \/>\n<meta property=\"og:url\" content=\"https:\/\/sanluisinforma.com\/?p=9861\" \/>\n<meta property=\"og:site_name\" content=\"sanluisinforma.com\" \/>\n<meta property=\"article:published_time\" content=\"2025-01-22T06:58:00+00:00\" \/>\n<meta property=\"article:modified_time\" content=\"2025-01-21T23:44:21+00:00\" \/>\n<meta property=\"og:image\" content=\"https:\/\/sanluisinforma.com\/wp-content\/uploads\/2025\/01\/84a1389d-cc12-4890-8dfd-9444d1e6562c.jpg\" \/>\n\t<meta property=\"og:image:width\" content=\"480\" \/>\n\t<meta property=\"og:image:height\" content=\"319\" \/>\n\t<meta property=\"og:image:type\" content=\"image\/jpeg\" \/>\n<meta name=\"author\" content=\"sanluisinforma.com\" \/>\n<meta name=\"twitter:card\" content=\"summary_large_image\" \/>\n<meta name=\"twitter:label1\" content=\"Escrito por\" \/>\n\t<meta name=\"twitter:data1\" content=\"sanluisinforma.com\" \/>\n\t<meta name=\"twitter:label2\" content=\"Tiempo de lectura\" \/>\n\t<meta name=\"twitter:data2\" content=\"2 minutos\" \/>\n<script type=\"application\/ld+json\" class=\"yoast-schema-graph\">{\"@context\":\"https:\/\/schema.org\",\"@graph\":[{\"@type\":\"Article\",\"@id\":\"https:\/\/sanluisinforma.com\/?p=9861#article\",\"isPartOf\":{\"@id\":\"https:\/\/sanluisinforma.com\/?p=9861\"},\"author\":{\"name\":\"sanluisinforma.com\",\"@id\":\"https:\/\/sanluisinforma.com\/#\/schema\/person\/c30648f71476be533b6f59d092905c8b\"},\"headline\":\"Ricardo Gallardo lleva m\u00e1s apoyo en Movilidad a la Regi\u00f3n Media\",\"datePublished\":\"2025-01-22T06:58:00+00:00\",\"dateModified\":\"2025-01-21T23:44:21+00:00\",\"mainEntityOfPage\":{\"@id\":\"https:\/\/sanluisinforma.com\/?p=9861\"},\"wordCount\":276,\"publisher\":{\"@id\":\"https:\/\/sanluisinforma.com\/#organization\"},\"image\":{\"@id\":\"https:\/\/sanluisinforma.com\/?p=9861#primaryimage\"},\"thumbnailUrl\":\"https:\/\/sanluisinforma.com\/wp-content\/uploads\/2025\/01\/84a1389d-cc12-4890-8dfd-9444d1e6562c.jpg\",\"articleSection\":[\"Local\",\"Portada\"],\"inLanguage\":\"es\"},{\"@type\":\"WebPage\",\"@id\":\"https:\/\/sanluisinforma.com\/?p=9861\",\"url\":\"https:\/\/sanluisinforma.com\/?p=9861\",\"name\":\"Ricardo Gallardo lleva m\u00e1s apoyo en Movilidad a la Regi\u00f3n Media - sanluisinforma.com\",\"isPartOf\":{\"@id\":\"https:\/\/sanluisinforma.com\/#website\"},\"primaryImageOfPage\":{\"@id\":\"https:\/\/sanluisinforma.com\/?p=9861#primaryimage\"},\"image\":{\"@id\":\"https:\/\/sanluisinforma.com\/?p=9861#primaryimage\"},\"thumbnailUrl\":\"https:\/\/sanluisinforma.com\/wp-content\/uploads\/2025\/01\/84a1389d-cc12-4890-8dfd-9444d1e6562c.jpg\",\"datePublished\":\"2025-01-22T06:58:00+00:00\",\"dateModified\":\"2025-01-21T23:44:21+00:00\",\"breadcrumb\":{\"@id\":\"https:\/\/sanluisinforma.com\/?p=9861#breadcrumb\"},\"inLanguage\":\"es\",\"potentialAction\":[{\"@type\":\"ReadAction\",\"target\":[\"https:\/\/sanluisinforma.com\/?p=9861\"]}]},{\"@type\":\"ImageObject\",\"inLanguage\":\"es\",\"@id\":\"https:\/\/sanluisinforma.com\/?p=9861#primaryimage\",\"url\":\"https:\/\/sanluisinforma.com\/wp-content\/uploads\/2025\/01\/84a1389d-cc12-4890-8dfd-9444d1e6562c.jpg\",\"contentUrl\":\"https:\/\/sanluisinforma.com\/wp-content\/uploads\/2025\/01\/84a1389d-cc12-4890-8dfd-9444d1e6562c.jpg\",\"width\":480,\"height\":319},{\"@type\":\"BreadcrumbList\",\"@id\":\"https:\/\/sanluisinforma.com\/?p=9861#breadcrumb\",\"itemListElement\":[{\"@type\":\"ListItem\",\"position\":1,\"name\":\"Inicio\",\"item\":\"https:\/\/sanluisinforma.com\/\"},{\"@type\":\"ListItem\",\"position\":2,\"name\":\"Ricardo Gallardo lleva m\u00e1s apoyo en Movilidad a la Regi\u00f3n Media\"}]},{\"@type\":\"WebSite\",\"@id\":\"https:\/\/sanluisinforma.com\/#website\",\"url\":\"https:\/\/sanluisinforma.com\/\",\"name\":\"sanluisinforma.com\",\"description\":\"Periodico San Luis Informa\",\"publisher\":{\"@id\":\"https:\/\/sanluisinforma.com\/#organization\"},\"potentialAction\":[{\"@type\":\"SearchAction\",\"target\":{\"@type\":\"EntryPoint\",\"urlTemplate\":\"https:\/\/sanluisinforma.com\/?s={search_term_string}\"},\"query-input\":{\"@type\":\"PropertyValueSpecification\",\"valueRequired\":true,\"valueName\":\"search_term_string\"}}],\"inLanguage\":\"es\"},{\"@type\":\"Organization\",\"@id\":\"https:\/\/sanluisinforma.com\/#organization\",\"name\":\"sanluisinforma.com\",\"url\":\"https:\/\/sanluisinforma.com\/\",\"logo\":{\"@type\":\"ImageObject\",\"inLanguage\":\"es\",\"@id\":\"https:\/\/sanluisinforma.com\/#\/schema\/logo\/image\/\",\"url\":\"https:\/\/sanluisinforma.com\/wp-content\/uploads\/2026\/03\/sanluisinforma-V.jpg\",\"contentUrl\":\"https:\/\/sanluisinforma.com\/wp-content\/uploads\/2026\/03\/sanluisinforma-V.jpg\",\"width\":500,\"height\":156,\"caption\":\"sanluisinforma.com\"},\"image\":{\"@id\":\"https:\/\/sanluisinforma.com\/#\/schema\/logo\/image\/\"}},{\"@type\":\"Person\",\"@id\":\"https:\/\/sanluisinforma.com\/#\/schema\/person\/c30648f71476be533b6f59d092905c8b\",\"name\":\"sanluisinforma.com\",\"image\":{\"@type\":\"ImageObject\",\"inLanguage\":\"es\",\"@id\":\"https:\/\/sanluisinforma.com\/#\/schema\/person\/image\/\",\"url\":\"https:\/\/secure.gravatar.com\/avatar\/86e3114e34a1eecefb963e0a02f0093f93b092dddb2fe1517596343751081a87?s=96&d=mm&r=g\",\"contentUrl\":\"https:\/\/secure.gravatar.com\/avatar\/86e3114e34a1eecefb963e0a02f0093f93b092dddb2fe1517596343751081a87?s=96&d=mm&r=g\",\"caption\":\"sanluisinforma.com\"},\"url\":\"https:\/\/sanluisinforma.com\/?author=2\"}]}<\/script>\n<!-- \/ Yoast SEO plugin. -->","yoast_head_json":{"title":"Ricardo Gallardo lleva m\u00e1s apoyo en Movilidad a la Regi\u00f3n Media - sanluisinforma.com","robots":{"index":"index","follow":"follow","max-snippet":"max-snippet:-1","max-image-preview":"max-image-preview:large","max-video-preview":"max-video-preview:-1"},"canonical":"https:\/\/sanluisinforma.com\/?p=9861","og_locale":"es_MX","og_type":"article","og_title":"Ricardo Gallardo lleva m\u00e1s apoyo en Movilidad a la Regi\u00f3n Media - sanluisinforma.com","og_description":"El Gobernador del Estado, entreg\u00f3 8.4 kil\u00f3metros del camino Cerritos-San Pedro de los Hern\u00e1ndez y arranc\u00f3 la segunda etapa de","og_url":"https:\/\/sanluisinforma.com\/?p=9861","og_site_name":"sanluisinforma.com","article_published_time":"2025-01-22T06:58:00+00:00","article_modified_time":"2025-01-21T23:44:21+00:00","og_image":[{"width":480,"height":319,"url":"https:\/\/sanluisinforma.com\/wp-content\/uploads\/2025\/01\/84a1389d-cc12-4890-8dfd-9444d1e6562c.jpg","type":"image\/jpeg"}],"author":"sanluisinforma.com","twitter_card":"summary_large_image","twitter_misc":{"Escrito por":"sanluisinforma.com","Tiempo de lectura":"2 minutos"},"schema":{"@context":"https:\/\/schema.org","@graph":[{"@type":"Article","@id":"https:\/\/sanluisinforma.com\/?p=9861#article","isPartOf":{"@id":"https:\/\/sanluisinforma.com\/?p=9861"},"author":{"name":"sanluisinforma.com","@id":"https:\/\/sanluisinforma.com\/#\/schema\/person\/c30648f71476be533b6f59d092905c8b"},"headline":"Ricardo Gallardo lleva m\u00e1s apoyo en Movilidad a la Regi\u00f3n Media","datePublished":"2025-01-22T06:58:00+00:00","dateModified":"2025-01-21T23:44:21+00:00","mainEntityOfPage":{"@id":"https:\/\/sanluisinforma.com\/?p=9861"},"wordCount":276,"publisher":{"@id":"https:\/\/sanluisinforma.com\/#organization"},"image":{"@id":"https:\/\/sanluisinforma.com\/?p=9861#primaryimage"},"thumbnailUrl":"https:\/\/sanluisinforma.com\/wp-content\/uploads\/2025\/01\/84a1389d-cc12-4890-8dfd-9444d1e6562c.jpg","articleSection":["Local","Portada"],"inLanguage":"es"},{"@type":"WebPage","@id":"https:\/\/sanluisinforma.com\/?p=9861","url":"https:\/\/sanluisinforma.com\/?p=9861","name":"Ricardo Gallardo lleva m\u00e1s apoyo en Movilidad a la Regi\u00f3n Media - sanluisinforma.com","isPartOf":{"@id":"https:\/\/sanluisinforma.com\/#website"},"primaryImageOfPage":{"@id":"https:\/\/sanluisinforma.com\/?p=9861#primaryimage"},"image":{"@id":"https:\/\/sanluisinforma.com\/?p=9861#primaryimage"},"thumbnailUrl":"https:\/\/sanluisinforma.com\/wp-content\/uploads\/2025\/01\/84a1389d-cc12-4890-8dfd-9444d1e6562c.jpg","datePublished":"2025-01-22T06:58:00+00:00","dateModified":"2025-01-21T23:44:21+00:00","breadcrumb":{"@id":"https:\/\/sanluisinforma.com\/?p=9861#breadcrumb"},"inLanguage":"es","potentialAction":[{"@type":"ReadAction","target":["https:\/\/sanluisinforma.com\/?p=9861"]}]},{"@type":"ImageObject","inLanguage":"es","@id":"https:\/\/sanluisinforma.com\/?p=9861#primaryimage","url":"https:\/\/sanluisinforma.com\/wp-content\/uploads\/2025\/01\/84a1389d-cc12-4890-8dfd-9444d1e6562c.jpg","contentUrl":"https:\/\/sanluisinforma.com\/wp-content\/uploads\/2025\/01\/84a1389d-cc12-4890-8dfd-9444d1e6562c.jpg","width":480,"height":319},{"@type":"BreadcrumbList","@id":"https:\/\/sanluisinforma.com\/?p=9861#breadcrumb","itemListElement":[{"@type":"ListItem","position":1,"name":"Inicio","item":"https:\/\/sanluisinforma.com\/"},{"@type":"ListItem","position":2,"name":"Ricardo Gallardo lleva m\u00e1s apoyo en Movilidad a la Regi\u00f3n Media"}]},{"@type":"WebSite","@id":"https:\/\/sanluisinforma.com\/#website","url":"https:\/\/sanluisinforma.com\/","name":"sanluisinforma.com","description":"Periodico San Luis Informa","publisher":{"@id":"https:\/\/sanluisinforma.com\/#organization"},"potentialAction":[{"@type":"SearchAction","target":{"@type":"EntryPoint","urlTemplate":"https:\/\/sanluisinforma.com\/?s={search_term_string}"},"query-input":{"@type":"PropertyValueSpecification","valueRequired":true,"valueName":"search_term_string"}}],"inLanguage":"es"},{"@type":"Organization","@id":"https:\/\/sanluisinforma.com\/#organization","name":"sanluisinforma.com","url":"https:\/\/sanluisinforma.com\/","logo":{"@type":"ImageObject","inLanguage":"es","@id":"https:\/\/sanluisinforma.com\/#\/schema\/logo\/image\/","url":"https:\/\/sanluisinforma.com\/wp-content\/uploads\/2026\/03\/sanluisinforma-V.jpg","contentUrl":"https:\/\/sanluisinforma.com\/wp-content\/uploads\/2026\/03\/sanluisinforma-V.jpg","width":500,"height":156,"caption":"sanluisinforma.com"},"image":{"@id":"https:\/\/sanluisinforma.com\/#\/schema\/logo\/image\/"}},{"@type":"Person","@id":"https:\/\/sanluisinforma.com\/#\/schema\/person\/c30648f71476be533b6f59d092905c8b","name":"sanluisinforma.com","image":{"@type":"ImageObject","inLanguage":"es","@id":"https:\/\/sanluisinforma.com\/#\/schema\/person\/image\/","url":"https:\/\/secure.gravatar.com\/avatar\/86e3114e34a1eecefb963e0a02f0093f93b092dddb2fe1517596343751081a87?s=96&d=mm&r=g","contentUrl":"https:\/\/secure.gravatar.com\/avatar\/86e3114e34a1eecefb963e0a02f0093f93b092dddb2fe1517596343751081a87?s=96&d=mm&r=g","caption":"sanluisinforma.com"},"url":"https:\/\/sanluisinforma.com\/?author=2"}]}},"_links":{"self":[{"href":"https:\/\/sanluisinforma.com\/index.php?rest_route=\/wp\/v2\/posts\/9861","targetHints":{"allow":["GET"]}}],"collection":[{"href":"https:\/\/sanluisinforma.com\/index.php?rest_route=\/wp\/v2\/posts"}],"about":[{"href":"https:\/\/sanluisinforma.com\/index.php?rest_route=\/wp\/v2\/types\/post"}],"author":[{"embeddable":true,"href":"https:\/\/sanluisinforma.com\/index.php?rest_route=\/wp\/v2\/users\/2"}],"replies":[{"embeddable":true,"href":"https:\/\/sanluisinforma.com\/index.php?rest_route=%2Fwp%2Fv2%2Fcomments&post=9861"}],"version-history":[{"count":1,"href":"https:\/\/sanluisinforma.com\/index.php?rest_route=\/wp\/v2\/posts\/9861\/revisions"}],"predecessor-version":[{"id":9863,"href":"https:\/\/sanluisinforma.com\/index.php?rest_route=\/wp\/v2\/posts\/9861\/revisions\/9863"}],"wp:featuredmedia":[{"embeddable":true,"href":"https:\/\/sanluisinforma.com\/index.php?rest_route=\/wp\/v2\/media\/9862"}],"wp:attachment":[{"href":"https:\/\/sanluisinforma.com\/index.php?rest_route=%2Fwp%2Fv2%2Fmedia&parent=9861"}],"wp:term":[{"taxonomy":"category","embeddable":true,"href":"https:\/\/sanluisinforma.com\/index.php?rest_route=%2Fwp%2Fv2%2Fcategories&post=9861"},{"taxonomy":"post_tag","embeddable":true,"href":"https:\/\/sanluisinforma.com\/index.php?rest_route=%2Fwp%2Fv2%2Ftags&post=9861"}],"curies":[{"name":"wp","href":"https:\/\/api.w.org\/{rel}","templated":true}]}}