{"id":9871,"date":"2025-01-22T00:45:00","date_gmt":"2025-01-22T06:45:00","guid":{"rendered":"https:\/\/sanluisinforma.com\/?p=9871"},"modified":"2025-01-21T22:02:53","modified_gmt":"2025-01-22T04:02:53","slug":"alertan-para-san-luis-potosi-bajas-temperaturas-de-grado-polar-por-alteracion-de-vortice","status":"publish","type":"post","link":"https:\/\/sanluisinforma.com\/?p=9871","title":{"rendered":"Alertan para San Luis Potos\u00ed, bajas temperaturas \u00a0de grado polar, por alteraci\u00f3n de v\u00f3rtice"},"content":{"rendered":"\n<p><\/p>\n\n\n\n<p>Alteraci\u00f3n del v\u00f3rtice polar provocar\u00e1 bajas temperaturas en la entidad, alerta Variclim de la UASLP<\/p>\n\n\n\n<p>Las afectaciones clim\u00e1ticas que enfrenta la Rep\u00fablica Mexicana y, particularmente, San Luis Potos\u00ed, con la presencia de fr\u00edo intenso y nevadas en algunas zonas, se deben a un fen\u00f3meno natural propio de esta \u00e9poca del a\u00f1o.<\/p>\n\n\n\n<p>&nbsp;Esto ocurre por la din\u00e1mica general de la atm\u00f3sfera, vinculada a una alteraci\u00f3n del v\u00f3rtice polar, por lo que es necesario prepararse para las bajas temperaturas que persistir\u00e1n en los pr\u00f3ximos d\u00edas, explic\u00f3 &nbsp;Jos\u00e9 Antonio \u00c1valos Lozano, coordinador del Laboratorio Nacional de Variabilidad Clim\u00e1tica, Teledetecci\u00f3n y Evaluaci\u00f3n de Riesgos Agr\u00edcolas y Ambientales (Variclim) de la Universidad Aut\u00f3noma de San Luis Potos\u00ed (UASLP).<\/p>\n\n\n\n<p>El investigador detall\u00f3 que la noche del martes y madrugada del mi\u00e9rcoles 22 de enero ser\u00e1n las m\u00e1s fr\u00edas, con temperaturas que descender\u00e1n a los 3 grados cent\u00edgrados al amanecer. Estas condiciones se mantendr\u00e1n hasta el viernes, con un registro de temperatura m\u00ednima de 4 grados, mientras que se espera una mejora en las condiciones clim\u00e1ticas para el s\u00e1bado.<\/p>\n\n\n\n<p>\u201cLo que experimentamos est\u00e1 relacionado con una alteraci\u00f3n del v\u00f3rtice polar. Generalmente, existe una franja que a\u00edsla al polo y a sus masas de aire fr\u00edo del resto del planeta. Sin embargo, en ocasiones, esta franja se altera debido a la din\u00e1mica natural del clima y al comportamiento de las diferentes celdas atmosf\u00e9ricas\u201d, se\u00f1al\u00f3 \u00c1valos Lozano.<\/p>\n\n\n\n<p>El especialista explic\u00f3 que, de manera particular, este v\u00f3rtice polar afecta a M\u00e9xico, Canad\u00e1 y Estados Unidos. Cuando se altera, se desplaza hacia el sur e inyecta un v\u00f3rtice sobre las monta\u00f1as rocosas y las grandes llanuras de Estados Unidos. Este fen\u00f3meno avanza hacia M\u00e9xico, para provocar un descenso significativo de las temperaturas en el territorio nacional.<\/p>\n\n\n\n<p>\u00c1valos Lozano a\u00f1adi\u00f3 que el v\u00f3rtice polar genera un intercambio de energ\u00eda, en el que el polo recibe calor del ecuador, mientras que las regiones cercanas al tr\u00f3pico experimentan un enfriamiento. En M\u00e9xico, esta condici\u00f3n afectar\u00e1 durante toda la semana a estados como Chihuahua, Coahuila, Durango, Nuevo Le\u00f3n, Tamaulipas y Zacatecas, donde se esperan las temperaturas m\u00e1s bajas.<\/p>\n\n\n\n<p>En San Luis Potos\u00ed, las zonas serranas registrar\u00e1n temperaturas inferiores a -10 grados cent\u00edgrados, como en Real de Catorce. En la capital, se prev\u00e9n valores entre 0 y 2 grados, mientras que en la Huasteca oscilar\u00e1n entre 5 y 7 grados, y en la Zona Media entre 3 y 5 grados. En general, esta ser\u00e1 la semana m\u00e1s fr\u00eda para el estado.<\/p>\n\n\n\n<p>\u201cEsperamos la llegada de algunos frentes fr\u00edos o nortes adicionales. Aunque diciembre present\u00f3 m\u00e1s de los previstos, en enero podr\u00eda haber uno o dos extras. Esta informaci\u00f3n es clave para actuar y prepararnos adecuadamente\u201d, asegur\u00f3 el coordinador de Variclim. El especialista destac\u00f3 que estos frentes fr\u00edos, que en algunas regiones del pa\u00eds provocan lluvias, son esenciales para el ecosistema y contribuyen al mantenimiento de ciertos organismos.<\/p>\n","protected":false},"excerpt":{"rendered":"<p>Alteraci\u00f3n del v\u00f3rtice polar provocar\u00e1 bajas temperaturas en la entidad, alerta Variclim de la UASLP Las afectaciones clim\u00e1ticas que enfrenta<\/p>\n","protected":false},"author":2,"featured_media":9872,"comment_status":"closed","ping_status":"closed","sticky":false,"template":"","format":"standard","meta":{"footnotes":""},"categories":[25],"tags":[],"class_list":["post-9871","post","type-post","status-publish","format-standard","has-post-thumbnail","hentry","category-local"],"yoast_head":"<!-- This site is optimized with the Yoast SEO plugin v24.1 - https:\/\/yoast.com\/wordpress\/plugins\/seo\/ -->\n<title>Alertan para San Luis Potos\u00ed, bajas temperaturas \u00a0de grado polar, por alteraci\u00f3n de v\u00f3rtice - sanluisinforma.com<\/title>\n<meta name=\"robots\" content=\"index, follow, max-snippet:-1, max-image-preview:large, max-video-preview:-1\" \/>\n<link rel=\"canonical\" href=\"https:\/\/sanluisinforma.com\/?p=9871\" \/>\n<meta property=\"og:locale\" content=\"es_MX\" \/>\n<meta property=\"og:type\" content=\"article\" \/>\n<meta property=\"og:title\" content=\"Alertan para San Luis Potos\u00ed, bajas temperaturas \u00a0de grado polar, por alteraci\u00f3n de v\u00f3rtice - sanluisinforma.com\" \/>\n<meta property=\"og:description\" content=\"Alteraci\u00f3n del v\u00f3rtice polar provocar\u00e1 bajas temperaturas en la entidad, alerta Variclim de la UASLP Las afectaciones clim\u00e1ticas que enfrenta\" \/>\n<meta property=\"og:url\" content=\"https:\/\/sanluisinforma.com\/?p=9871\" \/>\n<meta property=\"og:site_name\" content=\"sanluisinforma.com\" \/>\n<meta property=\"article:published_time\" content=\"2025-01-22T06:45:00+00:00\" \/>\n<meta property=\"article:modified_time\" content=\"2025-01-22T04:02:53+00:00\" \/>\n<meta property=\"og:image\" content=\"https:\/\/sanluisinforma.com\/wp-content\/uploads\/2025\/01\/infografia_general.jpg\" \/>\n\t<meta property=\"og:image:width\" content=\"480\" \/>\n\t<meta property=\"og:image:height\" content=\"270\" \/>\n\t<meta property=\"og:image:type\" content=\"image\/jpeg\" \/>\n<meta name=\"author\" content=\"sanluisinforma.com\" \/>\n<meta name=\"twitter:card\" content=\"summary_large_image\" \/>\n<meta name=\"twitter:label1\" content=\"Escrito por\" \/>\n\t<meta name=\"twitter:data1\" content=\"sanluisinforma.com\" \/>\n\t<meta name=\"twitter:label2\" content=\"Tiempo de lectura\" \/>\n\t<meta name=\"twitter:data2\" content=\"3 minutos\" \/>\n<script type=\"application\/ld+json\" class=\"yoast-schema-graph\">{\"@context\":\"https:\/\/schema.org\",\"@graph\":[{\"@type\":\"Article\",\"@id\":\"https:\/\/sanluisinforma.com\/?p=9871#article\",\"isPartOf\":{\"@id\":\"https:\/\/sanluisinforma.com\/?p=9871\"},\"author\":{\"name\":\"sanluisinforma.com\",\"@id\":\"https:\/\/sanluisinforma.com\/#\/schema\/person\/c30648f71476be533b6f59d092905c8b\"},\"headline\":\"Alertan para San Luis Potos\u00ed, bajas temperaturas \u00a0de grado polar, por alteraci\u00f3n de v\u00f3rtice\",\"datePublished\":\"2025-01-22T06:45:00+00:00\",\"dateModified\":\"2025-01-22T04:02:53+00:00\",\"mainEntityOfPage\":{\"@id\":\"https:\/\/sanluisinforma.com\/?p=9871\"},\"wordCount\":542,\"publisher\":{\"@id\":\"https:\/\/sanluisinforma.com\/#organization\"},\"image\":{\"@id\":\"https:\/\/sanluisinforma.com\/?p=9871#primaryimage\"},\"thumbnailUrl\":\"https:\/\/sanluisinforma.com\/wp-content\/uploads\/2025\/01\/infografia_general.jpg\",\"articleSection\":[\"Local\"],\"inLanguage\":\"es\"},{\"@type\":\"WebPage\",\"@id\":\"https:\/\/sanluisinforma.com\/?p=9871\",\"url\":\"https:\/\/sanluisinforma.com\/?p=9871\",\"name\":\"Alertan para San Luis Potos\u00ed, bajas temperaturas \u00a0de grado polar, por alteraci\u00f3n de v\u00f3rtice - sanluisinforma.com\",\"isPartOf\":{\"@id\":\"https:\/\/sanluisinforma.com\/#website\"},\"primaryImageOfPage\":{\"@id\":\"https:\/\/sanluisinforma.com\/?p=9871#primaryimage\"},\"image\":{\"@id\":\"https:\/\/sanluisinforma.com\/?p=9871#primaryimage\"},\"thumbnailUrl\":\"https:\/\/sanluisinforma.com\/wp-content\/uploads\/2025\/01\/infografia_general.jpg\",\"datePublished\":\"2025-01-22T06:45:00+00:00\",\"dateModified\":\"2025-01-22T04:02:53+00:00\",\"breadcrumb\":{\"@id\":\"https:\/\/sanluisinforma.com\/?p=9871#breadcrumb\"},\"inLanguage\":\"es\",\"potentialAction\":[{\"@type\":\"ReadAction\",\"target\":[\"https:\/\/sanluisinforma.com\/?p=9871\"]}]},{\"@type\":\"ImageObject\",\"inLanguage\":\"es\",\"@id\":\"https:\/\/sanluisinforma.com\/?p=9871#primaryimage\",\"url\":\"https:\/\/sanluisinforma.com\/wp-content\/uploads\/2025\/01\/infografia_general.jpg\",\"contentUrl\":\"https:\/\/sanluisinforma.com\/wp-content\/uploads\/2025\/01\/infografia_general.jpg\",\"width\":480,\"height\":270},{\"@type\":\"BreadcrumbList\",\"@id\":\"https:\/\/sanluisinforma.com\/?p=9871#breadcrumb\",\"itemListElement\":[{\"@type\":\"ListItem\",\"position\":1,\"name\":\"Inicio\",\"item\":\"https:\/\/sanluisinforma.com\/\"},{\"@type\":\"ListItem\",\"position\":2,\"name\":\"Alertan para San Luis Potos\u00ed, bajas temperaturas \u00a0de grado polar, por alteraci\u00f3n de v\u00f3rtice\"}]},{\"@type\":\"WebSite\",\"@id\":\"https:\/\/sanluisinforma.com\/#website\",\"url\":\"https:\/\/sanluisinforma.com\/\",\"name\":\"sanluisinforma.com\",\"description\":\"Periodico San Luis Informa\",\"publisher\":{\"@id\":\"https:\/\/sanluisinforma.com\/#organization\"},\"potentialAction\":[{\"@type\":\"SearchAction\",\"target\":{\"@type\":\"EntryPoint\",\"urlTemplate\":\"https:\/\/sanluisinforma.com\/?s={search_term_string}\"},\"query-input\":{\"@type\":\"PropertyValueSpecification\",\"valueRequired\":true,\"valueName\":\"search_term_string\"}}],\"inLanguage\":\"es\"},{\"@type\":\"Organization\",\"@id\":\"https:\/\/sanluisinforma.com\/#organization\",\"name\":\"sanluisinforma.com\",\"url\":\"https:\/\/sanluisinforma.com\/\",\"logo\":{\"@type\":\"ImageObject\",\"inLanguage\":\"es\",\"@id\":\"https:\/\/sanluisinforma.com\/#\/schema\/logo\/image\/\",\"url\":\"https:\/\/sanluisinforma.com\/wp-content\/uploads\/2026\/03\/sanluisinforma-V.jpg\",\"contentUrl\":\"https:\/\/sanluisinforma.com\/wp-content\/uploads\/2026\/03\/sanluisinforma-V.jpg\",\"width\":500,\"height\":156,\"caption\":\"sanluisinforma.com\"},\"image\":{\"@id\":\"https:\/\/sanluisinforma.com\/#\/schema\/logo\/image\/\"}},{\"@type\":\"Person\",\"@id\":\"https:\/\/sanluisinforma.com\/#\/schema\/person\/c30648f71476be533b6f59d092905c8b\",\"name\":\"sanluisinforma.com\",\"image\":{\"@type\":\"ImageObject\",\"inLanguage\":\"es\",\"@id\":\"https:\/\/sanluisinforma.com\/#\/schema\/person\/image\/\",\"url\":\"https:\/\/secure.gravatar.com\/avatar\/86e3114e34a1eecefb963e0a02f0093f93b092dddb2fe1517596343751081a87?s=96&d=mm&r=g\",\"contentUrl\":\"https:\/\/secure.gravatar.com\/avatar\/86e3114e34a1eecefb963e0a02f0093f93b092dddb2fe1517596343751081a87?s=96&d=mm&r=g\",\"caption\":\"sanluisinforma.com\"},\"url\":\"https:\/\/sanluisinforma.com\/?author=2\"}]}<\/script>\n<!-- \/ Yoast SEO plugin. -->","yoast_head_json":{"title":"Alertan para San Luis Potos\u00ed, bajas temperaturas \u00a0de grado polar, por alteraci\u00f3n de v\u00f3rtice - sanluisinforma.com","robots":{"index":"index","follow":"follow","max-snippet":"max-snippet:-1","max-image-preview":"max-image-preview:large","max-video-preview":"max-video-preview:-1"},"canonical":"https:\/\/sanluisinforma.com\/?p=9871","og_locale":"es_MX","og_type":"article","og_title":"Alertan para San Luis Potos\u00ed, bajas temperaturas \u00a0de grado polar, por alteraci\u00f3n de v\u00f3rtice - sanluisinforma.com","og_description":"Alteraci\u00f3n del v\u00f3rtice polar provocar\u00e1 bajas temperaturas en la entidad, alerta Variclim de la UASLP Las afectaciones clim\u00e1ticas que enfrenta","og_url":"https:\/\/sanluisinforma.com\/?p=9871","og_site_name":"sanluisinforma.com","article_published_time":"2025-01-22T06:45:00+00:00","article_modified_time":"2025-01-22T04:02:53+00:00","og_image":[{"width":480,"height":270,"url":"https:\/\/sanluisinforma.com\/wp-content\/uploads\/2025\/01\/infografia_general.jpg","type":"image\/jpeg"}],"author":"sanluisinforma.com","twitter_card":"summary_large_image","twitter_misc":{"Escrito por":"sanluisinforma.com","Tiempo de lectura":"3 minutos"},"schema":{"@context":"https:\/\/schema.org","@graph":[{"@type":"Article","@id":"https:\/\/sanluisinforma.com\/?p=9871#article","isPartOf":{"@id":"https:\/\/sanluisinforma.com\/?p=9871"},"author":{"name":"sanluisinforma.com","@id":"https:\/\/sanluisinforma.com\/#\/schema\/person\/c30648f71476be533b6f59d092905c8b"},"headline":"Alertan para San Luis Potos\u00ed, bajas temperaturas \u00a0de grado polar, por alteraci\u00f3n de v\u00f3rtice","datePublished":"2025-01-22T06:45:00+00:00","dateModified":"2025-01-22T04:02:53+00:00","mainEntityOfPage":{"@id":"https:\/\/sanluisinforma.com\/?p=9871"},"wordCount":542,"publisher":{"@id":"https:\/\/sanluisinforma.com\/#organization"},"image":{"@id":"https:\/\/sanluisinforma.com\/?p=9871#primaryimage"},"thumbnailUrl":"https:\/\/sanluisinforma.com\/wp-content\/uploads\/2025\/01\/infografia_general.jpg","articleSection":["Local"],"inLanguage":"es"},{"@type":"WebPage","@id":"https:\/\/sanluisinforma.com\/?p=9871","url":"https:\/\/sanluisinforma.com\/?p=9871","name":"Alertan para San Luis Potos\u00ed, bajas temperaturas \u00a0de grado polar, por alteraci\u00f3n de v\u00f3rtice - sanluisinforma.com","isPartOf":{"@id":"https:\/\/sanluisinforma.com\/#website"},"primaryImageOfPage":{"@id":"https:\/\/sanluisinforma.com\/?p=9871#primaryimage"},"image":{"@id":"https:\/\/sanluisinforma.com\/?p=9871#primaryimage"},"thumbnailUrl":"https:\/\/sanluisinforma.com\/wp-content\/uploads\/2025\/01\/infografia_general.jpg","datePublished":"2025-01-22T06:45:00+00:00","dateModified":"2025-01-22T04:02:53+00:00","breadcrumb":{"@id":"https:\/\/sanluisinforma.com\/?p=9871#breadcrumb"},"inLanguage":"es","potentialAction":[{"@type":"ReadAction","target":["https:\/\/sanluisinforma.com\/?p=9871"]}]},{"@type":"ImageObject","inLanguage":"es","@id":"https:\/\/sanluisinforma.com\/?p=9871#primaryimage","url":"https:\/\/sanluisinforma.com\/wp-content\/uploads\/2025\/01\/infografia_general.jpg","contentUrl":"https:\/\/sanluisinforma.com\/wp-content\/uploads\/2025\/01\/infografia_general.jpg","width":480,"height":270},{"@type":"BreadcrumbList","@id":"https:\/\/sanluisinforma.com\/?p=9871#breadcrumb","itemListElement":[{"@type":"ListItem","position":1,"name":"Inicio","item":"https:\/\/sanluisinforma.com\/"},{"@type":"ListItem","position":2,"name":"Alertan para San Luis Potos\u00ed, bajas temperaturas \u00a0de grado polar, por alteraci\u00f3n de v\u00f3rtice"}]},{"@type":"WebSite","@id":"https:\/\/sanluisinforma.com\/#website","url":"https:\/\/sanluisinforma.com\/","name":"sanluisinforma.com","description":"Periodico San Luis Informa","publisher":{"@id":"https:\/\/sanluisinforma.com\/#organization"},"potentialAction":[{"@type":"SearchAction","target":{"@type":"EntryPoint","urlTemplate":"https:\/\/sanluisinforma.com\/?s={search_term_string}"},"query-input":{"@type":"PropertyValueSpecification","valueRequired":true,"valueName":"search_term_string"}}],"inLanguage":"es"},{"@type":"Organization","@id":"https:\/\/sanluisinforma.com\/#organization","name":"sanluisinforma.com","url":"https:\/\/sanluisinforma.com\/","logo":{"@type":"ImageObject","inLanguage":"es","@id":"https:\/\/sanluisinforma.com\/#\/schema\/logo\/image\/","url":"https:\/\/sanluisinforma.com\/wp-content\/uploads\/2026\/03\/sanluisinforma-V.jpg","contentUrl":"https:\/\/sanluisinforma.com\/wp-content\/uploads\/2026\/03\/sanluisinforma-V.jpg","width":500,"height":156,"caption":"sanluisinforma.com"},"image":{"@id":"https:\/\/sanluisinforma.com\/#\/schema\/logo\/image\/"}},{"@type":"Person","@id":"https:\/\/sanluisinforma.com\/#\/schema\/person\/c30648f71476be533b6f59d092905c8b","name":"sanluisinforma.com","image":{"@type":"ImageObject","inLanguage":"es","@id":"https:\/\/sanluisinforma.com\/#\/schema\/person\/image\/","url":"https:\/\/secure.gravatar.com\/avatar\/86e3114e34a1eecefb963e0a02f0093f93b092dddb2fe1517596343751081a87?s=96&d=mm&r=g","contentUrl":"https:\/\/secure.gravatar.com\/avatar\/86e3114e34a1eecefb963e0a02f0093f93b092dddb2fe1517596343751081a87?s=96&d=mm&r=g","caption":"sanluisinforma.com"},"url":"https:\/\/sanluisinforma.com\/?author=2"}]}},"_links":{"self":[{"href":"https:\/\/sanluisinforma.com\/index.php?rest_route=\/wp\/v2\/posts\/9871","targetHints":{"allow":["GET"]}}],"collection":[{"href":"https:\/\/sanluisinforma.com\/index.php?rest_route=\/wp\/v2\/posts"}],"about":[{"href":"https:\/\/sanluisinforma.com\/index.php?rest_route=\/wp\/v2\/types\/post"}],"author":[{"embeddable":true,"href":"https:\/\/sanluisinforma.com\/index.php?rest_route=\/wp\/v2\/users\/2"}],"replies":[{"embeddable":true,"href":"https:\/\/sanluisinforma.com\/index.php?rest_route=%2Fwp%2Fv2%2Fcomments&post=9871"}],"version-history":[{"count":1,"href":"https:\/\/sanluisinforma.com\/index.php?rest_route=\/wp\/v2\/posts\/9871\/revisions"}],"predecessor-version":[{"id":9873,"href":"https:\/\/sanluisinforma.com\/index.php?rest_route=\/wp\/v2\/posts\/9871\/revisions\/9873"}],"wp:featuredmedia":[{"embeddable":true,"href":"https:\/\/sanluisinforma.com\/index.php?rest_route=\/wp\/v2\/media\/9872"}],"wp:attachment":[{"href":"https:\/\/sanluisinforma.com\/index.php?rest_route=%2Fwp%2Fv2%2Fmedia&parent=9871"}],"wp:term":[{"taxonomy":"category","embeddable":true,"href":"https:\/\/sanluisinforma.com\/index.php?rest_route=%2Fwp%2Fv2%2Fcategories&post=9871"},{"taxonomy":"post_tag","embeddable":true,"href":"https:\/\/sanluisinforma.com\/index.php?rest_route=%2Fwp%2Fv2%2Ftags&post=9871"}],"curies":[{"name":"wp","href":"https:\/\/api.w.org\/{rel}","templated":true}]}}