{"id":9874,"date":"2025-01-23T00:45:00","date_gmt":"2025-01-23T06:45:00","guid":{"rendered":"https:\/\/sanluisinforma.com\/?p=9874"},"modified":"2025-01-22T22:04:20","modified_gmt":"2025-01-23T04:04:20","slug":"centro-escolar-tepeu-reinicia-actividades-tras-acuerdo-entre-ayuntamientos-y-padres-de-familia","status":"publish","type":"post","link":"https:\/\/sanluisinforma.com\/?p=9874","title":{"rendered":"Centro Escolar Tepeu reinicia actividades tras acuerdo entre Ayuntamientos y padres de familia"},"content":{"rendered":"\n<p>El Secretario General del Ayuntamiento Capitalino, Fernando Ch\u00e1vez M\u00e9ndez, inform\u00f3 que San Luis Capital y Villa de Pozos acuerdan la reapertura de este espacio educativo, acelerar el proceso de entrega-recepci\u00f3n y establecer un proceso de transici\u00f3n para que la comunidad escolar no se vea afectada.<\/p>\n\n\n\n<p><\/p>\n\n\n\n<p>El Secretario General del Ayuntamiento de San Luis Potos\u00ed, Fernando Ch\u00e1vez M\u00e9ndez, inform\u00f3 que a partir de este mi\u00e9rcoles 22 de enero, el Centro Escolar Tepeu, ubicado en Villa de Pozos, ha reanudado operaciones tras un acuerdo alcanzado entre el Ayuntamiento de San Luis Potos\u00ed y el municipio de Villa de Pozos, con la finalidad de garantizar la continuidad del servicio educativo.<\/p>\n\n\n\n<p>En un acuerdo firmado por los Secretarios Generales de ambos municipios, Fernando Ch\u00e1vez M\u00e9ndez por San Luis Potos\u00ed y Ren\u00e9 Oyarvide Ibarra por Villa de Pozos; adem\u00e1s de los primeros s\u00edndicos, V\u00edctor Hugo Salgado Delgadillo por San Luis y Liliana M\u00e9ndez por Villa de Pozos; se estableci\u00f3 que el Centro Escolar Tepeu continuar\u00e1 prestando sus servicios durante el mes de febrero, mientras se realizan los tr\u00e1mites necesarios para el proceso de entrega-recepci\u00f3n del plantel, con el compromiso de evitar afectaciones a la comunidad escolar.<\/p>\n\n\n\n<p>Fernando Ch\u00e1vez M\u00e9ndez dio a conocer que ambos municipios acordaron acelerar el proceso de entrega-recepci\u00f3n de este centro escolar, por lo que qued\u00f3 superado un acuerdo similar entre ambas partes. Durante este periodo de transici\u00f3n, el municipio de Villa de Pozos asumir\u00e1 la contrataci\u00f3n del personal educativo y administrativo, en cumplimiento con lo acordado. Ambas administraciones refrendaron su inter\u00e9s en proteger el bienestar de los estudiantes, padres de familia y docentes, priorizando una transici\u00f3n ordenada y eficiente para asegurar que el plantel funcione plenamente bajo la responsabilidad del nuevo municipio.<\/p>\n","protected":false},"excerpt":{"rendered":"<p>El Secretario General del Ayuntamiento Capitalino, Fernando Ch\u00e1vez M\u00e9ndez, inform\u00f3 que San Luis Capital y Villa de Pozos acuerdan la<\/p>\n","protected":false},"author":2,"featured_media":9875,"comment_status":"closed","ping_status":"closed","sticky":false,"template":"","format":"standard","meta":{"footnotes":""},"categories":[25,30],"tags":[],"class_list":["post-9874","post","type-post","status-publish","format-standard","has-post-thumbnail","hentry","category-local","category-portada"],"yoast_head":"<!-- This site is optimized with the Yoast SEO plugin v24.1 - https:\/\/yoast.com\/wordpress\/plugins\/seo\/ -->\n<title>Centro Escolar Tepeu reinicia actividades tras acuerdo entre Ayuntamientos y padres de familia - sanluisinforma.com<\/title>\n<meta name=\"robots\" content=\"index, follow, max-snippet:-1, max-image-preview:large, max-video-preview:-1\" \/>\n<link rel=\"canonical\" href=\"https:\/\/sanluisinforma.com\/?p=9874\" \/>\n<meta property=\"og:locale\" content=\"es_MX\" \/>\n<meta property=\"og:type\" content=\"article\" \/>\n<meta property=\"og:title\" content=\"Centro Escolar Tepeu reinicia actividades tras acuerdo entre Ayuntamientos y padres de familia - sanluisinforma.com\" \/>\n<meta property=\"og:description\" content=\"El Secretario General del Ayuntamiento Capitalino, Fernando Ch\u00e1vez M\u00e9ndez, inform\u00f3 que San Luis Capital y Villa de Pozos acuerdan la\" \/>\n<meta property=\"og:url\" content=\"https:\/\/sanluisinforma.com\/?p=9874\" \/>\n<meta property=\"og:site_name\" content=\"sanluisinforma.com\" \/>\n<meta property=\"article:published_time\" content=\"2025-01-23T06:45:00+00:00\" \/>\n<meta property=\"article:modified_time\" content=\"2025-01-23T04:04:20+00:00\" \/>\n<meta property=\"og:image\" content=\"https:\/\/sanluisinforma.com\/wp-content\/uploads\/2025\/01\/18e9fbb7-c177-4cf5-a537-6d58e2454a46.jpg\" \/>\n\t<meta property=\"og:image:width\" content=\"480\" \/>\n\t<meta property=\"og:image:height\" content=\"338\" \/>\n\t<meta property=\"og:image:type\" content=\"image\/jpeg\" \/>\n<meta name=\"author\" content=\"sanluisinforma.com\" \/>\n<meta name=\"twitter:card\" content=\"summary_large_image\" \/>\n<meta name=\"twitter:label1\" content=\"Escrito por\" \/>\n\t<meta name=\"twitter:data1\" content=\"sanluisinforma.com\" \/>\n\t<meta name=\"twitter:label2\" content=\"Tiempo de lectura\" \/>\n\t<meta name=\"twitter:data2\" content=\"2 minutos\" \/>\n<script type=\"application\/ld+json\" class=\"yoast-schema-graph\">{\"@context\":\"https:\/\/schema.org\",\"@graph\":[{\"@type\":\"Article\",\"@id\":\"https:\/\/sanluisinforma.com\/?p=9874#article\",\"isPartOf\":{\"@id\":\"https:\/\/sanluisinforma.com\/?p=9874\"},\"author\":{\"name\":\"sanluisinforma.com\",\"@id\":\"https:\/\/sanluisinforma.com\/#\/schema\/person\/c30648f71476be533b6f59d092905c8b\"},\"headline\":\"Centro Escolar Tepeu reinicia actividades tras acuerdo entre Ayuntamientos y padres de familia\",\"datePublished\":\"2025-01-23T06:45:00+00:00\",\"dateModified\":\"2025-01-23T04:04:20+00:00\",\"mainEntityOfPage\":{\"@id\":\"https:\/\/sanluisinforma.com\/?p=9874\"},\"wordCount\":315,\"publisher\":{\"@id\":\"https:\/\/sanluisinforma.com\/#organization\"},\"image\":{\"@id\":\"https:\/\/sanluisinforma.com\/?p=9874#primaryimage\"},\"thumbnailUrl\":\"https:\/\/sanluisinforma.com\/wp-content\/uploads\/2025\/01\/18e9fbb7-c177-4cf5-a537-6d58e2454a46.jpg\",\"articleSection\":[\"Local\",\"Portada\"],\"inLanguage\":\"es\"},{\"@type\":\"WebPage\",\"@id\":\"https:\/\/sanluisinforma.com\/?p=9874\",\"url\":\"https:\/\/sanluisinforma.com\/?p=9874\",\"name\":\"Centro Escolar Tepeu reinicia actividades tras acuerdo entre Ayuntamientos y padres de familia - sanluisinforma.com\",\"isPartOf\":{\"@id\":\"https:\/\/sanluisinforma.com\/#website\"},\"primaryImageOfPage\":{\"@id\":\"https:\/\/sanluisinforma.com\/?p=9874#primaryimage\"},\"image\":{\"@id\":\"https:\/\/sanluisinforma.com\/?p=9874#primaryimage\"},\"thumbnailUrl\":\"https:\/\/sanluisinforma.com\/wp-content\/uploads\/2025\/01\/18e9fbb7-c177-4cf5-a537-6d58e2454a46.jpg\",\"datePublished\":\"2025-01-23T06:45:00+00:00\",\"dateModified\":\"2025-01-23T04:04:20+00:00\",\"breadcrumb\":{\"@id\":\"https:\/\/sanluisinforma.com\/?p=9874#breadcrumb\"},\"inLanguage\":\"es\",\"potentialAction\":[{\"@type\":\"ReadAction\",\"target\":[\"https:\/\/sanluisinforma.com\/?p=9874\"]}]},{\"@type\":\"ImageObject\",\"inLanguage\":\"es\",\"@id\":\"https:\/\/sanluisinforma.com\/?p=9874#primaryimage\",\"url\":\"https:\/\/sanluisinforma.com\/wp-content\/uploads\/2025\/01\/18e9fbb7-c177-4cf5-a537-6d58e2454a46.jpg\",\"contentUrl\":\"https:\/\/sanluisinforma.com\/wp-content\/uploads\/2025\/01\/18e9fbb7-c177-4cf5-a537-6d58e2454a46.jpg\",\"width\":480,\"height\":338},{\"@type\":\"BreadcrumbList\",\"@id\":\"https:\/\/sanluisinforma.com\/?p=9874#breadcrumb\",\"itemListElement\":[{\"@type\":\"ListItem\",\"position\":1,\"name\":\"Inicio\",\"item\":\"https:\/\/sanluisinforma.com\/\"},{\"@type\":\"ListItem\",\"position\":2,\"name\":\"Centro Escolar Tepeu reinicia actividades tras acuerdo entre Ayuntamientos y padres de familia\"}]},{\"@type\":\"WebSite\",\"@id\":\"https:\/\/sanluisinforma.com\/#website\",\"url\":\"https:\/\/sanluisinforma.com\/\",\"name\":\"sanluisinforma.com\",\"description\":\"Periodico San Luis Informa\",\"publisher\":{\"@id\":\"https:\/\/sanluisinforma.com\/#organization\"},\"potentialAction\":[{\"@type\":\"SearchAction\",\"target\":{\"@type\":\"EntryPoint\",\"urlTemplate\":\"https:\/\/sanluisinforma.com\/?s={search_term_string}\"},\"query-input\":{\"@type\":\"PropertyValueSpecification\",\"valueRequired\":true,\"valueName\":\"search_term_string\"}}],\"inLanguage\":\"es\"},{\"@type\":\"Organization\",\"@id\":\"https:\/\/sanluisinforma.com\/#organization\",\"name\":\"sanluisinforma.com\",\"url\":\"https:\/\/sanluisinforma.com\/\",\"logo\":{\"@type\":\"ImageObject\",\"inLanguage\":\"es\",\"@id\":\"https:\/\/sanluisinforma.com\/#\/schema\/logo\/image\/\",\"url\":\"https:\/\/sanluisinforma.com\/wp-content\/uploads\/2026\/03\/sanluisinforma-V.jpg\",\"contentUrl\":\"https:\/\/sanluisinforma.com\/wp-content\/uploads\/2026\/03\/sanluisinforma-V.jpg\",\"width\":500,\"height\":156,\"caption\":\"sanluisinforma.com\"},\"image\":{\"@id\":\"https:\/\/sanluisinforma.com\/#\/schema\/logo\/image\/\"}},{\"@type\":\"Person\",\"@id\":\"https:\/\/sanluisinforma.com\/#\/schema\/person\/c30648f71476be533b6f59d092905c8b\",\"name\":\"sanluisinforma.com\",\"image\":{\"@type\":\"ImageObject\",\"inLanguage\":\"es\",\"@id\":\"https:\/\/sanluisinforma.com\/#\/schema\/person\/image\/\",\"url\":\"https:\/\/secure.gravatar.com\/avatar\/86e3114e34a1eecefb963e0a02f0093f93b092dddb2fe1517596343751081a87?s=96&d=mm&r=g\",\"contentUrl\":\"https:\/\/secure.gravatar.com\/avatar\/86e3114e34a1eecefb963e0a02f0093f93b092dddb2fe1517596343751081a87?s=96&d=mm&r=g\",\"caption\":\"sanluisinforma.com\"},\"url\":\"https:\/\/sanluisinforma.com\/?author=2\"}]}<\/script>\n<!-- \/ Yoast SEO plugin. -->","yoast_head_json":{"title":"Centro Escolar Tepeu reinicia actividades tras acuerdo entre Ayuntamientos y padres de familia - sanluisinforma.com","robots":{"index":"index","follow":"follow","max-snippet":"max-snippet:-1","max-image-preview":"max-image-preview:large","max-video-preview":"max-video-preview:-1"},"canonical":"https:\/\/sanluisinforma.com\/?p=9874","og_locale":"es_MX","og_type":"article","og_title":"Centro Escolar Tepeu reinicia actividades tras acuerdo entre Ayuntamientos y padres de familia - sanluisinforma.com","og_description":"El Secretario General del Ayuntamiento Capitalino, Fernando Ch\u00e1vez M\u00e9ndez, inform\u00f3 que San Luis Capital y Villa de Pozos acuerdan la","og_url":"https:\/\/sanluisinforma.com\/?p=9874","og_site_name":"sanluisinforma.com","article_published_time":"2025-01-23T06:45:00+00:00","article_modified_time":"2025-01-23T04:04:20+00:00","og_image":[{"width":480,"height":338,"url":"https:\/\/sanluisinforma.com\/wp-content\/uploads\/2025\/01\/18e9fbb7-c177-4cf5-a537-6d58e2454a46.jpg","type":"image\/jpeg"}],"author":"sanluisinforma.com","twitter_card":"summary_large_image","twitter_misc":{"Escrito por":"sanluisinforma.com","Tiempo de lectura":"2 minutos"},"schema":{"@context":"https:\/\/schema.org","@graph":[{"@type":"Article","@id":"https:\/\/sanluisinforma.com\/?p=9874#article","isPartOf":{"@id":"https:\/\/sanluisinforma.com\/?p=9874"},"author":{"name":"sanluisinforma.com","@id":"https:\/\/sanluisinforma.com\/#\/schema\/person\/c30648f71476be533b6f59d092905c8b"},"headline":"Centro Escolar Tepeu reinicia actividades tras acuerdo entre Ayuntamientos y padres de familia","datePublished":"2025-01-23T06:45:00+00:00","dateModified":"2025-01-23T04:04:20+00:00","mainEntityOfPage":{"@id":"https:\/\/sanluisinforma.com\/?p=9874"},"wordCount":315,"publisher":{"@id":"https:\/\/sanluisinforma.com\/#organization"},"image":{"@id":"https:\/\/sanluisinforma.com\/?p=9874#primaryimage"},"thumbnailUrl":"https:\/\/sanluisinforma.com\/wp-content\/uploads\/2025\/01\/18e9fbb7-c177-4cf5-a537-6d58e2454a46.jpg","articleSection":["Local","Portada"],"inLanguage":"es"},{"@type":"WebPage","@id":"https:\/\/sanluisinforma.com\/?p=9874","url":"https:\/\/sanluisinforma.com\/?p=9874","name":"Centro Escolar Tepeu reinicia actividades tras acuerdo entre Ayuntamientos y padres de familia - sanluisinforma.com","isPartOf":{"@id":"https:\/\/sanluisinforma.com\/#website"},"primaryImageOfPage":{"@id":"https:\/\/sanluisinforma.com\/?p=9874#primaryimage"},"image":{"@id":"https:\/\/sanluisinforma.com\/?p=9874#primaryimage"},"thumbnailUrl":"https:\/\/sanluisinforma.com\/wp-content\/uploads\/2025\/01\/18e9fbb7-c177-4cf5-a537-6d58e2454a46.jpg","datePublished":"2025-01-23T06:45:00+00:00","dateModified":"2025-01-23T04:04:20+00:00","breadcrumb":{"@id":"https:\/\/sanluisinforma.com\/?p=9874#breadcrumb"},"inLanguage":"es","potentialAction":[{"@type":"ReadAction","target":["https:\/\/sanluisinforma.com\/?p=9874"]}]},{"@type":"ImageObject","inLanguage":"es","@id":"https:\/\/sanluisinforma.com\/?p=9874#primaryimage","url":"https:\/\/sanluisinforma.com\/wp-content\/uploads\/2025\/01\/18e9fbb7-c177-4cf5-a537-6d58e2454a46.jpg","contentUrl":"https:\/\/sanluisinforma.com\/wp-content\/uploads\/2025\/01\/18e9fbb7-c177-4cf5-a537-6d58e2454a46.jpg","width":480,"height":338},{"@type":"BreadcrumbList","@id":"https:\/\/sanluisinforma.com\/?p=9874#breadcrumb","itemListElement":[{"@type":"ListItem","position":1,"name":"Inicio","item":"https:\/\/sanluisinforma.com\/"},{"@type":"ListItem","position":2,"name":"Centro Escolar Tepeu reinicia actividades tras acuerdo entre Ayuntamientos y padres de familia"}]},{"@type":"WebSite","@id":"https:\/\/sanluisinforma.com\/#website","url":"https:\/\/sanluisinforma.com\/","name":"sanluisinforma.com","description":"Periodico San Luis Informa","publisher":{"@id":"https:\/\/sanluisinforma.com\/#organization"},"potentialAction":[{"@type":"SearchAction","target":{"@type":"EntryPoint","urlTemplate":"https:\/\/sanluisinforma.com\/?s={search_term_string}"},"query-input":{"@type":"PropertyValueSpecification","valueRequired":true,"valueName":"search_term_string"}}],"inLanguage":"es"},{"@type":"Organization","@id":"https:\/\/sanluisinforma.com\/#organization","name":"sanluisinforma.com","url":"https:\/\/sanluisinforma.com\/","logo":{"@type":"ImageObject","inLanguage":"es","@id":"https:\/\/sanluisinforma.com\/#\/schema\/logo\/image\/","url":"https:\/\/sanluisinforma.com\/wp-content\/uploads\/2026\/03\/sanluisinforma-V.jpg","contentUrl":"https:\/\/sanluisinforma.com\/wp-content\/uploads\/2026\/03\/sanluisinforma-V.jpg","width":500,"height":156,"caption":"sanluisinforma.com"},"image":{"@id":"https:\/\/sanluisinforma.com\/#\/schema\/logo\/image\/"}},{"@type":"Person","@id":"https:\/\/sanluisinforma.com\/#\/schema\/person\/c30648f71476be533b6f59d092905c8b","name":"sanluisinforma.com","image":{"@type":"ImageObject","inLanguage":"es","@id":"https:\/\/sanluisinforma.com\/#\/schema\/person\/image\/","url":"https:\/\/secure.gravatar.com\/avatar\/86e3114e34a1eecefb963e0a02f0093f93b092dddb2fe1517596343751081a87?s=96&d=mm&r=g","contentUrl":"https:\/\/secure.gravatar.com\/avatar\/86e3114e34a1eecefb963e0a02f0093f93b092dddb2fe1517596343751081a87?s=96&d=mm&r=g","caption":"sanluisinforma.com"},"url":"https:\/\/sanluisinforma.com\/?author=2"}]}},"_links":{"self":[{"href":"https:\/\/sanluisinforma.com\/index.php?rest_route=\/wp\/v2\/posts\/9874","targetHints":{"allow":["GET"]}}],"collection":[{"href":"https:\/\/sanluisinforma.com\/index.php?rest_route=\/wp\/v2\/posts"}],"about":[{"href":"https:\/\/sanluisinforma.com\/index.php?rest_route=\/wp\/v2\/types\/post"}],"author":[{"embeddable":true,"href":"https:\/\/sanluisinforma.com\/index.php?rest_route=\/wp\/v2\/users\/2"}],"replies":[{"embeddable":true,"href":"https:\/\/sanluisinforma.com\/index.php?rest_route=%2Fwp%2Fv2%2Fcomments&post=9874"}],"version-history":[{"count":1,"href":"https:\/\/sanluisinforma.com\/index.php?rest_route=\/wp\/v2\/posts\/9874\/revisions"}],"predecessor-version":[{"id":9876,"href":"https:\/\/sanluisinforma.com\/index.php?rest_route=\/wp\/v2\/posts\/9874\/revisions\/9876"}],"wp:featuredmedia":[{"embeddable":true,"href":"https:\/\/sanluisinforma.com\/index.php?rest_route=\/wp\/v2\/media\/9875"}],"wp:attachment":[{"href":"https:\/\/sanluisinforma.com\/index.php?rest_route=%2Fwp%2Fv2%2Fmedia&parent=9874"}],"wp:term":[{"taxonomy":"category","embeddable":true,"href":"https:\/\/sanluisinforma.com\/index.php?rest_route=%2Fwp%2Fv2%2Fcategories&post=9874"},{"taxonomy":"post_tag","embeddable":true,"href":"https:\/\/sanluisinforma.com\/index.php?rest_route=%2Fwp%2Fv2%2Ftags&post=9874"}],"curies":[{"name":"wp","href":"https:\/\/api.w.org\/{rel}","templated":true}]}}