{"id":9883,"date":"2025-01-23T00:58:00","date_gmt":"2025-01-23T06:58:00","guid":{"rendered":"https:\/\/sanluisinforma.com\/?p=9883"},"modified":"2025-01-22T18:13:42","modified_gmt":"2025-01-23T00:13:42","slug":"habitantes-de-la-colonia-jardines-del-sur-cuentan-con-mayor-agilidad-en-los-traslados-y-un-entorno-mas-seguro","status":"publish","type":"post","link":"https:\/\/sanluisinforma.com\/?p=9883","title":{"rendered":"Habitantes de la colonia Jardines del Sur, cuentan con mayor agilidad en los traslados y un entorno m\u00e1s seguro"},"content":{"rendered":"\n<p><\/p>\n\n\n\n<p>M\u00e1s de cinco mil habitantes de la colonia Jardines del Sur y familias de esta parte de la ciudad, tendr\u00e1n mayor bienestar y calidad de vida con mejor movilidad y seguridad, luego de que el Gobernador de San Luis Potos\u00ed, Ricardo Gallardo Cardona, entreg\u00f3 la rehabilitaci\u00f3n con concreto hidr\u00e1ulico de la avenida Coral, cuya inversi\u00f3n fue de m\u00e1s de cinco millones de pesos, y con la que mejorar\u00e1 la infraestructura urbana, los servicios b\u00e1sicos, e incrementar\u00e1 la plusval\u00eda en la zona metropolitana.<\/p>\n\n\n\n<p>Las familias se reunieron para agradecer al Mandatario Estatal por esta importante obra, quien resalt\u00f3 que su Gobierno continuar\u00e1 realizando m\u00e1s infraestructura para llevar m\u00e1s apoyo a las y los potosinos, que vivan mejor y puedan sentir la modernizaci\u00f3n y transformaci\u00f3n en todo el Estado, con calles y avenidas nuevas, con carreteras en \u00f3ptimas condiciones, as\u00ed como los programas sociales que apoyan directamente la econom\u00eda familiar.<\/p>\n\n\n\n<p>Gallardo Cardona dijo que su Gobierno ha logrado atender calles y avenidas que olvid\u00f3 la maldita herencia, y que ahora est\u00e1n completamente nuevas en las cuatro regiones del Estado, y en la capital como: Himno Nacional, Jos\u00e9 de G\u00e1lvez, Fray Diego de la Magdalena, Avenida Industrias, entre otras, que han mejorado la movilidad en la zona metropolitana con beneficio para las y los potosinos.<\/p>\n\n\n\n<p>La rehabilitaci\u00f3n en el tramo comprendido entre las calles Dalias y Topacio, se realiz\u00f3 con una inversi\u00f3n de 5.8 millones de pesos y m\u00e1s de cinco mil 800 metros cuadrados de concreto hidr\u00e1ulico de 15 cent\u00edmetros, as\u00ed como el mejoramiento de los servicios en la zona, ya que se restauraron las redes del drenaje sanitario, agua potable y descargas, adem\u00e1s de la construcci\u00f3n de guarniciones y banquetas, alumbrado y se\u00f1alizaci\u00f3n.<\/p>\n","protected":false},"excerpt":{"rendered":"<p>M\u00e1s de cinco mil habitantes de la colonia Jardines del Sur y familias de esta parte de la ciudad, tendr\u00e1n<\/p>\n","protected":false},"author":2,"featured_media":9884,"comment_status":"closed","ping_status":"closed","sticky":false,"template":"","format":"standard","meta":{"footnotes":""},"categories":[25,30],"tags":[],"class_list":["post-9883","post","type-post","status-publish","format-standard","has-post-thumbnail","hentry","category-local","category-portada"],"yoast_head":"<!-- This site is optimized with the Yoast SEO plugin v24.1 - https:\/\/yoast.com\/wordpress\/plugins\/seo\/ -->\n<title>Habitantes de la colonia Jardines del Sur, cuentan con mayor agilidad en los traslados y un entorno m\u00e1s seguro - sanluisinforma.com<\/title>\n<meta name=\"robots\" content=\"index, follow, max-snippet:-1, max-image-preview:large, max-video-preview:-1\" \/>\n<link rel=\"canonical\" href=\"https:\/\/sanluisinforma.com\/?p=9883\" \/>\n<meta property=\"og:locale\" content=\"es_MX\" \/>\n<meta property=\"og:type\" content=\"article\" \/>\n<meta property=\"og:title\" content=\"Habitantes de la colonia Jardines del Sur, cuentan con mayor agilidad en los traslados y un entorno m\u00e1s seguro - sanluisinforma.com\" \/>\n<meta property=\"og:description\" content=\"M\u00e1s de cinco mil habitantes de la colonia Jardines del Sur y familias de esta parte de la ciudad, tendr\u00e1n\" \/>\n<meta property=\"og:url\" content=\"https:\/\/sanluisinforma.com\/?p=9883\" \/>\n<meta property=\"og:site_name\" content=\"sanluisinforma.com\" \/>\n<meta property=\"article:published_time\" content=\"2025-01-23T06:58:00+00:00\" \/>\n<meta property=\"article:modified_time\" content=\"2025-01-23T00:13:42+00:00\" \/>\n<meta property=\"og:image\" content=\"https:\/\/sanluisinforma.com\/wp-content\/uploads\/2025\/01\/69cf7975-b364-4679-92a7-9b0c674121d5.jpg\" \/>\n\t<meta property=\"og:image:width\" content=\"480\" \/>\n\t<meta property=\"og:image:height\" content=\"320\" \/>\n\t<meta property=\"og:image:type\" content=\"image\/jpeg\" \/>\n<meta name=\"author\" content=\"sanluisinforma.com\" \/>\n<meta name=\"twitter:card\" content=\"summary_large_image\" \/>\n<meta name=\"twitter:label1\" content=\"Escrito por\" \/>\n\t<meta name=\"twitter:data1\" content=\"sanluisinforma.com\" \/>\n\t<meta name=\"twitter:label2\" content=\"Tiempo de lectura\" \/>\n\t<meta name=\"twitter:data2\" content=\"2 minutos\" \/>\n<script type=\"application\/ld+json\" class=\"yoast-schema-graph\">{\"@context\":\"https:\/\/schema.org\",\"@graph\":[{\"@type\":\"Article\",\"@id\":\"https:\/\/sanluisinforma.com\/?p=9883#article\",\"isPartOf\":{\"@id\":\"https:\/\/sanluisinforma.com\/?p=9883\"},\"author\":{\"name\":\"sanluisinforma.com\",\"@id\":\"https:\/\/sanluisinforma.com\/#\/schema\/person\/c30648f71476be533b6f59d092905c8b\"},\"headline\":\"Habitantes de la colonia Jardines del Sur, cuentan con mayor agilidad en los traslados y un entorno m\u00e1s seguro\",\"datePublished\":\"2025-01-23T06:58:00+00:00\",\"dateModified\":\"2025-01-23T00:13:42+00:00\",\"mainEntityOfPage\":{\"@id\":\"https:\/\/sanluisinforma.com\/?p=9883\"},\"wordCount\":323,\"publisher\":{\"@id\":\"https:\/\/sanluisinforma.com\/#organization\"},\"image\":{\"@id\":\"https:\/\/sanluisinforma.com\/?p=9883#primaryimage\"},\"thumbnailUrl\":\"https:\/\/sanluisinforma.com\/wp-content\/uploads\/2025\/01\/69cf7975-b364-4679-92a7-9b0c674121d5.jpg\",\"articleSection\":[\"Local\",\"Portada\"],\"inLanguage\":\"es\"},{\"@type\":\"WebPage\",\"@id\":\"https:\/\/sanluisinforma.com\/?p=9883\",\"url\":\"https:\/\/sanluisinforma.com\/?p=9883\",\"name\":\"Habitantes de la colonia Jardines del Sur, cuentan con mayor agilidad en los traslados y un entorno m\u00e1s seguro - sanluisinforma.com\",\"isPartOf\":{\"@id\":\"https:\/\/sanluisinforma.com\/#website\"},\"primaryImageOfPage\":{\"@id\":\"https:\/\/sanluisinforma.com\/?p=9883#primaryimage\"},\"image\":{\"@id\":\"https:\/\/sanluisinforma.com\/?p=9883#primaryimage\"},\"thumbnailUrl\":\"https:\/\/sanluisinforma.com\/wp-content\/uploads\/2025\/01\/69cf7975-b364-4679-92a7-9b0c674121d5.jpg\",\"datePublished\":\"2025-01-23T06:58:00+00:00\",\"dateModified\":\"2025-01-23T00:13:42+00:00\",\"breadcrumb\":{\"@id\":\"https:\/\/sanluisinforma.com\/?p=9883#breadcrumb\"},\"inLanguage\":\"es\",\"potentialAction\":[{\"@type\":\"ReadAction\",\"target\":[\"https:\/\/sanluisinforma.com\/?p=9883\"]}]},{\"@type\":\"ImageObject\",\"inLanguage\":\"es\",\"@id\":\"https:\/\/sanluisinforma.com\/?p=9883#primaryimage\",\"url\":\"https:\/\/sanluisinforma.com\/wp-content\/uploads\/2025\/01\/69cf7975-b364-4679-92a7-9b0c674121d5.jpg\",\"contentUrl\":\"https:\/\/sanluisinforma.com\/wp-content\/uploads\/2025\/01\/69cf7975-b364-4679-92a7-9b0c674121d5.jpg\",\"width\":480,\"height\":320},{\"@type\":\"BreadcrumbList\",\"@id\":\"https:\/\/sanluisinforma.com\/?p=9883#breadcrumb\",\"itemListElement\":[{\"@type\":\"ListItem\",\"position\":1,\"name\":\"Inicio\",\"item\":\"https:\/\/sanluisinforma.com\/\"},{\"@type\":\"ListItem\",\"position\":2,\"name\":\"Habitantes de la colonia Jardines del Sur, cuentan con mayor agilidad en los traslados y un entorno m\u00e1s seguro\"}]},{\"@type\":\"WebSite\",\"@id\":\"https:\/\/sanluisinforma.com\/#website\",\"url\":\"https:\/\/sanluisinforma.com\/\",\"name\":\"sanluisinforma.com\",\"description\":\"Periodico San Luis Informa\",\"publisher\":{\"@id\":\"https:\/\/sanluisinforma.com\/#organization\"},\"potentialAction\":[{\"@type\":\"SearchAction\",\"target\":{\"@type\":\"EntryPoint\",\"urlTemplate\":\"https:\/\/sanluisinforma.com\/?s={search_term_string}\"},\"query-input\":{\"@type\":\"PropertyValueSpecification\",\"valueRequired\":true,\"valueName\":\"search_term_string\"}}],\"inLanguage\":\"es\"},{\"@type\":\"Organization\",\"@id\":\"https:\/\/sanluisinforma.com\/#organization\",\"name\":\"sanluisinforma.com\",\"url\":\"https:\/\/sanluisinforma.com\/\",\"logo\":{\"@type\":\"ImageObject\",\"inLanguage\":\"es\",\"@id\":\"https:\/\/sanluisinforma.com\/#\/schema\/logo\/image\/\",\"url\":\"https:\/\/sanluisinforma.com\/wp-content\/uploads\/2026\/03\/sanluisinforma-V.jpg\",\"contentUrl\":\"https:\/\/sanluisinforma.com\/wp-content\/uploads\/2026\/03\/sanluisinforma-V.jpg\",\"width\":500,\"height\":156,\"caption\":\"sanluisinforma.com\"},\"image\":{\"@id\":\"https:\/\/sanluisinforma.com\/#\/schema\/logo\/image\/\"}},{\"@type\":\"Person\",\"@id\":\"https:\/\/sanluisinforma.com\/#\/schema\/person\/c30648f71476be533b6f59d092905c8b\",\"name\":\"sanluisinforma.com\",\"image\":{\"@type\":\"ImageObject\",\"inLanguage\":\"es\",\"@id\":\"https:\/\/sanluisinforma.com\/#\/schema\/person\/image\/\",\"url\":\"https:\/\/secure.gravatar.com\/avatar\/86e3114e34a1eecefb963e0a02f0093f93b092dddb2fe1517596343751081a87?s=96&d=mm&r=g\",\"contentUrl\":\"https:\/\/secure.gravatar.com\/avatar\/86e3114e34a1eecefb963e0a02f0093f93b092dddb2fe1517596343751081a87?s=96&d=mm&r=g\",\"caption\":\"sanluisinforma.com\"},\"url\":\"https:\/\/sanluisinforma.com\/?author=2\"}]}<\/script>\n<!-- \/ Yoast SEO plugin. -->","yoast_head_json":{"title":"Habitantes de la colonia Jardines del Sur, cuentan con mayor agilidad en los traslados y un entorno m\u00e1s seguro - sanluisinforma.com","robots":{"index":"index","follow":"follow","max-snippet":"max-snippet:-1","max-image-preview":"max-image-preview:large","max-video-preview":"max-video-preview:-1"},"canonical":"https:\/\/sanluisinforma.com\/?p=9883","og_locale":"es_MX","og_type":"article","og_title":"Habitantes de la colonia Jardines del Sur, cuentan con mayor agilidad en los traslados y un entorno m\u00e1s seguro - sanluisinforma.com","og_description":"M\u00e1s de cinco mil habitantes de la colonia Jardines del Sur y familias de esta parte de la ciudad, tendr\u00e1n","og_url":"https:\/\/sanluisinforma.com\/?p=9883","og_site_name":"sanluisinforma.com","article_published_time":"2025-01-23T06:58:00+00:00","article_modified_time":"2025-01-23T00:13:42+00:00","og_image":[{"width":480,"height":320,"url":"https:\/\/sanluisinforma.com\/wp-content\/uploads\/2025\/01\/69cf7975-b364-4679-92a7-9b0c674121d5.jpg","type":"image\/jpeg"}],"author":"sanluisinforma.com","twitter_card":"summary_large_image","twitter_misc":{"Escrito por":"sanluisinforma.com","Tiempo de lectura":"2 minutos"},"schema":{"@context":"https:\/\/schema.org","@graph":[{"@type":"Article","@id":"https:\/\/sanluisinforma.com\/?p=9883#article","isPartOf":{"@id":"https:\/\/sanluisinforma.com\/?p=9883"},"author":{"name":"sanluisinforma.com","@id":"https:\/\/sanluisinforma.com\/#\/schema\/person\/c30648f71476be533b6f59d092905c8b"},"headline":"Habitantes de la colonia Jardines del Sur, cuentan con mayor agilidad en los traslados y un entorno m\u00e1s seguro","datePublished":"2025-01-23T06:58:00+00:00","dateModified":"2025-01-23T00:13:42+00:00","mainEntityOfPage":{"@id":"https:\/\/sanluisinforma.com\/?p=9883"},"wordCount":323,"publisher":{"@id":"https:\/\/sanluisinforma.com\/#organization"},"image":{"@id":"https:\/\/sanluisinforma.com\/?p=9883#primaryimage"},"thumbnailUrl":"https:\/\/sanluisinforma.com\/wp-content\/uploads\/2025\/01\/69cf7975-b364-4679-92a7-9b0c674121d5.jpg","articleSection":["Local","Portada"],"inLanguage":"es"},{"@type":"WebPage","@id":"https:\/\/sanluisinforma.com\/?p=9883","url":"https:\/\/sanluisinforma.com\/?p=9883","name":"Habitantes de la colonia Jardines del Sur, cuentan con mayor agilidad en los traslados y un entorno m\u00e1s seguro - sanluisinforma.com","isPartOf":{"@id":"https:\/\/sanluisinforma.com\/#website"},"primaryImageOfPage":{"@id":"https:\/\/sanluisinforma.com\/?p=9883#primaryimage"},"image":{"@id":"https:\/\/sanluisinforma.com\/?p=9883#primaryimage"},"thumbnailUrl":"https:\/\/sanluisinforma.com\/wp-content\/uploads\/2025\/01\/69cf7975-b364-4679-92a7-9b0c674121d5.jpg","datePublished":"2025-01-23T06:58:00+00:00","dateModified":"2025-01-23T00:13:42+00:00","breadcrumb":{"@id":"https:\/\/sanluisinforma.com\/?p=9883#breadcrumb"},"inLanguage":"es","potentialAction":[{"@type":"ReadAction","target":["https:\/\/sanluisinforma.com\/?p=9883"]}]},{"@type":"ImageObject","inLanguage":"es","@id":"https:\/\/sanluisinforma.com\/?p=9883#primaryimage","url":"https:\/\/sanluisinforma.com\/wp-content\/uploads\/2025\/01\/69cf7975-b364-4679-92a7-9b0c674121d5.jpg","contentUrl":"https:\/\/sanluisinforma.com\/wp-content\/uploads\/2025\/01\/69cf7975-b364-4679-92a7-9b0c674121d5.jpg","width":480,"height":320},{"@type":"BreadcrumbList","@id":"https:\/\/sanluisinforma.com\/?p=9883#breadcrumb","itemListElement":[{"@type":"ListItem","position":1,"name":"Inicio","item":"https:\/\/sanluisinforma.com\/"},{"@type":"ListItem","position":2,"name":"Habitantes de la colonia Jardines del Sur, cuentan con mayor agilidad en los traslados y un entorno m\u00e1s seguro"}]},{"@type":"WebSite","@id":"https:\/\/sanluisinforma.com\/#website","url":"https:\/\/sanluisinforma.com\/","name":"sanluisinforma.com","description":"Periodico San Luis Informa","publisher":{"@id":"https:\/\/sanluisinforma.com\/#organization"},"potentialAction":[{"@type":"SearchAction","target":{"@type":"EntryPoint","urlTemplate":"https:\/\/sanluisinforma.com\/?s={search_term_string}"},"query-input":{"@type":"PropertyValueSpecification","valueRequired":true,"valueName":"search_term_string"}}],"inLanguage":"es"},{"@type":"Organization","@id":"https:\/\/sanluisinforma.com\/#organization","name":"sanluisinforma.com","url":"https:\/\/sanluisinforma.com\/","logo":{"@type":"ImageObject","inLanguage":"es","@id":"https:\/\/sanluisinforma.com\/#\/schema\/logo\/image\/","url":"https:\/\/sanluisinforma.com\/wp-content\/uploads\/2026\/03\/sanluisinforma-V.jpg","contentUrl":"https:\/\/sanluisinforma.com\/wp-content\/uploads\/2026\/03\/sanluisinforma-V.jpg","width":500,"height":156,"caption":"sanluisinforma.com"},"image":{"@id":"https:\/\/sanluisinforma.com\/#\/schema\/logo\/image\/"}},{"@type":"Person","@id":"https:\/\/sanluisinforma.com\/#\/schema\/person\/c30648f71476be533b6f59d092905c8b","name":"sanluisinforma.com","image":{"@type":"ImageObject","inLanguage":"es","@id":"https:\/\/sanluisinforma.com\/#\/schema\/person\/image\/","url":"https:\/\/secure.gravatar.com\/avatar\/86e3114e34a1eecefb963e0a02f0093f93b092dddb2fe1517596343751081a87?s=96&d=mm&r=g","contentUrl":"https:\/\/secure.gravatar.com\/avatar\/86e3114e34a1eecefb963e0a02f0093f93b092dddb2fe1517596343751081a87?s=96&d=mm&r=g","caption":"sanluisinforma.com"},"url":"https:\/\/sanluisinforma.com\/?author=2"}]}},"_links":{"self":[{"href":"https:\/\/sanluisinforma.com\/index.php?rest_route=\/wp\/v2\/posts\/9883","targetHints":{"allow":["GET"]}}],"collection":[{"href":"https:\/\/sanluisinforma.com\/index.php?rest_route=\/wp\/v2\/posts"}],"about":[{"href":"https:\/\/sanluisinforma.com\/index.php?rest_route=\/wp\/v2\/types\/post"}],"author":[{"embeddable":true,"href":"https:\/\/sanluisinforma.com\/index.php?rest_route=\/wp\/v2\/users\/2"}],"replies":[{"embeddable":true,"href":"https:\/\/sanluisinforma.com\/index.php?rest_route=%2Fwp%2Fv2%2Fcomments&post=9883"}],"version-history":[{"count":1,"href":"https:\/\/sanluisinforma.com\/index.php?rest_route=\/wp\/v2\/posts\/9883\/revisions"}],"predecessor-version":[{"id":9885,"href":"https:\/\/sanluisinforma.com\/index.php?rest_route=\/wp\/v2\/posts\/9883\/revisions\/9885"}],"wp:featuredmedia":[{"embeddable":true,"href":"https:\/\/sanluisinforma.com\/index.php?rest_route=\/wp\/v2\/media\/9884"}],"wp:attachment":[{"href":"https:\/\/sanluisinforma.com\/index.php?rest_route=%2Fwp%2Fv2%2Fmedia&parent=9883"}],"wp:term":[{"taxonomy":"category","embeddable":true,"href":"https:\/\/sanluisinforma.com\/index.php?rest_route=%2Fwp%2Fv2%2Fcategories&post=9883"},{"taxonomy":"post_tag","embeddable":true,"href":"https:\/\/sanluisinforma.com\/index.php?rest_route=%2Fwp%2Fv2%2Ftags&post=9883"}],"curies":[{"name":"wp","href":"https:\/\/api.w.org\/{rel}","templated":true}]}}