{"id":9889,"date":"2025-01-23T00:45:00","date_gmt":"2025-01-23T06:45:00","guid":{"rendered":"https:\/\/sanluisinforma.com\/?p=9889"},"modified":"2025-01-22T22:03:33","modified_gmt":"2025-01-23T04:03:33","slug":"alcalde-galindo-acuerda-acciones-con-lideres-internacionales-para-consolidar-el-desarrollo-turistico-de-la-capital","status":"publish","type":"post","link":"https:\/\/sanluisinforma.com\/?p=9889","title":{"rendered":"Alcalde Galindo acuerda acciones con l\u00edderes internacionales para consolidar el desarrollo tur\u00edstico de la Capital"},"content":{"rendered":"\n<p>En la Fitur 2025, el Primer Edil realiza encuentros con la Secretaria de Turismo Federal, Josefina Rodr\u00edguez; el Secretario General de ONU Turismo, Zurab Pololikashvili y la Ministra de Turismo de Espa\u00f1a, Rosario S\u00e1nchez; as\u00ed como con otros l\u00edderes de pa\u00edses que representan grandes \u00e1reas de oportunidad\u00a0 en esta industria para nuestra ciudad.<\/p>\n\n\n\n<p>Asimismo asisti\u00f3 a reuniones con los titulares de Turismo de Costa Rica y Nicaragua.<\/p>\n\n\n\n<p>Con ello se consolida a nuestra ciudad como un gran destino de experiencias tur\u00edsticas, con un impacto positivo en la econom\u00eda local.<\/p>\n\n\n\n<p>El Alcalde Enrique Galindo Ceballos sostuvo encuentros con l\u00edderes internacionales del sector tur\u00edstico durante la Fitur 2025, en las que afianz\u00f3 acciones de impulso al sector. Destacan sus reuniones con la Secretaria de Turismo Federal, Josefina Rodr\u00edguez Zamora; el Secretario General de Turismo de la ONU, Zurab Pololikashvili; Rosario S\u00e1nchez, Ministra de Turismo de Espa\u00f1a y Quirino Ordaz Coppel, Embajador de M\u00e9xico en Espa\u00f1a; entre otros.<\/p>\n\n\n\n<p>Como Presidente de la Asociaci\u00f3n de Ciudades Patrimonio Mundial, el Alcalde Enrique Galindo Ceballos fue invitado por la Secretaria de Turismo del Gobierno Federal en la inauguraci\u00f3n del stand de M\u00e9xico en la Fitur. All\u00ed, el Alcalde potosino destac\u00f3 la relevancia de San Luis Capital en el turismo religioso, deportivo y de inclusi\u00f3n, que lo convierten en un atractivo internacional para estos sectores sociales.<\/p>\n\n\n\n<p>El Alcalde Enrique Galindo tambi\u00e9n estableci\u00f3 acuerdos con Zurab Pololikashvili, Secretario General de ONU Turismo, para fortalecer la promoci\u00f3n internacional de San Luis Potos\u00ed. Pololikashvili expres\u00f3 su respaldo para posicionar a la ciudad como un referente global en turismo sostenible, subrayando su riqueza cultural e hist\u00f3rica.<\/p>\n\n\n\n<p>Asimismo, el Alcalde Enrique Galindo dialog\u00f3 con Rosario S\u00e1nchez, Ministra de Turismo de Espa\u00f1a; William Rodr\u00edguez, Ministro de Turismo de Costa Rica, y Anasha Campbell, Directora del Instituto Nicarag\u00fcense de Turismo, ante quienes manifest\u00f3 inter\u00e9s en colaborar con proyectos enfocados en la recuperaci\u00f3n de espacios hist\u00f3ricos y su promoci\u00f3n como sitios tur\u00edsticos.<\/p>\n\n\n\n<p><\/p>\n\n\n\n<p><\/p>\n\n\n\n<p><\/p>\n","protected":false},"excerpt":{"rendered":"<p>En la Fitur 2025, el Primer Edil realiza encuentros con la Secretaria de Turismo Federal, Josefina Rodr\u00edguez; el Secretario General<\/p>\n","protected":false},"author":2,"featured_media":9890,"comment_status":"closed","ping_status":"closed","sticky":false,"template":"","format":"standard","meta":{"footnotes":""},"categories":[25,30],"tags":[],"class_list":["post-9889","post","type-post","status-publish","format-standard","has-post-thumbnail","hentry","category-local","category-portada"],"yoast_head":"<!-- This site is optimized with the Yoast SEO plugin v24.1 - https:\/\/yoast.com\/wordpress\/plugins\/seo\/ -->\n<title>Alcalde Galindo acuerda acciones con l\u00edderes internacionales para consolidar el desarrollo tur\u00edstico de la Capital - sanluisinforma.com<\/title>\n<meta name=\"robots\" content=\"index, follow, max-snippet:-1, max-image-preview:large, max-video-preview:-1\" \/>\n<link rel=\"canonical\" href=\"https:\/\/sanluisinforma.com\/?p=9889\" \/>\n<meta property=\"og:locale\" content=\"es_MX\" \/>\n<meta property=\"og:type\" content=\"article\" \/>\n<meta property=\"og:title\" content=\"Alcalde Galindo acuerda acciones con l\u00edderes internacionales para consolidar el desarrollo tur\u00edstico de la Capital - sanluisinforma.com\" \/>\n<meta property=\"og:description\" content=\"En la Fitur 2025, el Primer Edil realiza encuentros con la Secretaria de Turismo Federal, Josefina Rodr\u00edguez; el Secretario General\" \/>\n<meta property=\"og:url\" content=\"https:\/\/sanluisinforma.com\/?p=9889\" \/>\n<meta property=\"og:site_name\" content=\"sanluisinforma.com\" \/>\n<meta property=\"article:published_time\" content=\"2025-01-23T06:45:00+00:00\" \/>\n<meta property=\"article:modified_time\" content=\"2025-01-23T04:03:33+00:00\" \/>\n<meta property=\"og:image\" content=\"https:\/\/sanluisinforma.com\/wp-content\/uploads\/2025\/01\/c8ff3f47-c631-44d1-910a-49f8cd5c4707.jpg\" \/>\n\t<meta property=\"og:image:width\" content=\"480\" \/>\n\t<meta property=\"og:image:height\" content=\"319\" \/>\n\t<meta property=\"og:image:type\" content=\"image\/jpeg\" \/>\n<meta name=\"author\" content=\"sanluisinforma.com\" \/>\n<meta name=\"twitter:card\" content=\"summary_large_image\" \/>\n<meta name=\"twitter:label1\" content=\"Escrito por\" \/>\n\t<meta name=\"twitter:data1\" content=\"sanluisinforma.com\" \/>\n\t<meta name=\"twitter:label2\" content=\"Tiempo de lectura\" \/>\n\t<meta name=\"twitter:data2\" content=\"2 minutos\" \/>\n<script type=\"application\/ld+json\" class=\"yoast-schema-graph\">{\"@context\":\"https:\/\/schema.org\",\"@graph\":[{\"@type\":\"Article\",\"@id\":\"https:\/\/sanluisinforma.com\/?p=9889#article\",\"isPartOf\":{\"@id\":\"https:\/\/sanluisinforma.com\/?p=9889\"},\"author\":{\"name\":\"sanluisinforma.com\",\"@id\":\"https:\/\/sanluisinforma.com\/#\/schema\/person\/c30648f71476be533b6f59d092905c8b\"},\"headline\":\"Alcalde Galindo acuerda acciones con l\u00edderes internacionales para consolidar el desarrollo tur\u00edstico de la Capital\",\"datePublished\":\"2025-01-23T06:45:00+00:00\",\"dateModified\":\"2025-01-23T04:03:33+00:00\",\"mainEntityOfPage\":{\"@id\":\"https:\/\/sanluisinforma.com\/?p=9889\"},\"wordCount\":362,\"publisher\":{\"@id\":\"https:\/\/sanluisinforma.com\/#organization\"},\"image\":{\"@id\":\"https:\/\/sanluisinforma.com\/?p=9889#primaryimage\"},\"thumbnailUrl\":\"https:\/\/sanluisinforma.com\/wp-content\/uploads\/2025\/01\/c8ff3f47-c631-44d1-910a-49f8cd5c4707.jpg\",\"articleSection\":[\"Local\",\"Portada\"],\"inLanguage\":\"es\"},{\"@type\":\"WebPage\",\"@id\":\"https:\/\/sanluisinforma.com\/?p=9889\",\"url\":\"https:\/\/sanluisinforma.com\/?p=9889\",\"name\":\"Alcalde Galindo acuerda acciones con l\u00edderes internacionales para consolidar el desarrollo tur\u00edstico de la Capital - sanluisinforma.com\",\"isPartOf\":{\"@id\":\"https:\/\/sanluisinforma.com\/#website\"},\"primaryImageOfPage\":{\"@id\":\"https:\/\/sanluisinforma.com\/?p=9889#primaryimage\"},\"image\":{\"@id\":\"https:\/\/sanluisinforma.com\/?p=9889#primaryimage\"},\"thumbnailUrl\":\"https:\/\/sanluisinforma.com\/wp-content\/uploads\/2025\/01\/c8ff3f47-c631-44d1-910a-49f8cd5c4707.jpg\",\"datePublished\":\"2025-01-23T06:45:00+00:00\",\"dateModified\":\"2025-01-23T04:03:33+00:00\",\"breadcrumb\":{\"@id\":\"https:\/\/sanluisinforma.com\/?p=9889#breadcrumb\"},\"inLanguage\":\"es\",\"potentialAction\":[{\"@type\":\"ReadAction\",\"target\":[\"https:\/\/sanluisinforma.com\/?p=9889\"]}]},{\"@type\":\"ImageObject\",\"inLanguage\":\"es\",\"@id\":\"https:\/\/sanluisinforma.com\/?p=9889#primaryimage\",\"url\":\"https:\/\/sanluisinforma.com\/wp-content\/uploads\/2025\/01\/c8ff3f47-c631-44d1-910a-49f8cd5c4707.jpg\",\"contentUrl\":\"https:\/\/sanluisinforma.com\/wp-content\/uploads\/2025\/01\/c8ff3f47-c631-44d1-910a-49f8cd5c4707.jpg\",\"width\":480,\"height\":319},{\"@type\":\"BreadcrumbList\",\"@id\":\"https:\/\/sanluisinforma.com\/?p=9889#breadcrumb\",\"itemListElement\":[{\"@type\":\"ListItem\",\"position\":1,\"name\":\"Inicio\",\"item\":\"https:\/\/sanluisinforma.com\/\"},{\"@type\":\"ListItem\",\"position\":2,\"name\":\"Alcalde Galindo acuerda acciones con l\u00edderes internacionales para consolidar el desarrollo tur\u00edstico de la Capital\"}]},{\"@type\":\"WebSite\",\"@id\":\"https:\/\/sanluisinforma.com\/#website\",\"url\":\"https:\/\/sanluisinforma.com\/\",\"name\":\"sanluisinforma.com\",\"description\":\"Periodico San Luis Informa\",\"publisher\":{\"@id\":\"https:\/\/sanluisinforma.com\/#organization\"},\"potentialAction\":[{\"@type\":\"SearchAction\",\"target\":{\"@type\":\"EntryPoint\",\"urlTemplate\":\"https:\/\/sanluisinforma.com\/?s={search_term_string}\"},\"query-input\":{\"@type\":\"PropertyValueSpecification\",\"valueRequired\":true,\"valueName\":\"search_term_string\"}}],\"inLanguage\":\"es\"},{\"@type\":\"Organization\",\"@id\":\"https:\/\/sanluisinforma.com\/#organization\",\"name\":\"sanluisinforma.com\",\"url\":\"https:\/\/sanluisinforma.com\/\",\"logo\":{\"@type\":\"ImageObject\",\"inLanguage\":\"es\",\"@id\":\"https:\/\/sanluisinforma.com\/#\/schema\/logo\/image\/\",\"url\":\"https:\/\/sanluisinforma.com\/wp-content\/uploads\/2026\/03\/sanluisinforma-V.jpg\",\"contentUrl\":\"https:\/\/sanluisinforma.com\/wp-content\/uploads\/2026\/03\/sanluisinforma-V.jpg\",\"width\":500,\"height\":156,\"caption\":\"sanluisinforma.com\"},\"image\":{\"@id\":\"https:\/\/sanluisinforma.com\/#\/schema\/logo\/image\/\"}},{\"@type\":\"Person\",\"@id\":\"https:\/\/sanluisinforma.com\/#\/schema\/person\/c30648f71476be533b6f59d092905c8b\",\"name\":\"sanluisinforma.com\",\"image\":{\"@type\":\"ImageObject\",\"inLanguage\":\"es\",\"@id\":\"https:\/\/sanluisinforma.com\/#\/schema\/person\/image\/\",\"url\":\"https:\/\/secure.gravatar.com\/avatar\/86e3114e34a1eecefb963e0a02f0093f93b092dddb2fe1517596343751081a87?s=96&d=mm&r=g\",\"contentUrl\":\"https:\/\/secure.gravatar.com\/avatar\/86e3114e34a1eecefb963e0a02f0093f93b092dddb2fe1517596343751081a87?s=96&d=mm&r=g\",\"caption\":\"sanluisinforma.com\"},\"url\":\"https:\/\/sanluisinforma.com\/?author=2\"}]}<\/script>\n<!-- \/ Yoast SEO plugin. -->","yoast_head_json":{"title":"Alcalde Galindo acuerda acciones con l\u00edderes internacionales para consolidar el desarrollo tur\u00edstico de la Capital - sanluisinforma.com","robots":{"index":"index","follow":"follow","max-snippet":"max-snippet:-1","max-image-preview":"max-image-preview:large","max-video-preview":"max-video-preview:-1"},"canonical":"https:\/\/sanluisinforma.com\/?p=9889","og_locale":"es_MX","og_type":"article","og_title":"Alcalde Galindo acuerda acciones con l\u00edderes internacionales para consolidar el desarrollo tur\u00edstico de la Capital - sanluisinforma.com","og_description":"En la Fitur 2025, el Primer Edil realiza encuentros con la Secretaria de Turismo Federal, Josefina Rodr\u00edguez; el Secretario General","og_url":"https:\/\/sanluisinforma.com\/?p=9889","og_site_name":"sanluisinforma.com","article_published_time":"2025-01-23T06:45:00+00:00","article_modified_time":"2025-01-23T04:03:33+00:00","og_image":[{"width":480,"height":319,"url":"https:\/\/sanluisinforma.com\/wp-content\/uploads\/2025\/01\/c8ff3f47-c631-44d1-910a-49f8cd5c4707.jpg","type":"image\/jpeg"}],"author":"sanluisinforma.com","twitter_card":"summary_large_image","twitter_misc":{"Escrito por":"sanluisinforma.com","Tiempo de lectura":"2 minutos"},"schema":{"@context":"https:\/\/schema.org","@graph":[{"@type":"Article","@id":"https:\/\/sanluisinforma.com\/?p=9889#article","isPartOf":{"@id":"https:\/\/sanluisinforma.com\/?p=9889"},"author":{"name":"sanluisinforma.com","@id":"https:\/\/sanluisinforma.com\/#\/schema\/person\/c30648f71476be533b6f59d092905c8b"},"headline":"Alcalde Galindo acuerda acciones con l\u00edderes internacionales para consolidar el desarrollo tur\u00edstico de la Capital","datePublished":"2025-01-23T06:45:00+00:00","dateModified":"2025-01-23T04:03:33+00:00","mainEntityOfPage":{"@id":"https:\/\/sanluisinforma.com\/?p=9889"},"wordCount":362,"publisher":{"@id":"https:\/\/sanluisinforma.com\/#organization"},"image":{"@id":"https:\/\/sanluisinforma.com\/?p=9889#primaryimage"},"thumbnailUrl":"https:\/\/sanluisinforma.com\/wp-content\/uploads\/2025\/01\/c8ff3f47-c631-44d1-910a-49f8cd5c4707.jpg","articleSection":["Local","Portada"],"inLanguage":"es"},{"@type":"WebPage","@id":"https:\/\/sanluisinforma.com\/?p=9889","url":"https:\/\/sanluisinforma.com\/?p=9889","name":"Alcalde Galindo acuerda acciones con l\u00edderes internacionales para consolidar el desarrollo tur\u00edstico de la Capital - sanluisinforma.com","isPartOf":{"@id":"https:\/\/sanluisinforma.com\/#website"},"primaryImageOfPage":{"@id":"https:\/\/sanluisinforma.com\/?p=9889#primaryimage"},"image":{"@id":"https:\/\/sanluisinforma.com\/?p=9889#primaryimage"},"thumbnailUrl":"https:\/\/sanluisinforma.com\/wp-content\/uploads\/2025\/01\/c8ff3f47-c631-44d1-910a-49f8cd5c4707.jpg","datePublished":"2025-01-23T06:45:00+00:00","dateModified":"2025-01-23T04:03:33+00:00","breadcrumb":{"@id":"https:\/\/sanluisinforma.com\/?p=9889#breadcrumb"},"inLanguage":"es","potentialAction":[{"@type":"ReadAction","target":["https:\/\/sanluisinforma.com\/?p=9889"]}]},{"@type":"ImageObject","inLanguage":"es","@id":"https:\/\/sanluisinforma.com\/?p=9889#primaryimage","url":"https:\/\/sanluisinforma.com\/wp-content\/uploads\/2025\/01\/c8ff3f47-c631-44d1-910a-49f8cd5c4707.jpg","contentUrl":"https:\/\/sanluisinforma.com\/wp-content\/uploads\/2025\/01\/c8ff3f47-c631-44d1-910a-49f8cd5c4707.jpg","width":480,"height":319},{"@type":"BreadcrumbList","@id":"https:\/\/sanluisinforma.com\/?p=9889#breadcrumb","itemListElement":[{"@type":"ListItem","position":1,"name":"Inicio","item":"https:\/\/sanluisinforma.com\/"},{"@type":"ListItem","position":2,"name":"Alcalde Galindo acuerda acciones con l\u00edderes internacionales para consolidar el desarrollo tur\u00edstico de la Capital"}]},{"@type":"WebSite","@id":"https:\/\/sanluisinforma.com\/#website","url":"https:\/\/sanluisinforma.com\/","name":"sanluisinforma.com","description":"Periodico San Luis Informa","publisher":{"@id":"https:\/\/sanluisinforma.com\/#organization"},"potentialAction":[{"@type":"SearchAction","target":{"@type":"EntryPoint","urlTemplate":"https:\/\/sanluisinforma.com\/?s={search_term_string}"},"query-input":{"@type":"PropertyValueSpecification","valueRequired":true,"valueName":"search_term_string"}}],"inLanguage":"es"},{"@type":"Organization","@id":"https:\/\/sanluisinforma.com\/#organization","name":"sanluisinforma.com","url":"https:\/\/sanluisinforma.com\/","logo":{"@type":"ImageObject","inLanguage":"es","@id":"https:\/\/sanluisinforma.com\/#\/schema\/logo\/image\/","url":"https:\/\/sanluisinforma.com\/wp-content\/uploads\/2026\/03\/sanluisinforma-V.jpg","contentUrl":"https:\/\/sanluisinforma.com\/wp-content\/uploads\/2026\/03\/sanluisinforma-V.jpg","width":500,"height":156,"caption":"sanluisinforma.com"},"image":{"@id":"https:\/\/sanluisinforma.com\/#\/schema\/logo\/image\/"}},{"@type":"Person","@id":"https:\/\/sanluisinforma.com\/#\/schema\/person\/c30648f71476be533b6f59d092905c8b","name":"sanluisinforma.com","image":{"@type":"ImageObject","inLanguage":"es","@id":"https:\/\/sanluisinforma.com\/#\/schema\/person\/image\/","url":"https:\/\/secure.gravatar.com\/avatar\/86e3114e34a1eecefb963e0a02f0093f93b092dddb2fe1517596343751081a87?s=96&d=mm&r=g","contentUrl":"https:\/\/secure.gravatar.com\/avatar\/86e3114e34a1eecefb963e0a02f0093f93b092dddb2fe1517596343751081a87?s=96&d=mm&r=g","caption":"sanluisinforma.com"},"url":"https:\/\/sanluisinforma.com\/?author=2"}]}},"_links":{"self":[{"href":"https:\/\/sanluisinforma.com\/index.php?rest_route=\/wp\/v2\/posts\/9889","targetHints":{"allow":["GET"]}}],"collection":[{"href":"https:\/\/sanluisinforma.com\/index.php?rest_route=\/wp\/v2\/posts"}],"about":[{"href":"https:\/\/sanluisinforma.com\/index.php?rest_route=\/wp\/v2\/types\/post"}],"author":[{"embeddable":true,"href":"https:\/\/sanluisinforma.com\/index.php?rest_route=\/wp\/v2\/users\/2"}],"replies":[{"embeddable":true,"href":"https:\/\/sanluisinforma.com\/index.php?rest_route=%2Fwp%2Fv2%2Fcomments&post=9889"}],"version-history":[{"count":1,"href":"https:\/\/sanluisinforma.com\/index.php?rest_route=\/wp\/v2\/posts\/9889\/revisions"}],"predecessor-version":[{"id":9891,"href":"https:\/\/sanluisinforma.com\/index.php?rest_route=\/wp\/v2\/posts\/9889\/revisions\/9891"}],"wp:featuredmedia":[{"embeddable":true,"href":"https:\/\/sanluisinforma.com\/index.php?rest_route=\/wp\/v2\/media\/9890"}],"wp:attachment":[{"href":"https:\/\/sanluisinforma.com\/index.php?rest_route=%2Fwp%2Fv2%2Fmedia&parent=9889"}],"wp:term":[{"taxonomy":"category","embeddable":true,"href":"https:\/\/sanluisinforma.com\/index.php?rest_route=%2Fwp%2Fv2%2Fcategories&post=9889"},{"taxonomy":"post_tag","embeddable":true,"href":"https:\/\/sanluisinforma.com\/index.php?rest_route=%2Fwp%2Fv2%2Ftags&post=9889"}],"curies":[{"name":"wp","href":"https:\/\/api.w.org\/{rel}","templated":true}]}}