{"id":9898,"date":"2025-01-24T00:45:00","date_gmt":"2025-01-24T06:45:00","guid":{"rendered":"https:\/\/sanluisinforma.com\/?p=9898"},"modified":"2025-01-23T18:18:22","modified_gmt":"2025-01-24T00:18:22","slug":"san-luis-capital-miembro-de-la-red-mundial-de-turismo-religioso-y-capital-latinoamericana-de-turismo-deportivo","status":"publish","type":"post","link":"https:\/\/sanluisinforma.com\/?p=9898","title":{"rendered":"San Luis Capital, miembro de la Red Mundial de Turismo Religioso y Capital Latinoamericana de Turismo Deportivo"},"content":{"rendered":"\n<p>En la Fitur, el Alcalde Enrique Galindo recibi\u00f3 la adhesi\u00f3n a este organismo, integrado por ciudades de 21 pa\u00edses de Am\u00e9rica, Asia y Europa. Se tomaron en cuenta sus magnos eventos religiosos como la Procesi\u00f3n del Silencio, el Callej\u00f3n del Buche y la arquitectura de sus Centro Hist\u00f3rico.<\/p>\n\n\n\n<p>En tanto, recibi\u00f3 el reconocimiento internacional como Capital Latinoamericana del Turismo Deportivo 2025, por sus extraordinarios eventos nacionales e internacionales que se han vuelto tradici\u00f3n, como el Gran Fondo Nairo Quintana, el Medio Marat\u00f3n de la Ciudad y el respaldo a Nascar M\u00e9xico, entre otras actividades.<\/p>\n\n\n\n<p><br>San Luis Potos\u00ed confirma su impulso al turismo internacional durante la Fitur 2025, al ser incorporada a la Red Mundial de Destinos de Turismo Religioso y Espiritual y con el nombramiento como Capital Latinoamericana del Turismo Deportivo 2025, logros obtenido por el liderazgo del Alcalde Enrique Galindo Ceballos, quien en ambos rubros ha promovido eventos gratuitos de relevancia mundial que han atra\u00eddo visitantes de otros estados de M\u00e9xico y el mundo.<\/p>\n\n\n\n<p>El Presidente Municipal Enrique Galindo destac\u00f3 que estos reconocimientos internacionales son una plataforma para proyectar a San Luis Potos\u00ed como un destino integral. Con cultura, deporte y espiritualidad como pilares, la Capital potosina refuerza la econom\u00eda local y su identidad como un referente en materia de turismo, que representa una palanca de desarrollo econ\u00f3mico y social para las y los potosinos, mediante eventos gratuitos y de calidad ue han puesto a la ciudad en el escaparate mundial.<\/p>\n\n\n\n<p>La adhesi\u00f3n a la Red Mundial de Destinos de Turismo Religioso y Espiritual pone en valor las tradiciones \u00fanicas de San Luis, como la Procesi\u00f3n del Silencio, el Callej\u00f3n del Buche y la arquitectura religiosa del Centro Hist\u00f3rico, Patrimonio Cultural de la Humanidad. La espa\u00f1ola Pilar Vald\u00e9s Arroyo, Directora de la Red, destac\u00f3 la relevancia de la promoci\u00f3n de un turismo sostenible ligado a las profundas ra\u00edces culturales e hist\u00f3ricas de San Luis Capital.<\/p>\n\n\n\n<p>Asimismo, en Fitur Sports, el espacio dedicado al turismo deportivo en Fitur, el Ayuntamiento de San Luis Potos\u00ed fue nombrado Capital Latinoamericana de Turismo Deportivo 2025, adem\u00e1s de que recibi\u00f3 el Sello de Destino de Turismo Deportivo y la Antorcha de Turismo por las Naciones, s\u00edmbolos del compromiso de San Luis Capital con el deporte como eje de desarrollo econ\u00f3mico, cultural y social, con eventos como el Gran Fondo Nairo, el Medio Marat\u00f3n de la Ciudad, el impulso a la Nascar M\u00e9xico, as\u00ed como otras actividades de primer nivel.<\/p>\n\n\n\n<p><\/p>\n","protected":false},"excerpt":{"rendered":"<p>En la Fitur, el Alcalde Enrique Galindo recibi\u00f3 la adhesi\u00f3n a este organismo, integrado por ciudades de 21 pa\u00edses de<\/p>\n","protected":false},"author":2,"featured_media":9899,"comment_status":"closed","ping_status":"closed","sticky":false,"template":"","format":"standard","meta":{"footnotes":""},"categories":[25,30],"tags":[],"class_list":["post-9898","post","type-post","status-publish","format-standard","has-post-thumbnail","hentry","category-local","category-portada"],"yoast_head":"<!-- This site is optimized with the Yoast SEO plugin v24.1 - https:\/\/yoast.com\/wordpress\/plugins\/seo\/ -->\n<title>San Luis Capital, miembro de la Red Mundial de Turismo Religioso y Capital Latinoamericana de Turismo Deportivo - sanluisinforma.com<\/title>\n<meta name=\"robots\" content=\"index, follow, max-snippet:-1, max-image-preview:large, max-video-preview:-1\" \/>\n<link rel=\"canonical\" href=\"https:\/\/sanluisinforma.com\/?p=9898\" \/>\n<meta property=\"og:locale\" content=\"es_MX\" \/>\n<meta property=\"og:type\" content=\"article\" \/>\n<meta property=\"og:title\" content=\"San Luis Capital, miembro de la Red Mundial de Turismo Religioso y Capital Latinoamericana de Turismo Deportivo - sanluisinforma.com\" \/>\n<meta property=\"og:description\" content=\"En la Fitur, el Alcalde Enrique Galindo recibi\u00f3 la adhesi\u00f3n a este organismo, integrado por ciudades de 21 pa\u00edses de\" \/>\n<meta property=\"og:url\" content=\"https:\/\/sanluisinforma.com\/?p=9898\" \/>\n<meta property=\"og:site_name\" content=\"sanluisinforma.com\" \/>\n<meta property=\"article:published_time\" content=\"2025-01-24T06:45:00+00:00\" \/>\n<meta property=\"article:modified_time\" content=\"2025-01-24T00:18:22+00:00\" \/>\n<meta property=\"og:image\" content=\"https:\/\/sanluisinforma.com\/wp-content\/uploads\/2025\/01\/406c8c34-a915-4168-a189-c0413d651fc8.jpg\" \/>\n\t<meta property=\"og:image:width\" content=\"480\" \/>\n\t<meta property=\"og:image:height\" content=\"319\" \/>\n\t<meta property=\"og:image:type\" content=\"image\/jpeg\" \/>\n<meta name=\"author\" content=\"sanluisinforma.com\" \/>\n<meta name=\"twitter:card\" content=\"summary_large_image\" \/>\n<meta name=\"twitter:label1\" content=\"Escrito por\" \/>\n\t<meta name=\"twitter:data1\" content=\"sanluisinforma.com\" \/>\n\t<meta name=\"twitter:label2\" content=\"Tiempo de lectura\" \/>\n\t<meta name=\"twitter:data2\" content=\"3 minutos\" \/>\n<script type=\"application\/ld+json\" class=\"yoast-schema-graph\">{\"@context\":\"https:\/\/schema.org\",\"@graph\":[{\"@type\":\"Article\",\"@id\":\"https:\/\/sanluisinforma.com\/?p=9898#article\",\"isPartOf\":{\"@id\":\"https:\/\/sanluisinforma.com\/?p=9898\"},\"author\":{\"name\":\"sanluisinforma.com\",\"@id\":\"https:\/\/sanluisinforma.com\/#\/schema\/person\/c30648f71476be533b6f59d092905c8b\"},\"headline\":\"San Luis Capital, miembro de la Red Mundial de Turismo Religioso y Capital Latinoamericana de Turismo Deportivo\",\"datePublished\":\"2025-01-24T06:45:00+00:00\",\"dateModified\":\"2025-01-24T00:18:22+00:00\",\"mainEntityOfPage\":{\"@id\":\"https:\/\/sanluisinforma.com\/?p=9898\"},\"wordCount\":444,\"publisher\":{\"@id\":\"https:\/\/sanluisinforma.com\/#organization\"},\"image\":{\"@id\":\"https:\/\/sanluisinforma.com\/?p=9898#primaryimage\"},\"thumbnailUrl\":\"https:\/\/sanluisinforma.com\/wp-content\/uploads\/2025\/01\/406c8c34-a915-4168-a189-c0413d651fc8.jpg\",\"articleSection\":[\"Local\",\"Portada\"],\"inLanguage\":\"es\"},{\"@type\":\"WebPage\",\"@id\":\"https:\/\/sanluisinforma.com\/?p=9898\",\"url\":\"https:\/\/sanluisinforma.com\/?p=9898\",\"name\":\"San Luis Capital, miembro de la Red Mundial de Turismo Religioso y Capital Latinoamericana de Turismo Deportivo - sanluisinforma.com\",\"isPartOf\":{\"@id\":\"https:\/\/sanluisinforma.com\/#website\"},\"primaryImageOfPage\":{\"@id\":\"https:\/\/sanluisinforma.com\/?p=9898#primaryimage\"},\"image\":{\"@id\":\"https:\/\/sanluisinforma.com\/?p=9898#primaryimage\"},\"thumbnailUrl\":\"https:\/\/sanluisinforma.com\/wp-content\/uploads\/2025\/01\/406c8c34-a915-4168-a189-c0413d651fc8.jpg\",\"datePublished\":\"2025-01-24T06:45:00+00:00\",\"dateModified\":\"2025-01-24T00:18:22+00:00\",\"breadcrumb\":{\"@id\":\"https:\/\/sanluisinforma.com\/?p=9898#breadcrumb\"},\"inLanguage\":\"es\",\"potentialAction\":[{\"@type\":\"ReadAction\",\"target\":[\"https:\/\/sanluisinforma.com\/?p=9898\"]}]},{\"@type\":\"ImageObject\",\"inLanguage\":\"es\",\"@id\":\"https:\/\/sanluisinforma.com\/?p=9898#primaryimage\",\"url\":\"https:\/\/sanluisinforma.com\/wp-content\/uploads\/2025\/01\/406c8c34-a915-4168-a189-c0413d651fc8.jpg\",\"contentUrl\":\"https:\/\/sanluisinforma.com\/wp-content\/uploads\/2025\/01\/406c8c34-a915-4168-a189-c0413d651fc8.jpg\",\"width\":480,\"height\":319},{\"@type\":\"BreadcrumbList\",\"@id\":\"https:\/\/sanluisinforma.com\/?p=9898#breadcrumb\",\"itemListElement\":[{\"@type\":\"ListItem\",\"position\":1,\"name\":\"Inicio\",\"item\":\"https:\/\/sanluisinforma.com\/\"},{\"@type\":\"ListItem\",\"position\":2,\"name\":\"San Luis Capital, miembro de la Red Mundial de Turismo Religioso y Capital Latinoamericana de Turismo Deportivo\"}]},{\"@type\":\"WebSite\",\"@id\":\"https:\/\/sanluisinforma.com\/#website\",\"url\":\"https:\/\/sanluisinforma.com\/\",\"name\":\"sanluisinforma.com\",\"description\":\"Periodico San Luis Informa\",\"publisher\":{\"@id\":\"https:\/\/sanluisinforma.com\/#organization\"},\"potentialAction\":[{\"@type\":\"SearchAction\",\"target\":{\"@type\":\"EntryPoint\",\"urlTemplate\":\"https:\/\/sanluisinforma.com\/?s={search_term_string}\"},\"query-input\":{\"@type\":\"PropertyValueSpecification\",\"valueRequired\":true,\"valueName\":\"search_term_string\"}}],\"inLanguage\":\"es\"},{\"@type\":\"Organization\",\"@id\":\"https:\/\/sanluisinforma.com\/#organization\",\"name\":\"sanluisinforma.com\",\"url\":\"https:\/\/sanluisinforma.com\/\",\"logo\":{\"@type\":\"ImageObject\",\"inLanguage\":\"es\",\"@id\":\"https:\/\/sanluisinforma.com\/#\/schema\/logo\/image\/\",\"url\":\"https:\/\/sanluisinforma.com\/wp-content\/uploads\/2026\/03\/sanluisinforma-V.jpg\",\"contentUrl\":\"https:\/\/sanluisinforma.com\/wp-content\/uploads\/2026\/03\/sanluisinforma-V.jpg\",\"width\":500,\"height\":156,\"caption\":\"sanluisinforma.com\"},\"image\":{\"@id\":\"https:\/\/sanluisinforma.com\/#\/schema\/logo\/image\/\"}},{\"@type\":\"Person\",\"@id\":\"https:\/\/sanluisinforma.com\/#\/schema\/person\/c30648f71476be533b6f59d092905c8b\",\"name\":\"sanluisinforma.com\",\"image\":{\"@type\":\"ImageObject\",\"inLanguage\":\"es\",\"@id\":\"https:\/\/sanluisinforma.com\/#\/schema\/person\/image\/\",\"url\":\"https:\/\/secure.gravatar.com\/avatar\/86e3114e34a1eecefb963e0a02f0093f93b092dddb2fe1517596343751081a87?s=96&d=mm&r=g\",\"contentUrl\":\"https:\/\/secure.gravatar.com\/avatar\/86e3114e34a1eecefb963e0a02f0093f93b092dddb2fe1517596343751081a87?s=96&d=mm&r=g\",\"caption\":\"sanluisinforma.com\"},\"url\":\"https:\/\/sanluisinforma.com\/?author=2\"}]}<\/script>\n<!-- \/ Yoast SEO plugin. -->","yoast_head_json":{"title":"San Luis Capital, miembro de la Red Mundial de Turismo Religioso y Capital Latinoamericana de Turismo Deportivo - sanluisinforma.com","robots":{"index":"index","follow":"follow","max-snippet":"max-snippet:-1","max-image-preview":"max-image-preview:large","max-video-preview":"max-video-preview:-1"},"canonical":"https:\/\/sanluisinforma.com\/?p=9898","og_locale":"es_MX","og_type":"article","og_title":"San Luis Capital, miembro de la Red Mundial de Turismo Religioso y Capital Latinoamericana de Turismo Deportivo - sanluisinforma.com","og_description":"En la Fitur, el Alcalde Enrique Galindo recibi\u00f3 la adhesi\u00f3n a este organismo, integrado por ciudades de 21 pa\u00edses de","og_url":"https:\/\/sanluisinforma.com\/?p=9898","og_site_name":"sanluisinforma.com","article_published_time":"2025-01-24T06:45:00+00:00","article_modified_time":"2025-01-24T00:18:22+00:00","og_image":[{"width":480,"height":319,"url":"https:\/\/sanluisinforma.com\/wp-content\/uploads\/2025\/01\/406c8c34-a915-4168-a189-c0413d651fc8.jpg","type":"image\/jpeg"}],"author":"sanluisinforma.com","twitter_card":"summary_large_image","twitter_misc":{"Escrito por":"sanluisinforma.com","Tiempo de lectura":"3 minutos"},"schema":{"@context":"https:\/\/schema.org","@graph":[{"@type":"Article","@id":"https:\/\/sanluisinforma.com\/?p=9898#article","isPartOf":{"@id":"https:\/\/sanluisinforma.com\/?p=9898"},"author":{"name":"sanluisinforma.com","@id":"https:\/\/sanluisinforma.com\/#\/schema\/person\/c30648f71476be533b6f59d092905c8b"},"headline":"San Luis Capital, miembro de la Red Mundial de Turismo Religioso y Capital Latinoamericana de Turismo Deportivo","datePublished":"2025-01-24T06:45:00+00:00","dateModified":"2025-01-24T00:18:22+00:00","mainEntityOfPage":{"@id":"https:\/\/sanluisinforma.com\/?p=9898"},"wordCount":444,"publisher":{"@id":"https:\/\/sanluisinforma.com\/#organization"},"image":{"@id":"https:\/\/sanluisinforma.com\/?p=9898#primaryimage"},"thumbnailUrl":"https:\/\/sanluisinforma.com\/wp-content\/uploads\/2025\/01\/406c8c34-a915-4168-a189-c0413d651fc8.jpg","articleSection":["Local","Portada"],"inLanguage":"es"},{"@type":"WebPage","@id":"https:\/\/sanluisinforma.com\/?p=9898","url":"https:\/\/sanluisinforma.com\/?p=9898","name":"San Luis Capital, miembro de la Red Mundial de Turismo Religioso y Capital Latinoamericana de Turismo Deportivo - sanluisinforma.com","isPartOf":{"@id":"https:\/\/sanluisinforma.com\/#website"},"primaryImageOfPage":{"@id":"https:\/\/sanluisinforma.com\/?p=9898#primaryimage"},"image":{"@id":"https:\/\/sanluisinforma.com\/?p=9898#primaryimage"},"thumbnailUrl":"https:\/\/sanluisinforma.com\/wp-content\/uploads\/2025\/01\/406c8c34-a915-4168-a189-c0413d651fc8.jpg","datePublished":"2025-01-24T06:45:00+00:00","dateModified":"2025-01-24T00:18:22+00:00","breadcrumb":{"@id":"https:\/\/sanluisinforma.com\/?p=9898#breadcrumb"},"inLanguage":"es","potentialAction":[{"@type":"ReadAction","target":["https:\/\/sanluisinforma.com\/?p=9898"]}]},{"@type":"ImageObject","inLanguage":"es","@id":"https:\/\/sanluisinforma.com\/?p=9898#primaryimage","url":"https:\/\/sanluisinforma.com\/wp-content\/uploads\/2025\/01\/406c8c34-a915-4168-a189-c0413d651fc8.jpg","contentUrl":"https:\/\/sanluisinforma.com\/wp-content\/uploads\/2025\/01\/406c8c34-a915-4168-a189-c0413d651fc8.jpg","width":480,"height":319},{"@type":"BreadcrumbList","@id":"https:\/\/sanluisinforma.com\/?p=9898#breadcrumb","itemListElement":[{"@type":"ListItem","position":1,"name":"Inicio","item":"https:\/\/sanluisinforma.com\/"},{"@type":"ListItem","position":2,"name":"San Luis Capital, miembro de la Red Mundial de Turismo Religioso y Capital Latinoamericana de Turismo Deportivo"}]},{"@type":"WebSite","@id":"https:\/\/sanluisinforma.com\/#website","url":"https:\/\/sanluisinforma.com\/","name":"sanluisinforma.com","description":"Periodico San Luis Informa","publisher":{"@id":"https:\/\/sanluisinforma.com\/#organization"},"potentialAction":[{"@type":"SearchAction","target":{"@type":"EntryPoint","urlTemplate":"https:\/\/sanluisinforma.com\/?s={search_term_string}"},"query-input":{"@type":"PropertyValueSpecification","valueRequired":true,"valueName":"search_term_string"}}],"inLanguage":"es"},{"@type":"Organization","@id":"https:\/\/sanluisinforma.com\/#organization","name":"sanluisinforma.com","url":"https:\/\/sanluisinforma.com\/","logo":{"@type":"ImageObject","inLanguage":"es","@id":"https:\/\/sanluisinforma.com\/#\/schema\/logo\/image\/","url":"https:\/\/sanluisinforma.com\/wp-content\/uploads\/2026\/03\/sanluisinforma-V.jpg","contentUrl":"https:\/\/sanluisinforma.com\/wp-content\/uploads\/2026\/03\/sanluisinforma-V.jpg","width":500,"height":156,"caption":"sanluisinforma.com"},"image":{"@id":"https:\/\/sanluisinforma.com\/#\/schema\/logo\/image\/"}},{"@type":"Person","@id":"https:\/\/sanluisinforma.com\/#\/schema\/person\/c30648f71476be533b6f59d092905c8b","name":"sanluisinforma.com","image":{"@type":"ImageObject","inLanguage":"es","@id":"https:\/\/sanluisinforma.com\/#\/schema\/person\/image\/","url":"https:\/\/secure.gravatar.com\/avatar\/86e3114e34a1eecefb963e0a02f0093f93b092dddb2fe1517596343751081a87?s=96&d=mm&r=g","contentUrl":"https:\/\/secure.gravatar.com\/avatar\/86e3114e34a1eecefb963e0a02f0093f93b092dddb2fe1517596343751081a87?s=96&d=mm&r=g","caption":"sanluisinforma.com"},"url":"https:\/\/sanluisinforma.com\/?author=2"}]}},"_links":{"self":[{"href":"https:\/\/sanluisinforma.com\/index.php?rest_route=\/wp\/v2\/posts\/9898","targetHints":{"allow":["GET"]}}],"collection":[{"href":"https:\/\/sanluisinforma.com\/index.php?rest_route=\/wp\/v2\/posts"}],"about":[{"href":"https:\/\/sanluisinforma.com\/index.php?rest_route=\/wp\/v2\/types\/post"}],"author":[{"embeddable":true,"href":"https:\/\/sanluisinforma.com\/index.php?rest_route=\/wp\/v2\/users\/2"}],"replies":[{"embeddable":true,"href":"https:\/\/sanluisinforma.com\/index.php?rest_route=%2Fwp%2Fv2%2Fcomments&post=9898"}],"version-history":[{"count":1,"href":"https:\/\/sanluisinforma.com\/index.php?rest_route=\/wp\/v2\/posts\/9898\/revisions"}],"predecessor-version":[{"id":9900,"href":"https:\/\/sanluisinforma.com\/index.php?rest_route=\/wp\/v2\/posts\/9898\/revisions\/9900"}],"wp:featuredmedia":[{"embeddable":true,"href":"https:\/\/sanluisinforma.com\/index.php?rest_route=\/wp\/v2\/media\/9899"}],"wp:attachment":[{"href":"https:\/\/sanluisinforma.com\/index.php?rest_route=%2Fwp%2Fv2%2Fmedia&parent=9898"}],"wp:term":[{"taxonomy":"category","embeddable":true,"href":"https:\/\/sanluisinforma.com\/index.php?rest_route=%2Fwp%2Fv2%2Fcategories&post=9898"},{"taxonomy":"post_tag","embeddable":true,"href":"https:\/\/sanluisinforma.com\/index.php?rest_route=%2Fwp%2Fv2%2Ftags&post=9898"}],"curies":[{"name":"wp","href":"https:\/\/api.w.org\/{rel}","templated":true}]}}