{"id":9924,"date":"2025-01-26T00:55:00","date_gmt":"2025-01-26T06:55:00","guid":{"rendered":"https:\/\/sanluisinforma.com\/?p=9924"},"modified":"2025-01-25T19:33:21","modified_gmt":"2025-01-26T01:33:21","slug":"abre-fenapo-convocatoria-para-gritones-en-el-recinto-ferial","status":"publish","type":"post","link":"https:\/\/sanluisinforma.com\/?p=9924","title":{"rendered":"Abre \u00a0Fenapo Convocatoria para Gritones en el Recinto Ferial"},"content":{"rendered":"\n<p>Los gritones forman parte de la tradici\u00f3n mexicana y comercial, que ofrece a las y los potosinos productos de calidad a precios accesibles<\/p>\n\n\n\n<p>Dentro de la Feria Nacional Potosina (Fenapo), Los Gritones son un espacio emblem\u00e1tico que cada a\u00f1o atrae a miles de familias en busca de productos esenciales para el hogar, por ello el Patronato de la mejor Feria de M\u00e9xico invita a las y los comerciantes a participar con sus productos en este espacio habilitado en la edici\u00f3n 2025.<\/p>\n\n\n\n<p>Este tradicional punto de venta es un lugar donde la alegr\u00eda, las risas y el bullicio forman parte del ambiente. Los Gritones ofrecen la oportunidad perfecta para que los comerciantes conecten con las familias potosinas, quienes acuden con entusiasmo a surtir sus hogares con productos de calidad y a precios accesibles. Es un espacio donde la econom\u00eda popular y la tradici\u00f3n se encuentran.<\/p>\n\n\n\n<p>Las y los interesados en unirse a este ic\u00f3nico espacio pueden comunicarse a trav\u00e9s de WhatsApp al 444 537 3446, por tel\u00e9fono al 444 129 0999 extensiones 313 y 314, o visitar las oficinas del Patronato en las instalaciones de la Fenapo, en un horario de atenci\u00f3n de lunes a viernes, de 8:00 a 16:00 horas.<\/p>\n","protected":false},"excerpt":{"rendered":"<p>Los gritones forman parte de la tradici\u00f3n mexicana y comercial, que ofrece a las y los potosinos productos de calidad<\/p>\n","protected":false},"author":2,"featured_media":9925,"comment_status":"closed","ping_status":"closed","sticky":false,"template":"","format":"standard","meta":{"footnotes":""},"categories":[25,30],"tags":[],"class_list":["post-9924","post","type-post","status-publish","format-standard","has-post-thumbnail","hentry","category-local","category-portada"],"yoast_head":"<!-- This site is optimized with the Yoast SEO plugin v24.1 - https:\/\/yoast.com\/wordpress\/plugins\/seo\/ -->\n<title>Abre \u00a0Fenapo Convocatoria para Gritones en el Recinto Ferial - sanluisinforma.com<\/title>\n<meta name=\"robots\" content=\"index, follow, max-snippet:-1, max-image-preview:large, max-video-preview:-1\" \/>\n<link rel=\"canonical\" href=\"https:\/\/sanluisinforma.com\/?p=9924\" \/>\n<meta property=\"og:locale\" content=\"es_MX\" \/>\n<meta property=\"og:type\" content=\"article\" \/>\n<meta property=\"og:title\" content=\"Abre \u00a0Fenapo Convocatoria para Gritones en el Recinto Ferial - sanluisinforma.com\" \/>\n<meta property=\"og:description\" content=\"Los gritones forman parte de la tradici\u00f3n mexicana y comercial, que ofrece a las y los potosinos productos de calidad\" \/>\n<meta property=\"og:url\" content=\"https:\/\/sanluisinforma.com\/?p=9924\" \/>\n<meta property=\"og:site_name\" content=\"sanluisinforma.com\" \/>\n<meta property=\"article:published_time\" content=\"2025-01-26T06:55:00+00:00\" \/>\n<meta property=\"article:modified_time\" content=\"2025-01-26T01:33:21+00:00\" \/>\n<meta property=\"og:image\" content=\"https:\/\/sanluisinforma.com\/wp-content\/uploads\/2025\/01\/664b848b-17c7-41a5-9e30-0ee556af0819.jpg\" \/>\n\t<meta property=\"og:image:width\" content=\"480\" \/>\n\t<meta property=\"og:image:height\" content=\"270\" \/>\n\t<meta property=\"og:image:type\" content=\"image\/jpeg\" \/>\n<meta name=\"author\" content=\"sanluisinforma.com\" \/>\n<meta name=\"twitter:card\" content=\"summary_large_image\" \/>\n<meta name=\"twitter:label1\" content=\"Escrito por\" \/>\n\t<meta name=\"twitter:data1\" content=\"sanluisinforma.com\" \/>\n\t<meta name=\"twitter:label2\" content=\"Tiempo de lectura\" \/>\n\t<meta name=\"twitter:data2\" content=\"2 minutos\" \/>\n<script type=\"application\/ld+json\" class=\"yoast-schema-graph\">{\"@context\":\"https:\/\/schema.org\",\"@graph\":[{\"@type\":\"Article\",\"@id\":\"https:\/\/sanluisinforma.com\/?p=9924#article\",\"isPartOf\":{\"@id\":\"https:\/\/sanluisinforma.com\/?p=9924\"},\"author\":{\"name\":\"sanluisinforma.com\",\"@id\":\"https:\/\/sanluisinforma.com\/#\/schema\/person\/c30648f71476be533b6f59d092905c8b\"},\"headline\":\"Abre \u00a0Fenapo Convocatoria para Gritones en el Recinto Ferial\",\"datePublished\":\"2025-01-26T06:55:00+00:00\",\"dateModified\":\"2025-01-26T01:33:21+00:00\",\"mainEntityOfPage\":{\"@id\":\"https:\/\/sanluisinforma.com\/?p=9924\"},\"wordCount\":210,\"publisher\":{\"@id\":\"https:\/\/sanluisinforma.com\/#organization\"},\"image\":{\"@id\":\"https:\/\/sanluisinforma.com\/?p=9924#primaryimage\"},\"thumbnailUrl\":\"https:\/\/sanluisinforma.com\/wp-content\/uploads\/2025\/01\/664b848b-17c7-41a5-9e30-0ee556af0819.jpg\",\"articleSection\":[\"Local\",\"Portada\"],\"inLanguage\":\"es\"},{\"@type\":\"WebPage\",\"@id\":\"https:\/\/sanluisinforma.com\/?p=9924\",\"url\":\"https:\/\/sanluisinforma.com\/?p=9924\",\"name\":\"Abre \u00a0Fenapo Convocatoria para Gritones en el Recinto Ferial - sanluisinforma.com\",\"isPartOf\":{\"@id\":\"https:\/\/sanluisinforma.com\/#website\"},\"primaryImageOfPage\":{\"@id\":\"https:\/\/sanluisinforma.com\/?p=9924#primaryimage\"},\"image\":{\"@id\":\"https:\/\/sanluisinforma.com\/?p=9924#primaryimage\"},\"thumbnailUrl\":\"https:\/\/sanluisinforma.com\/wp-content\/uploads\/2025\/01\/664b848b-17c7-41a5-9e30-0ee556af0819.jpg\",\"datePublished\":\"2025-01-26T06:55:00+00:00\",\"dateModified\":\"2025-01-26T01:33:21+00:00\",\"breadcrumb\":{\"@id\":\"https:\/\/sanluisinforma.com\/?p=9924#breadcrumb\"},\"inLanguage\":\"es\",\"potentialAction\":[{\"@type\":\"ReadAction\",\"target\":[\"https:\/\/sanluisinforma.com\/?p=9924\"]}]},{\"@type\":\"ImageObject\",\"inLanguage\":\"es\",\"@id\":\"https:\/\/sanluisinforma.com\/?p=9924#primaryimage\",\"url\":\"https:\/\/sanluisinforma.com\/wp-content\/uploads\/2025\/01\/664b848b-17c7-41a5-9e30-0ee556af0819.jpg\",\"contentUrl\":\"https:\/\/sanluisinforma.com\/wp-content\/uploads\/2025\/01\/664b848b-17c7-41a5-9e30-0ee556af0819.jpg\",\"width\":480,\"height\":270},{\"@type\":\"BreadcrumbList\",\"@id\":\"https:\/\/sanluisinforma.com\/?p=9924#breadcrumb\",\"itemListElement\":[{\"@type\":\"ListItem\",\"position\":1,\"name\":\"Inicio\",\"item\":\"https:\/\/sanluisinforma.com\/\"},{\"@type\":\"ListItem\",\"position\":2,\"name\":\"Abre \u00a0Fenapo Convocatoria para Gritones en el Recinto Ferial\"}]},{\"@type\":\"WebSite\",\"@id\":\"https:\/\/sanluisinforma.com\/#website\",\"url\":\"https:\/\/sanluisinforma.com\/\",\"name\":\"sanluisinforma.com\",\"description\":\"Periodico San Luis Informa\",\"publisher\":{\"@id\":\"https:\/\/sanluisinforma.com\/#organization\"},\"potentialAction\":[{\"@type\":\"SearchAction\",\"target\":{\"@type\":\"EntryPoint\",\"urlTemplate\":\"https:\/\/sanluisinforma.com\/?s={search_term_string}\"},\"query-input\":{\"@type\":\"PropertyValueSpecification\",\"valueRequired\":true,\"valueName\":\"search_term_string\"}}],\"inLanguage\":\"es\"},{\"@type\":\"Organization\",\"@id\":\"https:\/\/sanluisinforma.com\/#organization\",\"name\":\"sanluisinforma.com\",\"url\":\"https:\/\/sanluisinforma.com\/\",\"logo\":{\"@type\":\"ImageObject\",\"inLanguage\":\"es\",\"@id\":\"https:\/\/sanluisinforma.com\/#\/schema\/logo\/image\/\",\"url\":\"https:\/\/sanluisinforma.com\/wp-content\/uploads\/2026\/03\/sanluisinforma-V.jpg\",\"contentUrl\":\"https:\/\/sanluisinforma.com\/wp-content\/uploads\/2026\/03\/sanluisinforma-V.jpg\",\"width\":500,\"height\":156,\"caption\":\"sanluisinforma.com\"},\"image\":{\"@id\":\"https:\/\/sanluisinforma.com\/#\/schema\/logo\/image\/\"}},{\"@type\":\"Person\",\"@id\":\"https:\/\/sanluisinforma.com\/#\/schema\/person\/c30648f71476be533b6f59d092905c8b\",\"name\":\"sanluisinforma.com\",\"image\":{\"@type\":\"ImageObject\",\"inLanguage\":\"es\",\"@id\":\"https:\/\/sanluisinforma.com\/#\/schema\/person\/image\/\",\"url\":\"https:\/\/secure.gravatar.com\/avatar\/86e3114e34a1eecefb963e0a02f0093f93b092dddb2fe1517596343751081a87?s=96&d=mm&r=g\",\"contentUrl\":\"https:\/\/secure.gravatar.com\/avatar\/86e3114e34a1eecefb963e0a02f0093f93b092dddb2fe1517596343751081a87?s=96&d=mm&r=g\",\"caption\":\"sanluisinforma.com\"},\"url\":\"https:\/\/sanluisinforma.com\/?author=2\"}]}<\/script>\n<!-- \/ Yoast SEO plugin. -->","yoast_head_json":{"title":"Abre \u00a0Fenapo Convocatoria para Gritones en el Recinto Ferial - sanluisinforma.com","robots":{"index":"index","follow":"follow","max-snippet":"max-snippet:-1","max-image-preview":"max-image-preview:large","max-video-preview":"max-video-preview:-1"},"canonical":"https:\/\/sanluisinforma.com\/?p=9924","og_locale":"es_MX","og_type":"article","og_title":"Abre \u00a0Fenapo Convocatoria para Gritones en el Recinto Ferial - sanluisinforma.com","og_description":"Los gritones forman parte de la tradici\u00f3n mexicana y comercial, que ofrece a las y los potosinos productos de calidad","og_url":"https:\/\/sanluisinforma.com\/?p=9924","og_site_name":"sanluisinforma.com","article_published_time":"2025-01-26T06:55:00+00:00","article_modified_time":"2025-01-26T01:33:21+00:00","og_image":[{"width":480,"height":270,"url":"https:\/\/sanluisinforma.com\/wp-content\/uploads\/2025\/01\/664b848b-17c7-41a5-9e30-0ee556af0819.jpg","type":"image\/jpeg"}],"author":"sanluisinforma.com","twitter_card":"summary_large_image","twitter_misc":{"Escrito por":"sanluisinforma.com","Tiempo de lectura":"2 minutos"},"schema":{"@context":"https:\/\/schema.org","@graph":[{"@type":"Article","@id":"https:\/\/sanluisinforma.com\/?p=9924#article","isPartOf":{"@id":"https:\/\/sanluisinforma.com\/?p=9924"},"author":{"name":"sanluisinforma.com","@id":"https:\/\/sanluisinforma.com\/#\/schema\/person\/c30648f71476be533b6f59d092905c8b"},"headline":"Abre \u00a0Fenapo Convocatoria para Gritones en el Recinto Ferial","datePublished":"2025-01-26T06:55:00+00:00","dateModified":"2025-01-26T01:33:21+00:00","mainEntityOfPage":{"@id":"https:\/\/sanluisinforma.com\/?p=9924"},"wordCount":210,"publisher":{"@id":"https:\/\/sanluisinforma.com\/#organization"},"image":{"@id":"https:\/\/sanluisinforma.com\/?p=9924#primaryimage"},"thumbnailUrl":"https:\/\/sanluisinforma.com\/wp-content\/uploads\/2025\/01\/664b848b-17c7-41a5-9e30-0ee556af0819.jpg","articleSection":["Local","Portada"],"inLanguage":"es"},{"@type":"WebPage","@id":"https:\/\/sanluisinforma.com\/?p=9924","url":"https:\/\/sanluisinforma.com\/?p=9924","name":"Abre \u00a0Fenapo Convocatoria para Gritones en el Recinto Ferial - sanluisinforma.com","isPartOf":{"@id":"https:\/\/sanluisinforma.com\/#website"},"primaryImageOfPage":{"@id":"https:\/\/sanluisinforma.com\/?p=9924#primaryimage"},"image":{"@id":"https:\/\/sanluisinforma.com\/?p=9924#primaryimage"},"thumbnailUrl":"https:\/\/sanluisinforma.com\/wp-content\/uploads\/2025\/01\/664b848b-17c7-41a5-9e30-0ee556af0819.jpg","datePublished":"2025-01-26T06:55:00+00:00","dateModified":"2025-01-26T01:33:21+00:00","breadcrumb":{"@id":"https:\/\/sanluisinforma.com\/?p=9924#breadcrumb"},"inLanguage":"es","potentialAction":[{"@type":"ReadAction","target":["https:\/\/sanluisinforma.com\/?p=9924"]}]},{"@type":"ImageObject","inLanguage":"es","@id":"https:\/\/sanluisinforma.com\/?p=9924#primaryimage","url":"https:\/\/sanluisinforma.com\/wp-content\/uploads\/2025\/01\/664b848b-17c7-41a5-9e30-0ee556af0819.jpg","contentUrl":"https:\/\/sanluisinforma.com\/wp-content\/uploads\/2025\/01\/664b848b-17c7-41a5-9e30-0ee556af0819.jpg","width":480,"height":270},{"@type":"BreadcrumbList","@id":"https:\/\/sanluisinforma.com\/?p=9924#breadcrumb","itemListElement":[{"@type":"ListItem","position":1,"name":"Inicio","item":"https:\/\/sanluisinforma.com\/"},{"@type":"ListItem","position":2,"name":"Abre \u00a0Fenapo Convocatoria para Gritones en el Recinto Ferial"}]},{"@type":"WebSite","@id":"https:\/\/sanluisinforma.com\/#website","url":"https:\/\/sanluisinforma.com\/","name":"sanluisinforma.com","description":"Periodico San Luis Informa","publisher":{"@id":"https:\/\/sanluisinforma.com\/#organization"},"potentialAction":[{"@type":"SearchAction","target":{"@type":"EntryPoint","urlTemplate":"https:\/\/sanluisinforma.com\/?s={search_term_string}"},"query-input":{"@type":"PropertyValueSpecification","valueRequired":true,"valueName":"search_term_string"}}],"inLanguage":"es"},{"@type":"Organization","@id":"https:\/\/sanluisinforma.com\/#organization","name":"sanluisinforma.com","url":"https:\/\/sanluisinforma.com\/","logo":{"@type":"ImageObject","inLanguage":"es","@id":"https:\/\/sanluisinforma.com\/#\/schema\/logo\/image\/","url":"https:\/\/sanluisinforma.com\/wp-content\/uploads\/2026\/03\/sanluisinforma-V.jpg","contentUrl":"https:\/\/sanluisinforma.com\/wp-content\/uploads\/2026\/03\/sanluisinforma-V.jpg","width":500,"height":156,"caption":"sanluisinforma.com"},"image":{"@id":"https:\/\/sanluisinforma.com\/#\/schema\/logo\/image\/"}},{"@type":"Person","@id":"https:\/\/sanluisinforma.com\/#\/schema\/person\/c30648f71476be533b6f59d092905c8b","name":"sanluisinforma.com","image":{"@type":"ImageObject","inLanguage":"es","@id":"https:\/\/sanluisinforma.com\/#\/schema\/person\/image\/","url":"https:\/\/secure.gravatar.com\/avatar\/86e3114e34a1eecefb963e0a02f0093f93b092dddb2fe1517596343751081a87?s=96&d=mm&r=g","contentUrl":"https:\/\/secure.gravatar.com\/avatar\/86e3114e34a1eecefb963e0a02f0093f93b092dddb2fe1517596343751081a87?s=96&d=mm&r=g","caption":"sanluisinforma.com"},"url":"https:\/\/sanluisinforma.com\/?author=2"}]}},"_links":{"self":[{"href":"https:\/\/sanluisinforma.com\/index.php?rest_route=\/wp\/v2\/posts\/9924","targetHints":{"allow":["GET"]}}],"collection":[{"href":"https:\/\/sanluisinforma.com\/index.php?rest_route=\/wp\/v2\/posts"}],"about":[{"href":"https:\/\/sanluisinforma.com\/index.php?rest_route=\/wp\/v2\/types\/post"}],"author":[{"embeddable":true,"href":"https:\/\/sanluisinforma.com\/index.php?rest_route=\/wp\/v2\/users\/2"}],"replies":[{"embeddable":true,"href":"https:\/\/sanluisinforma.com\/index.php?rest_route=%2Fwp%2Fv2%2Fcomments&post=9924"}],"version-history":[{"count":1,"href":"https:\/\/sanluisinforma.com\/index.php?rest_route=\/wp\/v2\/posts\/9924\/revisions"}],"predecessor-version":[{"id":9926,"href":"https:\/\/sanluisinforma.com\/index.php?rest_route=\/wp\/v2\/posts\/9924\/revisions\/9926"}],"wp:featuredmedia":[{"embeddable":true,"href":"https:\/\/sanluisinforma.com\/index.php?rest_route=\/wp\/v2\/media\/9925"}],"wp:attachment":[{"href":"https:\/\/sanluisinforma.com\/index.php?rest_route=%2Fwp%2Fv2%2Fmedia&parent=9924"}],"wp:term":[{"taxonomy":"category","embeddable":true,"href":"https:\/\/sanluisinforma.com\/index.php?rest_route=%2Fwp%2Fv2%2Fcategories&post=9924"},{"taxonomy":"post_tag","embeddable":true,"href":"https:\/\/sanluisinforma.com\/index.php?rest_route=%2Fwp%2Fv2%2Ftags&post=9924"}],"curies":[{"name":"wp","href":"https:\/\/api.w.org\/{rel}","templated":true}]}}