{"id":9954,"date":"2025-01-27T00:40:00","date_gmt":"2025-01-27T06:40:00","guid":{"rendered":"https:\/\/sanluisinforma.com\/?p=9954"},"modified":"2025-01-26T19:56:03","modified_gmt":"2025-01-27T01:56:03","slug":"presidenta-claudia-sheinbaum-envia-al-congreso-de-la-union-reforma-constitucional-para-proteger-maiz-mexicano","status":"publish","type":"post","link":"https:\/\/sanluisinforma.com\/?p=9954","title":{"rendered":"Presidenta Claudia Sheinbaum Env\u00eda al Congreso de la Uni\u00f3n Reforma Constitucional para proteger ma\u00edz mexicano"},"content":{"rendered":"\n<p><\/p>\n\n\n\n<p>Se trata de modificaciones a los art\u00edculos 4 y 27 de la Constituci\u00f3n para proteger las 59 razas de ma\u00edz y para prohibir la siembra de ma\u00edz transg\u00e9nico<\/p>\n\n\n\n<p>&nbsp;\u201dLo estamos protegiendo. Sin ma\u00edz no hay pa\u00eds\u201d, puntualiz\u00f3<\/p>\n\n\n\n<p>Puerto Escondido, Oaxaca, a 26 de enero de 2025.- Desde Puerto Escondido, Oaxaca, la Presidenta de M\u00e9xico, Claudia Sheinbaum Pardo, inform\u00f3 que envi\u00f3 al Congreso de la Uni\u00f3n una iniciativa de reforma a los art\u00edculos 4 y 27 de la Constituci\u00f3n Pol\u00edtica de los Estados Unidos Mexicanos, con el objetivo de proteger al ma\u00edz mexicano; prohibir la siembra de ma\u00edz transg\u00e9nico, y fomentar las t\u00e9cnicas agroecol\u00f3gicas.<\/p>\n\n\n\n<p>\u201cEl d\u00eda de hoy, aqu\u00ed en Puerto Escondido quiero informarles que ya fue enviado al Congreso de la Uni\u00f3n la reforma constitucional para la protecci\u00f3n de nuestro ma\u00edz; es una reforma para el art\u00edculo 4 y el art\u00edculo 27 constitucional que establecen al ma\u00edz como identidad nacional, elemento de la identidad nacional, y al mismo tiempo la prohibici\u00f3n de que se siembre en nuestro pa\u00eds ma\u00edz transg\u00e9nico y procurar que sea a trav\u00e9s de t\u00e9cnicas agroecol\u00f3gicas, es decir, libre de transg\u00e9nicos\u201d, explic\u00f3.<\/p>\n\n\n\n<p>Record\u00f3 que las 59 razas de ma\u00edz que hasta el momento se han encontrado, son un elemento fundamental de la identidad nacional \u2014el cual fue creado en Mesoam\u00e9rica a partir de la domesticaci\u00f3n de plantas silvestres como el teocintle\u2014, y que en la actualidad alimenta a las y los mexicanos, y a buena parte del mundo. &nbsp;Por ello reafirm\u00f3 que su diversidad gen\u00e9tica debe ser protegida.<\/p>\n\n\n\n<p>\u201cEste ma\u00edz que tiene una diversidad enorme, diversidad gen\u00e9tica en sus genes, que es parte de nuestra cultura y la diversidad biol\u00f3gica, lo estamos protegiendo. Sin ma\u00edz no hay pa\u00eds\u201d, expres\u00f3.<\/p>\n","protected":false},"excerpt":{"rendered":"<p>Se trata de modificaciones a los art\u00edculos 4 y 27 de la Constituci\u00f3n para proteger las 59 razas de ma\u00edz<\/p>\n","protected":false},"author":2,"featured_media":9956,"comment_status":"closed","ping_status":"closed","sticky":false,"template":"","format":"standard","meta":{"footnotes":""},"categories":[26],"tags":[],"class_list":["post-9954","post","type-post","status-publish","format-standard","has-post-thumbnail","hentry","category-nacional"],"yoast_head":"<!-- This site is optimized with the Yoast SEO plugin v24.1 - https:\/\/yoast.com\/wordpress\/plugins\/seo\/ -->\n<title>Presidenta Claudia Sheinbaum Env\u00eda al Congreso de la Uni\u00f3n Reforma Constitucional para proteger ma\u00edz mexicano - sanluisinforma.com<\/title>\n<meta name=\"robots\" content=\"index, follow, max-snippet:-1, max-image-preview:large, max-video-preview:-1\" \/>\n<link rel=\"canonical\" href=\"https:\/\/sanluisinforma.com\/?p=9954\" \/>\n<meta property=\"og:locale\" content=\"es_MX\" \/>\n<meta property=\"og:type\" content=\"article\" \/>\n<meta property=\"og:title\" content=\"Presidenta Claudia Sheinbaum Env\u00eda al Congreso de la Uni\u00f3n Reforma Constitucional para proteger ma\u00edz mexicano - sanluisinforma.com\" \/>\n<meta property=\"og:description\" content=\"Se trata de modificaciones a los art\u00edculos 4 y 27 de la Constituci\u00f3n para proteger las 59 razas de ma\u00edz\" \/>\n<meta property=\"og:url\" content=\"https:\/\/sanluisinforma.com\/?p=9954\" \/>\n<meta property=\"og:site_name\" content=\"sanluisinforma.com\" \/>\n<meta property=\"article:published_time\" content=\"2025-01-27T06:40:00+00:00\" \/>\n<meta property=\"article:modified_time\" content=\"2025-01-27T01:56:03+00:00\" \/>\n<meta property=\"og:image\" content=\"https:\/\/sanluisinforma.com\/wp-content\/uploads\/2025\/01\/5c258aa9-b2d2-45e9-a968-afa1ec66880f.jpg\" \/>\n\t<meta property=\"og:image:width\" content=\"480\" \/>\n\t<meta property=\"og:image:height\" content=\"320\" \/>\n\t<meta property=\"og:image:type\" content=\"image\/jpeg\" \/>\n<meta name=\"author\" content=\"sanluisinforma.com\" \/>\n<meta name=\"twitter:card\" content=\"summary_large_image\" \/>\n<meta name=\"twitter:label1\" content=\"Escrito por\" \/>\n\t<meta name=\"twitter:data1\" content=\"sanluisinforma.com\" \/>\n\t<meta name=\"twitter:label2\" content=\"Tiempo de lectura\" \/>\n\t<meta name=\"twitter:data2\" content=\"2 minutos\" \/>\n<script type=\"application\/ld+json\" class=\"yoast-schema-graph\">{\"@context\":\"https:\/\/schema.org\",\"@graph\":[{\"@type\":\"Article\",\"@id\":\"https:\/\/sanluisinforma.com\/?p=9954#article\",\"isPartOf\":{\"@id\":\"https:\/\/sanluisinforma.com\/?p=9954\"},\"author\":{\"name\":\"sanluisinforma.com\",\"@id\":\"https:\/\/sanluisinforma.com\/#\/schema\/person\/c30648f71476be533b6f59d092905c8b\"},\"headline\":\"Presidenta Claudia Sheinbaum Env\u00eda al Congreso de la Uni\u00f3n Reforma Constitucional para proteger ma\u00edz mexicano\",\"datePublished\":\"2025-01-27T06:40:00+00:00\",\"dateModified\":\"2025-01-27T01:56:03+00:00\",\"mainEntityOfPage\":{\"@id\":\"https:\/\/sanluisinforma.com\/?p=9954\"},\"wordCount\":334,\"publisher\":{\"@id\":\"https:\/\/sanluisinforma.com\/#organization\"},\"image\":{\"@id\":\"https:\/\/sanluisinforma.com\/?p=9954#primaryimage\"},\"thumbnailUrl\":\"https:\/\/sanluisinforma.com\/wp-content\/uploads\/2025\/01\/5c258aa9-b2d2-45e9-a968-afa1ec66880f.jpg\",\"articleSection\":[\"Nacional\"],\"inLanguage\":\"es\"},{\"@type\":\"WebPage\",\"@id\":\"https:\/\/sanluisinforma.com\/?p=9954\",\"url\":\"https:\/\/sanluisinforma.com\/?p=9954\",\"name\":\"Presidenta Claudia Sheinbaum Env\u00eda al Congreso de la Uni\u00f3n Reforma Constitucional para proteger ma\u00edz mexicano - sanluisinforma.com\",\"isPartOf\":{\"@id\":\"https:\/\/sanluisinforma.com\/#website\"},\"primaryImageOfPage\":{\"@id\":\"https:\/\/sanluisinforma.com\/?p=9954#primaryimage\"},\"image\":{\"@id\":\"https:\/\/sanluisinforma.com\/?p=9954#primaryimage\"},\"thumbnailUrl\":\"https:\/\/sanluisinforma.com\/wp-content\/uploads\/2025\/01\/5c258aa9-b2d2-45e9-a968-afa1ec66880f.jpg\",\"datePublished\":\"2025-01-27T06:40:00+00:00\",\"dateModified\":\"2025-01-27T01:56:03+00:00\",\"breadcrumb\":{\"@id\":\"https:\/\/sanluisinforma.com\/?p=9954#breadcrumb\"},\"inLanguage\":\"es\",\"potentialAction\":[{\"@type\":\"ReadAction\",\"target\":[\"https:\/\/sanluisinforma.com\/?p=9954\"]}]},{\"@type\":\"ImageObject\",\"inLanguage\":\"es\",\"@id\":\"https:\/\/sanluisinforma.com\/?p=9954#primaryimage\",\"url\":\"https:\/\/sanluisinforma.com\/wp-content\/uploads\/2025\/01\/5c258aa9-b2d2-45e9-a968-afa1ec66880f.jpg\",\"contentUrl\":\"https:\/\/sanluisinforma.com\/wp-content\/uploads\/2025\/01\/5c258aa9-b2d2-45e9-a968-afa1ec66880f.jpg\",\"width\":480,\"height\":320},{\"@type\":\"BreadcrumbList\",\"@id\":\"https:\/\/sanluisinforma.com\/?p=9954#breadcrumb\",\"itemListElement\":[{\"@type\":\"ListItem\",\"position\":1,\"name\":\"Inicio\",\"item\":\"https:\/\/sanluisinforma.com\/\"},{\"@type\":\"ListItem\",\"position\":2,\"name\":\"Presidenta Claudia Sheinbaum Env\u00eda al Congreso de la Uni\u00f3n Reforma Constitucional para proteger ma\u00edz mexicano\"}]},{\"@type\":\"WebSite\",\"@id\":\"https:\/\/sanluisinforma.com\/#website\",\"url\":\"https:\/\/sanluisinforma.com\/\",\"name\":\"sanluisinforma.com\",\"description\":\"Periodico San Luis Informa\",\"publisher\":{\"@id\":\"https:\/\/sanluisinforma.com\/#organization\"},\"potentialAction\":[{\"@type\":\"SearchAction\",\"target\":{\"@type\":\"EntryPoint\",\"urlTemplate\":\"https:\/\/sanluisinforma.com\/?s={search_term_string}\"},\"query-input\":{\"@type\":\"PropertyValueSpecification\",\"valueRequired\":true,\"valueName\":\"search_term_string\"}}],\"inLanguage\":\"es\"},{\"@type\":\"Organization\",\"@id\":\"https:\/\/sanluisinforma.com\/#organization\",\"name\":\"sanluisinforma.com\",\"url\":\"https:\/\/sanluisinforma.com\/\",\"logo\":{\"@type\":\"ImageObject\",\"inLanguage\":\"es\",\"@id\":\"https:\/\/sanluisinforma.com\/#\/schema\/logo\/image\/\",\"url\":\"https:\/\/sanluisinforma.com\/wp-content\/uploads\/2026\/03\/sanluisinforma-V.jpg\",\"contentUrl\":\"https:\/\/sanluisinforma.com\/wp-content\/uploads\/2026\/03\/sanluisinforma-V.jpg\",\"width\":500,\"height\":156,\"caption\":\"sanluisinforma.com\"},\"image\":{\"@id\":\"https:\/\/sanluisinforma.com\/#\/schema\/logo\/image\/\"}},{\"@type\":\"Person\",\"@id\":\"https:\/\/sanluisinforma.com\/#\/schema\/person\/c30648f71476be533b6f59d092905c8b\",\"name\":\"sanluisinforma.com\",\"image\":{\"@type\":\"ImageObject\",\"inLanguage\":\"es\",\"@id\":\"https:\/\/sanluisinforma.com\/#\/schema\/person\/image\/\",\"url\":\"https:\/\/secure.gravatar.com\/avatar\/86e3114e34a1eecefb963e0a02f0093f93b092dddb2fe1517596343751081a87?s=96&d=mm&r=g\",\"contentUrl\":\"https:\/\/secure.gravatar.com\/avatar\/86e3114e34a1eecefb963e0a02f0093f93b092dddb2fe1517596343751081a87?s=96&d=mm&r=g\",\"caption\":\"sanluisinforma.com\"},\"url\":\"https:\/\/sanluisinforma.com\/?author=2\"}]}<\/script>\n<!-- \/ Yoast SEO plugin. -->","yoast_head_json":{"title":"Presidenta Claudia Sheinbaum Env\u00eda al Congreso de la Uni\u00f3n Reforma Constitucional para proteger ma\u00edz mexicano - sanluisinforma.com","robots":{"index":"index","follow":"follow","max-snippet":"max-snippet:-1","max-image-preview":"max-image-preview:large","max-video-preview":"max-video-preview:-1"},"canonical":"https:\/\/sanluisinforma.com\/?p=9954","og_locale":"es_MX","og_type":"article","og_title":"Presidenta Claudia Sheinbaum Env\u00eda al Congreso de la Uni\u00f3n Reforma Constitucional para proteger ma\u00edz mexicano - sanluisinforma.com","og_description":"Se trata de modificaciones a los art\u00edculos 4 y 27 de la Constituci\u00f3n para proteger las 59 razas de ma\u00edz","og_url":"https:\/\/sanluisinforma.com\/?p=9954","og_site_name":"sanluisinforma.com","article_published_time":"2025-01-27T06:40:00+00:00","article_modified_time":"2025-01-27T01:56:03+00:00","og_image":[{"width":480,"height":320,"url":"https:\/\/sanluisinforma.com\/wp-content\/uploads\/2025\/01\/5c258aa9-b2d2-45e9-a968-afa1ec66880f.jpg","type":"image\/jpeg"}],"author":"sanluisinforma.com","twitter_card":"summary_large_image","twitter_misc":{"Escrito por":"sanluisinforma.com","Tiempo de lectura":"2 minutos"},"schema":{"@context":"https:\/\/schema.org","@graph":[{"@type":"Article","@id":"https:\/\/sanluisinforma.com\/?p=9954#article","isPartOf":{"@id":"https:\/\/sanluisinforma.com\/?p=9954"},"author":{"name":"sanluisinforma.com","@id":"https:\/\/sanluisinforma.com\/#\/schema\/person\/c30648f71476be533b6f59d092905c8b"},"headline":"Presidenta Claudia Sheinbaum Env\u00eda al Congreso de la Uni\u00f3n Reforma Constitucional para proteger ma\u00edz mexicano","datePublished":"2025-01-27T06:40:00+00:00","dateModified":"2025-01-27T01:56:03+00:00","mainEntityOfPage":{"@id":"https:\/\/sanluisinforma.com\/?p=9954"},"wordCount":334,"publisher":{"@id":"https:\/\/sanluisinforma.com\/#organization"},"image":{"@id":"https:\/\/sanluisinforma.com\/?p=9954#primaryimage"},"thumbnailUrl":"https:\/\/sanluisinforma.com\/wp-content\/uploads\/2025\/01\/5c258aa9-b2d2-45e9-a968-afa1ec66880f.jpg","articleSection":["Nacional"],"inLanguage":"es"},{"@type":"WebPage","@id":"https:\/\/sanluisinforma.com\/?p=9954","url":"https:\/\/sanluisinforma.com\/?p=9954","name":"Presidenta Claudia Sheinbaum Env\u00eda al Congreso de la Uni\u00f3n Reforma Constitucional para proteger ma\u00edz mexicano - sanluisinforma.com","isPartOf":{"@id":"https:\/\/sanluisinforma.com\/#website"},"primaryImageOfPage":{"@id":"https:\/\/sanluisinforma.com\/?p=9954#primaryimage"},"image":{"@id":"https:\/\/sanluisinforma.com\/?p=9954#primaryimage"},"thumbnailUrl":"https:\/\/sanluisinforma.com\/wp-content\/uploads\/2025\/01\/5c258aa9-b2d2-45e9-a968-afa1ec66880f.jpg","datePublished":"2025-01-27T06:40:00+00:00","dateModified":"2025-01-27T01:56:03+00:00","breadcrumb":{"@id":"https:\/\/sanluisinforma.com\/?p=9954#breadcrumb"},"inLanguage":"es","potentialAction":[{"@type":"ReadAction","target":["https:\/\/sanluisinforma.com\/?p=9954"]}]},{"@type":"ImageObject","inLanguage":"es","@id":"https:\/\/sanluisinforma.com\/?p=9954#primaryimage","url":"https:\/\/sanluisinforma.com\/wp-content\/uploads\/2025\/01\/5c258aa9-b2d2-45e9-a968-afa1ec66880f.jpg","contentUrl":"https:\/\/sanluisinforma.com\/wp-content\/uploads\/2025\/01\/5c258aa9-b2d2-45e9-a968-afa1ec66880f.jpg","width":480,"height":320},{"@type":"BreadcrumbList","@id":"https:\/\/sanluisinforma.com\/?p=9954#breadcrumb","itemListElement":[{"@type":"ListItem","position":1,"name":"Inicio","item":"https:\/\/sanluisinforma.com\/"},{"@type":"ListItem","position":2,"name":"Presidenta Claudia Sheinbaum Env\u00eda al Congreso de la Uni\u00f3n Reforma Constitucional para proteger ma\u00edz mexicano"}]},{"@type":"WebSite","@id":"https:\/\/sanluisinforma.com\/#website","url":"https:\/\/sanluisinforma.com\/","name":"sanluisinforma.com","description":"Periodico San Luis Informa","publisher":{"@id":"https:\/\/sanluisinforma.com\/#organization"},"potentialAction":[{"@type":"SearchAction","target":{"@type":"EntryPoint","urlTemplate":"https:\/\/sanluisinforma.com\/?s={search_term_string}"},"query-input":{"@type":"PropertyValueSpecification","valueRequired":true,"valueName":"search_term_string"}}],"inLanguage":"es"},{"@type":"Organization","@id":"https:\/\/sanluisinforma.com\/#organization","name":"sanluisinforma.com","url":"https:\/\/sanluisinforma.com\/","logo":{"@type":"ImageObject","inLanguage":"es","@id":"https:\/\/sanluisinforma.com\/#\/schema\/logo\/image\/","url":"https:\/\/sanluisinforma.com\/wp-content\/uploads\/2026\/03\/sanluisinforma-V.jpg","contentUrl":"https:\/\/sanluisinforma.com\/wp-content\/uploads\/2026\/03\/sanluisinforma-V.jpg","width":500,"height":156,"caption":"sanluisinforma.com"},"image":{"@id":"https:\/\/sanluisinforma.com\/#\/schema\/logo\/image\/"}},{"@type":"Person","@id":"https:\/\/sanluisinforma.com\/#\/schema\/person\/c30648f71476be533b6f59d092905c8b","name":"sanluisinforma.com","image":{"@type":"ImageObject","inLanguage":"es","@id":"https:\/\/sanluisinforma.com\/#\/schema\/person\/image\/","url":"https:\/\/secure.gravatar.com\/avatar\/86e3114e34a1eecefb963e0a02f0093f93b092dddb2fe1517596343751081a87?s=96&d=mm&r=g","contentUrl":"https:\/\/secure.gravatar.com\/avatar\/86e3114e34a1eecefb963e0a02f0093f93b092dddb2fe1517596343751081a87?s=96&d=mm&r=g","caption":"sanluisinforma.com"},"url":"https:\/\/sanluisinforma.com\/?author=2"}]}},"_links":{"self":[{"href":"https:\/\/sanluisinforma.com\/index.php?rest_route=\/wp\/v2\/posts\/9954","targetHints":{"allow":["GET"]}}],"collection":[{"href":"https:\/\/sanluisinforma.com\/index.php?rest_route=\/wp\/v2\/posts"}],"about":[{"href":"https:\/\/sanluisinforma.com\/index.php?rest_route=\/wp\/v2\/types\/post"}],"author":[{"embeddable":true,"href":"https:\/\/sanluisinforma.com\/index.php?rest_route=\/wp\/v2\/users\/2"}],"replies":[{"embeddable":true,"href":"https:\/\/sanluisinforma.com\/index.php?rest_route=%2Fwp%2Fv2%2Fcomments&post=9954"}],"version-history":[{"count":1,"href":"https:\/\/sanluisinforma.com\/index.php?rest_route=\/wp\/v2\/posts\/9954\/revisions"}],"predecessor-version":[{"id":9957,"href":"https:\/\/sanluisinforma.com\/index.php?rest_route=\/wp\/v2\/posts\/9954\/revisions\/9957"}],"wp:featuredmedia":[{"embeddable":true,"href":"https:\/\/sanluisinforma.com\/index.php?rest_route=\/wp\/v2\/media\/9956"}],"wp:attachment":[{"href":"https:\/\/sanluisinforma.com\/index.php?rest_route=%2Fwp%2Fv2%2Fmedia&parent=9954"}],"wp:term":[{"taxonomy":"category","embeddable":true,"href":"https:\/\/sanluisinforma.com\/index.php?rest_route=%2Fwp%2Fv2%2Fcategories&post=9954"},{"taxonomy":"post_tag","embeddable":true,"href":"https:\/\/sanluisinforma.com\/index.php?rest_route=%2Fwp%2Fv2%2Ftags&post=9954"}],"curies":[{"name":"wp","href":"https:\/\/api.w.org\/{rel}","templated":true}]}}