{"id":9959,"date":"2025-01-27T00:50:00","date_gmt":"2025-01-27T06:50:00","guid":{"rendered":"https:\/\/sanluisinforma.com\/?p=9959"},"modified":"2025-01-26T20:02:00","modified_gmt":"2025-01-27T02:02:00","slug":"dignificar-los-espacios-publicos-y-rescatar-las-colonias-de-la-ciudad-el-objetivo-de-capital-al-100","status":"publish","type":"post","link":"https:\/\/sanluisinforma.com\/?p=9959","title":{"rendered":"Dignificar los espacios p\u00fablicos y rescatar las colonias de la ciudad,\u00a0 el objetivo de Capital al 100"},"content":{"rendered":"\n<p><\/p>\n\n\n\n<p>En la explanada del Poder Judicial del Estado, repleta de trabajadores municipales y vecinos,\u00a0 el Alcalde Enrique Galindo puso en marcha esta nueva pol\u00edtica p\u00fablica para rehabilitar el espacio social, en trabajo conjunto entre el Gobierno de la Capital y la ciudadan\u00eda.<\/p>\n\n\n\n<p>Con el firme prop\u00f3sito de devolverle a San Luis Potos\u00ed su grandeza, el Alcalde Enrique Galindo Ceballos puso en marcha el programa \u201cCapital al 100\u201d, una ambiciosa pol\u00edtica p\u00fablica para la recuperaci\u00f3n del espacio social y la rehabilitaci\u00f3n integral de la ciudad. El Ayuntamiento Capitalino tendr\u00e1 presencia en todas las colonias, con lo que fomentar\u00e1 la comunidad y el sentido de pertenencia entre los habitantes del municipio.<\/p>\n\n\n\n<p>\u201cVamos colonia por colonia, haciendo comunidad, escuchando a la gente y, sobre todo, trabajando en conjunto para que San Luis Potos\u00ed est\u00e9 al 100. Nuestro objetivo es que todas las zonas de la ciudad sean parte de esta transformaci\u00f3n\u201d, se\u00f1al\u00f3 el Alcalde Enrique Galindo Ceballos en su mensaje durante el arranque del programa, ante miles de trabajadores municipales y vecinos reunidos en la explanada del Poder Judicial del Estado.<\/p>\n\n\n\n<p>El Presidente Municipal destac\u00f3: que \u201d\u2018Capital al 100\u2019 no es solo un proyecto para mejorar la infraestructura vial, el alumbrado y la regeneraci\u00f3n de espacios, es una estrategia para fortalecer a las colonias y dignificar los espacios donde las familias potosinas viven, trabajan y conviven. Queremos una ciudad que refleje el orgullo de quienes la habitan y sea ejemplo a nivel nacional\u201d.<\/p>\n\n\n\n<p>El programa realizar\u00e1 acciones concretas como la rehabilitaci\u00f3n de calles, mejora de \u00e1reas verdes, reparaci\u00f3n de luminarias, limpieza de espacios comunes, y promoci\u00f3n de actividades comunitarias. Con \u201cCapital al 100\u201d, el Ayuntamiento reafirma su compromiso de construir una ciudad m\u00e1s segura\u00a0 y funcional, donde los potosinos puedan vivir con dignidad y bienestar.<\/p>\n\n\n\n<ul class=\"wp-block-list\">\n<li><\/li>\n<\/ul>\n\n\n\n<p><\/p>\n","protected":false},"excerpt":{"rendered":"<p>En la explanada del Poder Judicial del Estado, repleta de trabajadores municipales y vecinos,\u00a0 el Alcalde Enrique Galindo puso en<\/p>\n","protected":false},"author":2,"featured_media":0,"comment_status":"closed","ping_status":"closed","sticky":false,"template":"","format":"standard","meta":{"footnotes":""},"categories":[25,30],"tags":[],"class_list":["post-9959","post","type-post","status-publish","format-standard","hentry","category-local","category-portada"],"yoast_head":"<!-- This site is optimized with the Yoast SEO plugin v24.1 - https:\/\/yoast.com\/wordpress\/plugins\/seo\/ -->\n<title>Dignificar los espacios p\u00fablicos y rescatar las colonias de la ciudad,\u00a0 el objetivo de Capital al 100 - sanluisinforma.com<\/title>\n<meta name=\"robots\" content=\"index, follow, max-snippet:-1, max-image-preview:large, max-video-preview:-1\" \/>\n<link rel=\"canonical\" href=\"https:\/\/sanluisinforma.com\/?p=9959\" \/>\n<meta property=\"og:locale\" content=\"es_MX\" \/>\n<meta property=\"og:type\" content=\"article\" \/>\n<meta property=\"og:title\" content=\"Dignificar los espacios p\u00fablicos y rescatar las colonias de la ciudad,\u00a0 el objetivo de Capital al 100 - sanluisinforma.com\" \/>\n<meta property=\"og:description\" content=\"En la explanada del Poder Judicial del Estado, repleta de trabajadores municipales y vecinos,\u00a0 el Alcalde Enrique Galindo puso en\" \/>\n<meta property=\"og:url\" content=\"https:\/\/sanluisinforma.com\/?p=9959\" \/>\n<meta property=\"og:site_name\" content=\"sanluisinforma.com\" \/>\n<meta property=\"article:published_time\" content=\"2025-01-27T06:50:00+00:00\" \/>\n<meta property=\"article:modified_time\" content=\"2025-01-27T02:02:00+00:00\" \/>\n<meta name=\"author\" content=\"sanluisinforma.com\" \/>\n<meta name=\"twitter:card\" content=\"summary_large_image\" \/>\n<meta name=\"twitter:label1\" content=\"Escrito por\" \/>\n\t<meta name=\"twitter:data1\" content=\"sanluisinforma.com\" \/>\n\t<meta name=\"twitter:label2\" content=\"Tiempo de lectura\" \/>\n\t<meta name=\"twitter:data2\" content=\"2 minutos\" \/>\n<script type=\"application\/ld+json\" class=\"yoast-schema-graph\">{\"@context\":\"https:\/\/schema.org\",\"@graph\":[{\"@type\":\"Article\",\"@id\":\"https:\/\/sanluisinforma.com\/?p=9959#article\",\"isPartOf\":{\"@id\":\"https:\/\/sanluisinforma.com\/?p=9959\"},\"author\":{\"name\":\"sanluisinforma.com\",\"@id\":\"https:\/\/sanluisinforma.com\/#\/schema\/person\/c30648f71476be533b6f59d092905c8b\"},\"headline\":\"Dignificar los espacios p\u00fablicos y rescatar las colonias de la ciudad,\u00a0 el objetivo de Capital al 100\",\"datePublished\":\"2025-01-27T06:50:00+00:00\",\"dateModified\":\"2025-01-27T02:02:00+00:00\",\"mainEntityOfPage\":{\"@id\":\"https:\/\/sanluisinforma.com\/?p=9959\"},\"wordCount\":320,\"publisher\":{\"@id\":\"https:\/\/sanluisinforma.com\/#organization\"},\"articleSection\":[\"Local\",\"Portada\"],\"inLanguage\":\"es\"},{\"@type\":\"WebPage\",\"@id\":\"https:\/\/sanluisinforma.com\/?p=9959\",\"url\":\"https:\/\/sanluisinforma.com\/?p=9959\",\"name\":\"Dignificar los espacios p\u00fablicos y rescatar las colonias de la ciudad,\u00a0 el objetivo de Capital al 100 - sanluisinforma.com\",\"isPartOf\":{\"@id\":\"https:\/\/sanluisinforma.com\/#website\"},\"datePublished\":\"2025-01-27T06:50:00+00:00\",\"dateModified\":\"2025-01-27T02:02:00+00:00\",\"breadcrumb\":{\"@id\":\"https:\/\/sanluisinforma.com\/?p=9959#breadcrumb\"},\"inLanguage\":\"es\",\"potentialAction\":[{\"@type\":\"ReadAction\",\"target\":[\"https:\/\/sanluisinforma.com\/?p=9959\"]}]},{\"@type\":\"BreadcrumbList\",\"@id\":\"https:\/\/sanluisinforma.com\/?p=9959#breadcrumb\",\"itemListElement\":[{\"@type\":\"ListItem\",\"position\":1,\"name\":\"Inicio\",\"item\":\"https:\/\/sanluisinforma.com\/\"},{\"@type\":\"ListItem\",\"position\":2,\"name\":\"Dignificar los espacios p\u00fablicos y rescatar las colonias de la ciudad,\u00a0 el objetivo de Capital al 100\"}]},{\"@type\":\"WebSite\",\"@id\":\"https:\/\/sanluisinforma.com\/#website\",\"url\":\"https:\/\/sanluisinforma.com\/\",\"name\":\"sanluisinforma.com\",\"description\":\"Periodico San Luis Informa\",\"publisher\":{\"@id\":\"https:\/\/sanluisinforma.com\/#organization\"},\"potentialAction\":[{\"@type\":\"SearchAction\",\"target\":{\"@type\":\"EntryPoint\",\"urlTemplate\":\"https:\/\/sanluisinforma.com\/?s={search_term_string}\"},\"query-input\":{\"@type\":\"PropertyValueSpecification\",\"valueRequired\":true,\"valueName\":\"search_term_string\"}}],\"inLanguage\":\"es\"},{\"@type\":\"Organization\",\"@id\":\"https:\/\/sanluisinforma.com\/#organization\",\"name\":\"sanluisinforma.com\",\"url\":\"https:\/\/sanluisinforma.com\/\",\"logo\":{\"@type\":\"ImageObject\",\"inLanguage\":\"es\",\"@id\":\"https:\/\/sanluisinforma.com\/#\/schema\/logo\/image\/\",\"url\":\"https:\/\/sanluisinforma.com\/wp-content\/uploads\/2026\/03\/sanluisinforma-V.jpg\",\"contentUrl\":\"https:\/\/sanluisinforma.com\/wp-content\/uploads\/2026\/03\/sanluisinforma-V.jpg\",\"width\":500,\"height\":156,\"caption\":\"sanluisinforma.com\"},\"image\":{\"@id\":\"https:\/\/sanluisinforma.com\/#\/schema\/logo\/image\/\"}},{\"@type\":\"Person\",\"@id\":\"https:\/\/sanluisinforma.com\/#\/schema\/person\/c30648f71476be533b6f59d092905c8b\",\"name\":\"sanluisinforma.com\",\"image\":{\"@type\":\"ImageObject\",\"inLanguage\":\"es\",\"@id\":\"https:\/\/sanluisinforma.com\/#\/schema\/person\/image\/\",\"url\":\"https:\/\/secure.gravatar.com\/avatar\/86e3114e34a1eecefb963e0a02f0093f93b092dddb2fe1517596343751081a87?s=96&d=mm&r=g\",\"contentUrl\":\"https:\/\/secure.gravatar.com\/avatar\/86e3114e34a1eecefb963e0a02f0093f93b092dddb2fe1517596343751081a87?s=96&d=mm&r=g\",\"caption\":\"sanluisinforma.com\"},\"url\":\"https:\/\/sanluisinforma.com\/?author=2\"}]}<\/script>\n<!-- \/ Yoast SEO plugin. -->","yoast_head_json":{"title":"Dignificar los espacios p\u00fablicos y rescatar las colonias de la ciudad,\u00a0 el objetivo de Capital al 100 - sanluisinforma.com","robots":{"index":"index","follow":"follow","max-snippet":"max-snippet:-1","max-image-preview":"max-image-preview:large","max-video-preview":"max-video-preview:-1"},"canonical":"https:\/\/sanluisinforma.com\/?p=9959","og_locale":"es_MX","og_type":"article","og_title":"Dignificar los espacios p\u00fablicos y rescatar las colonias de la ciudad,\u00a0 el objetivo de Capital al 100 - sanluisinforma.com","og_description":"En la explanada del Poder Judicial del Estado, repleta de trabajadores municipales y vecinos,\u00a0 el Alcalde Enrique Galindo puso en","og_url":"https:\/\/sanluisinforma.com\/?p=9959","og_site_name":"sanluisinforma.com","article_published_time":"2025-01-27T06:50:00+00:00","article_modified_time":"2025-01-27T02:02:00+00:00","author":"sanluisinforma.com","twitter_card":"summary_large_image","twitter_misc":{"Escrito por":"sanluisinforma.com","Tiempo de lectura":"2 minutos"},"schema":{"@context":"https:\/\/schema.org","@graph":[{"@type":"Article","@id":"https:\/\/sanluisinforma.com\/?p=9959#article","isPartOf":{"@id":"https:\/\/sanluisinforma.com\/?p=9959"},"author":{"name":"sanluisinforma.com","@id":"https:\/\/sanluisinforma.com\/#\/schema\/person\/c30648f71476be533b6f59d092905c8b"},"headline":"Dignificar los espacios p\u00fablicos y rescatar las colonias de la ciudad,\u00a0 el objetivo de Capital al 100","datePublished":"2025-01-27T06:50:00+00:00","dateModified":"2025-01-27T02:02:00+00:00","mainEntityOfPage":{"@id":"https:\/\/sanluisinforma.com\/?p=9959"},"wordCount":320,"publisher":{"@id":"https:\/\/sanluisinforma.com\/#organization"},"articleSection":["Local","Portada"],"inLanguage":"es"},{"@type":"WebPage","@id":"https:\/\/sanluisinforma.com\/?p=9959","url":"https:\/\/sanluisinforma.com\/?p=9959","name":"Dignificar los espacios p\u00fablicos y rescatar las colonias de la ciudad,\u00a0 el objetivo de Capital al 100 - sanluisinforma.com","isPartOf":{"@id":"https:\/\/sanluisinforma.com\/#website"},"datePublished":"2025-01-27T06:50:00+00:00","dateModified":"2025-01-27T02:02:00+00:00","breadcrumb":{"@id":"https:\/\/sanluisinforma.com\/?p=9959#breadcrumb"},"inLanguage":"es","potentialAction":[{"@type":"ReadAction","target":["https:\/\/sanluisinforma.com\/?p=9959"]}]},{"@type":"BreadcrumbList","@id":"https:\/\/sanluisinforma.com\/?p=9959#breadcrumb","itemListElement":[{"@type":"ListItem","position":1,"name":"Inicio","item":"https:\/\/sanluisinforma.com\/"},{"@type":"ListItem","position":2,"name":"Dignificar los espacios p\u00fablicos y rescatar las colonias de la ciudad,\u00a0 el objetivo de Capital al 100"}]},{"@type":"WebSite","@id":"https:\/\/sanluisinforma.com\/#website","url":"https:\/\/sanluisinforma.com\/","name":"sanluisinforma.com","description":"Periodico San Luis Informa","publisher":{"@id":"https:\/\/sanluisinforma.com\/#organization"},"potentialAction":[{"@type":"SearchAction","target":{"@type":"EntryPoint","urlTemplate":"https:\/\/sanluisinforma.com\/?s={search_term_string}"},"query-input":{"@type":"PropertyValueSpecification","valueRequired":true,"valueName":"search_term_string"}}],"inLanguage":"es"},{"@type":"Organization","@id":"https:\/\/sanluisinforma.com\/#organization","name":"sanluisinforma.com","url":"https:\/\/sanluisinforma.com\/","logo":{"@type":"ImageObject","inLanguage":"es","@id":"https:\/\/sanluisinforma.com\/#\/schema\/logo\/image\/","url":"https:\/\/sanluisinforma.com\/wp-content\/uploads\/2026\/03\/sanluisinforma-V.jpg","contentUrl":"https:\/\/sanluisinforma.com\/wp-content\/uploads\/2026\/03\/sanluisinforma-V.jpg","width":500,"height":156,"caption":"sanluisinforma.com"},"image":{"@id":"https:\/\/sanluisinforma.com\/#\/schema\/logo\/image\/"}},{"@type":"Person","@id":"https:\/\/sanluisinforma.com\/#\/schema\/person\/c30648f71476be533b6f59d092905c8b","name":"sanluisinforma.com","image":{"@type":"ImageObject","inLanguage":"es","@id":"https:\/\/sanluisinforma.com\/#\/schema\/person\/image\/","url":"https:\/\/secure.gravatar.com\/avatar\/86e3114e34a1eecefb963e0a02f0093f93b092dddb2fe1517596343751081a87?s=96&d=mm&r=g","contentUrl":"https:\/\/secure.gravatar.com\/avatar\/86e3114e34a1eecefb963e0a02f0093f93b092dddb2fe1517596343751081a87?s=96&d=mm&r=g","caption":"sanluisinforma.com"},"url":"https:\/\/sanluisinforma.com\/?author=2"}]}},"_links":{"self":[{"href":"https:\/\/sanluisinforma.com\/index.php?rest_route=\/wp\/v2\/posts\/9959","targetHints":{"allow":["GET"]}}],"collection":[{"href":"https:\/\/sanluisinforma.com\/index.php?rest_route=\/wp\/v2\/posts"}],"about":[{"href":"https:\/\/sanluisinforma.com\/index.php?rest_route=\/wp\/v2\/types\/post"}],"author":[{"embeddable":true,"href":"https:\/\/sanluisinforma.com\/index.php?rest_route=\/wp\/v2\/users\/2"}],"replies":[{"embeddable":true,"href":"https:\/\/sanluisinforma.com\/index.php?rest_route=%2Fwp%2Fv2%2Fcomments&post=9959"}],"version-history":[{"count":1,"href":"https:\/\/sanluisinforma.com\/index.php?rest_route=\/wp\/v2\/posts\/9959\/revisions"}],"predecessor-version":[{"id":9960,"href":"https:\/\/sanluisinforma.com\/index.php?rest_route=\/wp\/v2\/posts\/9959\/revisions\/9960"}],"wp:attachment":[{"href":"https:\/\/sanluisinforma.com\/index.php?rest_route=%2Fwp%2Fv2%2Fmedia&parent=9959"}],"wp:term":[{"taxonomy":"category","embeddable":true,"href":"https:\/\/sanluisinforma.com\/index.php?rest_route=%2Fwp%2Fv2%2Fcategories&post=9959"},{"taxonomy":"post_tag","embeddable":true,"href":"https:\/\/sanluisinforma.com\/index.php?rest_route=%2Fwp%2Fv2%2Ftags&post=9959"}],"curies":[{"name":"wp","href":"https:\/\/api.w.org\/{rel}","templated":true}]}}