{"id":9999,"date":"2025-01-30T00:50:00","date_gmt":"2025-01-30T06:50:00","guid":{"rendered":"https:\/\/sanluisinforma.com\/?p=9999"},"modified":"2025-01-29T18:39:49","modified_gmt":"2025-01-30T00:39:49","slug":"alcalde-galindo-instala-el-consejo-para-alcanzar-la-denominacion-de-ciudad-creativa-que-otorga-la-unesco","status":"publish","type":"post","link":"https:\/\/sanluisinforma.com\/?p=9999","title":{"rendered":"Alcalde Galindo instala el Consejo para alcanzar la denominaci\u00f3n de Ciudad Creativa que otorga la Unesco"},"content":{"rendered":"\n<p>El Consejo San Luis Amable: Ciudad Creativa, integrado por el Ayuntamiento de la Capital, el sector educativo y las empresas creativas (industrias naranjas); tiene como objetivo impulsar la industria naranja y consolidar a la Capital como referente cultural y educativo para obtener un nuevo reconocimiento de la Unesco.<\/p>\n\n\n\n<p><\/p>\n\n\n\n<p>Con el objetivo de fortalecer la econom\u00eda creativa y posicionar a San Luis Potos\u00ed como un referente cultural y educativo a nivel nacional, el Alcalde Enrique Galindo Ceballos instal\u00f3 el Consejo San Luis Amable, Ciudad Creativa. Este organismo buscar\u00e1 obtener el reconocimiento de la Unesco como Ciudad Creativa, con el objetivo de destacar el potencial de la Capital Potosina en el \u00e1mbito art\u00edstico y educativo.<\/p>\n\n\n\n<p>El Alcalde Enrique Galindo subray\u00f3 la relevancia del trabajo conjunto entre instituciones acad\u00e9micas, dependencias gubernamentales y organismos de la sociedad civil en este proyecto. Asimismo, destac\u00f3 que 2025 ser\u00e1 un a\u00f1o clave, con el nombramiento de San Luis Amable, Capital Americana de la Cultura, eventos como el Festival San Luis en Primavera, las actividades de Semana Santa y el Festival Internacional Letras en San Luis, adem\u00e1s de una variada oferta cultural que incluir\u00e1 gastronom\u00eda, arquitectura y literatura.<\/p>\n\n\n\n<p>Adri\u00e1n Hern\u00e1ndez, Coordinador T\u00e9cnico de la Red de Ciudades del Aprendizaje en Latinoam\u00e9rica, destac\u00f3 que San Luis Potos\u00ed cuenta con los elementos necesarios para lograr esta distinci\u00f3n. Explic\u00f3 que la Unesco ya ha realizado una evaluaci\u00f3n en la que se reconoce la s\u00f3lida oferta educativa de la ciudad, as\u00ed como su inversi\u00f3n en cultura y creatividad, que representa alrededor del 4 % del presupuesto municipal.<\/p>\n\n\n\n<p>Adem\u00e1s, la ciudad dispone de una importante infraestructura p\u00fablica para la promoci\u00f3n del arte y la cultura, con la participaci\u00f3n de diversas organizaciones y empresas del sector creativo. La conformaci\u00f3n de este consejo permitir\u00e1 potenciar a\u00fan m\u00e1s estas iniciativas y consolidar a San Luis Potos\u00ed como un referente cultural a nivel internacional.<\/p>\n","protected":false},"excerpt":{"rendered":"<p>El Consejo San Luis Amable: Ciudad Creativa, integrado por el Ayuntamiento de la Capital, el sector educativo y las empresas<\/p>\n","protected":false},"author":2,"featured_media":10000,"comment_status":"closed","ping_status":"closed","sticky":false,"template":"","format":"standard","meta":{"footnotes":""},"categories":[25,30],"tags":[],"class_list":["post-9999","post","type-post","status-publish","format-standard","has-post-thumbnail","hentry","category-local","category-portada"],"yoast_head":"<!-- This site is optimized with the Yoast SEO plugin v24.1 - https:\/\/yoast.com\/wordpress\/plugins\/seo\/ -->\n<title>Alcalde Galindo instala el Consejo para alcanzar la denominaci\u00f3n de Ciudad Creativa que otorga la Unesco - sanluisinforma.com<\/title>\n<meta name=\"robots\" content=\"index, follow, max-snippet:-1, max-image-preview:large, max-video-preview:-1\" \/>\n<link rel=\"canonical\" href=\"https:\/\/sanluisinforma.com\/?p=9999\" \/>\n<meta property=\"og:locale\" content=\"es_MX\" \/>\n<meta property=\"og:type\" content=\"article\" \/>\n<meta property=\"og:title\" content=\"Alcalde Galindo instala el Consejo para alcanzar la denominaci\u00f3n de Ciudad Creativa que otorga la Unesco - sanluisinforma.com\" \/>\n<meta property=\"og:description\" content=\"El Consejo San Luis Amable: Ciudad Creativa, integrado por el Ayuntamiento de la Capital, el sector educativo y las empresas\" \/>\n<meta property=\"og:url\" content=\"https:\/\/sanluisinforma.com\/?p=9999\" \/>\n<meta property=\"og:site_name\" content=\"sanluisinforma.com\" \/>\n<meta property=\"article:published_time\" content=\"2025-01-30T06:50:00+00:00\" \/>\n<meta property=\"article:modified_time\" content=\"2025-01-30T00:39:49+00:00\" \/>\n<meta property=\"og:image\" content=\"https:\/\/sanluisinforma.com\/wp-content\/uploads\/2025\/01\/e7193ce1-c045-450e-9383-10781e538b52.jpg\" \/>\n\t<meta property=\"og:image:width\" content=\"480\" \/>\n\t<meta property=\"og:image:height\" content=\"319\" \/>\n\t<meta property=\"og:image:type\" content=\"image\/jpeg\" \/>\n<meta name=\"author\" content=\"sanluisinforma.com\" \/>\n<meta name=\"twitter:card\" content=\"summary_large_image\" \/>\n<meta name=\"twitter:label1\" content=\"Escrito por\" \/>\n\t<meta name=\"twitter:data1\" content=\"sanluisinforma.com\" \/>\n\t<meta name=\"twitter:label2\" content=\"Tiempo de lectura\" \/>\n\t<meta name=\"twitter:data2\" content=\"2 minutos\" \/>\n<script type=\"application\/ld+json\" class=\"yoast-schema-graph\">{\"@context\":\"https:\/\/schema.org\",\"@graph\":[{\"@type\":\"Article\",\"@id\":\"https:\/\/sanluisinforma.com\/?p=9999#article\",\"isPartOf\":{\"@id\":\"https:\/\/sanluisinforma.com\/?p=9999\"},\"author\":{\"name\":\"sanluisinforma.com\",\"@id\":\"https:\/\/sanluisinforma.com\/#\/schema\/person\/c30648f71476be533b6f59d092905c8b\"},\"headline\":\"Alcalde Galindo instala el Consejo para alcanzar la denominaci\u00f3n de Ciudad Creativa que otorga la Unesco\",\"datePublished\":\"2025-01-30T06:50:00+00:00\",\"dateModified\":\"2025-01-30T00:39:49+00:00\",\"mainEntityOfPage\":{\"@id\":\"https:\/\/sanluisinforma.com\/?p=9999\"},\"wordCount\":342,\"publisher\":{\"@id\":\"https:\/\/sanluisinforma.com\/#organization\"},\"image\":{\"@id\":\"https:\/\/sanluisinforma.com\/?p=9999#primaryimage\"},\"thumbnailUrl\":\"https:\/\/sanluisinforma.com\/wp-content\/uploads\/2025\/01\/e7193ce1-c045-450e-9383-10781e538b52.jpg\",\"articleSection\":[\"Local\",\"Portada\"],\"inLanguage\":\"es\"},{\"@type\":\"WebPage\",\"@id\":\"https:\/\/sanluisinforma.com\/?p=9999\",\"url\":\"https:\/\/sanluisinforma.com\/?p=9999\",\"name\":\"Alcalde Galindo instala el Consejo para alcanzar la denominaci\u00f3n de Ciudad Creativa que otorga la Unesco - sanluisinforma.com\",\"isPartOf\":{\"@id\":\"https:\/\/sanluisinforma.com\/#website\"},\"primaryImageOfPage\":{\"@id\":\"https:\/\/sanluisinforma.com\/?p=9999#primaryimage\"},\"image\":{\"@id\":\"https:\/\/sanluisinforma.com\/?p=9999#primaryimage\"},\"thumbnailUrl\":\"https:\/\/sanluisinforma.com\/wp-content\/uploads\/2025\/01\/e7193ce1-c045-450e-9383-10781e538b52.jpg\",\"datePublished\":\"2025-01-30T06:50:00+00:00\",\"dateModified\":\"2025-01-30T00:39:49+00:00\",\"breadcrumb\":{\"@id\":\"https:\/\/sanluisinforma.com\/?p=9999#breadcrumb\"},\"inLanguage\":\"es\",\"potentialAction\":[{\"@type\":\"ReadAction\",\"target\":[\"https:\/\/sanluisinforma.com\/?p=9999\"]}]},{\"@type\":\"ImageObject\",\"inLanguage\":\"es\",\"@id\":\"https:\/\/sanluisinforma.com\/?p=9999#primaryimage\",\"url\":\"https:\/\/sanluisinforma.com\/wp-content\/uploads\/2025\/01\/e7193ce1-c045-450e-9383-10781e538b52.jpg\",\"contentUrl\":\"https:\/\/sanluisinforma.com\/wp-content\/uploads\/2025\/01\/e7193ce1-c045-450e-9383-10781e538b52.jpg\",\"width\":480,\"height\":319},{\"@type\":\"BreadcrumbList\",\"@id\":\"https:\/\/sanluisinforma.com\/?p=9999#breadcrumb\",\"itemListElement\":[{\"@type\":\"ListItem\",\"position\":1,\"name\":\"Inicio\",\"item\":\"https:\/\/sanluisinforma.com\/\"},{\"@type\":\"ListItem\",\"position\":2,\"name\":\"Alcalde Galindo instala el Consejo para alcanzar la denominaci\u00f3n de Ciudad Creativa que otorga la Unesco\"}]},{\"@type\":\"WebSite\",\"@id\":\"https:\/\/sanluisinforma.com\/#website\",\"url\":\"https:\/\/sanluisinforma.com\/\",\"name\":\"sanluisinforma.com\",\"description\":\"Periodico San Luis Informa\",\"publisher\":{\"@id\":\"https:\/\/sanluisinforma.com\/#organization\"},\"potentialAction\":[{\"@type\":\"SearchAction\",\"target\":{\"@type\":\"EntryPoint\",\"urlTemplate\":\"https:\/\/sanluisinforma.com\/?s={search_term_string}\"},\"query-input\":{\"@type\":\"PropertyValueSpecification\",\"valueRequired\":true,\"valueName\":\"search_term_string\"}}],\"inLanguage\":\"es\"},{\"@type\":\"Organization\",\"@id\":\"https:\/\/sanluisinforma.com\/#organization\",\"name\":\"sanluisinforma.com\",\"url\":\"https:\/\/sanluisinforma.com\/\",\"logo\":{\"@type\":\"ImageObject\",\"inLanguage\":\"es\",\"@id\":\"https:\/\/sanluisinforma.com\/#\/schema\/logo\/image\/\",\"url\":\"https:\/\/sanluisinforma.com\/wp-content\/uploads\/2026\/03\/sanluisinforma-V.jpg\",\"contentUrl\":\"https:\/\/sanluisinforma.com\/wp-content\/uploads\/2026\/03\/sanluisinforma-V.jpg\",\"width\":500,\"height\":156,\"caption\":\"sanluisinforma.com\"},\"image\":{\"@id\":\"https:\/\/sanluisinforma.com\/#\/schema\/logo\/image\/\"}},{\"@type\":\"Person\",\"@id\":\"https:\/\/sanluisinforma.com\/#\/schema\/person\/c30648f71476be533b6f59d092905c8b\",\"name\":\"sanluisinforma.com\",\"image\":{\"@type\":\"ImageObject\",\"inLanguage\":\"es\",\"@id\":\"https:\/\/sanluisinforma.com\/#\/schema\/person\/image\/\",\"url\":\"https:\/\/secure.gravatar.com\/avatar\/86e3114e34a1eecefb963e0a02f0093f93b092dddb2fe1517596343751081a87?s=96&d=mm&r=g\",\"contentUrl\":\"https:\/\/secure.gravatar.com\/avatar\/86e3114e34a1eecefb963e0a02f0093f93b092dddb2fe1517596343751081a87?s=96&d=mm&r=g\",\"caption\":\"sanluisinforma.com\"},\"url\":\"https:\/\/sanluisinforma.com\/?author=2\"}]}<\/script>\n<!-- \/ Yoast SEO plugin. -->","yoast_head_json":{"title":"Alcalde Galindo instala el Consejo para alcanzar la denominaci\u00f3n de Ciudad Creativa que otorga la Unesco - sanluisinforma.com","robots":{"index":"index","follow":"follow","max-snippet":"max-snippet:-1","max-image-preview":"max-image-preview:large","max-video-preview":"max-video-preview:-1"},"canonical":"https:\/\/sanluisinforma.com\/?p=9999","og_locale":"es_MX","og_type":"article","og_title":"Alcalde Galindo instala el Consejo para alcanzar la denominaci\u00f3n de Ciudad Creativa que otorga la Unesco - sanluisinforma.com","og_description":"El Consejo San Luis Amable: Ciudad Creativa, integrado por el Ayuntamiento de la Capital, el sector educativo y las empresas","og_url":"https:\/\/sanluisinforma.com\/?p=9999","og_site_name":"sanluisinforma.com","article_published_time":"2025-01-30T06:50:00+00:00","article_modified_time":"2025-01-30T00:39:49+00:00","og_image":[{"width":480,"height":319,"url":"https:\/\/sanluisinforma.com\/wp-content\/uploads\/2025\/01\/e7193ce1-c045-450e-9383-10781e538b52.jpg","type":"image\/jpeg"}],"author":"sanluisinforma.com","twitter_card":"summary_large_image","twitter_misc":{"Escrito por":"sanluisinforma.com","Tiempo de lectura":"2 minutos"},"schema":{"@context":"https:\/\/schema.org","@graph":[{"@type":"Article","@id":"https:\/\/sanluisinforma.com\/?p=9999#article","isPartOf":{"@id":"https:\/\/sanluisinforma.com\/?p=9999"},"author":{"name":"sanluisinforma.com","@id":"https:\/\/sanluisinforma.com\/#\/schema\/person\/c30648f71476be533b6f59d092905c8b"},"headline":"Alcalde Galindo instala el Consejo para alcanzar la denominaci\u00f3n de Ciudad Creativa que otorga la Unesco","datePublished":"2025-01-30T06:50:00+00:00","dateModified":"2025-01-30T00:39:49+00:00","mainEntityOfPage":{"@id":"https:\/\/sanluisinforma.com\/?p=9999"},"wordCount":342,"publisher":{"@id":"https:\/\/sanluisinforma.com\/#organization"},"image":{"@id":"https:\/\/sanluisinforma.com\/?p=9999#primaryimage"},"thumbnailUrl":"https:\/\/sanluisinforma.com\/wp-content\/uploads\/2025\/01\/e7193ce1-c045-450e-9383-10781e538b52.jpg","articleSection":["Local","Portada"],"inLanguage":"es"},{"@type":"WebPage","@id":"https:\/\/sanluisinforma.com\/?p=9999","url":"https:\/\/sanluisinforma.com\/?p=9999","name":"Alcalde Galindo instala el Consejo para alcanzar la denominaci\u00f3n de Ciudad Creativa que otorga la Unesco - sanluisinforma.com","isPartOf":{"@id":"https:\/\/sanluisinforma.com\/#website"},"primaryImageOfPage":{"@id":"https:\/\/sanluisinforma.com\/?p=9999#primaryimage"},"image":{"@id":"https:\/\/sanluisinforma.com\/?p=9999#primaryimage"},"thumbnailUrl":"https:\/\/sanluisinforma.com\/wp-content\/uploads\/2025\/01\/e7193ce1-c045-450e-9383-10781e538b52.jpg","datePublished":"2025-01-30T06:50:00+00:00","dateModified":"2025-01-30T00:39:49+00:00","breadcrumb":{"@id":"https:\/\/sanluisinforma.com\/?p=9999#breadcrumb"},"inLanguage":"es","potentialAction":[{"@type":"ReadAction","target":["https:\/\/sanluisinforma.com\/?p=9999"]}]},{"@type":"ImageObject","inLanguage":"es","@id":"https:\/\/sanluisinforma.com\/?p=9999#primaryimage","url":"https:\/\/sanluisinforma.com\/wp-content\/uploads\/2025\/01\/e7193ce1-c045-450e-9383-10781e538b52.jpg","contentUrl":"https:\/\/sanluisinforma.com\/wp-content\/uploads\/2025\/01\/e7193ce1-c045-450e-9383-10781e538b52.jpg","width":480,"height":319},{"@type":"BreadcrumbList","@id":"https:\/\/sanluisinforma.com\/?p=9999#breadcrumb","itemListElement":[{"@type":"ListItem","position":1,"name":"Inicio","item":"https:\/\/sanluisinforma.com\/"},{"@type":"ListItem","position":2,"name":"Alcalde Galindo instala el Consejo para alcanzar la denominaci\u00f3n de Ciudad Creativa que otorga la Unesco"}]},{"@type":"WebSite","@id":"https:\/\/sanluisinforma.com\/#website","url":"https:\/\/sanluisinforma.com\/","name":"sanluisinforma.com","description":"Periodico San Luis Informa","publisher":{"@id":"https:\/\/sanluisinforma.com\/#organization"},"potentialAction":[{"@type":"SearchAction","target":{"@type":"EntryPoint","urlTemplate":"https:\/\/sanluisinforma.com\/?s={search_term_string}"},"query-input":{"@type":"PropertyValueSpecification","valueRequired":true,"valueName":"search_term_string"}}],"inLanguage":"es"},{"@type":"Organization","@id":"https:\/\/sanluisinforma.com\/#organization","name":"sanluisinforma.com","url":"https:\/\/sanluisinforma.com\/","logo":{"@type":"ImageObject","inLanguage":"es","@id":"https:\/\/sanluisinforma.com\/#\/schema\/logo\/image\/","url":"https:\/\/sanluisinforma.com\/wp-content\/uploads\/2026\/03\/sanluisinforma-V.jpg","contentUrl":"https:\/\/sanluisinforma.com\/wp-content\/uploads\/2026\/03\/sanluisinforma-V.jpg","width":500,"height":156,"caption":"sanluisinforma.com"},"image":{"@id":"https:\/\/sanluisinforma.com\/#\/schema\/logo\/image\/"}},{"@type":"Person","@id":"https:\/\/sanluisinforma.com\/#\/schema\/person\/c30648f71476be533b6f59d092905c8b","name":"sanluisinforma.com","image":{"@type":"ImageObject","inLanguage":"es","@id":"https:\/\/sanluisinforma.com\/#\/schema\/person\/image\/","url":"https:\/\/secure.gravatar.com\/avatar\/86e3114e34a1eecefb963e0a02f0093f93b092dddb2fe1517596343751081a87?s=96&d=mm&r=g","contentUrl":"https:\/\/secure.gravatar.com\/avatar\/86e3114e34a1eecefb963e0a02f0093f93b092dddb2fe1517596343751081a87?s=96&d=mm&r=g","caption":"sanluisinforma.com"},"url":"https:\/\/sanluisinforma.com\/?author=2"}]}},"_links":{"self":[{"href":"https:\/\/sanluisinforma.com\/index.php?rest_route=\/wp\/v2\/posts\/9999","targetHints":{"allow":["GET"]}}],"collection":[{"href":"https:\/\/sanluisinforma.com\/index.php?rest_route=\/wp\/v2\/posts"}],"about":[{"href":"https:\/\/sanluisinforma.com\/index.php?rest_route=\/wp\/v2\/types\/post"}],"author":[{"embeddable":true,"href":"https:\/\/sanluisinforma.com\/index.php?rest_route=\/wp\/v2\/users\/2"}],"replies":[{"embeddable":true,"href":"https:\/\/sanluisinforma.com\/index.php?rest_route=%2Fwp%2Fv2%2Fcomments&post=9999"}],"version-history":[{"count":1,"href":"https:\/\/sanluisinforma.com\/index.php?rest_route=\/wp\/v2\/posts\/9999\/revisions"}],"predecessor-version":[{"id":10001,"href":"https:\/\/sanluisinforma.com\/index.php?rest_route=\/wp\/v2\/posts\/9999\/revisions\/10001"}],"wp:featuredmedia":[{"embeddable":true,"href":"https:\/\/sanluisinforma.com\/index.php?rest_route=\/wp\/v2\/media\/10000"}],"wp:attachment":[{"href":"https:\/\/sanluisinforma.com\/index.php?rest_route=%2Fwp%2Fv2%2Fmedia&parent=9999"}],"wp:term":[{"taxonomy":"category","embeddable":true,"href":"https:\/\/sanluisinforma.com\/index.php?rest_route=%2Fwp%2Fv2%2Fcategories&post=9999"},{"taxonomy":"post_tag","embeddable":true,"href":"https:\/\/sanluisinforma.com\/index.php?rest_route=%2Fwp%2Fv2%2Ftags&post=9999"}],"curies":[{"name":"wp","href":"https:\/\/api.w.org\/{rel}","templated":true}]}}